{"id":127709,"date":"2023-07-06T14:06:00","date_gmt":"2023-07-06T12:06:00","guid":{"rendered":"https:\/\/weisetech.dev\/fc-barcelona-noticias\/en\/its-renewal-market-objectives-xavi-disengages-actuality-barca_293844_102\/"},"modified":"2023-07-06T14:06:00","modified_gmt":"2023-07-06T12:06:00","slug":"its-renewal-market-objectives-xavi-disengages-actuality-barca_293844_102","status":"publish","type":"post","link":"https:\/\/www.fcbarcelonanoticias.com\/en\/transfers\/its-renewal-market-objectives-xavi-disengages-actuality-barca_293844_102.html","title":{"rendered":"Its renewal, the market, the objectives&#8230; Xavi unravels the news of Bar\u00e7a"},"content":{"rendered":"<h2 class=\"wp-block-heading\">The coach of the Bar\u00e7a first team, Xavi Hern\u00e1ndez, has given his point of view on the club&#8217;s current situation regarding transfers and goals for next season<\/h2>  \r\n<div class=\"article-addons\">\r\n    <a href=\"https:\/\/www.fcbarcelonanoticias.com\/en\/calendar-fc-barcelona.html\"\r\n       target=\"_self\"\r\n       title=\"Calendar of FC Barcelona\"\r\n       class=\"blue-gredient-btn\">\r\n       \r\n        Calendar of FC Barcelona    <\/a>\r\n<\/div>   <p>The FC Barcelona has several open folders on the table and <strong>Xavi Hern\u00e1ndez has commissioned to mention some of them during the act of presentation of the last edition of the &#8216;Campus Xavi by Santander&#8217;.<\/strong> The egarense left clear that in the dispatches are scheduling some movements and that exist aims already defined for the next season.<\/p>  <h2>Xavi wants the Champions<\/h2>  <p>It began his appearance in front of the press standing out put them that it has marked for the 2023\/24. &#8220;<strong>The Monday begin to work to show that they can win titles.<\/strong> We go by the good way. To see if we can reinforce us. This is the Bar\u00e7a, blessed pressure. <strong>It is necessary to go to by the League more a plus.<\/strong> It likes me the requirement, that want to go to by all the titles.<strong> The pending subject is the Champions. We are not favourite but the aim is to win it.<\/strong> We are the Bar\u00e7a and it is necessary to arrive as far as possible. The slat the highest possible&#8221;, sentenced the technician.<\/p>  <p>Also it remembered that it is necessary that the Bar\u00e7a reinforce if it wants to compete by everything. &#8220;<strong>You give him gone back in command and think in what improve.<\/strong> The collective game, be more competitive. It is missing this jump of quality. <strong>The reinforcements that go to come think that will improve the plantel.<\/strong> Fichar A pivote? We are in situation complicated. Have to adapt us to the Fair Play and from here <strong>do not want to speak of names<\/strong> because the other clubs anger &#8220;, aimed.<\/p>  <h2>His renewal and the market of the Bar\u00e7a<\/h2>  <p>On the same line, it was desengranando the positions to reinforce with names like Vitor Roque, Nico Gonz\u00e1lez and Jules Kound\u00e9. &#8220;<strong>They are missing pieces still, can not deceive to the fans.<\/strong> It is necessary to reinforce, knows it Mateu and also the president, that is doing a very good work. The market goes to be long. We will see where arrive, <strong>would like us reinforce the right side but depend of the Fair Play.<\/strong> It is a subject to square numbers. <strong>Vitor Roque? Equal raisin as with Oriol Romeu, can not speak.<\/strong> The sportive direction works. Nico goes back of cession, will begin the pre-season and afterwards will decide&#8221;, cleared Xavi.<\/p>  <p>Finally, it closed speaking of his renewal of face to the future. &#8220;It is a fact that the president did us an act of blind faith in us after the elimination in the Glass. <strong>I am where want to be, in the club of my loves, of my life. There will be any problem, never will be it for the club.<\/strong> I adapt me to any circumstance&#8221;, concluded.<\/p> ","protected":false},"excerpt":{"rendered":"<p>The coach of the Bar\u00e7a first team, Xavi Hern\u00e1ndez, has given his point of view on the club&#8217;s current situation regarding transfers and goals for next season The FC Barcelona has several open folders on the table and Xavi Hern\u00e1ndez has commissioned to mention some of them during the act of presentation of the last [&hellip;]<\/p>\n","protected":false},"author":0,"featured_media":127717,"comment_status":"closed","ping_status":"open","sticky":false,"template":"","format":"standard","meta":{"_acf_changed":false,"inline_featured_image":false,"_nextfly_llmd_date_locked":false,"footnotes":""},"categories":[106,449],"tags":[50,292,327,48],"class_list":["post-127709","post","type-post","status-publish","format-standard","has-post-thumbnail","hentry","category-transfers","category-transfers-2","tag-girona","tag-nico-gonzalez","tag-vitor-roque","tag-xavi-hernandez"],"acf":[],"yoast_head":"<!-- This site is optimized with the Yoast SEO plugin v27.3 - https:\/\/yoast.com\/product\/yoast-seo-wordpress\/ -->\n<title>Its renewal, the market, the objectives... Xavi unravels the news of Bar\u00e7a<\/title>\n<meta name=\"description\" content=\"The coach of the Bar\u00e7a first team, Xavi Hern\u00e1ndez, has given his point of view on the club&#039;s current situation regarding transfers and goals for next season\" \/>\n<meta name=\"robots\" content=\"index, follow, max-snippet:-1, max-image-preview:large, max-video-preview:-1\" \/>\n<link rel=\"canonical\" href=\"https:\/\/www.fcbarcelonanoticias.com\/en\/transfers\/its-renewal-market-objectives-xavi-disengages-actuality-barca_293844_102.html\" \/>\n<meta property=\"og:locale\" content=\"en_US\" \/>\n<meta property=\"og:type\" content=\"article\" \/>\n<meta property=\"og:title\" content=\"Its renewal, the market, the objectives... Xavi unravels the news of Bar\u00e7a\" \/>\n<meta property=\"og:description\" content=\"The coach of the Bar\u00e7a first team, Xavi Hern\u00e1ndez, has given his point of view on the club&#039;s current situation regarding transfers and goals for next season\" \/>\n<meta property=\"og:url\" content=\"https:\/\/www.fcbarcelonanoticias.com\/en\/transfers\/its-renewal-market-objectives-xavi-disengages-actuality-barca_293844_102.html\" \/>\n<meta property=\"og:site_name\" content=\"EN - FC Barcelona Noticias\" \/>\n<meta property=\"article:published_time\" content=\"2023-07-06T12:06:00+00:00\" \/>\n<meta property=\"og:image\" content=\"https:\/\/www.fcbarcelonanoticias.com\/en\/wp-content\/uploads\/sites\/2\/2023\/07\/xaxi-hernandez-en-rueda-de-prensa.jpeg\" \/>\n\t<meta property=\"og:image:width\" content=\"1300\" \/>\n\t<meta property=\"og:image:height\" content=\"750\" \/>\n\t<meta property=\"og:image:type\" content=\"image\/jpeg\" \/>\n<meta name=\"twitter:card\" content=\"summary_large_image\" \/>\n<meta name=\"twitter:label1\" content=\"Est. reading time\" \/>\n\t<meta name=\"twitter:data1\" content=\"2 minutes\" \/>\n<script type=\"application\/ld+json\" class=\"yoast-schema-graph\">{\"@context\":\"https:\\\/\\\/schema.org\",\"@graph\":[{\"@type\":\"Article\",\"@id\":\"https:\\\/\\\/www.fcbarcelonanoticias.com\\\/en\\\/transfers\\\/its-renewal-market-objectives-xavi-disengages-actuality-barca_293844_102.html#article\",\"isPartOf\":{\"@id\":\"https:\\\/\\\/www.fcbarcelonanoticias.com\\\/en\\\/transfers\\\/its-renewal-market-objectives-xavi-disengages-actuality-barca_293844_102.html\"},\"author\":{\"name\":\"\",\"@id\":\"\"},\"headline\":\"Its renewal, the market, the objectives&#8230; Xavi unravels the news of Bar\u00e7a\",\"datePublished\":\"2023-07-06T12:06:00+00:00\",\"mainEntityOfPage\":{\"@id\":\"https:\\\/\\\/www.fcbarcelonanoticias.com\\\/en\\\/transfers\\\/its-renewal-market-objectives-xavi-disengages-actuality-barca_293844_102.html\"},\"wordCount\":500,\"image\":{\"@id\":\"https:\\\/\\\/www.fcbarcelonanoticias.com\\\/en\\\/transfers\\\/its-renewal-market-objectives-xavi-disengages-actuality-barca_293844_102.html#primaryimage\"},\"thumbnailUrl\":\"https:\\\/\\\/www.fcbarcelonanoticias.com\\\/en\\\/wp-content\\\/uploads\\\/sites\\\/2\\\/2023\\\/07\\\/xaxi-hernandez-en-rueda-de-prensa.jpeg\",\"keywords\":[\"Girona\",\"Nico Gonz\u00e1lez\",\"Vitor Roque\",\"Xavi Hern\u00e1ndez\"],\"articleSection\":[\"Transfers\",\"Transfers\"],\"inLanguage\":\"en-US\"},{\"@type\":\"WebPage\",\"@id\":\"https:\\\/\\\/www.fcbarcelonanoticias.com\\\/en\\\/transfers\\\/its-renewal-market-objectives-xavi-disengages-actuality-barca_293844_102.html\",\"url\":\"https:\\\/\\\/www.fcbarcelonanoticias.com\\\/en\\\/transfers\\\/its-renewal-market-objectives-xavi-disengages-actuality-barca_293844_102.html\",\"name\":\"Its renewal, the market, the objectives... Xavi unravels the news of Bar\u00e7a\",\"isPartOf\":{\"@id\":\"https:\\\/\\\/www.fcbarcelonanoticias.com\\\/en\\\/#website\"},\"primaryImageOfPage\":{\"@id\":\"https:\\\/\\\/www.fcbarcelonanoticias.com\\\/en\\\/transfers\\\/its-renewal-market-objectives-xavi-disengages-actuality-barca_293844_102.html#primaryimage\"},\"image\":{\"@id\":\"https:\\\/\\\/www.fcbarcelonanoticias.com\\\/en\\\/transfers\\\/its-renewal-market-objectives-xavi-disengages-actuality-barca_293844_102.html#primaryimage\"},\"thumbnailUrl\":\"https:\\\/\\\/www.fcbarcelonanoticias.com\\\/en\\\/wp-content\\\/uploads\\\/sites\\\/2\\\/2023\\\/07\\\/xaxi-hernandez-en-rueda-de-prensa.jpeg\",\"datePublished\":\"2023-07-06T12:06:00+00:00\",\"author\":{\"@id\":\"\"},\"description\":\"The coach of the Bar\u00e7a first team, Xavi Hern\u00e1ndez, has given his point of view on the club's current situation regarding transfers and goals for next season\",\"breadcrumb\":{\"@id\":\"https:\\\/\\\/www.fcbarcelonanoticias.com\\\/en\\\/transfers\\\/its-renewal-market-objectives-xavi-disengages-actuality-barca_293844_102.html#breadcrumb\"},\"inLanguage\":\"en-US\",\"potentialAction\":[{\"@type\":\"ReadAction\",\"target\":[\"https:\\\/\\\/www.fcbarcelonanoticias.com\\\/en\\\/transfers\\\/its-renewal-market-objectives-xavi-disengages-actuality-barca_293844_102.html\"]}]},{\"@type\":\"ImageObject\",\"inLanguage\":\"en-US\",\"@id\":\"https:\\\/\\\/www.fcbarcelonanoticias.com\\\/en\\\/transfers\\\/its-renewal-market-objectives-xavi-disengages-actuality-barca_293844_102.html#primaryimage\",\"url\":\"https:\\\/\\\/www.fcbarcelonanoticias.com\\\/en\\\/wp-content\\\/uploads\\\/sites\\\/2\\\/2023\\\/07\\\/xaxi-hernandez-en-rueda-de-prensa.jpeg\",\"contentUrl\":\"https:\\\/\\\/www.fcbarcelonanoticias.com\\\/en\\\/wp-content\\\/uploads\\\/sites\\\/2\\\/2023\\\/07\\\/xaxi-hernandez-en-rueda-de-prensa.jpeg\",\"width\":1300,\"height\":750},{\"@type\":\"BreadcrumbList\",\"@id\":\"https:\\\/\\\/www.fcbarcelonanoticias.com\\\/en\\\/transfers\\\/its-renewal-market-objectives-xavi-disengages-actuality-barca_293844_102.html#breadcrumb\",\"itemListElement\":[{\"@type\":\"ListItem\",\"position\":1,\"name\":\"Portada\",\"item\":\"https:\\\/\\\/www.fcbarcelonanoticias.com\\\/en\\\/\"},{\"@type\":\"ListItem\",\"position\":2,\"name\":\"Its renewal, the market, the objectives&#8230; Xavi unravels the news of Bar\u00e7a\"}]},{\"@type\":\"WebSite\",\"@id\":\"https:\\\/\\\/www.fcbarcelonanoticias.com\\\/en\\\/#website\",\"url\":\"https:\\\/\\\/www.fcbarcelonanoticias.com\\\/en\\\/\",\"name\":\"EN - FC Barcelona Noticias\",\"description\":\"\",\"potentialAction\":[{\"@type\":\"SearchAction\",\"target\":{\"@type\":\"EntryPoint\",\"urlTemplate\":\"https:\\\/\\\/www.fcbarcelonanoticias.com\\\/en\\\/?s={search_term_string}\"},\"query-input\":{\"@type\":\"PropertyValueSpecification\",\"valueRequired\":true,\"valueName\":\"search_term_string\"}}],\"inLanguage\":\"en-US\"}]}<\/script>\n<!-- \/ Yoast SEO plugin. -->","yoast_head_json":{"title":"Its renewal, the market, the objectives... Xavi unravels the news of Bar\u00e7a","description":"The coach of the Bar\u00e7a first team, Xavi Hern\u00e1ndez, has given his point of view on the club's current situation regarding transfers and goals for next season","robots":{"index":"index","follow":"follow","max-snippet":"max-snippet:-1","max-image-preview":"max-image-preview:large","max-video-preview":"max-video-preview:-1"},"canonical":"https:\/\/www.fcbarcelonanoticias.com\/en\/transfers\/its-renewal-market-objectives-xavi-disengages-actuality-barca_293844_102.html","og_locale":"en_US","og_type":"article","og_title":"Its renewal, the market, the objectives... Xavi unravels the news of Bar\u00e7a","og_description":"The coach of the Bar\u00e7a first team, Xavi Hern\u00e1ndez, has given his point of view on the club's current situation regarding transfers and goals for next season","og_url":"https:\/\/www.fcbarcelonanoticias.com\/en\/transfers\/its-renewal-market-objectives-xavi-disengages-actuality-barca_293844_102.html","og_site_name":"EN - FC Barcelona Noticias","article_published_time":"2023-07-06T12:06:00+00:00","og_image":[{"width":1300,"height":750,"url":"https:\/\/www.fcbarcelonanoticias.com\/en\/wp-content\/uploads\/sites\/2\/2023\/07\/xaxi-hernandez-en-rueda-de-prensa.jpeg","type":"image\/jpeg"}],"twitter_card":"summary_large_image","twitter_misc":{"Est. reading time":"2 minutes"},"schema":{"@context":"https:\/\/schema.org","@graph":[{"@type":"Article","@id":"https:\/\/www.fcbarcelonanoticias.com\/en\/transfers\/its-renewal-market-objectives-xavi-disengages-actuality-barca_293844_102.html#article","isPartOf":{"@id":"https:\/\/www.fcbarcelonanoticias.com\/en\/transfers\/its-renewal-market-objectives-xavi-disengages-actuality-barca_293844_102.html"},"author":{"name":"","@id":""},"headline":"Its renewal, the market, the objectives&#8230; Xavi unravels the news of Bar\u00e7a","datePublished":"2023-07-06T12:06:00+00:00","mainEntityOfPage":{"@id":"https:\/\/www.fcbarcelonanoticias.com\/en\/transfers\/its-renewal-market-objectives-xavi-disengages-actuality-barca_293844_102.html"},"wordCount":500,"image":{"@id":"https:\/\/www.fcbarcelonanoticias.com\/en\/transfers\/its-renewal-market-objectives-xavi-disengages-actuality-barca_293844_102.html#primaryimage"},"thumbnailUrl":"https:\/\/www.fcbarcelonanoticias.com\/en\/wp-content\/uploads\/sites\/2\/2023\/07\/xaxi-hernandez-en-rueda-de-prensa.jpeg","keywords":["Girona","Nico Gonz\u00e1lez","Vitor Roque","Xavi Hern\u00e1ndez"],"articleSection":["Transfers","Transfers"],"inLanguage":"en-US"},{"@type":"WebPage","@id":"https:\/\/www.fcbarcelonanoticias.com\/en\/transfers\/its-renewal-market-objectives-xavi-disengages-actuality-barca_293844_102.html","url":"https:\/\/www.fcbarcelonanoticias.com\/en\/transfers\/its-renewal-market-objectives-xavi-disengages-actuality-barca_293844_102.html","name":"Its renewal, the market, the objectives... Xavi unravels the news of Bar\u00e7a","isPartOf":{"@id":"https:\/\/www.fcbarcelonanoticias.com\/en\/#website"},"primaryImageOfPage":{"@id":"https:\/\/www.fcbarcelonanoticias.com\/en\/transfers\/its-renewal-market-objectives-xavi-disengages-actuality-barca_293844_102.html#primaryimage"},"image":{"@id":"https:\/\/www.fcbarcelonanoticias.com\/en\/transfers\/its-renewal-market-objectives-xavi-disengages-actuality-barca_293844_102.html#primaryimage"},"thumbnailUrl":"https:\/\/www.fcbarcelonanoticias.com\/en\/wp-content\/uploads\/sites\/2\/2023\/07\/xaxi-hernandez-en-rueda-de-prensa.jpeg","datePublished":"2023-07-06T12:06:00+00:00","author":{"@id":""},"description":"The coach of the Bar\u00e7a first team, Xavi Hern\u00e1ndez, has given his point of view on the club's current situation regarding transfers and goals for next season","breadcrumb":{"@id":"https:\/\/www.fcbarcelonanoticias.com\/en\/transfers\/its-renewal-market-objectives-xavi-disengages-actuality-barca_293844_102.html#breadcrumb"},"inLanguage":"en-US","potentialAction":[{"@type":"ReadAction","target":["https:\/\/www.fcbarcelonanoticias.com\/en\/transfers\/its-renewal-market-objectives-xavi-disengages-actuality-barca_293844_102.html"]}]},{"@type":"ImageObject","inLanguage":"en-US","@id":"https:\/\/www.fcbarcelonanoticias.com\/en\/transfers\/its-renewal-market-objectives-xavi-disengages-actuality-barca_293844_102.html#primaryimage","url":"https:\/\/www.fcbarcelonanoticias.com\/en\/wp-content\/uploads\/sites\/2\/2023\/07\/xaxi-hernandez-en-rueda-de-prensa.jpeg","contentUrl":"https:\/\/www.fcbarcelonanoticias.com\/en\/wp-content\/uploads\/sites\/2\/2023\/07\/xaxi-hernandez-en-rueda-de-prensa.jpeg","width":1300,"height":750},{"@type":"BreadcrumbList","@id":"https:\/\/www.fcbarcelonanoticias.com\/en\/transfers\/its-renewal-market-objectives-xavi-disengages-actuality-barca_293844_102.html#breadcrumb","itemListElement":[{"@type":"ListItem","position":1,"name":"Portada","item":"https:\/\/www.fcbarcelonanoticias.com\/en\/"},{"@type":"ListItem","position":2,"name":"Its renewal, the market, the objectives&#8230; Xavi unravels the news of Bar\u00e7a"}]},{"@type":"WebSite","@id":"https:\/\/www.fcbarcelonanoticias.com\/en\/#website","url":"https:\/\/www.fcbarcelonanoticias.com\/en\/","name":"EN - FC Barcelona Noticias","description":"","potentialAction":[{"@type":"SearchAction","target":{"@type":"EntryPoint","urlTemplate":"https:\/\/www.fcbarcelonanoticias.com\/en\/?s={search_term_string}"},"query-input":{"@type":"PropertyValueSpecification","valueRequired":true,"valueName":"search_term_string"}}],"inLanguage":"en-US"}]}},"_links":{"self":[{"href":"https:\/\/www.fcbarcelonanoticias.com\/en\/wp-json\/wp\/v2\/posts\/127709","targetHints":{"allow":["GET"]}}],"collection":[{"href":"https:\/\/www.fcbarcelonanoticias.com\/en\/wp-json\/wp\/v2\/posts"}],"about":[{"href":"https:\/\/www.fcbarcelonanoticias.com\/en\/wp-json\/wp\/v2\/types\/post"}],"replies":[{"embeddable":true,"href":"https:\/\/www.fcbarcelonanoticias.com\/en\/wp-json\/wp\/v2\/comments?post=127709"}],"version-history":[{"count":1,"href":"https:\/\/www.fcbarcelonanoticias.com\/en\/wp-json\/wp\/v2\/posts\/127709\/revisions"}],"predecessor-version":[{"id":151807,"href":"https:\/\/www.fcbarcelonanoticias.com\/en\/wp-json\/wp\/v2\/posts\/127709\/revisions\/151807"}],"wp:featuredmedia":[{"embeddable":true,"href":"https:\/\/www.fcbarcelonanoticias.com\/en\/wp-json\/wp\/v2\/media\/127717"}],"wp:attachment":[{"href":"https:\/\/www.fcbarcelonanoticias.com\/en\/wp-json\/wp\/v2\/media?parent=127709"}],"wp:term":[{"taxonomy":"category","embeddable":true,"href":"https:\/\/www.fcbarcelonanoticias.com\/en\/wp-json\/wp\/v2\/categories?post=127709"},{"taxonomy":"post_tag","embeddable":true,"href":"https:\/\/www.fcbarcelonanoticias.com\/en\/wp-json\/wp\/v2\/tags?post=127709"}],"curies":[{"name":"wp","href":"https:\/\/api.w.org\/{rel}","templated":true}]}}