{"id":127849,"date":"2020-03-13T15:36:00","date_gmt":"2020-03-13T14:36:00","guid":{"rendered":"https:\/\/weisetech.dev\/fc-barcelona-noticias\/en\/italy-take-for-granted-that-lautaro-martinez-will-sign-for-barcelona_256148_102\/"},"modified":"2020-03-13T15:36:00","modified_gmt":"2020-03-13T14:36:00","slug":"italy-take-for-granted-that-lautaro-martinez-will-sign-for-barcelona_256148_102","status":"publish","type":"post","link":"https:\/\/www.fcbarcelonanoticias.com\/en\/transfers\/italy-take-for-granted-that-lautaro-martinez-will-sign-for-barcelona_256148_102.html","title":{"rendered":"In Italy is taken for granted that Lautaro Mart\u00ednez will sign for Bar\u00e7a"},"content":{"rendered":"<h2 class=\"wp-block-heading\">Several months ago the rumours were unleashed, and they would be closer to becoming reality. In Italy is taken for granted that in the summer of 2020, Lautaro Mart\u00ednez will sign for Bar\u00e7a<\/h2>  \r\n<div class=\"article-addons\">\r\n    <a href=\"https:\/\/www.fcbarcelonanoticias.com\/en\/calendar-fc-barcelona.html\"\r\n       target=\"_self\"\r\n       title=\"Calendar of FC Barcelona\"\r\n       class=\"blue-gredient-btn\">\r\n       \r\n        Calendar of FC Barcelona    <\/a>\r\n<\/div>   <p><strong>The market of signings of the summer 2020 already shows in the horizon, and <a data-external=\"0\" data-intl-links-en=\"https:\/\/www.fcbarcelonanoticias.com\/en\/players\/dream-team-barcelona-could-build-for-2020-21-season_255987_102.html\" data-intl-links-es=\"https:\/\/www.fcbarcelonanoticias.com\/jugadores\/equipo-ensueno-podria-construir-barcelona-temporada-2020-21_255987_102.html\" href=\"https:\/\/www.fcbarcelonanoticias.com\/en\/players\/dream-team-barcelona-could-build-for-2020-21-season_255987_102.html\" rel=\"follow\" target=\"_self\" title=\"El equipo de ensue\u00f1o que podr\u00eda construir el Bar\u00e7a para la temporada 2020-21\">the FC Barcelona will face an important examination<\/a><\/strong>. The Catalans have to react after a marked season by the bad planning and the injuries, and will bet by a reform of the staff that has to park the worries of the present and seat the bases of the team of the future, in which it pretends lengthen the brilliant series of successes of the last years.<\/p>  <p><strong>After several months of rumours, in Italy take for granted that the <a data-external=\"0\" data-intl-links-en=\"https:\/\/www.fcbarcelonanoticias.com\/en\/transfers\" data-intl-links-es=\"https:\/\/www.fcbarcelonanoticias.com\/fichajes\" href=\"https:\/\/www.fcbarcelonanoticias.com\/en\/fc-barcelona\/transfers.html\" rel=\"follow\" target=\"_self\" title=\"Fichajes\">signing<\/a> of Lautaro Mart\u00ednez will be for the Barcelona<\/strong>. The one of White Bay has saved silence because it is happy in Giuseppe Meazza, but after several conversations with the champion of LaLiga and after listening the praises of Leo Messi and Luis Su\u00e1rez, could activate the clause of rescission that would allow him turn into the relief of the &#8216;9&#8217; in return of 111 million euros.<\/p>  <p>The newspaper &#8216;Tuttosport&#8217; ensures that <strong>the cul\u00e9s could look for an agreement with the Inter of Milan, and would try to recess the price of the operation including one or more players<\/strong>. According to the quoted half, Arturo Vidal no longer would be between the priorities of the lombardos, that aim to cracks intocables like N\u00e9lson Semedo or Arthur while in the City Condal would prefer to include to others like Carles Ale\u00f1\u00e1 or Jean-Clair Todibo.<\/p>  <p>The &#8216;Ran dello Sport&#8217; affirms that there is<strong> another key detail that would approach the mudanza of the Argentinian, and is that the &#8216;nerazzurri&#8217; <a data-external=\"0\" data-intl-links-en=\"https:\/\/www.fcbarcelonanoticias.com\/en\/transfers\/two-targets-inter-milan-in-case-lautaro-martinez-leaves_255756_102.html\" data-intl-links-es=\"https:\/\/www.fcbarcelonanoticias.com\/fichajes\/dos-objetivos-inter-milan-si-lautaro-martinez-se-marcha_255756_102.html\" href=\"https:\/\/www.fcbarcelonanoticias.com\/en\/transfers\/two-targets-inter-milan-in-case-lautaro-martinez-leaves_255756_102.html\" rel=\"follow\" target=\"_self\" title=\"Los dos objetivos del Inter de Mil\u00e1n si Lautaro Mart\u00ednez se marcha\">have desisted in his renewal and already look for him substitute<\/a><\/strong>. After evaluating the situation, the club would have understood the wishes of the tip to take advantage of the opportunity of the square barcelonista, and would be centred already in the contracting of Pierre-Emerick Aubameyang or Swindle Werner, with the one who contacted recently.<\/p>  <p><strong>The Bar\u00e7a, in spite of the optimism, has forbidden to relax, because the competition is fierce and there is a lot of big looking for a nine<\/strong>. Real Madrid or PSG also are thinking in reinforcing his forward and have tanteado to Lautaro, as well as to other alternatives that are in the diary of the Catalans. The way to the window estival still is long, and will be important to work so that arrived the moment there are not surprises.<\/p>  <h3>The Bar\u00e7a there would be descartado to Swindle Werner<\/h3>  <p><strong>Although it appears like second option and his list of beaux is infinite, <a data-external=\"0\" data-intl-links-en=\"https:\/\/www.fcbarcelonanoticias.com\/en\/fc-barcelona\/barcelona-spied-werner-leipzig-tottenham_256135_102.html\" data-intl-links-es=\"https:\/\/www.fcbarcelonanoticias.com\/fc-barcelona\/barcelona-espio-werner-leipzig-tottenham_256135_102.html\" href=\"https:\/\/www.fcbarcelonanoticias.com\/en\/fc-barcelona\/barcelona-spied-werner-leipzig-tottenham_256135_102.html\" rel=\"follow\" target=\"_self\" title=\"El Bar\u00e7a espi\u00f3 a Werner en el Leipzig-Tottenham\">the Bar\u00e7a there would be descartado still to Swindle Werner<\/a><\/strong>, to the one who spied in the duel of Champions League between RB Leipzig and Tottenham. The German has exploded deportivamente and his clause is a bargain, since any one can hire him before it finish the month of April by 60 million euros. The youngster is conscious of the stir that there is around his future, and although it has left want to by the Premier League in several occasions, no descarta the rest of proposals that has on the table.<\/p> ","protected":false},"excerpt":{"rendered":"<p>Several months ago the rumours were unleashed, and they would be closer to becoming reality. In Italy is taken for granted that in the summer of 2020, Lautaro Mart\u00ednez will sign for Bar\u00e7a The market of signings of the summer 2020 already shows in the horizon, and the FC Barcelona will face an important examination. [&hellip;]<\/p>\n","protected":false},"author":392,"featured_media":127856,"comment_status":"closed","ping_status":"open","sticky":false,"template":"","format":"standard","meta":{"_acf_changed":false,"inline_featured_image":false,"_nextfly_llmd_date_locked":false,"footnotes":""},"categories":[106,449],"tags":[100],"class_list":["post-127849","post","type-post","status-publish","format-standard","has-post-thumbnail","hentry","category-transfers","category-transfers-2","tag-inter-milan"],"acf":[],"yoast_head":"<!-- This site is optimized with the Yoast SEO plugin v27.3 - https:\/\/yoast.com\/product\/yoast-seo-wordpress\/ -->\n<title>In Italy is taken for granted that Lautaro Mart\u00ednez will sign for Bar\u00e7a<\/title>\n<meta name=\"description\" content=\"It does several months that desataron the rumours, that every time would be more near to turn into reality. In Italy take for granted that in the summer of 2020,...\" \/>\n<meta name=\"robots\" content=\"index, follow, max-snippet:-1, max-image-preview:large, max-video-preview:-1\" \/>\n<link rel=\"canonical\" href=\"https:\/\/www.fcbarcelonanoticias.com\/en\/transfers\/italy-take-for-granted-that-lautaro-martinez-will-sign-for-barcelona_256148_102.html\" \/>\n<meta property=\"og:locale\" content=\"en_US\" \/>\n<meta property=\"og:type\" content=\"article\" \/>\n<meta property=\"og:title\" content=\"In Italy is taken for granted that Lautaro Mart\u00ednez will sign for Bar\u00e7a\" \/>\n<meta property=\"og:description\" content=\"It does several months that desataron the rumours, that every time would be more near to turn into reality. In Italy take for granted that in the summer of 2020,...\" \/>\n<meta property=\"og:url\" content=\"https:\/\/www.fcbarcelonanoticias.com\/en\/transfers\/italy-take-for-granted-that-lautaro-martinez-will-sign-for-barcelona_256148_102.html\" \/>\n<meta property=\"og:site_name\" content=\"EN - FC Barcelona Noticias\" \/>\n<meta property=\"article:published_time\" content=\"2020-03-13T14:36:00+00:00\" \/>\n<meta property=\"og:image\" content=\"https:\/\/www.fcbarcelonanoticias.com\/en\/wp-content\/uploads\/sites\/2\/2020\/03\/lautaromartinez-intermilan18.jpeg\" \/>\n\t<meta property=\"og:image:width\" content=\"1200\" \/>\n\t<meta property=\"og:image:height\" content=\"675\" \/>\n\t<meta property=\"og:image:type\" content=\"image\/jpeg\" \/>\n<meta name=\"author\" content=\"user_4048\" \/>\n<meta name=\"twitter:card\" content=\"summary_large_image\" \/>\n<meta name=\"twitter:label1\" content=\"Written by\" \/>\n\t<meta name=\"twitter:data1\" content=\"user_4048\" \/>\n\t<meta name=\"twitter:label2\" content=\"Est. reading time\" \/>\n\t<meta name=\"twitter:data2\" content=\"3 minutes\" \/>\n<script type=\"application\/ld+json\" class=\"yoast-schema-graph\">{\"@context\":\"https:\\\/\\\/schema.org\",\"@graph\":[{\"@type\":\"Article\",\"@id\":\"https:\\\/\\\/www.fcbarcelonanoticias.com\\\/en\\\/transfers\\\/italy-take-for-granted-that-lautaro-martinez-will-sign-for-barcelona_256148_102.html#article\",\"isPartOf\":{\"@id\":\"https:\\\/\\\/www.fcbarcelonanoticias.com\\\/en\\\/transfers\\\/italy-take-for-granted-that-lautaro-martinez-will-sign-for-barcelona_256148_102.html\"},\"author\":{\"name\":\"user_4048\",\"@id\":\"https:\\\/\\\/www.fcbarcelonanoticias.com\\\/en\\\/#\\\/schema\\\/person\\\/fcdad55cab72b8d0e106d75506783b6d\"},\"headline\":\"In Italy is taken for granted that Lautaro Mart\u00ednez will sign for Bar\u00e7a\",\"datePublished\":\"2020-03-13T14:36:00+00:00\",\"mainEntityOfPage\":{\"@id\":\"https:\\\/\\\/www.fcbarcelonanoticias.com\\\/en\\\/transfers\\\/italy-take-for-granted-that-lautaro-martinez-will-sign-for-barcelona_256148_102.html\"},\"wordCount\":561,\"image\":{\"@id\":\"https:\\\/\\\/www.fcbarcelonanoticias.com\\\/en\\\/transfers\\\/italy-take-for-granted-that-lautaro-martinez-will-sign-for-barcelona_256148_102.html#primaryimage\"},\"thumbnailUrl\":\"https:\\\/\\\/www.fcbarcelonanoticias.com\\\/en\\\/wp-content\\\/uploads\\\/sites\\\/2\\\/2020\\\/03\\\/lautaromartinez-intermilan18.jpeg\",\"keywords\":[\"Inter Milan\"],\"articleSection\":[\"Transfers\",\"Transfers\"],\"inLanguage\":\"en-US\"},{\"@type\":\"WebPage\",\"@id\":\"https:\\\/\\\/www.fcbarcelonanoticias.com\\\/en\\\/transfers\\\/italy-take-for-granted-that-lautaro-martinez-will-sign-for-barcelona_256148_102.html\",\"url\":\"https:\\\/\\\/www.fcbarcelonanoticias.com\\\/en\\\/transfers\\\/italy-take-for-granted-that-lautaro-martinez-will-sign-for-barcelona_256148_102.html\",\"name\":\"In Italy is taken for granted that Lautaro Mart\u00ednez will sign for Bar\u00e7a\",\"isPartOf\":{\"@id\":\"https:\\\/\\\/www.fcbarcelonanoticias.com\\\/en\\\/#website\"},\"primaryImageOfPage\":{\"@id\":\"https:\\\/\\\/www.fcbarcelonanoticias.com\\\/en\\\/transfers\\\/italy-take-for-granted-that-lautaro-martinez-will-sign-for-barcelona_256148_102.html#primaryimage\"},\"image\":{\"@id\":\"https:\\\/\\\/www.fcbarcelonanoticias.com\\\/en\\\/transfers\\\/italy-take-for-granted-that-lautaro-martinez-will-sign-for-barcelona_256148_102.html#primaryimage\"},\"thumbnailUrl\":\"https:\\\/\\\/www.fcbarcelonanoticias.com\\\/en\\\/wp-content\\\/uploads\\\/sites\\\/2\\\/2020\\\/03\\\/lautaromartinez-intermilan18.jpeg\",\"datePublished\":\"2020-03-13T14:36:00+00:00\",\"author\":{\"@id\":\"https:\\\/\\\/www.fcbarcelonanoticias.com\\\/en\\\/#\\\/schema\\\/person\\\/fcdad55cab72b8d0e106d75506783b6d\"},\"description\":\"It does several months that desataron the rumours, that every time would be more near to turn into reality. In Italy take for granted that in the summer of 2020,...\",\"breadcrumb\":{\"@id\":\"https:\\\/\\\/www.fcbarcelonanoticias.com\\\/en\\\/transfers\\\/italy-take-for-granted-that-lautaro-martinez-will-sign-for-barcelona_256148_102.html#breadcrumb\"},\"inLanguage\":\"en-US\",\"potentialAction\":[{\"@type\":\"ReadAction\",\"target\":[\"https:\\\/\\\/www.fcbarcelonanoticias.com\\\/en\\\/transfers\\\/italy-take-for-granted-that-lautaro-martinez-will-sign-for-barcelona_256148_102.html\"]}]},{\"@type\":\"ImageObject\",\"inLanguage\":\"en-US\",\"@id\":\"https:\\\/\\\/www.fcbarcelonanoticias.com\\\/en\\\/transfers\\\/italy-take-for-granted-that-lautaro-martinez-will-sign-for-barcelona_256148_102.html#primaryimage\",\"url\":\"https:\\\/\\\/www.fcbarcelonanoticias.com\\\/en\\\/wp-content\\\/uploads\\\/sites\\\/2\\\/2020\\\/03\\\/lautaromartinez-intermilan18.jpeg\",\"contentUrl\":\"https:\\\/\\\/www.fcbarcelonanoticias.com\\\/en\\\/wp-content\\\/uploads\\\/sites\\\/2\\\/2020\\\/03\\\/lautaromartinez-intermilan18.jpeg\",\"width\":1200,\"height\":675},{\"@type\":\"BreadcrumbList\",\"@id\":\"https:\\\/\\\/www.fcbarcelonanoticias.com\\\/en\\\/transfers\\\/italy-take-for-granted-that-lautaro-martinez-will-sign-for-barcelona_256148_102.html#breadcrumb\",\"itemListElement\":[{\"@type\":\"ListItem\",\"position\":1,\"name\":\"Portada\",\"item\":\"https:\\\/\\\/www.fcbarcelonanoticias.com\\\/en\\\/\"},{\"@type\":\"ListItem\",\"position\":2,\"name\":\"In Italy is taken for granted that Lautaro Mart\u00ednez will sign for Bar\u00e7a\"}]},{\"@type\":\"WebSite\",\"@id\":\"https:\\\/\\\/www.fcbarcelonanoticias.com\\\/en\\\/#website\",\"url\":\"https:\\\/\\\/www.fcbarcelonanoticias.com\\\/en\\\/\",\"name\":\"EN - FC Barcelona Noticias\",\"description\":\"\",\"potentialAction\":[{\"@type\":\"SearchAction\",\"target\":{\"@type\":\"EntryPoint\",\"urlTemplate\":\"https:\\\/\\\/www.fcbarcelonanoticias.com\\\/en\\\/?s={search_term_string}\"},\"query-input\":{\"@type\":\"PropertyValueSpecification\",\"valueRequired\":true,\"valueName\":\"search_term_string\"}}],\"inLanguage\":\"en-US\"},{\"@type\":\"Person\",\"@id\":\"https:\\\/\\\/www.fcbarcelonanoticias.com\\\/en\\\/#\\\/schema\\\/person\\\/fcdad55cab72b8d0e106d75506783b6d\",\"name\":\"user_4048\",\"image\":{\"@type\":\"ImageObject\",\"inLanguage\":\"en-US\",\"@id\":\"https:\\\/\\\/secure.gravatar.com\\\/avatar\\\/?s=96&d=mm&r=g\",\"url\":\"https:\\\/\\\/secure.gravatar.com\\\/avatar\\\/?s=96&d=mm&r=g\",\"contentUrl\":\"https:\\\/\\\/secure.gravatar.com\\\/avatar\\\/?s=96&d=mm&r=g\",\"caption\":\"user_4048\"},\"url\":\"https:\\\/\\\/www.fcbarcelonanoticias.com\\\/en\\\/user_4048.html\"}]}<\/script>\n<!-- \/ Yoast SEO plugin. -->","yoast_head_json":{"title":"In Italy is taken for granted that Lautaro Mart\u00ednez will sign for Bar\u00e7a","description":"It does several months that desataron the rumours, that every time would be more near to turn into reality. In Italy take for granted that in the summer of 2020,...","robots":{"index":"index","follow":"follow","max-snippet":"max-snippet:-1","max-image-preview":"max-image-preview:large","max-video-preview":"max-video-preview:-1"},"canonical":"https:\/\/www.fcbarcelonanoticias.com\/en\/transfers\/italy-take-for-granted-that-lautaro-martinez-will-sign-for-barcelona_256148_102.html","og_locale":"en_US","og_type":"article","og_title":"In Italy is taken for granted that Lautaro Mart\u00ednez will sign for Bar\u00e7a","og_description":"It does several months that desataron the rumours, that every time would be more near to turn into reality. In Italy take for granted that in the summer of 2020,...","og_url":"https:\/\/www.fcbarcelonanoticias.com\/en\/transfers\/italy-take-for-granted-that-lautaro-martinez-will-sign-for-barcelona_256148_102.html","og_site_name":"EN - FC Barcelona Noticias","article_published_time":"2020-03-13T14:36:00+00:00","og_image":[{"width":1200,"height":675,"url":"https:\/\/www.fcbarcelonanoticias.com\/en\/wp-content\/uploads\/sites\/2\/2020\/03\/lautaromartinez-intermilan18.jpeg","type":"image\/jpeg"}],"author":"user_4048","twitter_card":"summary_large_image","twitter_misc":{"Written by":"user_4048","Est. reading time":"3 minutes"},"schema":{"@context":"https:\/\/schema.org","@graph":[{"@type":"Article","@id":"https:\/\/www.fcbarcelonanoticias.com\/en\/transfers\/italy-take-for-granted-that-lautaro-martinez-will-sign-for-barcelona_256148_102.html#article","isPartOf":{"@id":"https:\/\/www.fcbarcelonanoticias.com\/en\/transfers\/italy-take-for-granted-that-lautaro-martinez-will-sign-for-barcelona_256148_102.html"},"author":{"name":"user_4048","@id":"https:\/\/www.fcbarcelonanoticias.com\/en\/#\/schema\/person\/fcdad55cab72b8d0e106d75506783b6d"},"headline":"In Italy is taken for granted that Lautaro Mart\u00ednez will sign for Bar\u00e7a","datePublished":"2020-03-13T14:36:00+00:00","mainEntityOfPage":{"@id":"https:\/\/www.fcbarcelonanoticias.com\/en\/transfers\/italy-take-for-granted-that-lautaro-martinez-will-sign-for-barcelona_256148_102.html"},"wordCount":561,"image":{"@id":"https:\/\/www.fcbarcelonanoticias.com\/en\/transfers\/italy-take-for-granted-that-lautaro-martinez-will-sign-for-barcelona_256148_102.html#primaryimage"},"thumbnailUrl":"https:\/\/www.fcbarcelonanoticias.com\/en\/wp-content\/uploads\/sites\/2\/2020\/03\/lautaromartinez-intermilan18.jpeg","keywords":["Inter Milan"],"articleSection":["Transfers","Transfers"],"inLanguage":"en-US"},{"@type":"WebPage","@id":"https:\/\/www.fcbarcelonanoticias.com\/en\/transfers\/italy-take-for-granted-that-lautaro-martinez-will-sign-for-barcelona_256148_102.html","url":"https:\/\/www.fcbarcelonanoticias.com\/en\/transfers\/italy-take-for-granted-that-lautaro-martinez-will-sign-for-barcelona_256148_102.html","name":"In Italy is taken for granted that Lautaro Mart\u00ednez will sign for Bar\u00e7a","isPartOf":{"@id":"https:\/\/www.fcbarcelonanoticias.com\/en\/#website"},"primaryImageOfPage":{"@id":"https:\/\/www.fcbarcelonanoticias.com\/en\/transfers\/italy-take-for-granted-that-lautaro-martinez-will-sign-for-barcelona_256148_102.html#primaryimage"},"image":{"@id":"https:\/\/www.fcbarcelonanoticias.com\/en\/transfers\/italy-take-for-granted-that-lautaro-martinez-will-sign-for-barcelona_256148_102.html#primaryimage"},"thumbnailUrl":"https:\/\/www.fcbarcelonanoticias.com\/en\/wp-content\/uploads\/sites\/2\/2020\/03\/lautaromartinez-intermilan18.jpeg","datePublished":"2020-03-13T14:36:00+00:00","author":{"@id":"https:\/\/www.fcbarcelonanoticias.com\/en\/#\/schema\/person\/fcdad55cab72b8d0e106d75506783b6d"},"description":"It does several months that desataron the rumours, that every time would be more near to turn into reality. In Italy take for granted that in the summer of 2020,...","breadcrumb":{"@id":"https:\/\/www.fcbarcelonanoticias.com\/en\/transfers\/italy-take-for-granted-that-lautaro-martinez-will-sign-for-barcelona_256148_102.html#breadcrumb"},"inLanguage":"en-US","potentialAction":[{"@type":"ReadAction","target":["https:\/\/www.fcbarcelonanoticias.com\/en\/transfers\/italy-take-for-granted-that-lautaro-martinez-will-sign-for-barcelona_256148_102.html"]}]},{"@type":"ImageObject","inLanguage":"en-US","@id":"https:\/\/www.fcbarcelonanoticias.com\/en\/transfers\/italy-take-for-granted-that-lautaro-martinez-will-sign-for-barcelona_256148_102.html#primaryimage","url":"https:\/\/www.fcbarcelonanoticias.com\/en\/wp-content\/uploads\/sites\/2\/2020\/03\/lautaromartinez-intermilan18.jpeg","contentUrl":"https:\/\/www.fcbarcelonanoticias.com\/en\/wp-content\/uploads\/sites\/2\/2020\/03\/lautaromartinez-intermilan18.jpeg","width":1200,"height":675},{"@type":"BreadcrumbList","@id":"https:\/\/www.fcbarcelonanoticias.com\/en\/transfers\/italy-take-for-granted-that-lautaro-martinez-will-sign-for-barcelona_256148_102.html#breadcrumb","itemListElement":[{"@type":"ListItem","position":1,"name":"Portada","item":"https:\/\/www.fcbarcelonanoticias.com\/en\/"},{"@type":"ListItem","position":2,"name":"In Italy is taken for granted that Lautaro Mart\u00ednez will sign for Bar\u00e7a"}]},{"@type":"WebSite","@id":"https:\/\/www.fcbarcelonanoticias.com\/en\/#website","url":"https:\/\/www.fcbarcelonanoticias.com\/en\/","name":"EN - FC Barcelona Noticias","description":"","potentialAction":[{"@type":"SearchAction","target":{"@type":"EntryPoint","urlTemplate":"https:\/\/www.fcbarcelonanoticias.com\/en\/?s={search_term_string}"},"query-input":{"@type":"PropertyValueSpecification","valueRequired":true,"valueName":"search_term_string"}}],"inLanguage":"en-US"},{"@type":"Person","@id":"https:\/\/www.fcbarcelonanoticias.com\/en\/#\/schema\/person\/fcdad55cab72b8d0e106d75506783b6d","name":"user_4048","image":{"@type":"ImageObject","inLanguage":"en-US","@id":"https:\/\/secure.gravatar.com\/avatar\/?s=96&d=mm&r=g","url":"https:\/\/secure.gravatar.com\/avatar\/?s=96&d=mm&r=g","contentUrl":"https:\/\/secure.gravatar.com\/avatar\/?s=96&d=mm&r=g","caption":"user_4048"},"url":"https:\/\/www.fcbarcelonanoticias.com\/en\/user_4048.html"}]}},"_links":{"self":[{"href":"https:\/\/www.fcbarcelonanoticias.com\/en\/wp-json\/wp\/v2\/posts\/127849","targetHints":{"allow":["GET"]}}],"collection":[{"href":"https:\/\/www.fcbarcelonanoticias.com\/en\/wp-json\/wp\/v2\/posts"}],"about":[{"href":"https:\/\/www.fcbarcelonanoticias.com\/en\/wp-json\/wp\/v2\/types\/post"}],"author":[{"embeddable":true,"href":"https:\/\/www.fcbarcelonanoticias.com\/en\/wp-json\/wp\/v2\/users\/392"}],"replies":[{"embeddable":true,"href":"https:\/\/www.fcbarcelonanoticias.com\/en\/wp-json\/wp\/v2\/comments?post=127849"}],"version-history":[{"count":1,"href":"https:\/\/www.fcbarcelonanoticias.com\/en\/wp-json\/wp\/v2\/posts\/127849\/revisions"}],"predecessor-version":[{"id":151812,"href":"https:\/\/www.fcbarcelonanoticias.com\/en\/wp-json\/wp\/v2\/posts\/127849\/revisions\/151812"}],"wp:featuredmedia":[{"embeddable":true,"href":"https:\/\/www.fcbarcelonanoticias.com\/en\/wp-json\/wp\/v2\/media\/127856"}],"wp:attachment":[{"href":"https:\/\/www.fcbarcelonanoticias.com\/en\/wp-json\/wp\/v2\/media?parent=127849"}],"wp:term":[{"taxonomy":"category","embeddable":true,"href":"https:\/\/www.fcbarcelonanoticias.com\/en\/wp-json\/wp\/v2\/categories?post=127849"},{"taxonomy":"post_tag","embeddable":true,"href":"https:\/\/www.fcbarcelonanoticias.com\/en\/wp-json\/wp\/v2\/tags?post=127849"}],"curies":[{"name":"wp","href":"https:\/\/api.w.org\/{rel}","templated":true}]}}