{"id":127974,"date":"2017-05-17T17:04:00","date_gmt":"2017-05-17T15:04:00","guid":{"rendered":"https:\/\/weisetech.dev\/fc-barcelona-noticias\/en\/james-will-leave-the-madrid-it-would-be-a-good-signing-for-the-barca_200040_102\/"},"modified":"2026-04-16T09:55:57","modified_gmt":"2026-04-16T07:55:57","slug":"james-will-leave-the-madrid-it-would-be-a-good-signing-for-the-barca_200040_102","status":"publish","type":"post","link":"https:\/\/www.fcbarcelonanoticias.com\/en\/transfers\/james-will-leave-the-madrid-it-would-be-a-good-signing-for-the-barca_200040_102.html","title":{"rendered":"James will leave the Madrid&#8230; It would be a good signing for the Bar\u00e7a?"},"content":{"rendered":"<h2 class=\"wp-block-heading\">James Rodr\u00edguez sacked  the past weekend of Santiago Bernab\u00e9u, although it still does not have at all closed with another club. It would be a good signing for the FC Barcelona? In the Barcelona group would do fault a creative interior<\/h2>  \r\n<div class=\"article-addons\">\r\n    <a href=\"https:\/\/www.fcbarcelonanoticias.com\/en\/calendar-fc-barcelona.html\"\r\n       target=\"_self\"\r\n       title=\"Calendar of FC Barcelona\"\r\n       class=\"blue-gredient-btn\">\r\n       \r\n        Calendar of FC Barcelona    <\/a>\r\n<\/div>   <p>It has spoken  long and tended on the possibility that the FC Barcelona <a href=\"https:\/\/www.fcbarcelonanoticias.com\/fichajes\/los-4-fichajes-que-puede-cerrar-el-barcelona-este-verano_199710_102.html\"><strong>can do with the signing of a midfield player this summer<\/strong><\/a>, and the reality is that in the white staff finds  a footballer, James Rodr\u00edguez, that in spite of being very expensive is decided to do the cases of the Real Madrid, and <strong>could fit very well in the centre of the Barcelona field<\/strong>.<\/p> <p><strong>The Colombian has not had an easy season in <a href=\"https:\/\/www.fcbarcelonanoticias.com\/futbol\/real-madrid.html\">the Real Madrid<\/a><\/strong>, where to the orders of Zinedine Zidane has seen  relegado to the ostracism in several occasions, without being neither much less title indisputable and having gone in in a stage of desmotivaci\u00f3n that, to the dessert, affects also to his performance when it shoes  the boots.<\/p> <p><strong>James Rodr\u00edguez lost the spark owing to the fault of opportunities<\/strong>, going in in a loop in spite of explained r\u00e1fagas of magic. It does not expect  that the FC Barcelona bid by his signing, but the true is that the things could have been very different for James Rodr\u00edguez in the case to have fichado by the Barcelona group.<\/p> <h2>James and FC Barcelona, an impossible union<\/h2> <p>And the question is:<strong> it is still to time James of recalar in the Bar\u00e7a?<\/strong> It seems unlikely. Splitting of the base that the Barcelona will not disburse 80 million euros in a new midfield player, the reality says also that <strong>Florentino P\u00e9rez commissions  to put complicated clauses<\/strong> anti-Bar\u00e7a to the talentosos players that traspasa.<\/p> <p>It did it with I Gave Mar\u00eda and Mesut \u00d6zil, and therefore no  descarta that it do it also with James in the case that finally the Colombian leave  to the Juventus of Tur\u00edn, the Manchester United or to another club. Although, as it is used to to say, <strong>at all it is impossible and the football gives a lot of turns<\/strong>.<\/p> ","protected":false},"excerpt":{"rendered":"<p>James Rodr\u00edguez sacked the past weekend of Santiago Bernab\u00e9u, although it still does not have at all closed with another club. It would be a good signing for the FC Barcelona? In the Barcelona group would do fault a creative interior It has spoken long and tended on the possibility that the FC Barcelona can [&hellip;]<\/p>\n","protected":false},"author":357,"featured_media":127979,"comment_status":"closed","ping_status":"open","sticky":false,"template":"","format":"standard","meta":{"_acf_changed":false,"inline_featured_image":false,"_nextfly_llmd_date_locked":false,"footnotes":""},"categories":[106,449],"tags":[314],"class_list":["post-127974","post","type-post","status-publish","format-standard","has-post-thumbnail","hentry","category-transfers","category-transfers-2","tag-james-rodriguez"],"acf":[],"yoast_head":"<!-- This site is optimized with the Yoast SEO plugin v27.3 - https:\/\/yoast.com\/product\/yoast-seo-wordpress\/ -->\n<title>James will leave the Madrid... It would be a good signing for the Bar\u00e7a?<\/title>\n<meta name=\"description\" content=\"James Rodr\u00edguez sacked the past weekend of Santiago Bernab\u00e9u, although it still does not have at all closed with another club. It would be...\" \/>\n<meta name=\"robots\" content=\"index, follow, max-snippet:-1, max-image-preview:large, max-video-preview:-1\" \/>\n<link rel=\"canonical\" href=\"https:\/\/www.fcbarcelonanoticias.com\/en\/transfers\/james-will-leave-the-madrid-it-would-be-a-good-signing-for-the-barca_200040_102.html\" \/>\n<meta property=\"og:locale\" content=\"en_US\" \/>\n<meta property=\"og:type\" content=\"article\" \/>\n<meta property=\"og:title\" content=\"James will leave the Madrid... It would be a good signing for the Bar\u00e7a?\" \/>\n<meta property=\"og:description\" content=\"James Rodr\u00edguez sacked the past weekend of Santiago Bernab\u00e9u, although it still does not have at all closed with another club. It would be...\" \/>\n<meta property=\"og:url\" content=\"https:\/\/www.fcbarcelonanoticias.com\/en\/transfers\/james-will-leave-the-madrid-it-would-be-a-good-signing-for-the-barca_200040_102.html\" \/>\n<meta property=\"og:site_name\" content=\"EN - FC Barcelona Noticias\" \/>\n<meta property=\"article:published_time\" content=\"2017-05-17T15:04:00+00:00\" \/>\n<meta property=\"article:modified_time\" content=\"2026-04-16T07:55:57+00:00\" \/>\n<meta property=\"og:image\" content=\"https:\/\/www.fcbarcelonanoticias.com\/en\/wp-content\/uploads\/sites\/2\/2017\/05\/james-rodriguez-218408.jpeg\" \/>\n\t<meta property=\"og:image:width\" content=\"761\" \/>\n\t<meta property=\"og:image:height\" content=\"428\" \/>\n\t<meta property=\"og:image:type\" content=\"image\/jpeg\" \/>\n<meta name=\"author\" content=\"Erika Moya\" \/>\n<meta name=\"twitter:card\" content=\"summary_large_image\" \/>\n<meta name=\"twitter:label1\" content=\"Written by\" \/>\n\t<meta name=\"twitter:data1\" content=\"Erika Moya\" \/>\n\t<meta name=\"twitter:label2\" content=\"Est. reading time\" \/>\n\t<meta name=\"twitter:data2\" content=\"2 minutes\" \/>\n<script type=\"application\/ld+json\" class=\"yoast-schema-graph\">{\"@context\":\"https:\\\/\\\/schema.org\",\"@graph\":[{\"@type\":\"Article\",\"@id\":\"https:\\\/\\\/www.fcbarcelonanoticias.com\\\/en\\\/transfers\\\/james-will-leave-the-madrid-it-would-be-a-good-signing-for-the-barca_200040_102.html#article\",\"isPartOf\":{\"@id\":\"https:\\\/\\\/www.fcbarcelonanoticias.com\\\/en\\\/transfers\\\/james-will-leave-the-madrid-it-would-be-a-good-signing-for-the-barca_200040_102.html\"},\"author\":{\"name\":\"Erika Moya\",\"@id\":\"https:\\\/\\\/www.fcbarcelonanoticias.com\\\/en\\\/#\\\/schema\\\/person\\\/5dc3a41c52ab542cf24a2fbe3489c561\"},\"headline\":\"James will leave the Madrid&#8230; It would be a good signing for the Bar\u00e7a?\",\"datePublished\":\"2017-05-17T15:04:00+00:00\",\"dateModified\":\"2026-04-16T07:55:57+00:00\",\"mainEntityOfPage\":{\"@id\":\"https:\\\/\\\/www.fcbarcelonanoticias.com\\\/en\\\/transfers\\\/james-will-leave-the-madrid-it-would-be-a-good-signing-for-the-barca_200040_102.html\"},\"wordCount\":376,\"image\":{\"@id\":\"https:\\\/\\\/www.fcbarcelonanoticias.com\\\/en\\\/transfers\\\/james-will-leave-the-madrid-it-would-be-a-good-signing-for-the-barca_200040_102.html#primaryimage\"},\"thumbnailUrl\":\"https:\\\/\\\/www.fcbarcelonanoticias.com\\\/en\\\/wp-content\\\/uploads\\\/sites\\\/2\\\/2017\\\/05\\\/james-rodriguez-218408.jpeg\",\"keywords\":[\"James Rodr\u00edguez\"],\"articleSection\":[\"Transfers\",\"Transfers\"],\"inLanguage\":\"en-US\"},{\"@type\":\"WebPage\",\"@id\":\"https:\\\/\\\/www.fcbarcelonanoticias.com\\\/en\\\/transfers\\\/james-will-leave-the-madrid-it-would-be-a-good-signing-for-the-barca_200040_102.html\",\"url\":\"https:\\\/\\\/www.fcbarcelonanoticias.com\\\/en\\\/transfers\\\/james-will-leave-the-madrid-it-would-be-a-good-signing-for-the-barca_200040_102.html\",\"name\":\"James will leave the Madrid... It would be a good signing for the Bar\u00e7a?\",\"isPartOf\":{\"@id\":\"https:\\\/\\\/www.fcbarcelonanoticias.com\\\/en\\\/#website\"},\"primaryImageOfPage\":{\"@id\":\"https:\\\/\\\/www.fcbarcelonanoticias.com\\\/en\\\/transfers\\\/james-will-leave-the-madrid-it-would-be-a-good-signing-for-the-barca_200040_102.html#primaryimage\"},\"image\":{\"@id\":\"https:\\\/\\\/www.fcbarcelonanoticias.com\\\/en\\\/transfers\\\/james-will-leave-the-madrid-it-would-be-a-good-signing-for-the-barca_200040_102.html#primaryimage\"},\"thumbnailUrl\":\"https:\\\/\\\/www.fcbarcelonanoticias.com\\\/en\\\/wp-content\\\/uploads\\\/sites\\\/2\\\/2017\\\/05\\\/james-rodriguez-218408.jpeg\",\"datePublished\":\"2017-05-17T15:04:00+00:00\",\"dateModified\":\"2026-04-16T07:55:57+00:00\",\"author\":{\"@id\":\"https:\\\/\\\/www.fcbarcelonanoticias.com\\\/en\\\/#\\\/schema\\\/person\\\/5dc3a41c52ab542cf24a2fbe3489c561\"},\"description\":\"James Rodr\u00edguez sacked the past weekend of Santiago Bernab\u00e9u, although it still does not have at all closed with another club. It would be...\",\"breadcrumb\":{\"@id\":\"https:\\\/\\\/www.fcbarcelonanoticias.com\\\/en\\\/transfers\\\/james-will-leave-the-madrid-it-would-be-a-good-signing-for-the-barca_200040_102.html#breadcrumb\"},\"inLanguage\":\"en-US\",\"potentialAction\":[{\"@type\":\"ReadAction\",\"target\":[\"https:\\\/\\\/www.fcbarcelonanoticias.com\\\/en\\\/transfers\\\/james-will-leave-the-madrid-it-would-be-a-good-signing-for-the-barca_200040_102.html\"]}]},{\"@type\":\"ImageObject\",\"inLanguage\":\"en-US\",\"@id\":\"https:\\\/\\\/www.fcbarcelonanoticias.com\\\/en\\\/transfers\\\/james-will-leave-the-madrid-it-would-be-a-good-signing-for-the-barca_200040_102.html#primaryimage\",\"url\":\"https:\\\/\\\/www.fcbarcelonanoticias.com\\\/en\\\/wp-content\\\/uploads\\\/sites\\\/2\\\/2017\\\/05\\\/james-rodriguez-218408.jpeg\",\"contentUrl\":\"https:\\\/\\\/www.fcbarcelonanoticias.com\\\/en\\\/wp-content\\\/uploads\\\/sites\\\/2\\\/2017\\\/05\\\/james-rodriguez-218408.jpeg\",\"width\":761,\"height\":428},{\"@type\":\"BreadcrumbList\",\"@id\":\"https:\\\/\\\/www.fcbarcelonanoticias.com\\\/en\\\/transfers\\\/james-will-leave-the-madrid-it-would-be-a-good-signing-for-the-barca_200040_102.html#breadcrumb\",\"itemListElement\":[{\"@type\":\"ListItem\",\"position\":1,\"name\":\"Portada\",\"item\":\"https:\\\/\\\/www.fcbarcelonanoticias.com\\\/en\\\/\"},{\"@type\":\"ListItem\",\"position\":2,\"name\":\"James will leave the Madrid&#8230; It would be a good signing for the Bar\u00e7a?\"}]},{\"@type\":\"WebSite\",\"@id\":\"https:\\\/\\\/www.fcbarcelonanoticias.com\\\/en\\\/#website\",\"url\":\"https:\\\/\\\/www.fcbarcelonanoticias.com\\\/en\\\/\",\"name\":\"EN - FC Barcelona Noticias\",\"description\":\"\",\"potentialAction\":[{\"@type\":\"SearchAction\",\"target\":{\"@type\":\"EntryPoint\",\"urlTemplate\":\"https:\\\/\\\/www.fcbarcelonanoticias.com\\\/en\\\/?s={search_term_string}\"},\"query-input\":{\"@type\":\"PropertyValueSpecification\",\"valueRequired\":true,\"valueName\":\"search_term_string\"}}],\"inLanguage\":\"en-US\"},{\"@type\":\"Person\",\"@id\":\"https:\\\/\\\/www.fcbarcelonanoticias.com\\\/en\\\/#\\\/schema\\\/person\\\/5dc3a41c52ab542cf24a2fbe3489c561\",\"name\":\"Erika Moya\",\"image\":{\"@type\":\"ImageObject\",\"inLanguage\":\"en-US\",\"@id\":\"https:\\\/\\\/secure.gravatar.com\\\/avatar\\\/?s=96&d=mm&r=g\",\"url\":\"https:\\\/\\\/secure.gravatar.com\\\/avatar\\\/?s=96&d=mm&r=g\",\"contentUrl\":\"https:\\\/\\\/secure.gravatar.com\\\/avatar\\\/?s=96&d=mm&r=g\",\"caption\":\"Erika Moya\"},\"description\":\"Erika est\u00e1 estudiando Periodismo y llega a FCBN con el objetivo de cubrir la actualidad del F\u00fatbol Femenino, con especial cari\u00f1o\u00a0a todo lo que rodea al Bar\u00e7a Femenino. Apasionada del deporte, combina su formaci\u00f3n acad\u00e9mica con su labor divulgativa.\",\"url\":\"https:\\\/\\\/www.fcbarcelonanoticias.com\\\/en\\\/fc-barcelona\\\/erika-moya_29_115.html\"}]}<\/script>\n<!-- \/ Yoast SEO plugin. -->","yoast_head_json":{"title":"James will leave the Madrid... It would be a good signing for the Bar\u00e7a?","description":"James Rodr\u00edguez sacked the past weekend of Santiago Bernab\u00e9u, although it still does not have at all closed with another club. It would be...","robots":{"index":"index","follow":"follow","max-snippet":"max-snippet:-1","max-image-preview":"max-image-preview:large","max-video-preview":"max-video-preview:-1"},"canonical":"https:\/\/www.fcbarcelonanoticias.com\/en\/transfers\/james-will-leave-the-madrid-it-would-be-a-good-signing-for-the-barca_200040_102.html","og_locale":"en_US","og_type":"article","og_title":"James will leave the Madrid... It would be a good signing for the Bar\u00e7a?","og_description":"James Rodr\u00edguez sacked the past weekend of Santiago Bernab\u00e9u, although it still does not have at all closed with another club. It would be...","og_url":"https:\/\/www.fcbarcelonanoticias.com\/en\/transfers\/james-will-leave-the-madrid-it-would-be-a-good-signing-for-the-barca_200040_102.html","og_site_name":"EN - FC Barcelona Noticias","article_published_time":"2017-05-17T15:04:00+00:00","article_modified_time":"2026-04-16T07:55:57+00:00","og_image":[{"width":761,"height":428,"url":"https:\/\/www.fcbarcelonanoticias.com\/en\/wp-content\/uploads\/sites\/2\/2017\/05\/james-rodriguez-218408.jpeg","type":"image\/jpeg"}],"author":"Erika Moya","twitter_card":"summary_large_image","twitter_misc":{"Written by":"Erika Moya","Est. reading time":"2 minutes"},"schema":{"@context":"https:\/\/schema.org","@graph":[{"@type":"Article","@id":"https:\/\/www.fcbarcelonanoticias.com\/en\/transfers\/james-will-leave-the-madrid-it-would-be-a-good-signing-for-the-barca_200040_102.html#article","isPartOf":{"@id":"https:\/\/www.fcbarcelonanoticias.com\/en\/transfers\/james-will-leave-the-madrid-it-would-be-a-good-signing-for-the-barca_200040_102.html"},"author":{"name":"Erika Moya","@id":"https:\/\/www.fcbarcelonanoticias.com\/en\/#\/schema\/person\/5dc3a41c52ab542cf24a2fbe3489c561"},"headline":"James will leave the Madrid&#8230; It would be a good signing for the Bar\u00e7a?","datePublished":"2017-05-17T15:04:00+00:00","dateModified":"2026-04-16T07:55:57+00:00","mainEntityOfPage":{"@id":"https:\/\/www.fcbarcelonanoticias.com\/en\/transfers\/james-will-leave-the-madrid-it-would-be-a-good-signing-for-the-barca_200040_102.html"},"wordCount":376,"image":{"@id":"https:\/\/www.fcbarcelonanoticias.com\/en\/transfers\/james-will-leave-the-madrid-it-would-be-a-good-signing-for-the-barca_200040_102.html#primaryimage"},"thumbnailUrl":"https:\/\/www.fcbarcelonanoticias.com\/en\/wp-content\/uploads\/sites\/2\/2017\/05\/james-rodriguez-218408.jpeg","keywords":["James Rodr\u00edguez"],"articleSection":["Transfers","Transfers"],"inLanguage":"en-US"},{"@type":"WebPage","@id":"https:\/\/www.fcbarcelonanoticias.com\/en\/transfers\/james-will-leave-the-madrid-it-would-be-a-good-signing-for-the-barca_200040_102.html","url":"https:\/\/www.fcbarcelonanoticias.com\/en\/transfers\/james-will-leave-the-madrid-it-would-be-a-good-signing-for-the-barca_200040_102.html","name":"James will leave the Madrid... It would be a good signing for the Bar\u00e7a?","isPartOf":{"@id":"https:\/\/www.fcbarcelonanoticias.com\/en\/#website"},"primaryImageOfPage":{"@id":"https:\/\/www.fcbarcelonanoticias.com\/en\/transfers\/james-will-leave-the-madrid-it-would-be-a-good-signing-for-the-barca_200040_102.html#primaryimage"},"image":{"@id":"https:\/\/www.fcbarcelonanoticias.com\/en\/transfers\/james-will-leave-the-madrid-it-would-be-a-good-signing-for-the-barca_200040_102.html#primaryimage"},"thumbnailUrl":"https:\/\/www.fcbarcelonanoticias.com\/en\/wp-content\/uploads\/sites\/2\/2017\/05\/james-rodriguez-218408.jpeg","datePublished":"2017-05-17T15:04:00+00:00","dateModified":"2026-04-16T07:55:57+00:00","author":{"@id":"https:\/\/www.fcbarcelonanoticias.com\/en\/#\/schema\/person\/5dc3a41c52ab542cf24a2fbe3489c561"},"description":"James Rodr\u00edguez sacked the past weekend of Santiago Bernab\u00e9u, although it still does not have at all closed with another club. It would be...","breadcrumb":{"@id":"https:\/\/www.fcbarcelonanoticias.com\/en\/transfers\/james-will-leave-the-madrid-it-would-be-a-good-signing-for-the-barca_200040_102.html#breadcrumb"},"inLanguage":"en-US","potentialAction":[{"@type":"ReadAction","target":["https:\/\/www.fcbarcelonanoticias.com\/en\/transfers\/james-will-leave-the-madrid-it-would-be-a-good-signing-for-the-barca_200040_102.html"]}]},{"@type":"ImageObject","inLanguage":"en-US","@id":"https:\/\/www.fcbarcelonanoticias.com\/en\/transfers\/james-will-leave-the-madrid-it-would-be-a-good-signing-for-the-barca_200040_102.html#primaryimage","url":"https:\/\/www.fcbarcelonanoticias.com\/en\/wp-content\/uploads\/sites\/2\/2017\/05\/james-rodriguez-218408.jpeg","contentUrl":"https:\/\/www.fcbarcelonanoticias.com\/en\/wp-content\/uploads\/sites\/2\/2017\/05\/james-rodriguez-218408.jpeg","width":761,"height":428},{"@type":"BreadcrumbList","@id":"https:\/\/www.fcbarcelonanoticias.com\/en\/transfers\/james-will-leave-the-madrid-it-would-be-a-good-signing-for-the-barca_200040_102.html#breadcrumb","itemListElement":[{"@type":"ListItem","position":1,"name":"Portada","item":"https:\/\/www.fcbarcelonanoticias.com\/en\/"},{"@type":"ListItem","position":2,"name":"James will leave the Madrid&#8230; It would be a good signing for the Bar\u00e7a?"}]},{"@type":"WebSite","@id":"https:\/\/www.fcbarcelonanoticias.com\/en\/#website","url":"https:\/\/www.fcbarcelonanoticias.com\/en\/","name":"EN - FC Barcelona Noticias","description":"","potentialAction":[{"@type":"SearchAction","target":{"@type":"EntryPoint","urlTemplate":"https:\/\/www.fcbarcelonanoticias.com\/en\/?s={search_term_string}"},"query-input":{"@type":"PropertyValueSpecification","valueRequired":true,"valueName":"search_term_string"}}],"inLanguage":"en-US"},{"@type":"Person","@id":"https:\/\/www.fcbarcelonanoticias.com\/en\/#\/schema\/person\/5dc3a41c52ab542cf24a2fbe3489c561","name":"Erika Moya","image":{"@type":"ImageObject","inLanguage":"en-US","@id":"https:\/\/secure.gravatar.com\/avatar\/?s=96&d=mm&r=g","url":"https:\/\/secure.gravatar.com\/avatar\/?s=96&d=mm&r=g","contentUrl":"https:\/\/secure.gravatar.com\/avatar\/?s=96&d=mm&r=g","caption":"Erika Moya"},"description":"Erika est\u00e1 estudiando Periodismo y llega a FCBN con el objetivo de cubrir la actualidad del F\u00fatbol Femenino, con especial cari\u00f1o\u00a0a todo lo que rodea al Bar\u00e7a Femenino. Apasionada del deporte, combina su formaci\u00f3n acad\u00e9mica con su labor divulgativa.","url":"https:\/\/www.fcbarcelonanoticias.com\/en\/fc-barcelona\/erika-moya_29_115.html"}]}},"_links":{"self":[{"href":"https:\/\/www.fcbarcelonanoticias.com\/en\/wp-json\/wp\/v2\/posts\/127974","targetHints":{"allow":["GET"]}}],"collection":[{"href":"https:\/\/www.fcbarcelonanoticias.com\/en\/wp-json\/wp\/v2\/posts"}],"about":[{"href":"https:\/\/www.fcbarcelonanoticias.com\/en\/wp-json\/wp\/v2\/types\/post"}],"author":[{"embeddable":true,"href":"https:\/\/www.fcbarcelonanoticias.com\/en\/wp-json\/wp\/v2\/users\/357"}],"replies":[{"embeddable":true,"href":"https:\/\/www.fcbarcelonanoticias.com\/en\/wp-json\/wp\/v2\/comments?post=127974"}],"version-history":[{"count":3,"href":"https:\/\/www.fcbarcelonanoticias.com\/en\/wp-json\/wp\/v2\/posts\/127974\/revisions"}],"predecessor-version":[{"id":182456,"href":"https:\/\/www.fcbarcelonanoticias.com\/en\/wp-json\/wp\/v2\/posts\/127974\/revisions\/182456"}],"wp:featuredmedia":[{"embeddable":true,"href":"https:\/\/www.fcbarcelonanoticias.com\/en\/wp-json\/wp\/v2\/media\/127979"}],"wp:attachment":[{"href":"https:\/\/www.fcbarcelonanoticias.com\/en\/wp-json\/wp\/v2\/media?parent=127974"}],"wp:term":[{"taxonomy":"category","embeddable":true,"href":"https:\/\/www.fcbarcelonanoticias.com\/en\/wp-json\/wp\/v2\/categories?post=127974"},{"taxonomy":"post_tag","embeddable":true,"href":"https:\/\/www.fcbarcelonanoticias.com\/en\/wp-json\/wp\/v2\/tags?post=127974"}],"curies":[{"name":"wp","href":"https:\/\/api.w.org\/{rel}","templated":true}]}}