{"id":12817,"date":"2024-10-12T11:17:00","date_gmt":"2024-10-12T09:17:00","guid":{"rendered":"https:\/\/weisetech.dev\/fc-barcelona-noticias\/en\/ansu-fati-raises-new-concerns-for-fc-barcelona_307876_102\/"},"modified":"2024-10-12T12:59:00","modified_gmt":"2024-10-12T10:59:00","slug":"ansu-fati-raises-new-concerns-for-fc-barcelona_307876_102","status":"publish","type":"post","link":"https:\/\/www.fcbarcelonanoticias.com\/en\/fc-barcelona\/ansu-fati-raises-new-concerns-for-fc-barcelona_307876_102.html","title":{"rendered":"Ansu Fati raises new concerns for FC Barcelona"},"content":{"rendered":"<h2 class=\"wp-block-heading\">Bar\u00e7a are concerned about Ansu&#8217;s market value. The &#8217;10&#8217;, who was once valued at 80 million, is currently valued at 15 million.<\/h2>  \r\n<div class=\"article-addons\">\r\n    <a href=\"https:\/\/www.fcbarcelonanoticias.com\/en\/calendar-fc-barcelona.html\"\r\n       target=\"_self\"\r\n       title=\"Calendar of FC Barcelona\"\r\n       class=\"blue-gredient-btn\">\r\n       \r\n        Calendar of FC Barcelona    <\/a>\r\n<\/div>   <p><strong>Ansu Fati<\/strong>, a victim of injuries and a failed loan to <strong>Brighton<\/strong>, has seen his market value &#8216;collapse&#8217; in recent years. The portal specialising in footballer quotes, &#8216;Transfermarkt&#8217;, has updated the valuation of the players this Friday and that of the Spanish-Bissau-Guinean <strong>has dropped by 10 million euros<\/strong> since the last review, in May 2024.<\/p>  <p>Currently, <strong>Ansu is worth 15 million euros<\/strong>, which is far from the 80 &#8216;millions&#8217; that he cost at his peak, at the end of 2020. Later, his &#8216;via crucis&#8217; came with injuries and as a result of this, a &#8216;nosedive&#8217; in his value that he has not been able to stop.<\/p>  <table border=\"1\" cellpadding=\"1\" cellspacing=\"1\" style=\"width:100%;\"> <caption>CURRENT MARKET VALUE OF BAR\u00c7A&#8217;S SQUAD ACCORDING TO &#8216;TRANSFERMARKT&#8217;<\/caption> \t<thead><tr> <th scope=\"col\">PLAYER<\/th> \t\t\t<th scope=\"col\">MARKET VALUE<\/th> \t\t<\/tr><\/thead> <tbody> <tr> <td style=\"text-align: center;\">Lamine Yamal<\/td> \t\t\t<td style=\"text-align: center;\">150 million euros<\/td> \t\t<\/tr> <tr> <td style=\"text-align: center;\">Gavi<\/td> \t\t\t<td style=\"text-align: center;\">90 million euros<\/td> \t\t<\/tr> <tr> <td style=\"text-align: center;\">Pedri<\/td> \t\t\t<td style=\"text-align: center;\">80 million euros<\/td> \t\t<\/tr> <tr> <td style=\"text-align: center;\">Ronald Ara\u00fajo<\/td> \t\t\t<td style=\"text-align: center;\">70 million euros<\/td> \t\t<\/tr> <tr> <td style=\"text-align: center;\">Dani Elm<\/td> \t\t\t<td style=\"text-align: center;\">60 million euros<\/td> \t\t<\/tr> <tr> <td style=\"text-align: center;\">Frenkie Of Jong<\/td> \t\t\t<td style=\"text-align: center;\">60 million euros<\/td> \t\t<\/tr> <tr> <td style=\"text-align: center;\">Raphinha<\/td> \t\t\t<td style=\"text-align: center;\">60 million euros<\/td> \t\t<\/tr> <tr> <td style=\"text-align: center;\">Jules Kound\u00e9<\/td> \t\t\t<td style=\"text-align: center;\">55 million euros<\/td> \t\t<\/tr> <tr> <td style=\"text-align: center;\">Ferm\u00edn L\u00f3pez<\/td> \t\t\t<td style=\"text-align: center;\">50 million euros<\/td> \t\t<\/tr> <tr> <td style=\"text-align: center;\">Alejandro Balde<\/td> \t\t\t<td style=\"text-align: center;\">40 million euros<\/td> \t\t<\/tr> <tr> <td style=\"text-align: center;\">Pau Cubars\u00ed<\/td> \t\t\t<td style=\"text-align: center;\">40 million euros<\/td> \t\t<\/tr> <tr> <td style=\"text-align: center;\">Andreas Christensen<\/td> \t\t\t<td style=\"text-align: center;\">30 million euros<\/td> \t\t<\/tr> <tr> <td style=\"text-align: center;\">Ferran Torres<\/td> \t\t\t<td style=\"text-align: center;\">30 million euros<\/td> \t\t<\/tr> <tr> <td style=\"text-align: center;\">Marc-Andr\u00e9 Ter Stegen<\/td> \t\t\t<td style=\"text-align: center;\">20 million euros<\/td> \t\t<\/tr> <tr> <td style=\"text-align: center;\">Eric Garc\u00eda<\/td> \t\t\t<td style=\"text-align: center;\">20 million euros<\/td> \t\t<\/tr> <tr> <td style=\"text-align: center;\">Robert Lewandowski<\/td> \t\t\t<td style=\"text-align: center;\">15 million euros<\/td> \t\t<\/tr> <tr> <td style=\"text-align: center;\">Ansu Fati<\/td> \t\t\t<td style=\"text-align: center;\">15 million euros<\/td> \t\t<\/tr> <tr> <td style=\"text-align: center;\">Marc Casad\u00f3<\/td> \t\t\t<td style=\"text-align: center;\">15 million euros<\/td> \t\t<\/tr> <tr> <td style=\"text-align: center;\">H\u00e9ctor Fort<\/td> \t\t\t<td style=\"text-align: center;\">10 million euros<\/td> \t\t<\/tr> <tr> <td style=\"text-align: center;\">I\u00f1aki Crag<\/td> \t\t\t<td style=\"text-align: center;\">8 million euros<\/td> \t\t<\/tr> <tr> <td style=\"text-align: center;\">\u00cd\u00f1igo Mart\u00ednez<\/td> \t\t\t<td style=\"text-align: center;\">5 million euros<\/td> \t\t<\/tr> <tr> <td style=\"text-align: center;\">Pau V\u00edctor<\/td> \t\t\t<td style=\"text-align: center;\">5 million euros<\/td> \t\t<\/tr> <tr> <td style=\"text-align: center;\">Pablo Tower<\/td> \t\t\t<td style=\"text-align: center;\">5 million euros<\/td> \t\t<\/tr> <tr> <td style=\"text-align: center;\">Marc Bernal<\/td> \t\t\t<td style=\"text-align: center;\">5 million euros<\/td> \t\t<\/tr> <tr> <td style=\"text-align: center;\">Wojciech Szczesny<\/td> \t\t\t<td style=\"text-align: center;\">3 million euros<\/td> \t\t<\/tr> <tr> <td style=\"text-align: center;\">Gerard Mart\u00edn<\/td> \t\t\t<td style=\"text-align: center;\">3 million euros<\/td> \t\t<\/tr> <\/tbody> <\/table> <h2>Bar\u00e7a is concerned about Ansu&#8217;s &#8216;devaluation&#8217;<\/h2>  <p>This situation has raised concerns at<strong> FC Barcelona<\/strong>, \u200b\u200bwhere they are already considering letting the striker go in the winter window so that he can get the minutes and regularity that he currently lacks under <strong>Hansi Flick<\/strong> and thus increase his value in the market. <a data-external=\"0\" data-intl-links-en=\"https:\/\/www.fcbarcelonanoticias.com\/en\/transfers\/sevilla-would-return-to-the-charge-for-ansu-fati-in-the-winter-transfer-market_307761_102.html\" data-intl-links-es=\"https:\/\/www.fcbarcelonanoticias.com\/fichajes\/sevilla-volveria-carga-por-ansu-fati-en-mercado-fichajes-invernal_307761_102.html\" href=\"https:\/\/www.fcbarcelonanoticias.com\/en\/transfers\/sevilla-would-return-to-the-charge-for-ansu-fati-in-the-winter-transfer-market_307761_102.html\" rel=\"follow\" target=\"_self\" title=\"Sevilla would return to the charge for Ansu Fati in the winter transfer market\">Sevilla have already knocked on the player&#8217;s door<\/a>, but his loan would be subject to the return to the 1\/1 rule and the presence of a reliable substitute within the squad.<\/p>  <p>Although the German has managed to increase the value of several players in the Blaugrana team, <strong>Fati <\/strong>has barely had any opportunities from the coach due to the doubts surrounding his physique after overcoming a foot injury. At the moment,<strong> the &#8217;10&#8217; has only played 51 minutes spread over 3 games<\/strong>: 2&#8242; against Monaco, 26&#8242; against Young Boys and 23&#8242; in Alav\u00e9s. If this trend continues in the next three months, his departure in January would be almost assured.<\/p> ","protected":false},"excerpt":{"rendered":"<p>Bar\u00e7a are concerned about Ansu&#8217;s market value. The &#8217;10&#8217;, who was once valued at 80 million, is currently valued at 15 million. Ansu Fati, a victim of injuries and a failed loan to Brighton, has seen his market value &#8216;collapse&#8217; in recent years. The portal specialising in footballer quotes, &#8216;Transfermarkt&#8217;, has updated the valuation of [&hellip;]<\/p>\n","protected":false},"author":358,"featured_media":12818,"comment_status":"closed","ping_status":"open","sticky":false,"template":"","format":"standard","meta":{"_acf_changed":false,"inline_featured_image":false,"_nextfly_llmd_date_locked":false,"footnotes":""},"categories":[111],"tags":[],"class_list":["post-12817","post","type-post","status-publish","format-standard","has-post-thumbnail","hentry","category-fc-barcelona"],"acf":[],"yoast_head":"<!-- This site is optimized with the Yoast SEO plugin v27.3 - https:\/\/yoast.com\/product\/yoast-seo-wordpress\/ -->\n<title>Ansu Fati raises new concerns for FC Barcelona<\/title>\n<meta name=\"description\" content=\"Bar\u00e7a are concerned about Ansu&#039;s market value. The &#039;10&#039;, who was once valued at 80 million, is currently valued at 15 million.\" \/>\n<meta name=\"robots\" content=\"index, follow, max-snippet:-1, max-image-preview:large, max-video-preview:-1\" \/>\n<link rel=\"canonical\" href=\"https:\/\/www.fcbarcelonanoticias.com\/en\/fc-barcelona\/ansu-fati-raises-new-concerns-for-fc-barcelona_307876_102.html\" \/>\n<meta property=\"og:locale\" content=\"en_US\" \/>\n<meta property=\"og:type\" content=\"article\" \/>\n<meta property=\"og:title\" content=\"Ansu Fati raises new concerns for FC Barcelona\" \/>\n<meta property=\"og:description\" content=\"Bar\u00e7a are concerned about Ansu&#039;s market value. The &#039;10&#039;, who was once valued at 80 million, is currently valued at 15 million.\" \/>\n<meta property=\"og:url\" content=\"https:\/\/www.fcbarcelonanoticias.com\/en\/fc-barcelona\/ansu-fati-raises-new-concerns-for-fc-barcelona_307876_102.html\" \/>\n<meta property=\"og:site_name\" content=\"EN - FC Barcelona Noticias\" \/>\n<meta property=\"article:published_time\" content=\"2024-10-12T09:17:00+00:00\" \/>\n<meta property=\"article:modified_time\" content=\"2024-10-12T10:59:00+00:00\" \/>\n<meta property=\"og:image\" content=\"https:\/\/www.fcbarcelonanoticias.com\/en\/wp-content\/uploads\/sites\/2\/2024\/10\/ansu-fati-vitoria.jpeg\" \/>\n\t<meta property=\"og:image:width\" content=\"1250\" \/>\n\t<meta property=\"og:image:height\" content=\"730\" \/>\n\t<meta property=\"og:image:type\" content=\"image\/jpeg\" \/>\n<meta name=\"author\" content=\"Juan Pablo Berdugo\" \/>\n<meta name=\"twitter:card\" content=\"summary_large_image\" \/>\n<meta name=\"twitter:label1\" content=\"Written by\" \/>\n\t<meta name=\"twitter:data1\" content=\"Juan Pablo Berdugo\" \/>\n\t<meta name=\"twitter:label2\" content=\"Est. reading time\" \/>\n\t<meta name=\"twitter:data2\" content=\"2 minutes\" \/>\n<script type=\"application\/ld+json\" class=\"yoast-schema-graph\">{\"@context\":\"https:\\\/\\\/schema.org\",\"@graph\":[{\"@type\":\"Article\",\"@id\":\"https:\\\/\\\/www.fcbarcelonanoticias.com\\\/en\\\/fc-barcelona\\\/ansu-fati-raises-new-concerns-for-fc-barcelona_307876_102.html#article\",\"isPartOf\":{\"@id\":\"https:\\\/\\\/www.fcbarcelonanoticias.com\\\/en\\\/fc-barcelona\\\/ansu-fati-raises-new-concerns-for-fc-barcelona_307876_102.html\"},\"author\":{\"name\":\"Juan Pablo Berdugo\",\"@id\":\"https:\\\/\\\/www.fcbarcelonanoticias.com\\\/en\\\/#\\\/schema\\\/person\\\/88d756918a0a1ae9fa593b5edddd1815\"},\"headline\":\"Ansu Fati raises new concerns for FC Barcelona\",\"datePublished\":\"2024-10-12T09:17:00+00:00\",\"dateModified\":\"2024-10-12T10:59:00+00:00\",\"mainEntityOfPage\":{\"@id\":\"https:\\\/\\\/www.fcbarcelonanoticias.com\\\/en\\\/fc-barcelona\\\/ansu-fati-raises-new-concerns-for-fc-barcelona_307876_102.html\"},\"wordCount\":414,\"image\":{\"@id\":\"https:\\\/\\\/www.fcbarcelonanoticias.com\\\/en\\\/fc-barcelona\\\/ansu-fati-raises-new-concerns-for-fc-barcelona_307876_102.html#primaryimage\"},\"thumbnailUrl\":\"https:\\\/\\\/www.fcbarcelonanoticias.com\\\/en\\\/wp-content\\\/uploads\\\/sites\\\/2\\\/2024\\\/10\\\/ansu-fati-vitoria.jpeg\",\"articleSection\":[\"FC Barcelona\"],\"inLanguage\":\"en-US\"},{\"@type\":\"WebPage\",\"@id\":\"https:\\\/\\\/www.fcbarcelonanoticias.com\\\/en\\\/fc-barcelona\\\/ansu-fati-raises-new-concerns-for-fc-barcelona_307876_102.html\",\"url\":\"https:\\\/\\\/www.fcbarcelonanoticias.com\\\/en\\\/fc-barcelona\\\/ansu-fati-raises-new-concerns-for-fc-barcelona_307876_102.html\",\"name\":\"Ansu Fati raises new concerns for FC Barcelona\",\"isPartOf\":{\"@id\":\"https:\\\/\\\/www.fcbarcelonanoticias.com\\\/en\\\/#website\"},\"primaryImageOfPage\":{\"@id\":\"https:\\\/\\\/www.fcbarcelonanoticias.com\\\/en\\\/fc-barcelona\\\/ansu-fati-raises-new-concerns-for-fc-barcelona_307876_102.html#primaryimage\"},\"image\":{\"@id\":\"https:\\\/\\\/www.fcbarcelonanoticias.com\\\/en\\\/fc-barcelona\\\/ansu-fati-raises-new-concerns-for-fc-barcelona_307876_102.html#primaryimage\"},\"thumbnailUrl\":\"https:\\\/\\\/www.fcbarcelonanoticias.com\\\/en\\\/wp-content\\\/uploads\\\/sites\\\/2\\\/2024\\\/10\\\/ansu-fati-vitoria.jpeg\",\"datePublished\":\"2024-10-12T09:17:00+00:00\",\"dateModified\":\"2024-10-12T10:59:00+00:00\",\"author\":{\"@id\":\"https:\\\/\\\/www.fcbarcelonanoticias.com\\\/en\\\/#\\\/schema\\\/person\\\/88d756918a0a1ae9fa593b5edddd1815\"},\"description\":\"Bar\u00e7a are concerned about Ansu's market value. The '10', who was once valued at 80 million, is currently valued at 15 million.\",\"breadcrumb\":{\"@id\":\"https:\\\/\\\/www.fcbarcelonanoticias.com\\\/en\\\/fc-barcelona\\\/ansu-fati-raises-new-concerns-for-fc-barcelona_307876_102.html#breadcrumb\"},\"inLanguage\":\"en-US\",\"potentialAction\":[{\"@type\":\"ReadAction\",\"target\":[\"https:\\\/\\\/www.fcbarcelonanoticias.com\\\/en\\\/fc-barcelona\\\/ansu-fati-raises-new-concerns-for-fc-barcelona_307876_102.html\"]}]},{\"@type\":\"ImageObject\",\"inLanguage\":\"en-US\",\"@id\":\"https:\\\/\\\/www.fcbarcelonanoticias.com\\\/en\\\/fc-barcelona\\\/ansu-fati-raises-new-concerns-for-fc-barcelona_307876_102.html#primaryimage\",\"url\":\"https:\\\/\\\/www.fcbarcelonanoticias.com\\\/en\\\/wp-content\\\/uploads\\\/sites\\\/2\\\/2024\\\/10\\\/ansu-fati-vitoria.jpeg\",\"contentUrl\":\"https:\\\/\\\/www.fcbarcelonanoticias.com\\\/en\\\/wp-content\\\/uploads\\\/sites\\\/2\\\/2024\\\/10\\\/ansu-fati-vitoria.jpeg\",\"width\":1250,\"height\":730},{\"@type\":\"BreadcrumbList\",\"@id\":\"https:\\\/\\\/www.fcbarcelonanoticias.com\\\/en\\\/fc-barcelona\\\/ansu-fati-raises-new-concerns-for-fc-barcelona_307876_102.html#breadcrumb\",\"itemListElement\":[{\"@type\":\"ListItem\",\"position\":1,\"name\":\"Portada\",\"item\":\"https:\\\/\\\/www.fcbarcelonanoticias.com\\\/en\\\/\"},{\"@type\":\"ListItem\",\"position\":2,\"name\":\"Ansu Fati raises new concerns for FC Barcelona\"}]},{\"@type\":\"WebSite\",\"@id\":\"https:\\\/\\\/www.fcbarcelonanoticias.com\\\/en\\\/#website\",\"url\":\"https:\\\/\\\/www.fcbarcelonanoticias.com\\\/en\\\/\",\"name\":\"EN - FC Barcelona Noticias\",\"description\":\"\",\"potentialAction\":[{\"@type\":\"SearchAction\",\"target\":{\"@type\":\"EntryPoint\",\"urlTemplate\":\"https:\\\/\\\/www.fcbarcelonanoticias.com\\\/en\\\/?s={search_term_string}\"},\"query-input\":{\"@type\":\"PropertyValueSpecification\",\"valueRequired\":true,\"valueName\":\"search_term_string\"}}],\"inLanguage\":\"en-US\"},{\"@type\":\"Person\",\"@id\":\"https:\\\/\\\/www.fcbarcelonanoticias.com\\\/en\\\/#\\\/schema\\\/person\\\/88d756918a0a1ae9fa593b5edddd1815\",\"name\":\"Juan Pablo Berdugo\",\"image\":{\"@type\":\"ImageObject\",\"inLanguage\":\"en-US\",\"@id\":\"https:\\\/\\\/secure.gravatar.com\\\/avatar\\\/?s=96&d=mm&r=g\",\"url\":\"https:\\\/\\\/secure.gravatar.com\\\/avatar\\\/?s=96&d=mm&r=g\",\"contentUrl\":\"https:\\\/\\\/secure.gravatar.com\\\/avatar\\\/?s=96&d=mm&r=g\",\"caption\":\"Juan Pablo Berdugo\"},\"description\":\"Juan Pablo Berdugo es graduado en Periodismo. Colabora con FCBN como especialista en informaci\u00f3n del primer equipo del FC Barcelona, f\u00fatbol internacional y mercado de fichajes. Destaca por su enfoque anal\u00edtico, su rigor informativo y su capacidad para detectar tendencias emergentes en el f\u00fatbol global.\",\"url\":\"https:\\\/\\\/www.fcbarcelonanoticias.com\\\/en\\\/fc-barcelona\\\/juan-pablo-berdugo_18_115.html\"}]}<\/script>\n<!-- \/ Yoast SEO plugin. -->","yoast_head_json":{"title":"Ansu Fati raises new concerns for FC Barcelona","description":"Bar\u00e7a are concerned about Ansu's market value. The '10', who was once valued at 80 million, is currently valued at 15 million.","robots":{"index":"index","follow":"follow","max-snippet":"max-snippet:-1","max-image-preview":"max-image-preview:large","max-video-preview":"max-video-preview:-1"},"canonical":"https:\/\/www.fcbarcelonanoticias.com\/en\/fc-barcelona\/ansu-fati-raises-new-concerns-for-fc-barcelona_307876_102.html","og_locale":"en_US","og_type":"article","og_title":"Ansu Fati raises new concerns for FC Barcelona","og_description":"Bar\u00e7a are concerned about Ansu's market value. The '10', who was once valued at 80 million, is currently valued at 15 million.","og_url":"https:\/\/www.fcbarcelonanoticias.com\/en\/fc-barcelona\/ansu-fati-raises-new-concerns-for-fc-barcelona_307876_102.html","og_site_name":"EN - FC Barcelona Noticias","article_published_time":"2024-10-12T09:17:00+00:00","article_modified_time":"2024-10-12T10:59:00+00:00","og_image":[{"width":1250,"height":730,"url":"https:\/\/www.fcbarcelonanoticias.com\/en\/wp-content\/uploads\/sites\/2\/2024\/10\/ansu-fati-vitoria.jpeg","type":"image\/jpeg"}],"author":"Juan Pablo Berdugo","twitter_card":"summary_large_image","twitter_misc":{"Written by":"Juan Pablo Berdugo","Est. reading time":"2 minutes"},"schema":{"@context":"https:\/\/schema.org","@graph":[{"@type":"Article","@id":"https:\/\/www.fcbarcelonanoticias.com\/en\/fc-barcelona\/ansu-fati-raises-new-concerns-for-fc-barcelona_307876_102.html#article","isPartOf":{"@id":"https:\/\/www.fcbarcelonanoticias.com\/en\/fc-barcelona\/ansu-fati-raises-new-concerns-for-fc-barcelona_307876_102.html"},"author":{"name":"Juan Pablo Berdugo","@id":"https:\/\/www.fcbarcelonanoticias.com\/en\/#\/schema\/person\/88d756918a0a1ae9fa593b5edddd1815"},"headline":"Ansu Fati raises new concerns for FC Barcelona","datePublished":"2024-10-12T09:17:00+00:00","dateModified":"2024-10-12T10:59:00+00:00","mainEntityOfPage":{"@id":"https:\/\/www.fcbarcelonanoticias.com\/en\/fc-barcelona\/ansu-fati-raises-new-concerns-for-fc-barcelona_307876_102.html"},"wordCount":414,"image":{"@id":"https:\/\/www.fcbarcelonanoticias.com\/en\/fc-barcelona\/ansu-fati-raises-new-concerns-for-fc-barcelona_307876_102.html#primaryimage"},"thumbnailUrl":"https:\/\/www.fcbarcelonanoticias.com\/en\/wp-content\/uploads\/sites\/2\/2024\/10\/ansu-fati-vitoria.jpeg","articleSection":["FC Barcelona"],"inLanguage":"en-US"},{"@type":"WebPage","@id":"https:\/\/www.fcbarcelonanoticias.com\/en\/fc-barcelona\/ansu-fati-raises-new-concerns-for-fc-barcelona_307876_102.html","url":"https:\/\/www.fcbarcelonanoticias.com\/en\/fc-barcelona\/ansu-fati-raises-new-concerns-for-fc-barcelona_307876_102.html","name":"Ansu Fati raises new concerns for FC Barcelona","isPartOf":{"@id":"https:\/\/www.fcbarcelonanoticias.com\/en\/#website"},"primaryImageOfPage":{"@id":"https:\/\/www.fcbarcelonanoticias.com\/en\/fc-barcelona\/ansu-fati-raises-new-concerns-for-fc-barcelona_307876_102.html#primaryimage"},"image":{"@id":"https:\/\/www.fcbarcelonanoticias.com\/en\/fc-barcelona\/ansu-fati-raises-new-concerns-for-fc-barcelona_307876_102.html#primaryimage"},"thumbnailUrl":"https:\/\/www.fcbarcelonanoticias.com\/en\/wp-content\/uploads\/sites\/2\/2024\/10\/ansu-fati-vitoria.jpeg","datePublished":"2024-10-12T09:17:00+00:00","dateModified":"2024-10-12T10:59:00+00:00","author":{"@id":"https:\/\/www.fcbarcelonanoticias.com\/en\/#\/schema\/person\/88d756918a0a1ae9fa593b5edddd1815"},"description":"Bar\u00e7a are concerned about Ansu's market value. The '10', who was once valued at 80 million, is currently valued at 15 million.","breadcrumb":{"@id":"https:\/\/www.fcbarcelonanoticias.com\/en\/fc-barcelona\/ansu-fati-raises-new-concerns-for-fc-barcelona_307876_102.html#breadcrumb"},"inLanguage":"en-US","potentialAction":[{"@type":"ReadAction","target":["https:\/\/www.fcbarcelonanoticias.com\/en\/fc-barcelona\/ansu-fati-raises-new-concerns-for-fc-barcelona_307876_102.html"]}]},{"@type":"ImageObject","inLanguage":"en-US","@id":"https:\/\/www.fcbarcelonanoticias.com\/en\/fc-barcelona\/ansu-fati-raises-new-concerns-for-fc-barcelona_307876_102.html#primaryimage","url":"https:\/\/www.fcbarcelonanoticias.com\/en\/wp-content\/uploads\/sites\/2\/2024\/10\/ansu-fati-vitoria.jpeg","contentUrl":"https:\/\/www.fcbarcelonanoticias.com\/en\/wp-content\/uploads\/sites\/2\/2024\/10\/ansu-fati-vitoria.jpeg","width":1250,"height":730},{"@type":"BreadcrumbList","@id":"https:\/\/www.fcbarcelonanoticias.com\/en\/fc-barcelona\/ansu-fati-raises-new-concerns-for-fc-barcelona_307876_102.html#breadcrumb","itemListElement":[{"@type":"ListItem","position":1,"name":"Portada","item":"https:\/\/www.fcbarcelonanoticias.com\/en\/"},{"@type":"ListItem","position":2,"name":"Ansu Fati raises new concerns for FC Barcelona"}]},{"@type":"WebSite","@id":"https:\/\/www.fcbarcelonanoticias.com\/en\/#website","url":"https:\/\/www.fcbarcelonanoticias.com\/en\/","name":"EN - FC Barcelona Noticias","description":"","potentialAction":[{"@type":"SearchAction","target":{"@type":"EntryPoint","urlTemplate":"https:\/\/www.fcbarcelonanoticias.com\/en\/?s={search_term_string}"},"query-input":{"@type":"PropertyValueSpecification","valueRequired":true,"valueName":"search_term_string"}}],"inLanguage":"en-US"},{"@type":"Person","@id":"https:\/\/www.fcbarcelonanoticias.com\/en\/#\/schema\/person\/88d756918a0a1ae9fa593b5edddd1815","name":"Juan Pablo Berdugo","image":{"@type":"ImageObject","inLanguage":"en-US","@id":"https:\/\/secure.gravatar.com\/avatar\/?s=96&d=mm&r=g","url":"https:\/\/secure.gravatar.com\/avatar\/?s=96&d=mm&r=g","contentUrl":"https:\/\/secure.gravatar.com\/avatar\/?s=96&d=mm&r=g","caption":"Juan Pablo Berdugo"},"description":"Juan Pablo Berdugo es graduado en Periodismo. Colabora con FCBN como especialista en informaci\u00f3n del primer equipo del FC Barcelona, f\u00fatbol internacional y mercado de fichajes. Destaca por su enfoque anal\u00edtico, su rigor informativo y su capacidad para detectar tendencias emergentes en el f\u00fatbol global.","url":"https:\/\/www.fcbarcelonanoticias.com\/en\/fc-barcelona\/juan-pablo-berdugo_18_115.html"}]}},"_links":{"self":[{"href":"https:\/\/www.fcbarcelonanoticias.com\/en\/wp-json\/wp\/v2\/posts\/12817","targetHints":{"allow":["GET"]}}],"collection":[{"href":"https:\/\/www.fcbarcelonanoticias.com\/en\/wp-json\/wp\/v2\/posts"}],"about":[{"href":"https:\/\/www.fcbarcelonanoticias.com\/en\/wp-json\/wp\/v2\/types\/post"}],"author":[{"embeddable":true,"href":"https:\/\/www.fcbarcelonanoticias.com\/en\/wp-json\/wp\/v2\/users\/358"}],"replies":[{"embeddable":true,"href":"https:\/\/www.fcbarcelonanoticias.com\/en\/wp-json\/wp\/v2\/comments?post=12817"}],"version-history":[{"count":1,"href":"https:\/\/www.fcbarcelonanoticias.com\/en\/wp-json\/wp\/v2\/posts\/12817\/revisions"}],"predecessor-version":[{"id":13841,"href":"https:\/\/www.fcbarcelonanoticias.com\/en\/wp-json\/wp\/v2\/posts\/12817\/revisions\/13841"}],"wp:featuredmedia":[{"embeddable":true,"href":"https:\/\/www.fcbarcelonanoticias.com\/en\/wp-json\/wp\/v2\/media\/12818"}],"wp:attachment":[{"href":"https:\/\/www.fcbarcelonanoticias.com\/en\/wp-json\/wp\/v2\/media?parent=12817"}],"wp:term":[{"taxonomy":"category","embeddable":true,"href":"https:\/\/www.fcbarcelonanoticias.com\/en\/wp-json\/wp\/v2\/categories?post=12817"},{"taxonomy":"post_tag","embeddable":true,"href":"https:\/\/www.fcbarcelonanoticias.com\/en\/wp-json\/wp\/v2\/tags?post=12817"}],"curies":[{"name":"wp","href":"https:\/\/api.w.org\/{rel}","templated":true}]}}