{"id":128280,"date":"2022-06-21T18:54:00","date_gmt":"2022-06-21T16:54:00","guid":{"rendered":"https:\/\/weisetech.dev\/fc-barcelona-noticias\/en\/dembele-decides-to-wait-for-barcelona-chelsea-he-thinks-his-signing_281466_102\/"},"modified":"2022-06-22T08:55:00","modified_gmt":"2022-06-22T06:55:00","slug":"dembele-decides-to-wait-for-barcelona-chelsea-he-thinks-his-signing_281466_102","status":"publish","type":"post","link":"https:\/\/www.fcbarcelonanoticias.com\/en\/transfers\/dembele-decides-to-wait-for-barcelona-chelsea-he-thinks-his-signing_281466_102.html","title":{"rendered":"Demb\u00e9l\u00e9 decides to wait for Bar\u00e7a and Chelsea is &#8216;thinking&#8217; about his signing"},"content":{"rendered":"<h2 class=\"wp-block-heading\">When everything pointed to Demb\u00e9l\u00e9 heading to Chelsea, Bar\u00e7a would have turned the situation around. The cul\u00e9s will try to convince the player and he would like to listen to them, so the &#8216;blues&#8217; are already studying new options<\/h2>  \r\n<div class=\"article-addons\">\r\n    <a href=\"https:\/\/www.fcbarcelonanoticias.com\/en\/calendar-fc-barcelona.html\"\r\n       target=\"_self\"\r\n       title=\"Calendar of FC Barcelona\"\r\n       class=\"blue-gredient-btn\">\r\n       \r\n        Calendar of FC Barcelona    <\/a>\r\n<\/div>   <p>The &#8216;serial&#8217; of <a data-external=\"0\" data-intl-links-en=\"https:\/\/www.fcbarcelonanoticias.com\/en\/tags\/dembele\" data-intl-links-es=\"https:\/\/www.fcbarcelonanoticias.com\/tags\/dembele\" href=\"https:\/\/www.fcbarcelonanoticias.com\/en\/tags\/dembele.html\" rel=\"follow\" target=\"_self\" title=\"Demb\u00e9l\u00e9\">Ousmane Demb\u00e9l\u00e9<\/a> and the <a data-external=\"0\" data-intl-links-en=\"https:\/\/www.fcbarcelonanoticias.com\/en\/fc-barcelona\" data-intl-links-es=\"https:\/\/www.fcbarcelonanoticias.com\/fc-barcelona\" href=\"https:\/\/www.fcbarcelonanoticias.com\/en\/football-soccer\/fc-barcelona.html\" rel=\"follow\" target=\"_self\" title=\"FC Barcelona\">FC Barcelona<\/a> would have given a &#8216;volantazo&#8217; of last hour. Everything aimed to that the forward would put him end to his &#8216;adventure&#8217; in the City Condal once expire his bond with the Barcelona entity the next 30 June. In this stage,<strong> Chelsea showed like the most interested team in doing with the services of the &#8216;mosquito&#8217;<\/strong> and even arrived to speak of an agreement between the club and the player. However, a twist &#8216;surprise&#8217; by part of the cul\u00e9s could change the plans.<\/p>  <p>And it is that diverse informations ensure that <strong>Xavi Hern\u00e1ndez would have asked him to the high controls of the Bar\u00e7a a last effort to attain extend the stay of the international with the French selection in the Camp Nou<\/strong>. The trainer of Terrassa considers that his group will not be able to achieve an attacker with similar characteristics to the ones of the &#8216;mosquito&#8217; by a better price, by what considers that the renewal of the player would be important for the sportive planning of the next season.<\/p>  <p>Nevertheless, the new approach between both parts has a pair of obstacles. In the first place, they exist managerial cul\u00e9s that do not want to Ousmane in the team, generating a &#8216;bump&#8217; of ideas between the institution and his technician. And on the other hand, <strong>the Catalans do not have a wide margin to improve the proposal presented previously to the extreme<\/strong>, by what only would seat to converse again with &#8216;Dembouz&#8217; if his surroundings puts in contact with the club the next 30 June.<\/p>  <p>By his part, Demb\u00e9l\u00e9 aims to decide his destination the next week and would see with good eyes continue under the orders of Hern\u00e1ndez in the future, <strong>by what has taken the determination to expect to the Bar\u00e7a to listen them<\/strong>. In spite of the rumours that linked him with Paris Saint-Germain, the Bayern of Munich and Chelsea, from the breast of the entity blaugrana have understood that this would not have any entente with any of them, reason whereby still do not give him by stray &#8216;to 100%&#8217;.<\/p>  <h3>Chelsea tires<\/h3>  <p>In the meantime, from Stamford Bridge have tired of the attitudes taken by the one of Vernon and already would be studying new alternatives to reinforce his forward. In this sense,<strong> the londinenses already would have advanced the management for the incorporation of Raheem Sterling like new player &#8216;blue&#8217;<\/strong>. The English extreme expects to go out of Manchester during this summer and has big poster in the Premier, where would add to a new &#8216;big&#8217; after belonging to the rows of the Liverpool and of the &#8216;citizens&#8217;.<\/p> ","protected":false},"excerpt":{"rendered":"<p>When everything pointed to Demb\u00e9l\u00e9 heading to Chelsea, Bar\u00e7a would have turned the situation around. The cul\u00e9s will try to convince the player and he would like to listen to them, so the &#8216;blues&#8217; are already studying new options The &#8216;serial&#8217; of Ousmane Demb\u00e9l\u00e9 and the FC Barcelona would have given a &#8216;volantazo&#8217; of last [&hellip;]<\/p>\n","protected":false},"author":358,"featured_media":128283,"comment_status":"closed","ping_status":"open","sticky":false,"template":"","format":"standard","meta":{"_acf_changed":false,"inline_featured_image":false,"_nextfly_llmd_date_locked":false,"footnotes":""},"categories":[449,106],"tags":[161,146],"class_list":["post-128280","post","type-post","status-publish","format-standard","has-post-thumbnail","hentry","category-transfers-2","category-transfers","tag-chelsea","tag-dembele"],"acf":[],"yoast_head":"<!-- This site is optimized with the Yoast SEO plugin v27.3 - https:\/\/yoast.com\/product\/yoast-seo-wordpress\/ -->\n<title>Demb\u00e9l\u00e9 decides to wait for Bar\u00e7a and Chelsea is &#039;thinking&#039; about his signing<\/title>\n<meta name=\"description\" content=\"When all aimed to that Demb\u00e9l\u00e9 would put course to Chelsea, the Bar\u00e7a would have given him a twist to the situation. The cul\u00e9s will try to convince to the player and east...\" \/>\n<meta name=\"robots\" content=\"index, follow, max-snippet:-1, max-image-preview:large, max-video-preview:-1\" \/>\n<link rel=\"canonical\" href=\"https:\/\/www.fcbarcelonanoticias.com\/en\/transfers\/dembele-decides-to-wait-for-barcelona-chelsea-he-thinks-his-signing_281466_102.html\" \/>\n<meta property=\"og:locale\" content=\"en_US\" \/>\n<meta property=\"og:type\" content=\"article\" \/>\n<meta property=\"og:title\" content=\"Demb\u00e9l\u00e9 decides to wait for Bar\u00e7a and Chelsea is &#039;thinking&#039; about his signing\" \/>\n<meta property=\"og:description\" content=\"When all aimed to that Demb\u00e9l\u00e9 would put course to Chelsea, the Bar\u00e7a would have given him a twist to the situation. The cul\u00e9s will try to convince to the player and east...\" \/>\n<meta property=\"og:url\" content=\"https:\/\/www.fcbarcelonanoticias.com\/en\/transfers\/dembele-decides-to-wait-for-barcelona-chelsea-he-thinks-his-signing_281466_102.html\" \/>\n<meta property=\"og:site_name\" content=\"EN - FC Barcelona Noticias\" \/>\n<meta property=\"article:published_time\" content=\"2022-06-21T16:54:00+00:00\" \/>\n<meta property=\"article:modified_time\" content=\"2022-06-22T06:55:00+00:00\" \/>\n<meta property=\"og:image\" content=\"https:\/\/www.fcbarcelonanoticias.com\/en\/wp-content\/uploads\/sites\/2\/2022\/06\/fbl-esp-liga-barcelona-eclhe-1.jpeg\" \/>\n\t<meta property=\"og:image:width\" content=\"1200\" \/>\n\t<meta property=\"og:image:height\" content=\"706\" \/>\n\t<meta property=\"og:image:type\" content=\"image\/jpeg\" \/>\n<meta name=\"author\" content=\"Juan Pablo Berdugo\" \/>\n<meta name=\"twitter:card\" content=\"summary_large_image\" \/>\n<meta name=\"twitter:label1\" content=\"Written by\" \/>\n\t<meta name=\"twitter:data1\" content=\"Juan Pablo Berdugo\" \/>\n\t<meta name=\"twitter:label2\" content=\"Est. reading time\" \/>\n\t<meta name=\"twitter:data2\" content=\"2 minutes\" \/>\n<script type=\"application\/ld+json\" class=\"yoast-schema-graph\">{\"@context\":\"https:\\\/\\\/schema.org\",\"@graph\":[{\"@type\":\"Article\",\"@id\":\"https:\\\/\\\/www.fcbarcelonanoticias.com\\\/en\\\/transfers\\\/dembele-decides-to-wait-for-barcelona-chelsea-he-thinks-his-signing_281466_102.html#article\",\"isPartOf\":{\"@id\":\"https:\\\/\\\/www.fcbarcelonanoticias.com\\\/en\\\/transfers\\\/dembele-decides-to-wait-for-barcelona-chelsea-he-thinks-his-signing_281466_102.html\"},\"author\":{\"name\":\"Juan Pablo Berdugo\",\"@id\":\"https:\\\/\\\/www.fcbarcelonanoticias.com\\\/en\\\/#\\\/schema\\\/person\\\/88d756918a0a1ae9fa593b5edddd1815\"},\"headline\":\"Demb\u00e9l\u00e9 decides to wait for Bar\u00e7a and Chelsea is &#8216;thinking&#8217; about his signing\",\"datePublished\":\"2022-06-21T16:54:00+00:00\",\"dateModified\":\"2022-06-22T06:55:00+00:00\",\"mainEntityOfPage\":{\"@id\":\"https:\\\/\\\/www.fcbarcelonanoticias.com\\\/en\\\/transfers\\\/dembele-decides-to-wait-for-barcelona-chelsea-he-thinks-his-signing_281466_102.html\"},\"wordCount\":505,\"image\":{\"@id\":\"https:\\\/\\\/www.fcbarcelonanoticias.com\\\/en\\\/transfers\\\/dembele-decides-to-wait-for-barcelona-chelsea-he-thinks-his-signing_281466_102.html#primaryimage\"},\"thumbnailUrl\":\"https:\\\/\\\/www.fcbarcelonanoticias.com\\\/en\\\/wp-content\\\/uploads\\\/sites\\\/2\\\/2022\\\/06\\\/fbl-esp-liga-barcelona-eclhe-1.jpeg\",\"keywords\":[\"Chelsea\",\"Demb\u00e9l\u00e9\"],\"articleSection\":[\"Transfers\",\"Transfers\"],\"inLanguage\":\"en-US\"},{\"@type\":\"WebPage\",\"@id\":\"https:\\\/\\\/www.fcbarcelonanoticias.com\\\/en\\\/transfers\\\/dembele-decides-to-wait-for-barcelona-chelsea-he-thinks-his-signing_281466_102.html\",\"url\":\"https:\\\/\\\/www.fcbarcelonanoticias.com\\\/en\\\/transfers\\\/dembele-decides-to-wait-for-barcelona-chelsea-he-thinks-his-signing_281466_102.html\",\"name\":\"Demb\u00e9l\u00e9 decides to wait for Bar\u00e7a and Chelsea is 'thinking' about his signing\",\"isPartOf\":{\"@id\":\"https:\\\/\\\/www.fcbarcelonanoticias.com\\\/en\\\/#website\"},\"primaryImageOfPage\":{\"@id\":\"https:\\\/\\\/www.fcbarcelonanoticias.com\\\/en\\\/transfers\\\/dembele-decides-to-wait-for-barcelona-chelsea-he-thinks-his-signing_281466_102.html#primaryimage\"},\"image\":{\"@id\":\"https:\\\/\\\/www.fcbarcelonanoticias.com\\\/en\\\/transfers\\\/dembele-decides-to-wait-for-barcelona-chelsea-he-thinks-his-signing_281466_102.html#primaryimage\"},\"thumbnailUrl\":\"https:\\\/\\\/www.fcbarcelonanoticias.com\\\/en\\\/wp-content\\\/uploads\\\/sites\\\/2\\\/2022\\\/06\\\/fbl-esp-liga-barcelona-eclhe-1.jpeg\",\"datePublished\":\"2022-06-21T16:54:00+00:00\",\"dateModified\":\"2022-06-22T06:55:00+00:00\",\"author\":{\"@id\":\"https:\\\/\\\/www.fcbarcelonanoticias.com\\\/en\\\/#\\\/schema\\\/person\\\/88d756918a0a1ae9fa593b5edddd1815\"},\"description\":\"When all aimed to that Demb\u00e9l\u00e9 would put course to Chelsea, the Bar\u00e7a would have given him a twist to the situation. The cul\u00e9s will try to convince to the player and east...\",\"breadcrumb\":{\"@id\":\"https:\\\/\\\/www.fcbarcelonanoticias.com\\\/en\\\/transfers\\\/dembele-decides-to-wait-for-barcelona-chelsea-he-thinks-his-signing_281466_102.html#breadcrumb\"},\"inLanguage\":\"en-US\",\"potentialAction\":[{\"@type\":\"ReadAction\",\"target\":[\"https:\\\/\\\/www.fcbarcelonanoticias.com\\\/en\\\/transfers\\\/dembele-decides-to-wait-for-barcelona-chelsea-he-thinks-his-signing_281466_102.html\"]}]},{\"@type\":\"ImageObject\",\"inLanguage\":\"en-US\",\"@id\":\"https:\\\/\\\/www.fcbarcelonanoticias.com\\\/en\\\/transfers\\\/dembele-decides-to-wait-for-barcelona-chelsea-he-thinks-his-signing_281466_102.html#primaryimage\",\"url\":\"https:\\\/\\\/www.fcbarcelonanoticias.com\\\/en\\\/wp-content\\\/uploads\\\/sites\\\/2\\\/2022\\\/06\\\/fbl-esp-liga-barcelona-eclhe-1.jpeg\",\"contentUrl\":\"https:\\\/\\\/www.fcbarcelonanoticias.com\\\/en\\\/wp-content\\\/uploads\\\/sites\\\/2\\\/2022\\\/06\\\/fbl-esp-liga-barcelona-eclhe-1.jpeg\",\"width\":1200,\"height\":706},{\"@type\":\"BreadcrumbList\",\"@id\":\"https:\\\/\\\/www.fcbarcelonanoticias.com\\\/en\\\/transfers\\\/dembele-decides-to-wait-for-barcelona-chelsea-he-thinks-his-signing_281466_102.html#breadcrumb\",\"itemListElement\":[{\"@type\":\"ListItem\",\"position\":1,\"name\":\"Portada\",\"item\":\"https:\\\/\\\/www.fcbarcelonanoticias.com\\\/en\\\/\"},{\"@type\":\"ListItem\",\"position\":2,\"name\":\"Demb\u00e9l\u00e9 decides to wait for Bar\u00e7a and Chelsea is &#8216;thinking&#8217; about his signing\"}]},{\"@type\":\"WebSite\",\"@id\":\"https:\\\/\\\/www.fcbarcelonanoticias.com\\\/en\\\/#website\",\"url\":\"https:\\\/\\\/www.fcbarcelonanoticias.com\\\/en\\\/\",\"name\":\"EN - FC Barcelona Noticias\",\"description\":\"\",\"potentialAction\":[{\"@type\":\"SearchAction\",\"target\":{\"@type\":\"EntryPoint\",\"urlTemplate\":\"https:\\\/\\\/www.fcbarcelonanoticias.com\\\/en\\\/?s={search_term_string}\"},\"query-input\":{\"@type\":\"PropertyValueSpecification\",\"valueRequired\":true,\"valueName\":\"search_term_string\"}}],\"inLanguage\":\"en-US\"},{\"@type\":\"Person\",\"@id\":\"https:\\\/\\\/www.fcbarcelonanoticias.com\\\/en\\\/#\\\/schema\\\/person\\\/88d756918a0a1ae9fa593b5edddd1815\",\"name\":\"Juan Pablo Berdugo\",\"image\":{\"@type\":\"ImageObject\",\"inLanguage\":\"en-US\",\"@id\":\"https:\\\/\\\/secure.gravatar.com\\\/avatar\\\/?s=96&d=mm&r=g\",\"url\":\"https:\\\/\\\/secure.gravatar.com\\\/avatar\\\/?s=96&d=mm&r=g\",\"contentUrl\":\"https:\\\/\\\/secure.gravatar.com\\\/avatar\\\/?s=96&d=mm&r=g\",\"caption\":\"Juan Pablo Berdugo\"},\"description\":\"Juan Pablo Berdugo es graduado en Periodismo. Colabora con FCBN como especialista en informaci\u00f3n del primer equipo del FC Barcelona, f\u00fatbol internacional y mercado de fichajes. Destaca por su enfoque anal\u00edtico, su rigor informativo y su capacidad para detectar tendencias emergentes en el f\u00fatbol global.\",\"url\":\"https:\\\/\\\/www.fcbarcelonanoticias.com\\\/en\\\/fc-barcelona\\\/juan-pablo-berdugo_18_115.html\"}]}<\/script>\n<!-- \/ Yoast SEO plugin. -->","yoast_head_json":{"title":"Demb\u00e9l\u00e9 decides to wait for Bar\u00e7a and Chelsea is 'thinking' about his signing","description":"When all aimed to that Demb\u00e9l\u00e9 would put course to Chelsea, the Bar\u00e7a would have given him a twist to the situation. The cul\u00e9s will try to convince to the player and east...","robots":{"index":"index","follow":"follow","max-snippet":"max-snippet:-1","max-image-preview":"max-image-preview:large","max-video-preview":"max-video-preview:-1"},"canonical":"https:\/\/www.fcbarcelonanoticias.com\/en\/transfers\/dembele-decides-to-wait-for-barcelona-chelsea-he-thinks-his-signing_281466_102.html","og_locale":"en_US","og_type":"article","og_title":"Demb\u00e9l\u00e9 decides to wait for Bar\u00e7a and Chelsea is 'thinking' about his signing","og_description":"When all aimed to that Demb\u00e9l\u00e9 would put course to Chelsea, the Bar\u00e7a would have given him a twist to the situation. The cul\u00e9s will try to convince to the player and east...","og_url":"https:\/\/www.fcbarcelonanoticias.com\/en\/transfers\/dembele-decides-to-wait-for-barcelona-chelsea-he-thinks-his-signing_281466_102.html","og_site_name":"EN - FC Barcelona Noticias","article_published_time":"2022-06-21T16:54:00+00:00","article_modified_time":"2022-06-22T06:55:00+00:00","og_image":[{"width":1200,"height":706,"url":"https:\/\/www.fcbarcelonanoticias.com\/en\/wp-content\/uploads\/sites\/2\/2022\/06\/fbl-esp-liga-barcelona-eclhe-1.jpeg","type":"image\/jpeg"}],"author":"Juan Pablo Berdugo","twitter_card":"summary_large_image","twitter_misc":{"Written by":"Juan Pablo Berdugo","Est. reading time":"2 minutes"},"schema":{"@context":"https:\/\/schema.org","@graph":[{"@type":"Article","@id":"https:\/\/www.fcbarcelonanoticias.com\/en\/transfers\/dembele-decides-to-wait-for-barcelona-chelsea-he-thinks-his-signing_281466_102.html#article","isPartOf":{"@id":"https:\/\/www.fcbarcelonanoticias.com\/en\/transfers\/dembele-decides-to-wait-for-barcelona-chelsea-he-thinks-his-signing_281466_102.html"},"author":{"name":"Juan Pablo Berdugo","@id":"https:\/\/www.fcbarcelonanoticias.com\/en\/#\/schema\/person\/88d756918a0a1ae9fa593b5edddd1815"},"headline":"Demb\u00e9l\u00e9 decides to wait for Bar\u00e7a and Chelsea is &#8216;thinking&#8217; about his signing","datePublished":"2022-06-21T16:54:00+00:00","dateModified":"2022-06-22T06:55:00+00:00","mainEntityOfPage":{"@id":"https:\/\/www.fcbarcelonanoticias.com\/en\/transfers\/dembele-decides-to-wait-for-barcelona-chelsea-he-thinks-his-signing_281466_102.html"},"wordCount":505,"image":{"@id":"https:\/\/www.fcbarcelonanoticias.com\/en\/transfers\/dembele-decides-to-wait-for-barcelona-chelsea-he-thinks-his-signing_281466_102.html#primaryimage"},"thumbnailUrl":"https:\/\/www.fcbarcelonanoticias.com\/en\/wp-content\/uploads\/sites\/2\/2022\/06\/fbl-esp-liga-barcelona-eclhe-1.jpeg","keywords":["Chelsea","Demb\u00e9l\u00e9"],"articleSection":["Transfers","Transfers"],"inLanguage":"en-US"},{"@type":"WebPage","@id":"https:\/\/www.fcbarcelonanoticias.com\/en\/transfers\/dembele-decides-to-wait-for-barcelona-chelsea-he-thinks-his-signing_281466_102.html","url":"https:\/\/www.fcbarcelonanoticias.com\/en\/transfers\/dembele-decides-to-wait-for-barcelona-chelsea-he-thinks-his-signing_281466_102.html","name":"Demb\u00e9l\u00e9 decides to wait for Bar\u00e7a and Chelsea is 'thinking' about his signing","isPartOf":{"@id":"https:\/\/www.fcbarcelonanoticias.com\/en\/#website"},"primaryImageOfPage":{"@id":"https:\/\/www.fcbarcelonanoticias.com\/en\/transfers\/dembele-decides-to-wait-for-barcelona-chelsea-he-thinks-his-signing_281466_102.html#primaryimage"},"image":{"@id":"https:\/\/www.fcbarcelonanoticias.com\/en\/transfers\/dembele-decides-to-wait-for-barcelona-chelsea-he-thinks-his-signing_281466_102.html#primaryimage"},"thumbnailUrl":"https:\/\/www.fcbarcelonanoticias.com\/en\/wp-content\/uploads\/sites\/2\/2022\/06\/fbl-esp-liga-barcelona-eclhe-1.jpeg","datePublished":"2022-06-21T16:54:00+00:00","dateModified":"2022-06-22T06:55:00+00:00","author":{"@id":"https:\/\/www.fcbarcelonanoticias.com\/en\/#\/schema\/person\/88d756918a0a1ae9fa593b5edddd1815"},"description":"When all aimed to that Demb\u00e9l\u00e9 would put course to Chelsea, the Bar\u00e7a would have given him a twist to the situation. The cul\u00e9s will try to convince to the player and east...","breadcrumb":{"@id":"https:\/\/www.fcbarcelonanoticias.com\/en\/transfers\/dembele-decides-to-wait-for-barcelona-chelsea-he-thinks-his-signing_281466_102.html#breadcrumb"},"inLanguage":"en-US","potentialAction":[{"@type":"ReadAction","target":["https:\/\/www.fcbarcelonanoticias.com\/en\/transfers\/dembele-decides-to-wait-for-barcelona-chelsea-he-thinks-his-signing_281466_102.html"]}]},{"@type":"ImageObject","inLanguage":"en-US","@id":"https:\/\/www.fcbarcelonanoticias.com\/en\/transfers\/dembele-decides-to-wait-for-barcelona-chelsea-he-thinks-his-signing_281466_102.html#primaryimage","url":"https:\/\/www.fcbarcelonanoticias.com\/en\/wp-content\/uploads\/sites\/2\/2022\/06\/fbl-esp-liga-barcelona-eclhe-1.jpeg","contentUrl":"https:\/\/www.fcbarcelonanoticias.com\/en\/wp-content\/uploads\/sites\/2\/2022\/06\/fbl-esp-liga-barcelona-eclhe-1.jpeg","width":1200,"height":706},{"@type":"BreadcrumbList","@id":"https:\/\/www.fcbarcelonanoticias.com\/en\/transfers\/dembele-decides-to-wait-for-barcelona-chelsea-he-thinks-his-signing_281466_102.html#breadcrumb","itemListElement":[{"@type":"ListItem","position":1,"name":"Portada","item":"https:\/\/www.fcbarcelonanoticias.com\/en\/"},{"@type":"ListItem","position":2,"name":"Demb\u00e9l\u00e9 decides to wait for Bar\u00e7a and Chelsea is &#8216;thinking&#8217; about his signing"}]},{"@type":"WebSite","@id":"https:\/\/www.fcbarcelonanoticias.com\/en\/#website","url":"https:\/\/www.fcbarcelonanoticias.com\/en\/","name":"EN - FC Barcelona Noticias","description":"","potentialAction":[{"@type":"SearchAction","target":{"@type":"EntryPoint","urlTemplate":"https:\/\/www.fcbarcelonanoticias.com\/en\/?s={search_term_string}"},"query-input":{"@type":"PropertyValueSpecification","valueRequired":true,"valueName":"search_term_string"}}],"inLanguage":"en-US"},{"@type":"Person","@id":"https:\/\/www.fcbarcelonanoticias.com\/en\/#\/schema\/person\/88d756918a0a1ae9fa593b5edddd1815","name":"Juan Pablo Berdugo","image":{"@type":"ImageObject","inLanguage":"en-US","@id":"https:\/\/secure.gravatar.com\/avatar\/?s=96&d=mm&r=g","url":"https:\/\/secure.gravatar.com\/avatar\/?s=96&d=mm&r=g","contentUrl":"https:\/\/secure.gravatar.com\/avatar\/?s=96&d=mm&r=g","caption":"Juan Pablo Berdugo"},"description":"Juan Pablo Berdugo es graduado en Periodismo. Colabora con FCBN como especialista en informaci\u00f3n del primer equipo del FC Barcelona, f\u00fatbol internacional y mercado de fichajes. Destaca por su enfoque anal\u00edtico, su rigor informativo y su capacidad para detectar tendencias emergentes en el f\u00fatbol global.","url":"https:\/\/www.fcbarcelonanoticias.com\/en\/fc-barcelona\/juan-pablo-berdugo_18_115.html"}]}},"_links":{"self":[{"href":"https:\/\/www.fcbarcelonanoticias.com\/en\/wp-json\/wp\/v2\/posts\/128280","targetHints":{"allow":["GET"]}}],"collection":[{"href":"https:\/\/www.fcbarcelonanoticias.com\/en\/wp-json\/wp\/v2\/posts"}],"about":[{"href":"https:\/\/www.fcbarcelonanoticias.com\/en\/wp-json\/wp\/v2\/types\/post"}],"author":[{"embeddable":true,"href":"https:\/\/www.fcbarcelonanoticias.com\/en\/wp-json\/wp\/v2\/users\/358"}],"replies":[{"embeddable":true,"href":"https:\/\/www.fcbarcelonanoticias.com\/en\/wp-json\/wp\/v2\/comments?post=128280"}],"version-history":[{"count":1,"href":"https:\/\/www.fcbarcelonanoticias.com\/en\/wp-json\/wp\/v2\/posts\/128280\/revisions"}],"predecessor-version":[{"id":152137,"href":"https:\/\/www.fcbarcelonanoticias.com\/en\/wp-json\/wp\/v2\/posts\/128280\/revisions\/152137"}],"wp:featuredmedia":[{"embeddable":true,"href":"https:\/\/www.fcbarcelonanoticias.com\/en\/wp-json\/wp\/v2\/media\/128283"}],"wp:attachment":[{"href":"https:\/\/www.fcbarcelonanoticias.com\/en\/wp-json\/wp\/v2\/media?parent=128280"}],"wp:term":[{"taxonomy":"category","embeddable":true,"href":"https:\/\/www.fcbarcelonanoticias.com\/en\/wp-json\/wp\/v2\/categories?post=128280"},{"taxonomy":"post_tag","embeddable":true,"href":"https:\/\/www.fcbarcelonanoticias.com\/en\/wp-json\/wp\/v2\/tags?post=128280"}],"curies":[{"name":"wp","href":"https:\/\/api.w.org\/{rel}","templated":true}]}}