{"id":128296,"date":"2022-07-01T19:41:00","date_gmt":"2022-07-01T17:41:00","guid":{"rendered":"https:\/\/weisetech.dev\/fc-barcelona-noticias\/en\/dembele-follows-without-giving-him-signals-of-life-to-the-barca_281793_102\/"},"modified":"2022-07-01T19:41:00","modified_gmt":"2022-07-01T17:41:00","slug":"dembele-follows-without-giving-him-signals-of-life-to-the-barca_281793_102","status":"publish","type":"post","link":"https:\/\/www.fcbarcelonanoticias.com\/en\/transfers\/dembele-follows-without-giving-him-signals-of-life-to-the-barca_281793_102.html","title":{"rendered":"Demb\u00e9l\u00e9 continues without giving signs of life to Bar\u00e7a"},"content":{"rendered":"<h2 class=\"wp-block-heading\">Ousmane Demb\u00e9l\u00e9 is already part of the free agency and from his environment they wait for an improvement to the last offer from Bar\u00e7a. However, the board would not be willing to change its position<\/h2>  \r\n<div class=\"article-addons\">\r\n    <a href=\"https:\/\/www.fcbarcelonanoticias.com\/en\/calendar-fc-barcelona.html\"\r\n       target=\"_self\"\r\n       title=\"Calendar of FC Barcelona\"\r\n       class=\"blue-gredient-btn\">\r\n       \r\n        Calendar of FC Barcelona    <\/a>\r\n<\/div>   <p>With the arrival of the month of July has remained without effect the agreement of <a data-external=\"0\" data-intl-links-en=\"https:\/\/www.fcbarcelonanoticias.com\/en\/transfers\/already-it-is-official-ousmane-dembele-finish-his-bond-with-the-barca_281766_102.html\" data-intl-links-es=\"https:\/\/www.fcbarcelonanoticias.com\/fichajes\/ya-es-oficial-ousmane-dembele-acaba-su-vinculo-con-barcelona_281766_102.html\" href=\"https:\/\/www.fcbarcelonanoticias.com\/en\/transfers\/already-it-is-official-ousmane-dembele-finish-his-bond-with-the-barca_281766_102.html\" rel=\"follow\" target=\"_self\" title=\"\u00a1Ya es oficial! Ousmane Demb\u00e9l\u00e9 acaba su v\u00ednculo con el Bar\u00e7a\">Ousmane Demb\u00e9l\u00e9<\/a> with the FC Barcelona, by what officially the French has remained desvinculado of the club and has turned into free agent. <strong>Until the moment, neither the attacker neither his representative, Moussa Sissoko, have put in contact with the Catalan entity<\/strong> in procures of an agreement for his renewal.<\/p>  <p>The last meetings between Sissoko and the directive took place on 27 June. In them they tried to yield in it procures of an agreement, but for then <strong>the efforts of one and another part resulted insufficient to obtain the &#8220;himself&#8221; definite of the Frenchman<\/strong> that would have allowed him continue under the orders of Xavi Hern\u00e1ndez, the one who gave him a vote of confidence in winter against of the posture that had assumed the directive in his against by not renewing in his last year of agreement.<\/p>  <p>Although the Bar\u00e7a still could leave him the open door to sign a new agreement, is not by the work to increase the figures proposed. Of this way, <strong>have come to an end the attempts by part of the executive train of the club to do him change of opinion<\/strong>, by what only subtracts that the player communicate if it wishes to accept the offer in question or put end to his cycle like cul\u00e9.<\/p>  <p>Nevertheless,<strong> so much <a data-external=\"0\" data-intl-links-en=\"https:\/\/www.fcbarcelonanoticias.com\/en\/transfers\/dembele-everything-nothing-must-renew-this-thursday-not-be-another-signing_281732_102.html\" data-intl-links-es=\"https:\/\/www.fcbarcelonanoticias.com\/fichajes\/dembele-todo-nada-debe-renovar-este-jueves-no-ser-otro-fichaje_281732_102.html\" href=\"https:\/\/www.fcbarcelonanoticias.com\/en\/transfers\/dembele-everything-nothing-must-renew-this-thursday-not-be-another-signing_281732_102.html\" rel=\"follow\" target=\"_self\" title=\"Demb\u00e9l\u00e9, todo o nada: Debe renovar este jueves para no ser otro fichaje\">Demb\u00e9l\u00e9<\/a> like his agent keep waiting for a better proposal by part of the Barcelona<\/strong>, but now, with the footballer desvinculado, this finally could not arrive. Only one of the parts in the negotiation has to yield in front of the another to reach the agreement, but everything seems to indicate that this change only applies in the case of the French.<\/p>  <h3>Possible destinations for Demb\u00e9l\u00e9<\/h3>  <p>In case of not accepting the definite offer that has presented him the directive, Sissoko would be evaluating other possibilities for the &#8216;Mosquito&#8217;. Between them they appear the ones of Paris Saint-Germain, the Bayern of Munich and other teams that interested in his services during the wintry market, like Chelsea or the Newcastle United, by<strong> what know which T-shirt will dress in the season 2022-23 will be question of time<\/strong>.<\/p> ","protected":false},"excerpt":{"rendered":"<p>Ousmane Demb\u00e9l\u00e9 is already part of the free agency and from his environment they wait for an improvement to the last offer from Bar\u00e7a. However, the board would not be willing to change its position With the arrival of the month of July has remained without effect the agreement of Ousmane Demb\u00e9l\u00e9 with the FC [&hellip;]<\/p>\n","protected":false},"author":378,"featured_media":128301,"comment_status":"closed","ping_status":"open","sticky":false,"template":"","format":"standard","meta":{"_acf_changed":false,"inline_featured_image":false,"_nextfly_llmd_date_locked":false,"footnotes":""},"categories":[106,449],"tags":[146],"class_list":["post-128296","post","type-post","status-publish","format-standard","has-post-thumbnail","hentry","category-transfers","category-transfers-2","tag-dembele"],"acf":[],"yoast_head":"<!-- This site is optimized with the Yoast SEO plugin v27.3 - https:\/\/yoast.com\/product\/yoast-seo-wordpress\/ -->\n<title>Demb\u00e9l\u00e9 Follows without giving him signals of life to the Bar\u00e7a<\/title>\n<meta name=\"description\" content=\"Ousmane Demb\u00e9l\u00e9 Already forms part of the free agency and from his surroundings expect by an improvement to the last offer of the Bar\u00e7a. However, the directive not being...\" \/>\n<meta name=\"robots\" content=\"index, follow, max-snippet:-1, max-image-preview:large, max-video-preview:-1\" \/>\n<link rel=\"canonical\" href=\"https:\/\/www.fcbarcelonanoticias.com\/en\/transfers\/dembele-follows-without-giving-him-signals-of-life-to-the-barca_281793_102.html\" \/>\n<meta property=\"og:locale\" content=\"en_US\" \/>\n<meta property=\"og:type\" content=\"article\" \/>\n<meta property=\"og:title\" content=\"Demb\u00e9l\u00e9 Follows without giving him signals of life to the Bar\u00e7a\" \/>\n<meta property=\"og:description\" content=\"Ousmane Demb\u00e9l\u00e9 Already forms part of the free agency and from his surroundings expect by an improvement to the last offer of the Bar\u00e7a. However, the directive not being...\" \/>\n<meta property=\"og:url\" content=\"https:\/\/www.fcbarcelonanoticias.com\/en\/transfers\/dembele-follows-without-giving-him-signals-of-life-to-the-barca_281793_102.html\" \/>\n<meta property=\"og:site_name\" content=\"EN - FC Barcelona Noticias\" \/>\n<meta property=\"article:published_time\" content=\"2022-07-01T17:41:00+00:00\" \/>\n<meta property=\"og:image\" content=\"https:\/\/www.fcbarcelonanoticias.com\/en\/wp-content\/uploads\/sites\/2\/2022\/07\/fbl-esp-liga-barcelona-vigo-2-1.jpeg\" \/>\n\t<meta property=\"og:image:width\" content=\"1200\" \/>\n\t<meta property=\"og:image:height\" content=\"733\" \/>\n\t<meta property=\"og:image:type\" content=\"image\/jpeg\" \/>\n<meta name=\"author\" content=\"user_4034\" \/>\n<meta name=\"twitter:card\" content=\"summary_large_image\" \/>\n<meta name=\"twitter:label1\" content=\"Written by\" \/>\n\t<meta name=\"twitter:data1\" content=\"user_4034\" \/>\n\t<meta name=\"twitter:label2\" content=\"Est. reading time\" \/>\n\t<meta name=\"twitter:data2\" content=\"2 minutes\" \/>\n<script type=\"application\/ld+json\" class=\"yoast-schema-graph\">{\"@context\":\"https:\\\/\\\/schema.org\",\"@graph\":[{\"@type\":\"Article\",\"@id\":\"https:\\\/\\\/www.fcbarcelonanoticias.com\\\/en\\\/transfers\\\/dembele-follows-without-giving-him-signals-of-life-to-the-barca_281793_102.html#article\",\"isPartOf\":{\"@id\":\"https:\\\/\\\/www.fcbarcelonanoticias.com\\\/en\\\/transfers\\\/dembele-follows-without-giving-him-signals-of-life-to-the-barca_281793_102.html\"},\"author\":{\"name\":\"user_4034\",\"@id\":\"https:\\\/\\\/www.fcbarcelonanoticias.com\\\/en\\\/#\\\/schema\\\/person\\\/af5ca539abaaa1bd2753d05ef7a706d0\"},\"headline\":\"Demb\u00e9l\u00e9 continues without giving signs of life to Bar\u00e7a\",\"datePublished\":\"2022-07-01T17:41:00+00:00\",\"mainEntityOfPage\":{\"@id\":\"https:\\\/\\\/www.fcbarcelonanoticias.com\\\/en\\\/transfers\\\/dembele-follows-without-giving-him-signals-of-life-to-the-barca_281793_102.html\"},\"wordCount\":420,\"image\":{\"@id\":\"https:\\\/\\\/www.fcbarcelonanoticias.com\\\/en\\\/transfers\\\/dembele-follows-without-giving-him-signals-of-life-to-the-barca_281793_102.html#primaryimage\"},\"thumbnailUrl\":\"https:\\\/\\\/www.fcbarcelonanoticias.com\\\/en\\\/wp-content\\\/uploads\\\/sites\\\/2\\\/2022\\\/07\\\/fbl-esp-liga-barcelona-vigo-2-1.jpeg\",\"keywords\":[\"Demb\u00e9l\u00e9\"],\"articleSection\":[\"Transfers\",\"Transfers\"],\"inLanguage\":\"en-US\"},{\"@type\":\"WebPage\",\"@id\":\"https:\\\/\\\/www.fcbarcelonanoticias.com\\\/en\\\/transfers\\\/dembele-follows-without-giving-him-signals-of-life-to-the-barca_281793_102.html\",\"url\":\"https:\\\/\\\/www.fcbarcelonanoticias.com\\\/en\\\/transfers\\\/dembele-follows-without-giving-him-signals-of-life-to-the-barca_281793_102.html\",\"name\":\"Demb\u00e9l\u00e9 Follows without giving him signals of life to the Bar\u00e7a\",\"isPartOf\":{\"@id\":\"https:\\\/\\\/www.fcbarcelonanoticias.com\\\/en\\\/#website\"},\"primaryImageOfPage\":{\"@id\":\"https:\\\/\\\/www.fcbarcelonanoticias.com\\\/en\\\/transfers\\\/dembele-follows-without-giving-him-signals-of-life-to-the-barca_281793_102.html#primaryimage\"},\"image\":{\"@id\":\"https:\\\/\\\/www.fcbarcelonanoticias.com\\\/en\\\/transfers\\\/dembele-follows-without-giving-him-signals-of-life-to-the-barca_281793_102.html#primaryimage\"},\"thumbnailUrl\":\"https:\\\/\\\/www.fcbarcelonanoticias.com\\\/en\\\/wp-content\\\/uploads\\\/sites\\\/2\\\/2022\\\/07\\\/fbl-esp-liga-barcelona-vigo-2-1.jpeg\",\"datePublished\":\"2022-07-01T17:41:00+00:00\",\"author\":{\"@id\":\"https:\\\/\\\/www.fcbarcelonanoticias.com\\\/en\\\/#\\\/schema\\\/person\\\/af5ca539abaaa1bd2753d05ef7a706d0\"},\"description\":\"Ousmane Demb\u00e9l\u00e9 Already forms part of the free agency and from his surroundings expect by an improvement to the last offer of the Bar\u00e7a. However, the directive not being...\",\"breadcrumb\":{\"@id\":\"https:\\\/\\\/www.fcbarcelonanoticias.com\\\/en\\\/transfers\\\/dembele-follows-without-giving-him-signals-of-life-to-the-barca_281793_102.html#breadcrumb\"},\"inLanguage\":\"en-US\",\"potentialAction\":[{\"@type\":\"ReadAction\",\"target\":[\"https:\\\/\\\/www.fcbarcelonanoticias.com\\\/en\\\/transfers\\\/dembele-follows-without-giving-him-signals-of-life-to-the-barca_281793_102.html\"]}]},{\"@type\":\"ImageObject\",\"inLanguage\":\"en-US\",\"@id\":\"https:\\\/\\\/www.fcbarcelonanoticias.com\\\/en\\\/transfers\\\/dembele-follows-without-giving-him-signals-of-life-to-the-barca_281793_102.html#primaryimage\",\"url\":\"https:\\\/\\\/www.fcbarcelonanoticias.com\\\/en\\\/wp-content\\\/uploads\\\/sites\\\/2\\\/2022\\\/07\\\/fbl-esp-liga-barcelona-vigo-2-1.jpeg\",\"contentUrl\":\"https:\\\/\\\/www.fcbarcelonanoticias.com\\\/en\\\/wp-content\\\/uploads\\\/sites\\\/2\\\/2022\\\/07\\\/fbl-esp-liga-barcelona-vigo-2-1.jpeg\",\"width\":1200,\"height\":733},{\"@type\":\"BreadcrumbList\",\"@id\":\"https:\\\/\\\/www.fcbarcelonanoticias.com\\\/en\\\/transfers\\\/dembele-follows-without-giving-him-signals-of-life-to-the-barca_281793_102.html#breadcrumb\",\"itemListElement\":[{\"@type\":\"ListItem\",\"position\":1,\"name\":\"Portada\",\"item\":\"https:\\\/\\\/www.fcbarcelonanoticias.com\\\/en\\\/\"},{\"@type\":\"ListItem\",\"position\":2,\"name\":\"Demb\u00e9l\u00e9 continues without giving signs of life to Bar\u00e7a\"}]},{\"@type\":\"WebSite\",\"@id\":\"https:\\\/\\\/www.fcbarcelonanoticias.com\\\/en\\\/#website\",\"url\":\"https:\\\/\\\/www.fcbarcelonanoticias.com\\\/en\\\/\",\"name\":\"EN - FC Barcelona Noticias\",\"description\":\"\",\"potentialAction\":[{\"@type\":\"SearchAction\",\"target\":{\"@type\":\"EntryPoint\",\"urlTemplate\":\"https:\\\/\\\/www.fcbarcelonanoticias.com\\\/en\\\/?s={search_term_string}\"},\"query-input\":{\"@type\":\"PropertyValueSpecification\",\"valueRequired\":true,\"valueName\":\"search_term_string\"}}],\"inLanguage\":\"en-US\"},{\"@type\":\"Person\",\"@id\":\"https:\\\/\\\/www.fcbarcelonanoticias.com\\\/en\\\/#\\\/schema\\\/person\\\/af5ca539abaaa1bd2753d05ef7a706d0\",\"name\":\"user_4034\",\"image\":{\"@type\":\"ImageObject\",\"inLanguage\":\"en-US\",\"@id\":\"https:\\\/\\\/secure.gravatar.com\\\/avatar\\\/?s=96&d=mm&r=g\",\"url\":\"https:\\\/\\\/secure.gravatar.com\\\/avatar\\\/?s=96&d=mm&r=g\",\"contentUrl\":\"https:\\\/\\\/secure.gravatar.com\\\/avatar\\\/?s=96&d=mm&r=g\",\"caption\":\"user_4034\"},\"url\":\"https:\\\/\\\/www.fcbarcelonanoticias.com\\\/en\\\/user_4034.html\"}]}<\/script>\n<!-- \/ Yoast SEO plugin. -->","yoast_head_json":{"title":"Demb\u00e9l\u00e9 Follows without giving him signals of life to the Bar\u00e7a","description":"Ousmane Demb\u00e9l\u00e9 Already forms part of the free agency and from his surroundings expect by an improvement to the last offer of the Bar\u00e7a. However, the directive not being...","robots":{"index":"index","follow":"follow","max-snippet":"max-snippet:-1","max-image-preview":"max-image-preview:large","max-video-preview":"max-video-preview:-1"},"canonical":"https:\/\/www.fcbarcelonanoticias.com\/en\/transfers\/dembele-follows-without-giving-him-signals-of-life-to-the-barca_281793_102.html","og_locale":"en_US","og_type":"article","og_title":"Demb\u00e9l\u00e9 Follows without giving him signals of life to the Bar\u00e7a","og_description":"Ousmane Demb\u00e9l\u00e9 Already forms part of the free agency and from his surroundings expect by an improvement to the last offer of the Bar\u00e7a. However, the directive not being...","og_url":"https:\/\/www.fcbarcelonanoticias.com\/en\/transfers\/dembele-follows-without-giving-him-signals-of-life-to-the-barca_281793_102.html","og_site_name":"EN - FC Barcelona Noticias","article_published_time":"2022-07-01T17:41:00+00:00","og_image":[{"width":1200,"height":733,"url":"https:\/\/www.fcbarcelonanoticias.com\/en\/wp-content\/uploads\/sites\/2\/2022\/07\/fbl-esp-liga-barcelona-vigo-2-1.jpeg","type":"image\/jpeg"}],"author":"user_4034","twitter_card":"summary_large_image","twitter_misc":{"Written by":"user_4034","Est. reading time":"2 minutes"},"schema":{"@context":"https:\/\/schema.org","@graph":[{"@type":"Article","@id":"https:\/\/www.fcbarcelonanoticias.com\/en\/transfers\/dembele-follows-without-giving-him-signals-of-life-to-the-barca_281793_102.html#article","isPartOf":{"@id":"https:\/\/www.fcbarcelonanoticias.com\/en\/transfers\/dembele-follows-without-giving-him-signals-of-life-to-the-barca_281793_102.html"},"author":{"name":"user_4034","@id":"https:\/\/www.fcbarcelonanoticias.com\/en\/#\/schema\/person\/af5ca539abaaa1bd2753d05ef7a706d0"},"headline":"Demb\u00e9l\u00e9 continues without giving signs of life to Bar\u00e7a","datePublished":"2022-07-01T17:41:00+00:00","mainEntityOfPage":{"@id":"https:\/\/www.fcbarcelonanoticias.com\/en\/transfers\/dembele-follows-without-giving-him-signals-of-life-to-the-barca_281793_102.html"},"wordCount":420,"image":{"@id":"https:\/\/www.fcbarcelonanoticias.com\/en\/transfers\/dembele-follows-without-giving-him-signals-of-life-to-the-barca_281793_102.html#primaryimage"},"thumbnailUrl":"https:\/\/www.fcbarcelonanoticias.com\/en\/wp-content\/uploads\/sites\/2\/2022\/07\/fbl-esp-liga-barcelona-vigo-2-1.jpeg","keywords":["Demb\u00e9l\u00e9"],"articleSection":["Transfers","Transfers"],"inLanguage":"en-US"},{"@type":"WebPage","@id":"https:\/\/www.fcbarcelonanoticias.com\/en\/transfers\/dembele-follows-without-giving-him-signals-of-life-to-the-barca_281793_102.html","url":"https:\/\/www.fcbarcelonanoticias.com\/en\/transfers\/dembele-follows-without-giving-him-signals-of-life-to-the-barca_281793_102.html","name":"Demb\u00e9l\u00e9 Follows without giving him signals of life to the Bar\u00e7a","isPartOf":{"@id":"https:\/\/www.fcbarcelonanoticias.com\/en\/#website"},"primaryImageOfPage":{"@id":"https:\/\/www.fcbarcelonanoticias.com\/en\/transfers\/dembele-follows-without-giving-him-signals-of-life-to-the-barca_281793_102.html#primaryimage"},"image":{"@id":"https:\/\/www.fcbarcelonanoticias.com\/en\/transfers\/dembele-follows-without-giving-him-signals-of-life-to-the-barca_281793_102.html#primaryimage"},"thumbnailUrl":"https:\/\/www.fcbarcelonanoticias.com\/en\/wp-content\/uploads\/sites\/2\/2022\/07\/fbl-esp-liga-barcelona-vigo-2-1.jpeg","datePublished":"2022-07-01T17:41:00+00:00","author":{"@id":"https:\/\/www.fcbarcelonanoticias.com\/en\/#\/schema\/person\/af5ca539abaaa1bd2753d05ef7a706d0"},"description":"Ousmane Demb\u00e9l\u00e9 Already forms part of the free agency and from his surroundings expect by an improvement to the last offer of the Bar\u00e7a. However, the directive not being...","breadcrumb":{"@id":"https:\/\/www.fcbarcelonanoticias.com\/en\/transfers\/dembele-follows-without-giving-him-signals-of-life-to-the-barca_281793_102.html#breadcrumb"},"inLanguage":"en-US","potentialAction":[{"@type":"ReadAction","target":["https:\/\/www.fcbarcelonanoticias.com\/en\/transfers\/dembele-follows-without-giving-him-signals-of-life-to-the-barca_281793_102.html"]}]},{"@type":"ImageObject","inLanguage":"en-US","@id":"https:\/\/www.fcbarcelonanoticias.com\/en\/transfers\/dembele-follows-without-giving-him-signals-of-life-to-the-barca_281793_102.html#primaryimage","url":"https:\/\/www.fcbarcelonanoticias.com\/en\/wp-content\/uploads\/sites\/2\/2022\/07\/fbl-esp-liga-barcelona-vigo-2-1.jpeg","contentUrl":"https:\/\/www.fcbarcelonanoticias.com\/en\/wp-content\/uploads\/sites\/2\/2022\/07\/fbl-esp-liga-barcelona-vigo-2-1.jpeg","width":1200,"height":733},{"@type":"BreadcrumbList","@id":"https:\/\/www.fcbarcelonanoticias.com\/en\/transfers\/dembele-follows-without-giving-him-signals-of-life-to-the-barca_281793_102.html#breadcrumb","itemListElement":[{"@type":"ListItem","position":1,"name":"Portada","item":"https:\/\/www.fcbarcelonanoticias.com\/en\/"},{"@type":"ListItem","position":2,"name":"Demb\u00e9l\u00e9 continues without giving signs of life to Bar\u00e7a"}]},{"@type":"WebSite","@id":"https:\/\/www.fcbarcelonanoticias.com\/en\/#website","url":"https:\/\/www.fcbarcelonanoticias.com\/en\/","name":"EN - FC Barcelona Noticias","description":"","potentialAction":[{"@type":"SearchAction","target":{"@type":"EntryPoint","urlTemplate":"https:\/\/www.fcbarcelonanoticias.com\/en\/?s={search_term_string}"},"query-input":{"@type":"PropertyValueSpecification","valueRequired":true,"valueName":"search_term_string"}}],"inLanguage":"en-US"},{"@type":"Person","@id":"https:\/\/www.fcbarcelonanoticias.com\/en\/#\/schema\/person\/af5ca539abaaa1bd2753d05ef7a706d0","name":"user_4034","image":{"@type":"ImageObject","inLanguage":"en-US","@id":"https:\/\/secure.gravatar.com\/avatar\/?s=96&d=mm&r=g","url":"https:\/\/secure.gravatar.com\/avatar\/?s=96&d=mm&r=g","contentUrl":"https:\/\/secure.gravatar.com\/avatar\/?s=96&d=mm&r=g","caption":"user_4034"},"url":"https:\/\/www.fcbarcelonanoticias.com\/en\/user_4034.html"}]}},"_links":{"self":[{"href":"https:\/\/www.fcbarcelonanoticias.com\/en\/wp-json\/wp\/v2\/posts\/128296","targetHints":{"allow":["GET"]}}],"collection":[{"href":"https:\/\/www.fcbarcelonanoticias.com\/en\/wp-json\/wp\/v2\/posts"}],"about":[{"href":"https:\/\/www.fcbarcelonanoticias.com\/en\/wp-json\/wp\/v2\/types\/post"}],"author":[{"embeddable":true,"href":"https:\/\/www.fcbarcelonanoticias.com\/en\/wp-json\/wp\/v2\/users\/378"}],"replies":[{"embeddable":true,"href":"https:\/\/www.fcbarcelonanoticias.com\/en\/wp-json\/wp\/v2\/comments?post=128296"}],"version-history":[{"count":1,"href":"https:\/\/www.fcbarcelonanoticias.com\/en\/wp-json\/wp\/v2\/posts\/128296\/revisions"}],"predecessor-version":[{"id":152107,"href":"https:\/\/www.fcbarcelonanoticias.com\/en\/wp-json\/wp\/v2\/posts\/128296\/revisions\/152107"}],"wp:featuredmedia":[{"embeddable":true,"href":"https:\/\/www.fcbarcelonanoticias.com\/en\/wp-json\/wp\/v2\/media\/128301"}],"wp:attachment":[{"href":"https:\/\/www.fcbarcelonanoticias.com\/en\/wp-json\/wp\/v2\/media?parent=128296"}],"wp:term":[{"taxonomy":"category","embeddable":true,"href":"https:\/\/www.fcbarcelonanoticias.com\/en\/wp-json\/wp\/v2\/categories?post=128296"},{"taxonomy":"post_tag","embeddable":true,"href":"https:\/\/www.fcbarcelonanoticias.com\/en\/wp-json\/wp\/v2\/tags?post=128296"}],"curies":[{"name":"wp","href":"https:\/\/api.w.org\/{rel}","templated":true}]}}