{"id":128311,"date":"2024-12-05T20:07:00","date_gmt":"2024-12-05T19:07:00","guid":{"rendered":"https:\/\/weisetech.dev\/fc-barcelona-noticias\/en\/deco-summit-with-the-agent-of-sweetheart-of-the-market-to-guide-his-signing_309097_102\/"},"modified":"2024-12-05T20:07:00","modified_gmt":"2024-12-05T19:07:00","slug":"deco-summit-with-the-agent-of-sweetheart-of-the-market-to-guide-his-signing_309097_102","status":"publish","type":"post","link":"https:\/\/www.fcbarcelonanoticias.com\/en\/transfers\/deco-summit-with-the-agent-of-sweetheart-of-the-market-to-guide-his-signing_309097_102.html","title":{"rendered":"Deco&#8217;s &#8216;summit&#8217; with the agent of a &#8216;sweetheart&#8217; of the market to guide his signing!"},"content":{"rendered":"<h2 class=\"wp-block-heading\">Deco travelled to Leverkusen to meet with Jonathan Tah&#8217;s agent to speed up his signing for Bar\u00e7a next summer<\/h2>  \r\n<div class=\"article-addons\">\r\n    <a href=\"https:\/\/www.fcbarcelonanoticias.com\/en\/calendar-fc-barcelona.html\"\r\n       target=\"_self\"\r\n       title=\"Calendar of FC Barcelona\"\r\n       class=\"blue-gredient-btn\">\r\n       \r\n        Calendar of FC Barcelona    <\/a>\r\n<\/div>   <p><strong>FC Barcelona<\/strong> has made its first major move ahead of the 2025-2026 season. Now in the final stretch of the first half of the current season, the sporting management has begun to execute its roadmap to strengthen the squad next summer and <strong>Deco <\/strong>has made a key step this Thursday afternoon.<\/p>  <p>And according to &#8216;Jijantes&#8217;, the director of football of the Bar\u00e7a entity traveled to <strong>Leverkusen <\/strong>on December 5 to meet with <strong>Jonathan Tah&#8217;s<\/strong> representatives and speed up his hiring with a view to the next transfer market. The defender&#8217;s contract with aspirin expires in June 2025 <a data-external=\"0\" data-intl-links-en=\"https:\/\/www.fcbarcelonanoticias.com\/en\/transfers\/flick-puts-pressure-on-fc-barcelona-to-sign-this-centre-back-he-is-priority_308591_102.html\" data-intl-links-es=\"https:\/\/www.fcbarcelonanoticias.com\/fichajes\/flick-presiona-fc-barcelona-por-fichaje-este-central-es-prioridad_308591_102.html\" href=\"https:\/\/www.fcbarcelonanoticias.com\/en\/transfers\/flick-puts-pressure-on-fc-barcelona-to-sign-this-centre-back-he-is-priority_308591_102.html\" rel=\"follow\" target=\"_self\" title=\"Flick puts pressure on FC Barcelona to sign this centre-back: He is a priority\">and the Catalans have already set the machinery in motion to incorporate him at zero cost<\/a>.<\/p>  <h3>Bar\u00e7a, big favorite in Tah&#8217;s race<\/h3>  <p>The negotiations would have been successful and both parties would have been very satisfied with what was discussed in the meeting this Thursday. In this sense, the presence of <strong>Pini Zahavi<\/strong>, <strong>Tah&#8217;s <\/strong>representative, in the talks would have been very helpful, since the executive has an excellent relationship with <strong>Bar\u00e7a <\/strong>and, above all, with <strong>Joan Laporta<\/strong>.<\/p>  <p>Thus, the Catalans would have taken an important lead in the race for the German defender, <a data-external=\"0\" data-intl-links-en=\"https:\/\/www.fcbarcelonanoticias.com\/en\/transfers\/eder-militao-injury-forces-real-madrid-to-explore-uncharted-territory_308553_102.html\" data-intl-links-es=\"https:\/\/www.fcbarcelonanoticias.com\/fichajes\/lesion-eder-militao-obliga-real-madrid-explorar-territorio-desconocido_308553_102.html\" href=\"https:\/\/www.fcbarcelonanoticias.com\/en\/transfers\/eder-militao-injury-forces-real-madrid-to-explore-uncharted-territory_308553_102.html\" rel=\"follow\" target=\"_self\" title=\"Eder Militao's injury forces Real Madrid to explore 'uncharted territory'\">who is wanted by other clubs such as Real Madrid and Bayern Munich<\/a>. There is still a long way to go in the operation, but the move on November 5 was a transcendental move to see Tah dressed in Bar\u00e7a next season.<\/p> ","protected":false},"excerpt":{"rendered":"<p>Deco travelled to Leverkusen to meet with Jonathan Tah&#8217;s agent to speed up his signing for Bar\u00e7a next summer FC Barcelona has made its first major move ahead of the 2025-2026 season. Now in the final stretch of the first half of the current season, the sporting management has begun to execute its roadmap to [&hellip;]<\/p>\n","protected":false},"author":358,"featured_media":128312,"comment_status":"closed","ping_status":"open","sticky":false,"template":"","format":"standard","meta":{"_acf_changed":false,"inline_featured_image":false,"_nextfly_llmd_date_locked":false,"footnotes":""},"categories":[449,106],"tags":[103,413],"class_list":["post-128311","post","type-post","status-publish","format-standard","has-post-thumbnail","hentry","category-transfers-2","category-transfers","tag-bayer-leverkusen","tag-jonathan-tah"],"acf":[],"yoast_head":"<!-- This site is optimized with the Yoast SEO plugin v27.3 - https:\/\/yoast.com\/product\/yoast-seo-wordpress\/ -->\n<title>Deco&#039;s &#039;summit&#039; with the agent of a &#039;sweetheart&#039; of the market to guide his signing!<\/title>\n<meta name=\"description\" content=\"Deco travelled to Leverkusen to meet with Jonathan Tah&#039;s agent to speed up his signing for Bar\u00e7a next summer\" \/>\n<meta name=\"robots\" content=\"index, follow, max-snippet:-1, max-image-preview:large, max-video-preview:-1\" \/>\n<link rel=\"canonical\" href=\"https:\/\/www.fcbarcelonanoticias.com\/en\/transfers\/deco-summit-with-the-agent-of-sweetheart-of-the-market-to-guide-his-signing_309097_102.html\" \/>\n<meta property=\"og:locale\" content=\"en_US\" \/>\n<meta property=\"og:type\" content=\"article\" \/>\n<meta property=\"og:title\" content=\"Deco&#039;s &#039;summit&#039; with the agent of a &#039;sweetheart&#039; of the market to guide his signing!\" \/>\n<meta property=\"og:description\" content=\"Deco travelled to Leverkusen to meet with Jonathan Tah&#039;s agent to speed up his signing for Bar\u00e7a next summer\" \/>\n<meta property=\"og:url\" content=\"https:\/\/www.fcbarcelonanoticias.com\/en\/transfers\/deco-summit-with-the-agent-of-sweetheart-of-the-market-to-guide-his-signing_309097_102.html\" \/>\n<meta property=\"og:site_name\" content=\"EN - FC Barcelona Noticias\" \/>\n<meta property=\"article:published_time\" content=\"2024-12-05T19:07:00+00:00\" \/>\n<meta property=\"og:image\" content=\"https:\/\/www.fcbarcelonanoticias.com\/en\/wp-content\/uploads\/sites\/2\/2024\/12\/jonathan-tah-bayern-1.jpeg\" \/>\n\t<meta property=\"og:image:width\" content=\"1200\" \/>\n\t<meta property=\"og:image:height\" content=\"675\" \/>\n\t<meta property=\"og:image:type\" content=\"image\/jpeg\" \/>\n<meta name=\"author\" content=\"Juan Pablo Berdugo\" \/>\n<meta name=\"twitter:card\" content=\"summary_large_image\" \/>\n<meta name=\"twitter:label1\" content=\"Written by\" \/>\n\t<meta name=\"twitter:data1\" content=\"Juan Pablo Berdugo\" \/>\n\t<meta name=\"twitter:label2\" content=\"Est. reading time\" \/>\n\t<meta name=\"twitter:data2\" content=\"1 minute\" \/>\n<script type=\"application\/ld+json\" class=\"yoast-schema-graph\">{\"@context\":\"https:\\\/\\\/schema.org\",\"@graph\":[{\"@type\":\"Article\",\"@id\":\"https:\\\/\\\/www.fcbarcelonanoticias.com\\\/en\\\/transfers\\\/deco-summit-with-the-agent-of-sweetheart-of-the-market-to-guide-his-signing_309097_102.html#article\",\"isPartOf\":{\"@id\":\"https:\\\/\\\/www.fcbarcelonanoticias.com\\\/en\\\/transfers\\\/deco-summit-with-the-agent-of-sweetheart-of-the-market-to-guide-his-signing_309097_102.html\"},\"author\":{\"name\":\"Juan Pablo Berdugo\",\"@id\":\"https:\\\/\\\/www.fcbarcelonanoticias.com\\\/en\\\/#\\\/schema\\\/person\\\/88d756918a0a1ae9fa593b5edddd1815\"},\"headline\":\"Deco&#8217;s &#8216;summit&#8217; with the agent of a &#8216;sweetheart&#8217; of the market to guide his signing!\",\"datePublished\":\"2024-12-05T19:07:00+00:00\",\"mainEntityOfPage\":{\"@id\":\"https:\\\/\\\/www.fcbarcelonanoticias.com\\\/en\\\/transfers\\\/deco-summit-with-the-agent-of-sweetheart-of-the-market-to-guide-his-signing_309097_102.html\"},\"wordCount\":275,\"image\":{\"@id\":\"https:\\\/\\\/www.fcbarcelonanoticias.com\\\/en\\\/transfers\\\/deco-summit-with-the-agent-of-sweetheart-of-the-market-to-guide-his-signing_309097_102.html#primaryimage\"},\"thumbnailUrl\":\"https:\\\/\\\/www.fcbarcelonanoticias.com\\\/en\\\/wp-content\\\/uploads\\\/sites\\\/2\\\/2024\\\/12\\\/jonathan-tah-bayern-1.jpeg\",\"keywords\":[\"Bayer Leverkusen\",\"Jonathan Tah\"],\"articleSection\":[\"Transfers\",\"Transfers\"],\"inLanguage\":\"en-US\"},{\"@type\":\"WebPage\",\"@id\":\"https:\\\/\\\/www.fcbarcelonanoticias.com\\\/en\\\/transfers\\\/deco-summit-with-the-agent-of-sweetheart-of-the-market-to-guide-his-signing_309097_102.html\",\"url\":\"https:\\\/\\\/www.fcbarcelonanoticias.com\\\/en\\\/transfers\\\/deco-summit-with-the-agent-of-sweetheart-of-the-market-to-guide-his-signing_309097_102.html\",\"name\":\"Deco's 'summit' with the agent of a 'sweetheart' of the market to guide his signing!\",\"isPartOf\":{\"@id\":\"https:\\\/\\\/www.fcbarcelonanoticias.com\\\/en\\\/#website\"},\"primaryImageOfPage\":{\"@id\":\"https:\\\/\\\/www.fcbarcelonanoticias.com\\\/en\\\/transfers\\\/deco-summit-with-the-agent-of-sweetheart-of-the-market-to-guide-his-signing_309097_102.html#primaryimage\"},\"image\":{\"@id\":\"https:\\\/\\\/www.fcbarcelonanoticias.com\\\/en\\\/transfers\\\/deco-summit-with-the-agent-of-sweetheart-of-the-market-to-guide-his-signing_309097_102.html#primaryimage\"},\"thumbnailUrl\":\"https:\\\/\\\/www.fcbarcelonanoticias.com\\\/en\\\/wp-content\\\/uploads\\\/sites\\\/2\\\/2024\\\/12\\\/jonathan-tah-bayern-1.jpeg\",\"datePublished\":\"2024-12-05T19:07:00+00:00\",\"author\":{\"@id\":\"https:\\\/\\\/www.fcbarcelonanoticias.com\\\/en\\\/#\\\/schema\\\/person\\\/88d756918a0a1ae9fa593b5edddd1815\"},\"description\":\"Deco travelled to Leverkusen to meet with Jonathan Tah's agent to speed up his signing for Bar\u00e7a next summer\",\"breadcrumb\":{\"@id\":\"https:\\\/\\\/www.fcbarcelonanoticias.com\\\/en\\\/transfers\\\/deco-summit-with-the-agent-of-sweetheart-of-the-market-to-guide-his-signing_309097_102.html#breadcrumb\"},\"inLanguage\":\"en-US\",\"potentialAction\":[{\"@type\":\"ReadAction\",\"target\":[\"https:\\\/\\\/www.fcbarcelonanoticias.com\\\/en\\\/transfers\\\/deco-summit-with-the-agent-of-sweetheart-of-the-market-to-guide-his-signing_309097_102.html\"]}]},{\"@type\":\"ImageObject\",\"inLanguage\":\"en-US\",\"@id\":\"https:\\\/\\\/www.fcbarcelonanoticias.com\\\/en\\\/transfers\\\/deco-summit-with-the-agent-of-sweetheart-of-the-market-to-guide-his-signing_309097_102.html#primaryimage\",\"url\":\"https:\\\/\\\/www.fcbarcelonanoticias.com\\\/en\\\/wp-content\\\/uploads\\\/sites\\\/2\\\/2024\\\/12\\\/jonathan-tah-bayern-1.jpeg\",\"contentUrl\":\"https:\\\/\\\/www.fcbarcelonanoticias.com\\\/en\\\/wp-content\\\/uploads\\\/sites\\\/2\\\/2024\\\/12\\\/jonathan-tah-bayern-1.jpeg\",\"width\":1200,\"height\":675},{\"@type\":\"BreadcrumbList\",\"@id\":\"https:\\\/\\\/www.fcbarcelonanoticias.com\\\/en\\\/transfers\\\/deco-summit-with-the-agent-of-sweetheart-of-the-market-to-guide-his-signing_309097_102.html#breadcrumb\",\"itemListElement\":[{\"@type\":\"ListItem\",\"position\":1,\"name\":\"Portada\",\"item\":\"https:\\\/\\\/www.fcbarcelonanoticias.com\\\/en\\\/\"},{\"@type\":\"ListItem\",\"position\":2,\"name\":\"Deco&#8217;s &#8216;summit&#8217; with the agent of a &#8216;sweetheart&#8217; of the market to guide his signing!\"}]},{\"@type\":\"WebSite\",\"@id\":\"https:\\\/\\\/www.fcbarcelonanoticias.com\\\/en\\\/#website\",\"url\":\"https:\\\/\\\/www.fcbarcelonanoticias.com\\\/en\\\/\",\"name\":\"EN - FC Barcelona Noticias\",\"description\":\"\",\"potentialAction\":[{\"@type\":\"SearchAction\",\"target\":{\"@type\":\"EntryPoint\",\"urlTemplate\":\"https:\\\/\\\/www.fcbarcelonanoticias.com\\\/en\\\/?s={search_term_string}\"},\"query-input\":{\"@type\":\"PropertyValueSpecification\",\"valueRequired\":true,\"valueName\":\"search_term_string\"}}],\"inLanguage\":\"en-US\"},{\"@type\":\"Person\",\"@id\":\"https:\\\/\\\/www.fcbarcelonanoticias.com\\\/en\\\/#\\\/schema\\\/person\\\/88d756918a0a1ae9fa593b5edddd1815\",\"name\":\"Juan Pablo Berdugo\",\"image\":{\"@type\":\"ImageObject\",\"inLanguage\":\"en-US\",\"@id\":\"https:\\\/\\\/secure.gravatar.com\\\/avatar\\\/?s=96&d=mm&r=g\",\"url\":\"https:\\\/\\\/secure.gravatar.com\\\/avatar\\\/?s=96&d=mm&r=g\",\"contentUrl\":\"https:\\\/\\\/secure.gravatar.com\\\/avatar\\\/?s=96&d=mm&r=g\",\"caption\":\"Juan Pablo Berdugo\"},\"description\":\"Juan Pablo Berdugo es graduado en Periodismo. Colabora con FCBN como especialista en informaci\u00f3n del primer equipo del FC Barcelona, f\u00fatbol internacional y mercado de fichajes. Destaca por su enfoque anal\u00edtico, su rigor informativo y su capacidad para detectar tendencias emergentes en el f\u00fatbol global.\",\"url\":\"https:\\\/\\\/www.fcbarcelonanoticias.com\\\/en\\\/fc-barcelona\\\/juan-pablo-berdugo_18_115.html\"}]}<\/script>\n<!-- \/ Yoast SEO plugin. -->","yoast_head_json":{"title":"Deco's 'summit' with the agent of a 'sweetheart' of the market to guide his signing!","description":"Deco travelled to Leverkusen to meet with Jonathan Tah's agent to speed up his signing for Bar\u00e7a next summer","robots":{"index":"index","follow":"follow","max-snippet":"max-snippet:-1","max-image-preview":"max-image-preview:large","max-video-preview":"max-video-preview:-1"},"canonical":"https:\/\/www.fcbarcelonanoticias.com\/en\/transfers\/deco-summit-with-the-agent-of-sweetheart-of-the-market-to-guide-his-signing_309097_102.html","og_locale":"en_US","og_type":"article","og_title":"Deco's 'summit' with the agent of a 'sweetheart' of the market to guide his signing!","og_description":"Deco travelled to Leverkusen to meet with Jonathan Tah's agent to speed up his signing for Bar\u00e7a next summer","og_url":"https:\/\/www.fcbarcelonanoticias.com\/en\/transfers\/deco-summit-with-the-agent-of-sweetheart-of-the-market-to-guide-his-signing_309097_102.html","og_site_name":"EN - FC Barcelona Noticias","article_published_time":"2024-12-05T19:07:00+00:00","og_image":[{"width":1200,"height":675,"url":"https:\/\/www.fcbarcelonanoticias.com\/en\/wp-content\/uploads\/sites\/2\/2024\/12\/jonathan-tah-bayern-1.jpeg","type":"image\/jpeg"}],"author":"Juan Pablo Berdugo","twitter_card":"summary_large_image","twitter_misc":{"Written by":"Juan Pablo Berdugo","Est. reading time":"1 minute"},"schema":{"@context":"https:\/\/schema.org","@graph":[{"@type":"Article","@id":"https:\/\/www.fcbarcelonanoticias.com\/en\/transfers\/deco-summit-with-the-agent-of-sweetheart-of-the-market-to-guide-his-signing_309097_102.html#article","isPartOf":{"@id":"https:\/\/www.fcbarcelonanoticias.com\/en\/transfers\/deco-summit-with-the-agent-of-sweetheart-of-the-market-to-guide-his-signing_309097_102.html"},"author":{"name":"Juan Pablo Berdugo","@id":"https:\/\/www.fcbarcelonanoticias.com\/en\/#\/schema\/person\/88d756918a0a1ae9fa593b5edddd1815"},"headline":"Deco&#8217;s &#8216;summit&#8217; with the agent of a &#8216;sweetheart&#8217; of the market to guide his signing!","datePublished":"2024-12-05T19:07:00+00:00","mainEntityOfPage":{"@id":"https:\/\/www.fcbarcelonanoticias.com\/en\/transfers\/deco-summit-with-the-agent-of-sweetheart-of-the-market-to-guide-his-signing_309097_102.html"},"wordCount":275,"image":{"@id":"https:\/\/www.fcbarcelonanoticias.com\/en\/transfers\/deco-summit-with-the-agent-of-sweetheart-of-the-market-to-guide-his-signing_309097_102.html#primaryimage"},"thumbnailUrl":"https:\/\/www.fcbarcelonanoticias.com\/en\/wp-content\/uploads\/sites\/2\/2024\/12\/jonathan-tah-bayern-1.jpeg","keywords":["Bayer Leverkusen","Jonathan Tah"],"articleSection":["Transfers","Transfers"],"inLanguage":"en-US"},{"@type":"WebPage","@id":"https:\/\/www.fcbarcelonanoticias.com\/en\/transfers\/deco-summit-with-the-agent-of-sweetheart-of-the-market-to-guide-his-signing_309097_102.html","url":"https:\/\/www.fcbarcelonanoticias.com\/en\/transfers\/deco-summit-with-the-agent-of-sweetheart-of-the-market-to-guide-his-signing_309097_102.html","name":"Deco's 'summit' with the agent of a 'sweetheart' of the market to guide his signing!","isPartOf":{"@id":"https:\/\/www.fcbarcelonanoticias.com\/en\/#website"},"primaryImageOfPage":{"@id":"https:\/\/www.fcbarcelonanoticias.com\/en\/transfers\/deco-summit-with-the-agent-of-sweetheart-of-the-market-to-guide-his-signing_309097_102.html#primaryimage"},"image":{"@id":"https:\/\/www.fcbarcelonanoticias.com\/en\/transfers\/deco-summit-with-the-agent-of-sweetheart-of-the-market-to-guide-his-signing_309097_102.html#primaryimage"},"thumbnailUrl":"https:\/\/www.fcbarcelonanoticias.com\/en\/wp-content\/uploads\/sites\/2\/2024\/12\/jonathan-tah-bayern-1.jpeg","datePublished":"2024-12-05T19:07:00+00:00","author":{"@id":"https:\/\/www.fcbarcelonanoticias.com\/en\/#\/schema\/person\/88d756918a0a1ae9fa593b5edddd1815"},"description":"Deco travelled to Leverkusen to meet with Jonathan Tah's agent to speed up his signing for Bar\u00e7a next summer","breadcrumb":{"@id":"https:\/\/www.fcbarcelonanoticias.com\/en\/transfers\/deco-summit-with-the-agent-of-sweetheart-of-the-market-to-guide-his-signing_309097_102.html#breadcrumb"},"inLanguage":"en-US","potentialAction":[{"@type":"ReadAction","target":["https:\/\/www.fcbarcelonanoticias.com\/en\/transfers\/deco-summit-with-the-agent-of-sweetheart-of-the-market-to-guide-his-signing_309097_102.html"]}]},{"@type":"ImageObject","inLanguage":"en-US","@id":"https:\/\/www.fcbarcelonanoticias.com\/en\/transfers\/deco-summit-with-the-agent-of-sweetheart-of-the-market-to-guide-his-signing_309097_102.html#primaryimage","url":"https:\/\/www.fcbarcelonanoticias.com\/en\/wp-content\/uploads\/sites\/2\/2024\/12\/jonathan-tah-bayern-1.jpeg","contentUrl":"https:\/\/www.fcbarcelonanoticias.com\/en\/wp-content\/uploads\/sites\/2\/2024\/12\/jonathan-tah-bayern-1.jpeg","width":1200,"height":675},{"@type":"BreadcrumbList","@id":"https:\/\/www.fcbarcelonanoticias.com\/en\/transfers\/deco-summit-with-the-agent-of-sweetheart-of-the-market-to-guide-his-signing_309097_102.html#breadcrumb","itemListElement":[{"@type":"ListItem","position":1,"name":"Portada","item":"https:\/\/www.fcbarcelonanoticias.com\/en\/"},{"@type":"ListItem","position":2,"name":"Deco&#8217;s &#8216;summit&#8217; with the agent of a &#8216;sweetheart&#8217; of the market to guide his signing!"}]},{"@type":"WebSite","@id":"https:\/\/www.fcbarcelonanoticias.com\/en\/#website","url":"https:\/\/www.fcbarcelonanoticias.com\/en\/","name":"EN - FC Barcelona Noticias","description":"","potentialAction":[{"@type":"SearchAction","target":{"@type":"EntryPoint","urlTemplate":"https:\/\/www.fcbarcelonanoticias.com\/en\/?s={search_term_string}"},"query-input":{"@type":"PropertyValueSpecification","valueRequired":true,"valueName":"search_term_string"}}],"inLanguage":"en-US"},{"@type":"Person","@id":"https:\/\/www.fcbarcelonanoticias.com\/en\/#\/schema\/person\/88d756918a0a1ae9fa593b5edddd1815","name":"Juan Pablo Berdugo","image":{"@type":"ImageObject","inLanguage":"en-US","@id":"https:\/\/secure.gravatar.com\/avatar\/?s=96&d=mm&r=g","url":"https:\/\/secure.gravatar.com\/avatar\/?s=96&d=mm&r=g","contentUrl":"https:\/\/secure.gravatar.com\/avatar\/?s=96&d=mm&r=g","caption":"Juan Pablo Berdugo"},"description":"Juan Pablo Berdugo es graduado en Periodismo. Colabora con FCBN como especialista en informaci\u00f3n del primer equipo del FC Barcelona, f\u00fatbol internacional y mercado de fichajes. Destaca por su enfoque anal\u00edtico, su rigor informativo y su capacidad para detectar tendencias emergentes en el f\u00fatbol global.","url":"https:\/\/www.fcbarcelonanoticias.com\/en\/fc-barcelona\/juan-pablo-berdugo_18_115.html"}]}},"_links":{"self":[{"href":"https:\/\/www.fcbarcelonanoticias.com\/en\/wp-json\/wp\/v2\/posts\/128311","targetHints":{"allow":["GET"]}}],"collection":[{"href":"https:\/\/www.fcbarcelonanoticias.com\/en\/wp-json\/wp\/v2\/posts"}],"about":[{"href":"https:\/\/www.fcbarcelonanoticias.com\/en\/wp-json\/wp\/v2\/types\/post"}],"author":[{"embeddable":true,"href":"https:\/\/www.fcbarcelonanoticias.com\/en\/wp-json\/wp\/v2\/users\/358"}],"replies":[{"embeddable":true,"href":"https:\/\/www.fcbarcelonanoticias.com\/en\/wp-json\/wp\/v2\/comments?post=128311"}],"version-history":[{"count":1,"href":"https:\/\/www.fcbarcelonanoticias.com\/en\/wp-json\/wp\/v2\/posts\/128311\/revisions"}],"predecessor-version":[{"id":152072,"href":"https:\/\/www.fcbarcelonanoticias.com\/en\/wp-json\/wp\/v2\/posts\/128311\/revisions\/152072"}],"wp:featuredmedia":[{"embeddable":true,"href":"https:\/\/www.fcbarcelonanoticias.com\/en\/wp-json\/wp\/v2\/media\/128312"}],"wp:attachment":[{"href":"https:\/\/www.fcbarcelonanoticias.com\/en\/wp-json\/wp\/v2\/media?parent=128311"}],"wp:term":[{"taxonomy":"category","embeddable":true,"href":"https:\/\/www.fcbarcelonanoticias.com\/en\/wp-json\/wp\/v2\/categories?post=128311"},{"taxonomy":"post_tag","embeddable":true,"href":"https:\/\/www.fcbarcelonanoticias.com\/en\/wp-json\/wp\/v2\/tags?post=128311"}],"curies":[{"name":"wp","href":"https:\/\/api.w.org\/{rel}","templated":true}]}}