{"id":128412,"date":"2024-07-04T15:51:00","date_gmt":"2024-07-04T13:51:00","guid":{"rendered":"https:\/\/weisetech.dev\/fc-barcelona-noticias\/en\/deco-would-not-see-nico-williams-as-the-winger-that-fcbarcelona-needs_305125_102\/"},"modified":"2024-07-04T17:17:00","modified_gmt":"2024-07-04T15:17:00","slug":"deco-would-not-see-nico-williams-as-the-winger-that-fcbarcelona-needs_305125_102","status":"publish","type":"post","link":"https:\/\/www.fcbarcelonanoticias.com\/en\/transfers\/deco-would-not-see-nico-williams-as-the-winger-that-fcbarcelona-needs_305125_102.html","title":{"rendered":"Deco would not see Nico Williams as the winger that FC Barcelona needs"},"content":{"rendered":"<h2 class=\"wp-block-heading\">Bar\u00e7a and Nico Williams seem like an increasingly possible union. However, the Bar\u00e7a club&#8217;s sports management seemed not to be too convinced that the striker is the ideal solution for the cul\u00e9 attack<\/h2>  \r\n<div class=\"article-addons\">\r\n    <a href=\"https:\/\/www.fcbarcelonanoticias.com\/en\/calendar-fc-barcelona.html\"\r\n       target=\"_self\"\r\n       title=\"Calendar of FC Barcelona\"\r\n       class=\"blue-gredient-btn\">\r\n       \r\n        Calendar of FC Barcelona    <\/a>\r\n<\/div>   <p><strong>The FC Barcelona, perhaps by the &#8216;hype&#8217; that has woken up with his Eurocopa, has increasingly clear that Nico Williams has to be the new left extreme of the club. The Catalan group has fixed like aim prioritario his arrival, even more than a pivote.<\/strong> In the club, as it informs &#8216;Sport&#8217;, have clear that his signing would suppose a lot of illusion for the fans and that his performance would result in a Bar\u00e7a much more candidate to struggle by all the titles.<\/p>  <p>However, the information also aims that big responsibility that the Bar\u00e7a have very clear that Nico Williams is the signing indicated has to to the president Joan Laporta. <strong>The maximum mandator cul\u00e9 has left him clear to his sportive direction that does not have doubts of the present and the future of the player of the Athletic Club,<\/strong> something that, by the another side, Deco seemed that yes, even prioritising any another option, as the one of Luis D\u00edaz.<\/p>  <h2>Deco Kept in his idea of not prioritising the signing of Nico Williams<\/h2>  <p>The Barcelona sportive director seemed bent by a player with something more than experience in clubs that struggle by all each season, and no so much by the grand\u00edsima projection that has Nico right now. <strong>This last point yes that has seduced to a Laporta that sees to the lower of Williams like the ideal player for, <a data-external=\"0\" data-intl-links-en=\"https:\/\/www.fcbarcelonanoticias.com\/en\/transfers\/lamine-yamal-goes-back-to-ask-the-signing-of-nico-williams-by-the-fc-barcelona_305097_102.html\" data-intl-links-es=\"https:\/\/www.fcbarcelonanoticias.com\/fichajes\/lamine-yamal-vuelve-pedir-fichaje-nico-williams-por-fc-barcelona_305097_102.html\" href=\"https:\/\/www.fcbarcelonanoticias.com\/en\/transfers\/lamine-yamal-goes-back-to-ask-the-signing-of-nico-williams-by-the-fc-barcelona_305097_102.html\" rel=\"follow\" target=\"_self\" title=\"Lamine Yamal vuelve a pedir el fichaje de Nico Williams para el FC Barcelona\">beside a Lamine Yamal that it expects him<\/a>, put again to the Bar\u00e7a in this level of game that can go through on to many of the rivals of the season.<\/strong><\/p>  <p>Besides, in the dispatches of the Bar\u00e7a value that the wish of Nico Williams is can close all this summer, if the club achieves the sufficient economic resources to tackle the operation. <strong>The Bar\u00e7a already has asked to his surroundings on his economic conditions, taking into account that the club has to try sign it by an agreement of six seasons, <a data-external=\"0\" data-intl-links-en=\"https:\/\/www.fcbarcelonanoticias.com\/en\/transfers\/fcbarcelona-is-clear-that-it-will-be-able-to-generate-enough-fair-play-for-nico-williams_305120_102.html\" data-intl-links-es=\"https:\/\/www.fcbarcelonanoticias.com\/fichajes\/fc-barcelona-tiene-claro-podra-generar-suficiente-fair-play-para-nico-williams_305120_102.html\" href=\"https:\/\/www.fcbarcelonanoticias.com\/en\/transfers\/fcbarcelona-is-clear-that-it-will-be-able-to-generate-enough-fair-play-for-nico-williams_305120_102.html\" rel=\"follow\" target=\"_self\" title=\"El FC Barcelona tiene claro que podr\u00e1 generar suficiente 'fair play' para&nbsp;Nico&nbsp;Williams\">by subjects of &#8216;fair play&#8217; financial<\/a>.<\/strong><\/p>  <h2>A change of airs to Catalonia or continuity in Saint Mam\u00e9s<\/h2>  <p>It is necessary to remember that to have to Nico in Can Bar\u00e7a this year, the club would have to pay the 58 million euros, more imposed, of his clause. It is thus that expects that the player expect to know if finally it will be able to get dressed of Barcelona,<strong> something that if no sucede will remain a year more in the Athletic, an also important point to take into account so that the Bar\u00e7a still can aspire to his contracting in 2025.<\/strong><\/p> ","protected":false},"excerpt":{"rendered":"<p>Bar\u00e7a and Nico Williams seem like an increasingly possible union. However, the Bar\u00e7a club&#8217;s sports management seemed not to be too convinced that the striker is the ideal solution for the cul\u00e9 attack The FC Barcelona, perhaps by the &#8216;hype&#8217; that has woken up with his Eurocopa, has increasingly clear that Nico Williams has to [&hellip;]<\/p>\n","protected":false},"author":345,"featured_media":128417,"comment_status":"closed","ping_status":"open","sticky":false,"template":"","format":"standard","meta":{"_acf_changed":false,"inline_featured_image":false,"_nextfly_llmd_date_locked":false,"footnotes":""},"categories":[449,106],"tags":[335,158,364,174],"class_list":["post-128412","post","type-post","status-publish","format-standard","has-post-thumbnail","hentry","category-transfers-2","category-transfers","tag-deco","tag-joan-laporta","tag-luis-diaz","tag-nico-williams"],"acf":[],"yoast_head":"<!-- This site is optimized with the Yoast SEO plugin v27.3 - https:\/\/yoast.com\/product\/yoast-seo-wordpress\/ -->\n<title>Deco would not see Nico Williams as the winger that FC Barcelona needs<\/title>\n<meta name=\"description\" content=\"Bar\u00e7a and Nico Williams seem like an increasingly possible union. However, the Bar\u00e7a club&#039;s sports management seemed not to be too convinced that the striker is the ideal solution for the cul\u00e9 attack\" \/>\n<meta name=\"robots\" content=\"index, follow, max-snippet:-1, max-image-preview:large, max-video-preview:-1\" \/>\n<link rel=\"canonical\" href=\"https:\/\/www.fcbarcelonanoticias.com\/en\/transfers\/deco-would-not-see-nico-williams-as-the-winger-that-fcbarcelona-needs_305125_102.html\" \/>\n<meta property=\"og:locale\" content=\"en_US\" \/>\n<meta property=\"og:type\" content=\"article\" \/>\n<meta property=\"og:title\" content=\"Deco would not see Nico Williams as the winger that FC Barcelona needs\" \/>\n<meta property=\"og:description\" content=\"Bar\u00e7a and Nico Williams seem like an increasingly possible union. However, the Bar\u00e7a club&#039;s sports management seemed not to be too convinced that the striker is the ideal solution for the cul\u00e9 attack\" \/>\n<meta property=\"og:url\" content=\"https:\/\/www.fcbarcelonanoticias.com\/en\/transfers\/deco-would-not-see-nico-williams-as-the-winger-that-fcbarcelona-needs_305125_102.html\" \/>\n<meta property=\"og:site_name\" content=\"EN - FC Barcelona Noticias\" \/>\n<meta property=\"article:published_time\" content=\"2024-07-04T13:51:00+00:00\" \/>\n<meta property=\"article:modified_time\" content=\"2024-07-04T15:17:00+00:00\" \/>\n<meta property=\"og:image\" content=\"https:\/\/www.fcbarcelonanoticias.com\/en\/wp-content\/uploads\/sites\/2\/2024\/07\/nico-williams-en-un-entrenamiento-de-la-seleccion-de-espana-en-la-eurocopa-2024.png\" \/>\n\t<meta property=\"og:image:width\" content=\"1300\" \/>\n\t<meta property=\"og:image:height\" content=\"732\" \/>\n\t<meta property=\"og:image:type\" content=\"image\/png\" \/>\n<meta name=\"author\" content=\"Carlos Montenegro\" \/>\n<meta name=\"twitter:card\" content=\"summary_large_image\" \/>\n<meta name=\"twitter:label1\" content=\"Written by\" \/>\n\t<meta name=\"twitter:data1\" content=\"Carlos Montenegro\" \/>\n\t<meta name=\"twitter:label2\" content=\"Est. reading time\" \/>\n\t<meta name=\"twitter:data2\" content=\"2 minutes\" \/>\n<script type=\"application\/ld+json\" class=\"yoast-schema-graph\">{\"@context\":\"https:\\\/\\\/schema.org\",\"@graph\":[{\"@type\":\"Article\",\"@id\":\"https:\\\/\\\/www.fcbarcelonanoticias.com\\\/en\\\/transfers\\\/deco-would-not-see-nico-williams-as-the-winger-that-fcbarcelona-needs_305125_102.html#article\",\"isPartOf\":{\"@id\":\"https:\\\/\\\/www.fcbarcelonanoticias.com\\\/en\\\/transfers\\\/deco-would-not-see-nico-williams-as-the-winger-that-fcbarcelona-needs_305125_102.html\"},\"author\":{\"name\":\"Carlos Montenegro\",\"@id\":\"https:\\\/\\\/www.fcbarcelonanoticias.com\\\/en\\\/#\\\/schema\\\/person\\\/aa1d038709c262cb247e240f6b39bbf5\"},\"headline\":\"Deco would not see Nico Williams as the winger that FC Barcelona needs\",\"datePublished\":\"2024-07-04T13:51:00+00:00\",\"dateModified\":\"2024-07-04T15:17:00+00:00\",\"mainEntityOfPage\":{\"@id\":\"https:\\\/\\\/www.fcbarcelonanoticias.com\\\/en\\\/transfers\\\/deco-would-not-see-nico-williams-as-the-winger-that-fcbarcelona-needs_305125_102.html\"},\"wordCount\":484,\"image\":{\"@id\":\"https:\\\/\\\/www.fcbarcelonanoticias.com\\\/en\\\/transfers\\\/deco-would-not-see-nico-williams-as-the-winger-that-fcbarcelona-needs_305125_102.html#primaryimage\"},\"thumbnailUrl\":\"https:\\\/\\\/www.fcbarcelonanoticias.com\\\/en\\\/wp-content\\\/uploads\\\/sites\\\/2\\\/2024\\\/07\\\/nico-williams-en-un-entrenamiento-de-la-seleccion-de-espana-en-la-eurocopa-2024.png\",\"keywords\":[\"Deco\",\"Joan Laporta\",\"Luis D\u00edaz\",\"Nico Williams\"],\"articleSection\":[\"Transfers\",\"Transfers\"],\"inLanguage\":\"en-US\"},{\"@type\":\"WebPage\",\"@id\":\"https:\\\/\\\/www.fcbarcelonanoticias.com\\\/en\\\/transfers\\\/deco-would-not-see-nico-williams-as-the-winger-that-fcbarcelona-needs_305125_102.html\",\"url\":\"https:\\\/\\\/www.fcbarcelonanoticias.com\\\/en\\\/transfers\\\/deco-would-not-see-nico-williams-as-the-winger-that-fcbarcelona-needs_305125_102.html\",\"name\":\"Deco would not see Nico Williams as the winger that FC Barcelona needs\",\"isPartOf\":{\"@id\":\"https:\\\/\\\/www.fcbarcelonanoticias.com\\\/en\\\/#website\"},\"primaryImageOfPage\":{\"@id\":\"https:\\\/\\\/www.fcbarcelonanoticias.com\\\/en\\\/transfers\\\/deco-would-not-see-nico-williams-as-the-winger-that-fcbarcelona-needs_305125_102.html#primaryimage\"},\"image\":{\"@id\":\"https:\\\/\\\/www.fcbarcelonanoticias.com\\\/en\\\/transfers\\\/deco-would-not-see-nico-williams-as-the-winger-that-fcbarcelona-needs_305125_102.html#primaryimage\"},\"thumbnailUrl\":\"https:\\\/\\\/www.fcbarcelonanoticias.com\\\/en\\\/wp-content\\\/uploads\\\/sites\\\/2\\\/2024\\\/07\\\/nico-williams-en-un-entrenamiento-de-la-seleccion-de-espana-en-la-eurocopa-2024.png\",\"datePublished\":\"2024-07-04T13:51:00+00:00\",\"dateModified\":\"2024-07-04T15:17:00+00:00\",\"author\":{\"@id\":\"https:\\\/\\\/www.fcbarcelonanoticias.com\\\/en\\\/#\\\/schema\\\/person\\\/aa1d038709c262cb247e240f6b39bbf5\"},\"description\":\"Bar\u00e7a and Nico Williams seem like an increasingly possible union. However, the Bar\u00e7a club's sports management seemed not to be too convinced that the striker is the ideal solution for the cul\u00e9 attack\",\"breadcrumb\":{\"@id\":\"https:\\\/\\\/www.fcbarcelonanoticias.com\\\/en\\\/transfers\\\/deco-would-not-see-nico-williams-as-the-winger-that-fcbarcelona-needs_305125_102.html#breadcrumb\"},\"inLanguage\":\"en-US\",\"potentialAction\":[{\"@type\":\"ReadAction\",\"target\":[\"https:\\\/\\\/www.fcbarcelonanoticias.com\\\/en\\\/transfers\\\/deco-would-not-see-nico-williams-as-the-winger-that-fcbarcelona-needs_305125_102.html\"]}]},{\"@type\":\"ImageObject\",\"inLanguage\":\"en-US\",\"@id\":\"https:\\\/\\\/www.fcbarcelonanoticias.com\\\/en\\\/transfers\\\/deco-would-not-see-nico-williams-as-the-winger-that-fcbarcelona-needs_305125_102.html#primaryimage\",\"url\":\"https:\\\/\\\/www.fcbarcelonanoticias.com\\\/en\\\/wp-content\\\/uploads\\\/sites\\\/2\\\/2024\\\/07\\\/nico-williams-en-un-entrenamiento-de-la-seleccion-de-espana-en-la-eurocopa-2024.png\",\"contentUrl\":\"https:\\\/\\\/www.fcbarcelonanoticias.com\\\/en\\\/wp-content\\\/uploads\\\/sites\\\/2\\\/2024\\\/07\\\/nico-williams-en-un-entrenamiento-de-la-seleccion-de-espana-en-la-eurocopa-2024.png\",\"width\":1300,\"height\":732},{\"@type\":\"BreadcrumbList\",\"@id\":\"https:\\\/\\\/www.fcbarcelonanoticias.com\\\/en\\\/transfers\\\/deco-would-not-see-nico-williams-as-the-winger-that-fcbarcelona-needs_305125_102.html#breadcrumb\",\"itemListElement\":[{\"@type\":\"ListItem\",\"position\":1,\"name\":\"Portada\",\"item\":\"https:\\\/\\\/www.fcbarcelonanoticias.com\\\/en\\\/\"},{\"@type\":\"ListItem\",\"position\":2,\"name\":\"Deco would not see Nico Williams as the winger that FC Barcelona needs\"}]},{\"@type\":\"WebSite\",\"@id\":\"https:\\\/\\\/www.fcbarcelonanoticias.com\\\/en\\\/#website\",\"url\":\"https:\\\/\\\/www.fcbarcelonanoticias.com\\\/en\\\/\",\"name\":\"EN - FC Barcelona Noticias\",\"description\":\"\",\"potentialAction\":[{\"@type\":\"SearchAction\",\"target\":{\"@type\":\"EntryPoint\",\"urlTemplate\":\"https:\\\/\\\/www.fcbarcelonanoticias.com\\\/en\\\/?s={search_term_string}\"},\"query-input\":{\"@type\":\"PropertyValueSpecification\",\"valueRequired\":true,\"valueName\":\"search_term_string\"}}],\"inLanguage\":\"en-US\"},{\"@type\":\"Person\",\"@id\":\"https:\\\/\\\/www.fcbarcelonanoticias.com\\\/en\\\/#\\\/schema\\\/person\\\/aa1d038709c262cb247e240f6b39bbf5\",\"name\":\"Carlos Montenegro\",\"image\":{\"@type\":\"ImageObject\",\"inLanguage\":\"en-US\",\"@id\":\"https:\\\/\\\/secure.gravatar.com\\\/avatar\\\/?s=96&d=mm&r=g\",\"url\":\"https:\\\/\\\/secure.gravatar.com\\\/avatar\\\/?s=96&d=mm&r=g\",\"contentUrl\":\"https:\\\/\\\/secure.gravatar.com\\\/avatar\\\/?s=96&d=mm&r=g\",\"caption\":\"Carlos Montenegro\"},\"url\":\"https:\\\/\\\/www.fcbarcelonanoticias.com\\\/en\\\/carlos-montenegro_20_115.html\"}]}<\/script>\n<!-- \/ Yoast SEO plugin. -->","yoast_head_json":{"title":"Deco would not see Nico Williams as the winger that FC Barcelona needs","description":"Bar\u00e7a and Nico Williams seem like an increasingly possible union. However, the Bar\u00e7a club's sports management seemed not to be too convinced that the striker is the ideal solution for the cul\u00e9 attack","robots":{"index":"index","follow":"follow","max-snippet":"max-snippet:-1","max-image-preview":"max-image-preview:large","max-video-preview":"max-video-preview:-1"},"canonical":"https:\/\/www.fcbarcelonanoticias.com\/en\/transfers\/deco-would-not-see-nico-williams-as-the-winger-that-fcbarcelona-needs_305125_102.html","og_locale":"en_US","og_type":"article","og_title":"Deco would not see Nico Williams as the winger that FC Barcelona needs","og_description":"Bar\u00e7a and Nico Williams seem like an increasingly possible union. However, the Bar\u00e7a club's sports management seemed not to be too convinced that the striker is the ideal solution for the cul\u00e9 attack","og_url":"https:\/\/www.fcbarcelonanoticias.com\/en\/transfers\/deco-would-not-see-nico-williams-as-the-winger-that-fcbarcelona-needs_305125_102.html","og_site_name":"EN - FC Barcelona Noticias","article_published_time":"2024-07-04T13:51:00+00:00","article_modified_time":"2024-07-04T15:17:00+00:00","og_image":[{"width":1300,"height":732,"url":"https:\/\/www.fcbarcelonanoticias.com\/en\/wp-content\/uploads\/sites\/2\/2024\/07\/nico-williams-en-un-entrenamiento-de-la-seleccion-de-espana-en-la-eurocopa-2024.png","type":"image\/png"}],"author":"Carlos Montenegro","twitter_card":"summary_large_image","twitter_misc":{"Written by":"Carlos Montenegro","Est. reading time":"2 minutes"},"schema":{"@context":"https:\/\/schema.org","@graph":[{"@type":"Article","@id":"https:\/\/www.fcbarcelonanoticias.com\/en\/transfers\/deco-would-not-see-nico-williams-as-the-winger-that-fcbarcelona-needs_305125_102.html#article","isPartOf":{"@id":"https:\/\/www.fcbarcelonanoticias.com\/en\/transfers\/deco-would-not-see-nico-williams-as-the-winger-that-fcbarcelona-needs_305125_102.html"},"author":{"name":"Carlos Montenegro","@id":"https:\/\/www.fcbarcelonanoticias.com\/en\/#\/schema\/person\/aa1d038709c262cb247e240f6b39bbf5"},"headline":"Deco would not see Nico Williams as the winger that FC Barcelona needs","datePublished":"2024-07-04T13:51:00+00:00","dateModified":"2024-07-04T15:17:00+00:00","mainEntityOfPage":{"@id":"https:\/\/www.fcbarcelonanoticias.com\/en\/transfers\/deco-would-not-see-nico-williams-as-the-winger-that-fcbarcelona-needs_305125_102.html"},"wordCount":484,"image":{"@id":"https:\/\/www.fcbarcelonanoticias.com\/en\/transfers\/deco-would-not-see-nico-williams-as-the-winger-that-fcbarcelona-needs_305125_102.html#primaryimage"},"thumbnailUrl":"https:\/\/www.fcbarcelonanoticias.com\/en\/wp-content\/uploads\/sites\/2\/2024\/07\/nico-williams-en-un-entrenamiento-de-la-seleccion-de-espana-en-la-eurocopa-2024.png","keywords":["Deco","Joan Laporta","Luis D\u00edaz","Nico Williams"],"articleSection":["Transfers","Transfers"],"inLanguage":"en-US"},{"@type":"WebPage","@id":"https:\/\/www.fcbarcelonanoticias.com\/en\/transfers\/deco-would-not-see-nico-williams-as-the-winger-that-fcbarcelona-needs_305125_102.html","url":"https:\/\/www.fcbarcelonanoticias.com\/en\/transfers\/deco-would-not-see-nico-williams-as-the-winger-that-fcbarcelona-needs_305125_102.html","name":"Deco would not see Nico Williams as the winger that FC Barcelona needs","isPartOf":{"@id":"https:\/\/www.fcbarcelonanoticias.com\/en\/#website"},"primaryImageOfPage":{"@id":"https:\/\/www.fcbarcelonanoticias.com\/en\/transfers\/deco-would-not-see-nico-williams-as-the-winger-that-fcbarcelona-needs_305125_102.html#primaryimage"},"image":{"@id":"https:\/\/www.fcbarcelonanoticias.com\/en\/transfers\/deco-would-not-see-nico-williams-as-the-winger-that-fcbarcelona-needs_305125_102.html#primaryimage"},"thumbnailUrl":"https:\/\/www.fcbarcelonanoticias.com\/en\/wp-content\/uploads\/sites\/2\/2024\/07\/nico-williams-en-un-entrenamiento-de-la-seleccion-de-espana-en-la-eurocopa-2024.png","datePublished":"2024-07-04T13:51:00+00:00","dateModified":"2024-07-04T15:17:00+00:00","author":{"@id":"https:\/\/www.fcbarcelonanoticias.com\/en\/#\/schema\/person\/aa1d038709c262cb247e240f6b39bbf5"},"description":"Bar\u00e7a and Nico Williams seem like an increasingly possible union. However, the Bar\u00e7a club's sports management seemed not to be too convinced that the striker is the ideal solution for the cul\u00e9 attack","breadcrumb":{"@id":"https:\/\/www.fcbarcelonanoticias.com\/en\/transfers\/deco-would-not-see-nico-williams-as-the-winger-that-fcbarcelona-needs_305125_102.html#breadcrumb"},"inLanguage":"en-US","potentialAction":[{"@type":"ReadAction","target":["https:\/\/www.fcbarcelonanoticias.com\/en\/transfers\/deco-would-not-see-nico-williams-as-the-winger-that-fcbarcelona-needs_305125_102.html"]}]},{"@type":"ImageObject","inLanguage":"en-US","@id":"https:\/\/www.fcbarcelonanoticias.com\/en\/transfers\/deco-would-not-see-nico-williams-as-the-winger-that-fcbarcelona-needs_305125_102.html#primaryimage","url":"https:\/\/www.fcbarcelonanoticias.com\/en\/wp-content\/uploads\/sites\/2\/2024\/07\/nico-williams-en-un-entrenamiento-de-la-seleccion-de-espana-en-la-eurocopa-2024.png","contentUrl":"https:\/\/www.fcbarcelonanoticias.com\/en\/wp-content\/uploads\/sites\/2\/2024\/07\/nico-williams-en-un-entrenamiento-de-la-seleccion-de-espana-en-la-eurocopa-2024.png","width":1300,"height":732},{"@type":"BreadcrumbList","@id":"https:\/\/www.fcbarcelonanoticias.com\/en\/transfers\/deco-would-not-see-nico-williams-as-the-winger-that-fcbarcelona-needs_305125_102.html#breadcrumb","itemListElement":[{"@type":"ListItem","position":1,"name":"Portada","item":"https:\/\/www.fcbarcelonanoticias.com\/en\/"},{"@type":"ListItem","position":2,"name":"Deco would not see Nico Williams as the winger that FC Barcelona needs"}]},{"@type":"WebSite","@id":"https:\/\/www.fcbarcelonanoticias.com\/en\/#website","url":"https:\/\/www.fcbarcelonanoticias.com\/en\/","name":"EN - FC Barcelona Noticias","description":"","potentialAction":[{"@type":"SearchAction","target":{"@type":"EntryPoint","urlTemplate":"https:\/\/www.fcbarcelonanoticias.com\/en\/?s={search_term_string}"},"query-input":{"@type":"PropertyValueSpecification","valueRequired":true,"valueName":"search_term_string"}}],"inLanguage":"en-US"},{"@type":"Person","@id":"https:\/\/www.fcbarcelonanoticias.com\/en\/#\/schema\/person\/aa1d038709c262cb247e240f6b39bbf5","name":"Carlos Montenegro","image":{"@type":"ImageObject","inLanguage":"en-US","@id":"https:\/\/secure.gravatar.com\/avatar\/?s=96&d=mm&r=g","url":"https:\/\/secure.gravatar.com\/avatar\/?s=96&d=mm&r=g","contentUrl":"https:\/\/secure.gravatar.com\/avatar\/?s=96&d=mm&r=g","caption":"Carlos Montenegro"},"url":"https:\/\/www.fcbarcelonanoticias.com\/en\/carlos-montenegro_20_115.html"}]}},"_links":{"self":[{"href":"https:\/\/www.fcbarcelonanoticias.com\/en\/wp-json\/wp\/v2\/posts\/128412","targetHints":{"allow":["GET"]}}],"collection":[{"href":"https:\/\/www.fcbarcelonanoticias.com\/en\/wp-json\/wp\/v2\/posts"}],"about":[{"href":"https:\/\/www.fcbarcelonanoticias.com\/en\/wp-json\/wp\/v2\/types\/post"}],"author":[{"embeddable":true,"href":"https:\/\/www.fcbarcelonanoticias.com\/en\/wp-json\/wp\/v2\/users\/345"}],"replies":[{"embeddable":true,"href":"https:\/\/www.fcbarcelonanoticias.com\/en\/wp-json\/wp\/v2\/comments?post=128412"}],"version-history":[{"count":1,"href":"https:\/\/www.fcbarcelonanoticias.com\/en\/wp-json\/wp\/v2\/posts\/128412\/revisions"}],"predecessor-version":[{"id":152119,"href":"https:\/\/www.fcbarcelonanoticias.com\/en\/wp-json\/wp\/v2\/posts\/128412\/revisions\/152119"}],"wp:featuredmedia":[{"embeddable":true,"href":"https:\/\/www.fcbarcelonanoticias.com\/en\/wp-json\/wp\/v2\/media\/128417"}],"wp:attachment":[{"href":"https:\/\/www.fcbarcelonanoticias.com\/en\/wp-json\/wp\/v2\/media?parent=128412"}],"wp:term":[{"taxonomy":"category","embeddable":true,"href":"https:\/\/www.fcbarcelonanoticias.com\/en\/wp-json\/wp\/v2\/categories?post=128412"},{"taxonomy":"post_tag","embeddable":true,"href":"https:\/\/www.fcbarcelonanoticias.com\/en\/wp-json\/wp\/v2\/tags?post=128412"}],"curies":[{"name":"wp","href":"https:\/\/api.w.org\/{rel}","templated":true}]}}