{"id":128543,"date":"2025-06-23T21:56:00","date_gmt":"2025-06-23T19:56:00","guid":{"rendered":"https:\/\/weisetech.dev\/fc-barcelona-noticias\/en\/joao-cancelo-and-barca-real-option-or-mirage_313200_102\/"},"modified":"2026-04-16T09:23:57","modified_gmt":"2026-04-16T07:23:57","slug":"joao-cancelo-and-barca-real-option-or-mirage_313200_102","status":"publish","type":"post","link":"https:\/\/www.fcbarcelonanoticias.com\/en\/transfers\/joao-cancelo-and-barca-real-option-or-mirage_313200_102.html","title":{"rendered":"Joao Cancelo and Bar\u00e7a: a real option or a mirage?"},"content":{"rendered":"<h2 class=\"wp-block-heading\">Jo\u00e3o Cancelo is once again rumored to be signed by Bar\u00e7a. Does he fit into the cul\u00e9s&#8217; plans or is it pure speculation?<\/h2>  \r\n<div class=\"article-addons\">\r\n    <a href=\"https:\/\/www.fcbarcelonanoticias.com\/en\/calendar-fc-barcelona.html\"\r\n       target=\"_self\"\r\n       title=\"Calendar of FC Barcelona\"\r\n       class=\"blue-gredient-btn\">\r\n       \r\n        Calendar of FC Barcelona    <\/a>\r\n<\/div>   <p><strong>FC Barcelona<\/strong> apparently does not rule out, for this summer market, <strong>strengthening the right-back position<\/strong>. Especially if they can do it with a top-level player who presents himself as a market opportunity for this summer window. These characteristics seem to &#8216;match&#8217; with a specific name: <strong>Jo\u00e3o Cancelo<\/strong>.<\/p>  <div class=\"cke-element cke-element--102\"><section class=\"c-related-article\"><figure class=\"c-image__fig\"><a href=\"https:\/\/www.fcbarcelonanoticias.com\/fichajes\/barca-elige-sus-cuatro-grandes-candidatos-reforzar-lateral-derecho_311896_102.html\" title=\"laporta rafa yuste\" class=\"c-image__imglink\"><picture><img decoding=\"async\" src=\"https:\/\/www.fcbarcelonanoticias.com\/wp-content\/uploads\/sites\/2\/2025\/06\/fcbn-0f202db8ae925e7ce9c146cad74e01ba.jpeg\" alt=\"laporta rafa yuste\" title=\"laporta rafa yuste\" class=\"c-image__img\" width=\"1250\" height=\"731\" loading=\"lazy\"><\/picture><\/a>     <\/figure><div class=\"c-related-article__wrapper\">         <p class=\"c-related-article__avantitle\">Related<\/p>         <h4 class=\"c-related-article__title\">             <a href=\"https:\/\/www.fcbarcelonanoticias.com\/fichajes\/barca-elige-sus-cuatro-grandes-candidatos-reforzar-lateral-derecho_311896_102.html\" title=\"Bar\u00e7a chooses its four main candidates to strengthen the right back position\" class=\"c-related-article__link\">                 Bar\u00e7a chooses its four main candidates to strengthen the right back position             <\/a>         <\/h4>     <\/div> <\/section><\/div>  <p>On one hand, there is the Portuguese full-back, who at 31 years of age, and despite having a contract with <strong>Al-Hilal<\/strong> until 2027, gives the impression of <strong>being open to a change of scenery this summer<\/strong> and could consider a return to football in the Old Continent. On the other hand, there is the Blaugrana team, which has <strong>Jules Kound\u00e9<\/strong> as the starting right-back, but is looking for a high-level alternative to double the position, exploring different names.<\/p>  <h2>Cancelo maintains his connection with Barcelona<\/h2>  <p>In this sense, it would not be a surprise if <strong>Jo\u00e3o Cancelo<\/strong> could sneak into the agenda of the Barcelona team, a club for which he already had a stint in the 2023\/24 season, being a player who did not leave bad memories in the Ciudad Condal. Nor does the player from Barreiro have negative feelings about his adventure in Catalonia.<\/p>  <div class=\"media media-image\" data-ck-asset-wrapper=\"\"> <div class=\"media-item\"> <img loading=\"lazy\" decoding=\"async\" alt=\"Joao Cancelo in a FC Barcelona match\" data-id=\"1429753\" data-resize=\"9\" height=\"563\" src=\"https:\/\/www.fcbarcelonanoticias.com\/wp-content\/uploads\/sites\/2\/2025\/06\/fcbn-20177d75d71513eef097716fc19e0aa7.jpeg\" title=\"Joao Cancelo in a FC Barcelona match\" width=\"1000\"><div class=\"media-title\">Joao Cancelo in a FC Barcelona match<\/div> <\/div> <\/div>  <p>Even recently, \u2014<a data-external=\"0\" data-intl-links-en=\"https:\/\/www.fcbarcelonanoticias.com\/en\/football\/club-world-cup\/real-madrid-1-1-hilal-dull-debut-for-xabi-alonso-team_313132_102.html\" data-intl-links-es=\"https:\/\/www.fcbarcelonanoticias.com\/futbol\/mundial-de-clubes\/real-madrid-1-1-al-hilal-gris-debut-xabi-alonso_313132_102.html\" href=\"https:\/\/www.fcbarcelonanoticias.com\/en\/football\/club-world-cup\/real-madrid-1-1-hilal-dull-debut-for-xabi-alonso-team_313132_102.html\" rel=\"follow\" target=\"_self\" title=\"Real Madrid 1-1 Al Hilal: dull debut for Xabi Alonso's team\">after the match against Real Madrid<\/a> in the Club World Cup, which he is playing with <strong>Al-Hilal<\/strong>\u2014 <strong>Cancelo<\/strong> acknowledged that he still maintains a special connection with <strong>Barcelona<\/strong>:<\/p>  <blockquote> <p>&#8220;I&#8217;m a fan of Bar\u00e7a, it&#8217;s normal. I love Bar\u00e7a and I love Barcelona. I love the group I was with at Bar\u00e7a.&#8221;<\/p> <\/blockquote>  <h2>Will the Portuguese have a second stage at Can Bar\u00e7a?<\/h2>  <p>A declaration of love that, together with this apparent entry into the market of <strong>Jo\u00e3o Cancelo<\/strong>, makes it not an anomaly that <strong>Barcelona<\/strong> can look askance at a possible &#8216;second dance&#8217; between both parties. Especially seeing that the Portuguese still retains an interesting level, as he is showing in the Club World Cup with <strong>Al-Hilal<\/strong>: he had a good match against <strong>Real Madrid<\/strong> (1-1) and another against <strong>RB Salzburg<\/strong>.<\/p>  <p>So, if the &#8217;20&#8217; of the Riyadh team is able to sustain this regularity in his game, after a 2024\/25 season in which he already left some interesting numbers in Saudi Arabian football, his candidacy to return to the European elite does not seem, by any means, a utopia.<\/p>  <table align=\"center\" style=\"width:100%;\"> <caption><strong>JO\u00c3O CANCELO &#8211; 2024\/25 SEASON AT AL HILAL<\/strong><\/caption> \t<thead><tr> <th scope=\"col\">MATCHES<\/th> \t\t\t<th scope=\"col\">GOALS<\/th> \t\t\t<th scope=\"col\">ASSISTS<\/th> \t\t\t<th scope=\"col\">MIN. PLAYED<\/th> \t\t<\/tr><\/thead> <tbody><tr> <td style=\"text-align: center;\">36<\/td> \t\t\t<td style=\"text-align: center;\">2<\/td> \t\t\t<td style=\"text-align: center;\">11<\/td> \t\t\t<td style=\"text-align: center;\">2866<\/td> \t\t<\/tr><\/tbody> <\/table> <p>An incorporation with which <strong>Barcelona<\/strong> could reinforce both sides with a full-back whose main asset is <strong>his stellar offensive qualities<\/strong>. But, with the downside that, on occasions, he can have certain defensive lapses.<\/p>  <h2>The biggest obstacle: Jo\u00e3o Cancelo&#8217;s salary<\/h2>  <p>Now it only remains to be seen if, whether it is <strong>Barcelona<\/strong> or some other European team, they will launch for the signing of <strong>Jo\u00e3o Cancelo<\/strong>, whose exit price, as stated by sources such as <em>SPORT<\/em>, could be <strong>10 million euros<\/strong>. This being the least of the problems, and the biggest his emoluments, since in Arabia the Portuguese receives an annual gross salary of <strong>15.3 million euros<\/strong>, an amount difficult to fit in right away.<\/p>  <ul> <li>\ud83d\udc49 Don&#8217;t miss the latest news from the <a data-external=\"0\" data-intl-links-en=\"https:\/\/www.fcbarcelonanoticias.com\/en\/transfers\" data-intl-links-es=\"https:\/\/www.fcbarcelonanoticias.com\/fichajes\" href=\"https:\/\/www.fcbarcelonanoticias.com\/en\/fc-barcelona\/transfers.html\" rel=\"follow\" target=\"_self\" title=\"Transfers\">2025 FC Barcelona transfer market<\/a> at FCBN!<\/li> <\/ul> <p><strong><u>FOLLOW US ON OUR SOCIAL NETWORKS:<\/u><\/strong><\/p>  <ol> <li> <strong>INSTAGRAM:&nbsp;<\/strong><a data-external=\"1\" href=\"https:\/\/www.instagram.com\/en\/fcbarcelonanoticias_com?utm_source=ig_web_button_share_sheet&amp;igsh=M2ZxMGZmeGhsbGd3\" rel=\"nofollow\" target=\"_blank\" title=\"@fcbarcelonanoticias_com\">@fcbarcelonanoticias_com<\/a> <\/li> \t<li> <strong>X (TWITTER):&nbsp;<\/strong><a data-external=\"1\" href=\"https:\/\/x.com\/en\/FCBNOTICIAS\" rel=\"nofollow\" target=\"_blank\" title=\"@FCBNOTICIAS\">@FCBNOTICIAS<\/a> <\/li> \t<li> <strong>THREADS:&nbsp;<\/strong><a data-external=\"1\" href=\"https:\/\/www.threads.com\/en\/@fcbarcelonanoticias_com\" rel=\"nofollow\" target=\"_blank\" title=\"@fcbarcelonanoticias_com\">@fcbarcelonanoticias_com<\/a> <\/li> <\/ol> ","protected":false},"excerpt":{"rendered":"<p>Jo\u00e3o Cancelo is once again rumored to be signed by Bar\u00e7a. Does he fit into the cul\u00e9s&#8217; plans or is it pure speculation? FC Barcelona apparently does not rule out, for this summer market, strengthening the right-back position. Especially if they can do it with a top-level player who presents himself as a market opportunity [&hellip;]<\/p>\n","protected":false},"author":355,"featured_media":128547,"comment_status":"closed","ping_status":"open","sticky":false,"template":"","format":"standard","meta":{"_acf_changed":false,"inline_featured_image":false,"_nextfly_llmd_date_locked":false,"footnotes":""},"categories":[106,449],"tags":[196],"class_list":["post-128543","post","type-post","status-publish","format-standard","has-post-thumbnail","hentry","category-transfers","category-transfers-2","tag-joao-cancelo"],"acf":[],"yoast_head":"<!-- This site is optimized with the Yoast SEO plugin v27.3 - https:\/\/yoast.com\/product\/yoast-seo-wordpress\/ -->\n<title>Joao Cancelo and Bar\u00e7a: a real option or a mirage?<\/title>\n<meta name=\"description\" content=\"Jo\u00e3o Cancelo is once again rumored to be signed by Bar\u00e7a. Does he fit into the cul\u00e9s&#039; plans or is it pure speculation? All the details, here.\" \/>\n<meta name=\"robots\" content=\"index, follow, max-snippet:-1, max-image-preview:large, max-video-preview:-1\" \/>\n<link rel=\"canonical\" href=\"https:\/\/www.fcbarcelonanoticias.com\/en\/transfers\/joao-cancelo-and-barca-real-option-or-mirage_313200_102.html\" \/>\n<meta property=\"og:locale\" content=\"en_US\" \/>\n<meta property=\"og:type\" content=\"article\" \/>\n<meta property=\"og:title\" content=\"Joao Cancelo and Bar\u00e7a: a real option or a mirage?\" \/>\n<meta property=\"og:description\" content=\"Jo\u00e3o Cancelo is once again rumored to be signed by Bar\u00e7a. Does he fit into the cul\u00e9s&#039; plans or is it pure speculation? All the details, here.\" \/>\n<meta property=\"og:url\" content=\"https:\/\/www.fcbarcelonanoticias.com\/en\/transfers\/joao-cancelo-and-barca-real-option-or-mirage_313200_102.html\" \/>\n<meta property=\"og:site_name\" content=\"EN - FC Barcelona Noticias\" \/>\n<meta property=\"article:published_time\" content=\"2025-06-23T19:56:00+00:00\" \/>\n<meta property=\"article:modified_time\" content=\"2026-04-16T07:23:57+00:00\" \/>\n<meta property=\"og:image\" content=\"https:\/\/www.fcbarcelonanoticias.com\/en\/wp-content\/uploads\/sites\/2\/2025\/06\/joao-cancelo-en-el-duelo-entre-el-salzburgo-y-el-al-hilal-en-el-grupo-h-del-mundial-de-clubes-de-la-fifa-2025.jpeg\" \/>\n\t<meta property=\"og:image:width\" content=\"1200\" \/>\n\t<meta property=\"og:image:height\" content=\"675\" \/>\n\t<meta property=\"og:image:type\" content=\"image\/jpeg\" \/>\n<meta name=\"author\" content=\"Kevin G\u00f3mez\" \/>\n<meta name=\"twitter:card\" content=\"summary_large_image\" \/>\n<meta name=\"twitter:label1\" content=\"Written by\" \/>\n\t<meta name=\"twitter:data1\" content=\"Kevin G\u00f3mez\" \/>\n\t<meta name=\"twitter:label2\" content=\"Est. reading time\" \/>\n\t<meta name=\"twitter:data2\" content=\"3 minutes\" \/>\n<script type=\"application\/ld+json\" class=\"yoast-schema-graph\">{\"@context\":\"https:\\\/\\\/schema.org\",\"@graph\":[{\"@type\":\"Article\",\"@id\":\"https:\\\/\\\/www.fcbarcelonanoticias.com\\\/en\\\/transfers\\\/joao-cancelo-and-barca-real-option-or-mirage_313200_102.html#article\",\"isPartOf\":{\"@id\":\"https:\\\/\\\/www.fcbarcelonanoticias.com\\\/en\\\/transfers\\\/joao-cancelo-and-barca-real-option-or-mirage_313200_102.html\"},\"author\":{\"name\":\"Kevin G\u00f3mez\",\"@id\":\"https:\\\/\\\/www.fcbarcelonanoticias.com\\\/en\\\/#\\\/schema\\\/person\\\/991443f134df9a64c6874f96ff984c9d\"},\"headline\":\"Joao Cancelo and Bar\u00e7a: a real option or a mirage?\",\"datePublished\":\"2025-06-23T19:56:00+00:00\",\"dateModified\":\"2026-04-16T07:23:57+00:00\",\"mainEntityOfPage\":{\"@id\":\"https:\\\/\\\/www.fcbarcelonanoticias.com\\\/en\\\/transfers\\\/joao-cancelo-and-barca-real-option-or-mirage_313200_102.html\"},\"wordCount\":595,\"image\":{\"@id\":\"https:\\\/\\\/www.fcbarcelonanoticias.com\\\/en\\\/transfers\\\/joao-cancelo-and-barca-real-option-or-mirage_313200_102.html#primaryimage\"},\"thumbnailUrl\":\"https:\\\/\\\/www.fcbarcelonanoticias.com\\\/en\\\/wp-content\\\/uploads\\\/sites\\\/2\\\/2025\\\/06\\\/joao-cancelo-en-el-duelo-entre-el-salzburgo-y-el-al-hilal-en-el-grupo-h-del-mundial-de-clubes-de-la-fifa-2025.jpeg\",\"keywords\":[\"Joao Cancelo\"],\"articleSection\":[\"Transfers\",\"Transfers\"],\"inLanguage\":\"en-US\"},{\"@type\":\"WebPage\",\"@id\":\"https:\\\/\\\/www.fcbarcelonanoticias.com\\\/en\\\/transfers\\\/joao-cancelo-and-barca-real-option-or-mirage_313200_102.html\",\"url\":\"https:\\\/\\\/www.fcbarcelonanoticias.com\\\/en\\\/transfers\\\/joao-cancelo-and-barca-real-option-or-mirage_313200_102.html\",\"name\":\"Joao Cancelo and Bar\u00e7a: a real option or a mirage?\",\"isPartOf\":{\"@id\":\"https:\\\/\\\/www.fcbarcelonanoticias.com\\\/en\\\/#website\"},\"primaryImageOfPage\":{\"@id\":\"https:\\\/\\\/www.fcbarcelonanoticias.com\\\/en\\\/transfers\\\/joao-cancelo-and-barca-real-option-or-mirage_313200_102.html#primaryimage\"},\"image\":{\"@id\":\"https:\\\/\\\/www.fcbarcelonanoticias.com\\\/en\\\/transfers\\\/joao-cancelo-and-barca-real-option-or-mirage_313200_102.html#primaryimage\"},\"thumbnailUrl\":\"https:\\\/\\\/www.fcbarcelonanoticias.com\\\/en\\\/wp-content\\\/uploads\\\/sites\\\/2\\\/2025\\\/06\\\/joao-cancelo-en-el-duelo-entre-el-salzburgo-y-el-al-hilal-en-el-grupo-h-del-mundial-de-clubes-de-la-fifa-2025.jpeg\",\"datePublished\":\"2025-06-23T19:56:00+00:00\",\"dateModified\":\"2026-04-16T07:23:57+00:00\",\"author\":{\"@id\":\"https:\\\/\\\/www.fcbarcelonanoticias.com\\\/en\\\/#\\\/schema\\\/person\\\/991443f134df9a64c6874f96ff984c9d\"},\"description\":\"Jo\u00e3o Cancelo is once again rumored to be signed by Bar\u00e7a. Does he fit into the cul\u00e9s' plans or is it pure speculation? All the details, here.\",\"breadcrumb\":{\"@id\":\"https:\\\/\\\/www.fcbarcelonanoticias.com\\\/en\\\/transfers\\\/joao-cancelo-and-barca-real-option-or-mirage_313200_102.html#breadcrumb\"},\"inLanguage\":\"en-US\",\"potentialAction\":[{\"@type\":\"ReadAction\",\"target\":[\"https:\\\/\\\/www.fcbarcelonanoticias.com\\\/en\\\/transfers\\\/joao-cancelo-and-barca-real-option-or-mirage_313200_102.html\"]}]},{\"@type\":\"ImageObject\",\"inLanguage\":\"en-US\",\"@id\":\"https:\\\/\\\/www.fcbarcelonanoticias.com\\\/en\\\/transfers\\\/joao-cancelo-and-barca-real-option-or-mirage_313200_102.html#primaryimage\",\"url\":\"https:\\\/\\\/www.fcbarcelonanoticias.com\\\/en\\\/wp-content\\\/uploads\\\/sites\\\/2\\\/2025\\\/06\\\/joao-cancelo-en-el-duelo-entre-el-salzburgo-y-el-al-hilal-en-el-grupo-h-del-mundial-de-clubes-de-la-fifa-2025.jpeg\",\"contentUrl\":\"https:\\\/\\\/www.fcbarcelonanoticias.com\\\/en\\\/wp-content\\\/uploads\\\/sites\\\/2\\\/2025\\\/06\\\/joao-cancelo-en-el-duelo-entre-el-salzburgo-y-el-al-hilal-en-el-grupo-h-del-mundial-de-clubes-de-la-fifa-2025.jpeg\",\"width\":1200,\"height\":675},{\"@type\":\"BreadcrumbList\",\"@id\":\"https:\\\/\\\/www.fcbarcelonanoticias.com\\\/en\\\/transfers\\\/joao-cancelo-and-barca-real-option-or-mirage_313200_102.html#breadcrumb\",\"itemListElement\":[{\"@type\":\"ListItem\",\"position\":1,\"name\":\"Portada\",\"item\":\"https:\\\/\\\/www.fcbarcelonanoticias.com\\\/en\\\/\"},{\"@type\":\"ListItem\",\"position\":2,\"name\":\"Joao Cancelo and Bar\u00e7a: a real option or a mirage?\"}]},{\"@type\":\"WebSite\",\"@id\":\"https:\\\/\\\/www.fcbarcelonanoticias.com\\\/en\\\/#website\",\"url\":\"https:\\\/\\\/www.fcbarcelonanoticias.com\\\/en\\\/\",\"name\":\"EN - FC Barcelona Noticias\",\"description\":\"\",\"potentialAction\":[{\"@type\":\"SearchAction\",\"target\":{\"@type\":\"EntryPoint\",\"urlTemplate\":\"https:\\\/\\\/www.fcbarcelonanoticias.com\\\/en\\\/?s={search_term_string}\"},\"query-input\":{\"@type\":\"PropertyValueSpecification\",\"valueRequired\":true,\"valueName\":\"search_term_string\"}}],\"inLanguage\":\"en-US\"},{\"@type\":\"Person\",\"@id\":\"https:\\\/\\\/www.fcbarcelonanoticias.com\\\/en\\\/#\\\/schema\\\/person\\\/991443f134df9a64c6874f96ff984c9d\",\"name\":\"Kevin G\u00f3mez\",\"image\":{\"@type\":\"ImageObject\",\"inLanguage\":\"en-US\",\"@id\":\"https:\\\/\\\/secure.gravatar.com\\\/avatar\\\/?s=96&d=mm&r=g\",\"url\":\"https:\\\/\\\/secure.gravatar.com\\\/avatar\\\/?s=96&d=mm&r=g\",\"contentUrl\":\"https:\\\/\\\/secure.gravatar.com\\\/avatar\\\/?s=96&d=mm&r=g\",\"caption\":\"Kevin G\u00f3mez\"},\"description\":\"Licenciado\u00a0en Periodismo y Comunicaci\u00f3n Audiovisual. Redactor en FCBN responsable de cubrir toda\u00a0la informaci\u00f3n del FC Barcelona y las principales competiciones de\u00a0f\u00fatbol.\",\"url\":\"https:\\\/\\\/www.fcbarcelonanoticias.com\\\/en\\\/jugadores\\\/kevin-gomez_23_115.html\"}]}<\/script>\n<!-- \/ Yoast SEO plugin. -->","yoast_head_json":{"title":"Joao Cancelo and Bar\u00e7a: a real option or a mirage?","description":"Jo\u00e3o Cancelo is once again rumored to be signed by Bar\u00e7a. Does he fit into the cul\u00e9s' plans or is it pure speculation? All the details, here.","robots":{"index":"index","follow":"follow","max-snippet":"max-snippet:-1","max-image-preview":"max-image-preview:large","max-video-preview":"max-video-preview:-1"},"canonical":"https:\/\/www.fcbarcelonanoticias.com\/en\/transfers\/joao-cancelo-and-barca-real-option-or-mirage_313200_102.html","og_locale":"en_US","og_type":"article","og_title":"Joao Cancelo and Bar\u00e7a: a real option or a mirage?","og_description":"Jo\u00e3o Cancelo is once again rumored to be signed by Bar\u00e7a. Does he fit into the cul\u00e9s' plans or is it pure speculation? All the details, here.","og_url":"https:\/\/www.fcbarcelonanoticias.com\/en\/transfers\/joao-cancelo-and-barca-real-option-or-mirage_313200_102.html","og_site_name":"EN - FC Barcelona Noticias","article_published_time":"2025-06-23T19:56:00+00:00","article_modified_time":"2026-04-16T07:23:57+00:00","og_image":[{"width":1200,"height":675,"url":"https:\/\/www.fcbarcelonanoticias.com\/en\/wp-content\/uploads\/sites\/2\/2025\/06\/joao-cancelo-en-el-duelo-entre-el-salzburgo-y-el-al-hilal-en-el-grupo-h-del-mundial-de-clubes-de-la-fifa-2025.jpeg","type":"image\/jpeg"}],"author":"Kevin G\u00f3mez","twitter_card":"summary_large_image","twitter_misc":{"Written by":"Kevin G\u00f3mez","Est. reading time":"3 minutes"},"schema":{"@context":"https:\/\/schema.org","@graph":[{"@type":"Article","@id":"https:\/\/www.fcbarcelonanoticias.com\/en\/transfers\/joao-cancelo-and-barca-real-option-or-mirage_313200_102.html#article","isPartOf":{"@id":"https:\/\/www.fcbarcelonanoticias.com\/en\/transfers\/joao-cancelo-and-barca-real-option-or-mirage_313200_102.html"},"author":{"name":"Kevin G\u00f3mez","@id":"https:\/\/www.fcbarcelonanoticias.com\/en\/#\/schema\/person\/991443f134df9a64c6874f96ff984c9d"},"headline":"Joao Cancelo and Bar\u00e7a: a real option or a mirage?","datePublished":"2025-06-23T19:56:00+00:00","dateModified":"2026-04-16T07:23:57+00:00","mainEntityOfPage":{"@id":"https:\/\/www.fcbarcelonanoticias.com\/en\/transfers\/joao-cancelo-and-barca-real-option-or-mirage_313200_102.html"},"wordCount":595,"image":{"@id":"https:\/\/www.fcbarcelonanoticias.com\/en\/transfers\/joao-cancelo-and-barca-real-option-or-mirage_313200_102.html#primaryimage"},"thumbnailUrl":"https:\/\/www.fcbarcelonanoticias.com\/en\/wp-content\/uploads\/sites\/2\/2025\/06\/joao-cancelo-en-el-duelo-entre-el-salzburgo-y-el-al-hilal-en-el-grupo-h-del-mundial-de-clubes-de-la-fifa-2025.jpeg","keywords":["Joao Cancelo"],"articleSection":["Transfers","Transfers"],"inLanguage":"en-US"},{"@type":"WebPage","@id":"https:\/\/www.fcbarcelonanoticias.com\/en\/transfers\/joao-cancelo-and-barca-real-option-or-mirage_313200_102.html","url":"https:\/\/www.fcbarcelonanoticias.com\/en\/transfers\/joao-cancelo-and-barca-real-option-or-mirage_313200_102.html","name":"Joao Cancelo and Bar\u00e7a: a real option or a mirage?","isPartOf":{"@id":"https:\/\/www.fcbarcelonanoticias.com\/en\/#website"},"primaryImageOfPage":{"@id":"https:\/\/www.fcbarcelonanoticias.com\/en\/transfers\/joao-cancelo-and-barca-real-option-or-mirage_313200_102.html#primaryimage"},"image":{"@id":"https:\/\/www.fcbarcelonanoticias.com\/en\/transfers\/joao-cancelo-and-barca-real-option-or-mirage_313200_102.html#primaryimage"},"thumbnailUrl":"https:\/\/www.fcbarcelonanoticias.com\/en\/wp-content\/uploads\/sites\/2\/2025\/06\/joao-cancelo-en-el-duelo-entre-el-salzburgo-y-el-al-hilal-en-el-grupo-h-del-mundial-de-clubes-de-la-fifa-2025.jpeg","datePublished":"2025-06-23T19:56:00+00:00","dateModified":"2026-04-16T07:23:57+00:00","author":{"@id":"https:\/\/www.fcbarcelonanoticias.com\/en\/#\/schema\/person\/991443f134df9a64c6874f96ff984c9d"},"description":"Jo\u00e3o Cancelo is once again rumored to be signed by Bar\u00e7a. Does he fit into the cul\u00e9s' plans or is it pure speculation? All the details, here.","breadcrumb":{"@id":"https:\/\/www.fcbarcelonanoticias.com\/en\/transfers\/joao-cancelo-and-barca-real-option-or-mirage_313200_102.html#breadcrumb"},"inLanguage":"en-US","potentialAction":[{"@type":"ReadAction","target":["https:\/\/www.fcbarcelonanoticias.com\/en\/transfers\/joao-cancelo-and-barca-real-option-or-mirage_313200_102.html"]}]},{"@type":"ImageObject","inLanguage":"en-US","@id":"https:\/\/www.fcbarcelonanoticias.com\/en\/transfers\/joao-cancelo-and-barca-real-option-or-mirage_313200_102.html#primaryimage","url":"https:\/\/www.fcbarcelonanoticias.com\/en\/wp-content\/uploads\/sites\/2\/2025\/06\/joao-cancelo-en-el-duelo-entre-el-salzburgo-y-el-al-hilal-en-el-grupo-h-del-mundial-de-clubes-de-la-fifa-2025.jpeg","contentUrl":"https:\/\/www.fcbarcelonanoticias.com\/en\/wp-content\/uploads\/sites\/2\/2025\/06\/joao-cancelo-en-el-duelo-entre-el-salzburgo-y-el-al-hilal-en-el-grupo-h-del-mundial-de-clubes-de-la-fifa-2025.jpeg","width":1200,"height":675},{"@type":"BreadcrumbList","@id":"https:\/\/www.fcbarcelonanoticias.com\/en\/transfers\/joao-cancelo-and-barca-real-option-or-mirage_313200_102.html#breadcrumb","itemListElement":[{"@type":"ListItem","position":1,"name":"Portada","item":"https:\/\/www.fcbarcelonanoticias.com\/en\/"},{"@type":"ListItem","position":2,"name":"Joao Cancelo and Bar\u00e7a: a real option or a mirage?"}]},{"@type":"WebSite","@id":"https:\/\/www.fcbarcelonanoticias.com\/en\/#website","url":"https:\/\/www.fcbarcelonanoticias.com\/en\/","name":"EN - FC Barcelona Noticias","description":"","potentialAction":[{"@type":"SearchAction","target":{"@type":"EntryPoint","urlTemplate":"https:\/\/www.fcbarcelonanoticias.com\/en\/?s={search_term_string}"},"query-input":{"@type":"PropertyValueSpecification","valueRequired":true,"valueName":"search_term_string"}}],"inLanguage":"en-US"},{"@type":"Person","@id":"https:\/\/www.fcbarcelonanoticias.com\/en\/#\/schema\/person\/991443f134df9a64c6874f96ff984c9d","name":"Kevin G\u00f3mez","image":{"@type":"ImageObject","inLanguage":"en-US","@id":"https:\/\/secure.gravatar.com\/avatar\/?s=96&d=mm&r=g","url":"https:\/\/secure.gravatar.com\/avatar\/?s=96&d=mm&r=g","contentUrl":"https:\/\/secure.gravatar.com\/avatar\/?s=96&d=mm&r=g","caption":"Kevin G\u00f3mez"},"description":"Licenciado\u00a0en Periodismo y Comunicaci\u00f3n Audiovisual. Redactor en FCBN responsable de cubrir toda\u00a0la informaci\u00f3n del FC Barcelona y las principales competiciones de\u00a0f\u00fatbol.","url":"https:\/\/www.fcbarcelonanoticias.com\/en\/jugadores\/kevin-gomez_23_115.html"}]}},"_links":{"self":[{"href":"https:\/\/www.fcbarcelonanoticias.com\/en\/wp-json\/wp\/v2\/posts\/128543","targetHints":{"allow":["GET"]}}],"collection":[{"href":"https:\/\/www.fcbarcelonanoticias.com\/en\/wp-json\/wp\/v2\/posts"}],"about":[{"href":"https:\/\/www.fcbarcelonanoticias.com\/en\/wp-json\/wp\/v2\/types\/post"}],"author":[{"embeddable":true,"href":"https:\/\/www.fcbarcelonanoticias.com\/en\/wp-json\/wp\/v2\/users\/355"}],"replies":[{"embeddable":true,"href":"https:\/\/www.fcbarcelonanoticias.com\/en\/wp-json\/wp\/v2\/comments?post=128543"}],"version-history":[{"count":3,"href":"https:\/\/www.fcbarcelonanoticias.com\/en\/wp-json\/wp\/v2\/posts\/128543\/revisions"}],"predecessor-version":[{"id":173593,"href":"https:\/\/www.fcbarcelonanoticias.com\/en\/wp-json\/wp\/v2\/posts\/128543\/revisions\/173593"}],"wp:featuredmedia":[{"embeddable":true,"href":"https:\/\/www.fcbarcelonanoticias.com\/en\/wp-json\/wp\/v2\/media\/128547"}],"wp:attachment":[{"href":"https:\/\/www.fcbarcelonanoticias.com\/en\/wp-json\/wp\/v2\/media?parent=128543"}],"wp:term":[{"taxonomy":"category","embeddable":true,"href":"https:\/\/www.fcbarcelonanoticias.com\/en\/wp-json\/wp\/v2\/categories?post=128543"},{"taxonomy":"post_tag","embeddable":true,"href":"https:\/\/www.fcbarcelonanoticias.com\/en\/wp-json\/wp\/v2\/tags?post=128543"}],"curies":[{"name":"wp","href":"https:\/\/api.w.org\/{rel}","templated":true}]}}