{"id":128672,"date":"2022-07-01T23:15:00","date_gmt":"2022-07-01T21:15:00","guid":{"rendered":"https:\/\/weisetech.dev\/fc-barcelona-noticias\/en\/dembele-raphinha-compatible-in-barcelona-xavi_281798_102\/"},"modified":"2022-07-02T01:18:00","modified_gmt":"2022-07-01T23:18:00","slug":"dembele-raphinha-compatible-in-barcelona-xavi_281798_102","status":"publish","type":"post","link":"https:\/\/www.fcbarcelonanoticias.com\/en\/transfers\/dembele-raphinha-compatible-in-barcelona-xavi_281798_102.html","title":{"rendered":"Demb\u00e9l\u00e9 and Raphinha, compatible in Xavi&#8217;s Bar\u00e7a"},"content":{"rendered":"<h2 class=\"wp-block-heading\">According to various information, at FC Barcelona they see it as viable for Raphinha to arrive at the Spotify Camp Nou even if Ousmane Demb\u00e9l\u00e9 decides to stay this season<\/h2>  \r\n<div class=\"article-addons\">\r\n    <a href=\"https:\/\/www.fcbarcelonanoticias.com\/en\/calendar-fc-barcelona.html\"\r\n       target=\"_self\"\r\n       title=\"Calendar of FC Barcelona\"\r\n       class=\"blue-gredient-btn\">\r\n       \r\n        Calendar of FC Barcelona    <\/a>\r\n<\/div>   <p>In the last hours have increased the rumours regarding the <a data-external=\"0\" data-intl-links-en=\"https:\/\/www.fcbarcelonanoticias.com\/en\/transfers\/bombazo-the-barca-very-near-to-close-the-signing-of-raphinha_281794_102.html\" data-intl-links-es=\"https:\/\/www.fcbarcelonanoticias.com\/fichajes\/bombazo-barcelona-muy-cerca-cerrar-fichaje-raphinha_281794_102.html\" href=\"https:\/\/www.fcbarcelonanoticias.com\/en\/transfers\/bombazo-the-barca-very-near-to-close-the-signing-of-raphinha_281794_102.html\" rel=\"follow\" target=\"_self\" title=\"\u00a1BOMBAZO! El Bar\u00e7a, muy cerca de cerrar el fichaje de Raphinha\">possible incorporation of Raphinha to the FC Barcelona<\/a>, after the Barcelona picture presented <strong>an offer of 55 million fixed euros and five in variables to the Leeds United <\/strong>to complete the traspaso of the international with Brazil this summer. The optimism has increased in the club and are expecting that from the Elland Road give the &#8216;OK&#8217; final.<\/p>  <p>The intention of the Bar\u00e7a is that Raphinha one as soon as possible to the Barcelona announcement.., <strong>where expect that it also was an Ousmane Demb\u00e9l\u00e9 from 4 July<\/strong>. In the club understand that the French will finish remaining in the Spotify Camp Nou and will access to the conditions that have presented in the last weeks, with a new agreement that would leave him earning between six and seven million net euros by season, 40% less than what ingresaba up to now.<\/p>  <p>The case is that, by the moments, in the Bar\u00e7a <a data-external=\"0\" data-intl-links-en=\"https:\/\/www.fcbarcelonanoticias.com\/en\/transfers\/dembele-follows-without-giving-him-signals-of-life-to-the-barca_281793_102.html\" data-intl-links-es=\"https:\/\/www.fcbarcelonanoticias.com\/fichajes\/dembele-sigue-sin-darle-senales-vida-barcelona_281793_102.html\" href=\"https:\/\/www.fcbarcelonanoticias.com\/en\/transfers\/dembele-follows-without-giving-him-signals-of-life-to-the-barca_281793_102.html\" rel=\"follow\" target=\"_self\" title=\"Demb\u00e9l\u00e9 sigue sin darle se\u00f1ales de vida al Bar\u00e7a\">do not have news of Ousmane Demb\u00e9l\u00e9<\/a> further of what communicated his agent Moussa Sissoko does some days in his last meeting with Mateu Alemany: <strong>they did not go to accept until it existed an increase&#8230;<\/strong> And from the club would not be had to yield to the pretences not to break his new scale salarial.<\/p>  <p>In the meantime, in the Barcelona sportive direction do plans with both, as they have informed in &#8216;Relief&#8217;.<strong> The technical body of Xavi Hern\u00e1ndez see compatible to the two extremes in the Bar\u00e7a<\/strong>, although up to now it had informed that the Brazilian would be the substitute of &#8216;Dembouz&#8217; in case that it left .<\/p>  <h3>Two operations &#8216;hot&#8217;<\/h3>  <p>So much the signing of Raphinha like recovering to Demb\u00e9l\u00e9 <strong>have turned into the big priorities of the Bar\u00e7a in these weeks.<\/strong> The club is working to resolve both folders and this Friday has given important steps with the offer that presented to the Leeds, that still has not been accepted or refused. In the case of the French, also as &#8216;Relief&#8217; the group cul\u00e9 would have warned him that if it wants to remain, will have to touch the doors of the club to accept the conditions posed and will be a new agreement.<\/p> ","protected":false},"excerpt":{"rendered":"<p>According to various information, at FC Barcelona they see it as viable for Raphinha to arrive at the Spotify Camp Nou even if Ousmane Demb\u00e9l\u00e9 decides to stay this season In the last hours have increased the rumours regarding the possible incorporation of Raphinha to the FC Barcelona, after the Barcelona picture presented an offer [&hellip;]<\/p>\n","protected":false},"author":352,"featured_media":128676,"comment_status":"closed","ping_status":"open","sticky":false,"template":"","format":"standard","meta":{"_acf_changed":false,"inline_featured_image":false,"_nextfly_llmd_date_locked":false,"footnotes":""},"categories":[449,106],"tags":[146],"class_list":["post-128672","post","type-post","status-publish","format-standard","has-post-thumbnail","hentry","category-transfers-2","category-transfers","tag-dembele"],"acf":[],"yoast_head":"<!-- This site is optimized with the Yoast SEO plugin v27.3 - https:\/\/yoast.com\/product\/yoast-seo-wordpress\/ -->\n<title>Demb\u00e9l\u00e9 And Raphinha, compatible in the Bar\u00e7a of Xavi<\/title>\n<meta name=\"description\" content=\"As diverse informations, in the FC Barcelona see viable that Raphinha arrive to the Spotify Camp Nou even if Ousmane Demb\u00e9l\u00e9 decides to remain this season\" \/>\n<meta name=\"robots\" content=\"index, follow, max-snippet:-1, max-image-preview:large, max-video-preview:-1\" \/>\n<link rel=\"canonical\" href=\"https:\/\/www.fcbarcelonanoticias.com\/en\/transfers\/dembele-raphinha-compatible-in-barcelona-xavi_281798_102.html\" \/>\n<meta property=\"og:locale\" content=\"en_US\" \/>\n<meta property=\"og:type\" content=\"article\" \/>\n<meta property=\"og:title\" content=\"Demb\u00e9l\u00e9 And Raphinha, compatible in the Bar\u00e7a of Xavi\" \/>\n<meta property=\"og:description\" content=\"As diverse informations, in the FC Barcelona see viable that Raphinha arrive to the Spotify Camp Nou even if Ousmane Demb\u00e9l\u00e9 decides to remain this season\" \/>\n<meta property=\"og:url\" content=\"https:\/\/www.fcbarcelonanoticias.com\/en\/transfers\/dembele-raphinha-compatible-in-barcelona-xavi_281798_102.html\" \/>\n<meta property=\"og:site_name\" content=\"EN - FC Barcelona Noticias\" \/>\n<meta property=\"article:published_time\" content=\"2022-07-01T21:15:00+00:00\" \/>\n<meta property=\"article:modified_time\" content=\"2022-07-01T23:18:00+00:00\" \/>\n<meta property=\"og:image\" content=\"https:\/\/www.fcbarcelonanoticias.com\/en\/wp-content\/uploads\/sites\/2\/2022\/07\/ousmane-dembe-le-y-raphinha.jpeg\" \/>\n\t<meta property=\"og:image:width\" content=\"1200\" \/>\n\t<meta property=\"og:image:height\" content=\"700\" \/>\n\t<meta property=\"og:image:type\" content=\"image\/jpeg\" \/>\n<meta name=\"author\" content=\"Paola Guevara\" \/>\n<meta name=\"twitter:card\" content=\"summary_large_image\" \/>\n<meta name=\"twitter:label1\" content=\"Written by\" \/>\n\t<meta name=\"twitter:data1\" content=\"Paola Guevara\" \/>\n\t<meta name=\"twitter:label2\" content=\"Est. reading time\" \/>\n\t<meta name=\"twitter:data2\" content=\"2 minutes\" \/>\n<script type=\"application\/ld+json\" class=\"yoast-schema-graph\">{\"@context\":\"https:\\\/\\\/schema.org\",\"@graph\":[{\"@type\":\"Article\",\"@id\":\"https:\\\/\\\/www.fcbarcelonanoticias.com\\\/en\\\/transfers\\\/dembele-raphinha-compatible-in-barcelona-xavi_281798_102.html#article\",\"isPartOf\":{\"@id\":\"https:\\\/\\\/www.fcbarcelonanoticias.com\\\/en\\\/transfers\\\/dembele-raphinha-compatible-in-barcelona-xavi_281798_102.html\"},\"author\":{\"name\":\"Paola Guevara\",\"@id\":\"https:\\\/\\\/www.fcbarcelonanoticias.com\\\/en\\\/#\\\/schema\\\/person\\\/3b408513ee236e64c3043ec901f019ee\"},\"headline\":\"Demb\u00e9l\u00e9 and Raphinha, compatible in Xavi&#8217;s Bar\u00e7a\",\"datePublished\":\"2022-07-01T21:15:00+00:00\",\"dateModified\":\"2022-07-01T23:18:00+00:00\",\"mainEntityOfPage\":{\"@id\":\"https:\\\/\\\/www.fcbarcelonanoticias.com\\\/en\\\/transfers\\\/dembele-raphinha-compatible-in-barcelona-xavi_281798_102.html\"},\"wordCount\":415,\"image\":{\"@id\":\"https:\\\/\\\/www.fcbarcelonanoticias.com\\\/en\\\/transfers\\\/dembele-raphinha-compatible-in-barcelona-xavi_281798_102.html#primaryimage\"},\"thumbnailUrl\":\"https:\\\/\\\/www.fcbarcelonanoticias.com\\\/en\\\/wp-content\\\/uploads\\\/sites\\\/2\\\/2022\\\/07\\\/ousmane-dembe-le-y-raphinha.jpeg\",\"keywords\":[\"Demb\u00e9l\u00e9\"],\"articleSection\":[\"Transfers\",\"Transfers\"],\"inLanguage\":\"en-US\"},{\"@type\":\"WebPage\",\"@id\":\"https:\\\/\\\/www.fcbarcelonanoticias.com\\\/en\\\/transfers\\\/dembele-raphinha-compatible-in-barcelona-xavi_281798_102.html\",\"url\":\"https:\\\/\\\/www.fcbarcelonanoticias.com\\\/en\\\/transfers\\\/dembele-raphinha-compatible-in-barcelona-xavi_281798_102.html\",\"name\":\"Demb\u00e9l\u00e9 And Raphinha, compatible in the Bar\u00e7a of Xavi\",\"isPartOf\":{\"@id\":\"https:\\\/\\\/www.fcbarcelonanoticias.com\\\/en\\\/#website\"},\"primaryImageOfPage\":{\"@id\":\"https:\\\/\\\/www.fcbarcelonanoticias.com\\\/en\\\/transfers\\\/dembele-raphinha-compatible-in-barcelona-xavi_281798_102.html#primaryimage\"},\"image\":{\"@id\":\"https:\\\/\\\/www.fcbarcelonanoticias.com\\\/en\\\/transfers\\\/dembele-raphinha-compatible-in-barcelona-xavi_281798_102.html#primaryimage\"},\"thumbnailUrl\":\"https:\\\/\\\/www.fcbarcelonanoticias.com\\\/en\\\/wp-content\\\/uploads\\\/sites\\\/2\\\/2022\\\/07\\\/ousmane-dembe-le-y-raphinha.jpeg\",\"datePublished\":\"2022-07-01T21:15:00+00:00\",\"dateModified\":\"2022-07-01T23:18:00+00:00\",\"author\":{\"@id\":\"https:\\\/\\\/www.fcbarcelonanoticias.com\\\/en\\\/#\\\/schema\\\/person\\\/3b408513ee236e64c3043ec901f019ee\"},\"description\":\"As diverse informations, in the FC Barcelona see viable that Raphinha arrive to the Spotify Camp Nou even if Ousmane Demb\u00e9l\u00e9 decides to remain this season\",\"breadcrumb\":{\"@id\":\"https:\\\/\\\/www.fcbarcelonanoticias.com\\\/en\\\/transfers\\\/dembele-raphinha-compatible-in-barcelona-xavi_281798_102.html#breadcrumb\"},\"inLanguage\":\"en-US\",\"potentialAction\":[{\"@type\":\"ReadAction\",\"target\":[\"https:\\\/\\\/www.fcbarcelonanoticias.com\\\/en\\\/transfers\\\/dembele-raphinha-compatible-in-barcelona-xavi_281798_102.html\"]}]},{\"@type\":\"ImageObject\",\"inLanguage\":\"en-US\",\"@id\":\"https:\\\/\\\/www.fcbarcelonanoticias.com\\\/en\\\/transfers\\\/dembele-raphinha-compatible-in-barcelona-xavi_281798_102.html#primaryimage\",\"url\":\"https:\\\/\\\/www.fcbarcelonanoticias.com\\\/en\\\/wp-content\\\/uploads\\\/sites\\\/2\\\/2022\\\/07\\\/ousmane-dembe-le-y-raphinha.jpeg\",\"contentUrl\":\"https:\\\/\\\/www.fcbarcelonanoticias.com\\\/en\\\/wp-content\\\/uploads\\\/sites\\\/2\\\/2022\\\/07\\\/ousmane-dembe-le-y-raphinha.jpeg\",\"width\":1200,\"height\":700},{\"@type\":\"BreadcrumbList\",\"@id\":\"https:\\\/\\\/www.fcbarcelonanoticias.com\\\/en\\\/transfers\\\/dembele-raphinha-compatible-in-barcelona-xavi_281798_102.html#breadcrumb\",\"itemListElement\":[{\"@type\":\"ListItem\",\"position\":1,\"name\":\"Portada\",\"item\":\"https:\\\/\\\/www.fcbarcelonanoticias.com\\\/en\\\/\"},{\"@type\":\"ListItem\",\"position\":2,\"name\":\"Demb\u00e9l\u00e9 and Raphinha, compatible in Xavi&#8217;s Bar\u00e7a\"}]},{\"@type\":\"WebSite\",\"@id\":\"https:\\\/\\\/www.fcbarcelonanoticias.com\\\/en\\\/#website\",\"url\":\"https:\\\/\\\/www.fcbarcelonanoticias.com\\\/en\\\/\",\"name\":\"EN - FC Barcelona Noticias\",\"description\":\"\",\"potentialAction\":[{\"@type\":\"SearchAction\",\"target\":{\"@type\":\"EntryPoint\",\"urlTemplate\":\"https:\\\/\\\/www.fcbarcelonanoticias.com\\\/en\\\/?s={search_term_string}\"},\"query-input\":{\"@type\":\"PropertyValueSpecification\",\"valueRequired\":true,\"valueName\":\"search_term_string\"}}],\"inLanguage\":\"en-US\"},{\"@type\":\"Person\",\"@id\":\"https:\\\/\\\/www.fcbarcelonanoticias.com\\\/en\\\/#\\\/schema\\\/person\\\/3b408513ee236e64c3043ec901f019ee\",\"name\":\"Paola Guevara\",\"image\":{\"@type\":\"ImageObject\",\"inLanguage\":\"en-US\",\"@id\":\"https:\\\/\\\/secure.gravatar.com\\\/avatar\\\/?s=96&d=mm&r=g\",\"url\":\"https:\\\/\\\/secure.gravatar.com\\\/avatar\\\/?s=96&d=mm&r=g\",\"contentUrl\":\"https:\\\/\\\/secure.gravatar.com\\\/avatar\\\/?s=96&d=mm&r=g\",\"caption\":\"Paola Guevara\"},\"url\":\"https:\\\/\\\/www.fcbarcelonanoticias.com\\\/en\\\/fc-barcelona\\\/paola-guevara_9_115.html\"}]}<\/script>\n<!-- \/ Yoast SEO plugin. -->","yoast_head_json":{"title":"Demb\u00e9l\u00e9 And Raphinha, compatible in the Bar\u00e7a of Xavi","description":"As diverse informations, in the FC Barcelona see viable that Raphinha arrive to the Spotify Camp Nou even if Ousmane Demb\u00e9l\u00e9 decides to remain this season","robots":{"index":"index","follow":"follow","max-snippet":"max-snippet:-1","max-image-preview":"max-image-preview:large","max-video-preview":"max-video-preview:-1"},"canonical":"https:\/\/www.fcbarcelonanoticias.com\/en\/transfers\/dembele-raphinha-compatible-in-barcelona-xavi_281798_102.html","og_locale":"en_US","og_type":"article","og_title":"Demb\u00e9l\u00e9 And Raphinha, compatible in the Bar\u00e7a of Xavi","og_description":"As diverse informations, in the FC Barcelona see viable that Raphinha arrive to the Spotify Camp Nou even if Ousmane Demb\u00e9l\u00e9 decides to remain this season","og_url":"https:\/\/www.fcbarcelonanoticias.com\/en\/transfers\/dembele-raphinha-compatible-in-barcelona-xavi_281798_102.html","og_site_name":"EN - FC Barcelona Noticias","article_published_time":"2022-07-01T21:15:00+00:00","article_modified_time":"2022-07-01T23:18:00+00:00","og_image":[{"width":1200,"height":700,"url":"https:\/\/www.fcbarcelonanoticias.com\/en\/wp-content\/uploads\/sites\/2\/2022\/07\/ousmane-dembe-le-y-raphinha.jpeg","type":"image\/jpeg"}],"author":"Paola Guevara","twitter_card":"summary_large_image","twitter_misc":{"Written by":"Paola Guevara","Est. reading time":"2 minutes"},"schema":{"@context":"https:\/\/schema.org","@graph":[{"@type":"Article","@id":"https:\/\/www.fcbarcelonanoticias.com\/en\/transfers\/dembele-raphinha-compatible-in-barcelona-xavi_281798_102.html#article","isPartOf":{"@id":"https:\/\/www.fcbarcelonanoticias.com\/en\/transfers\/dembele-raphinha-compatible-in-barcelona-xavi_281798_102.html"},"author":{"name":"Paola Guevara","@id":"https:\/\/www.fcbarcelonanoticias.com\/en\/#\/schema\/person\/3b408513ee236e64c3043ec901f019ee"},"headline":"Demb\u00e9l\u00e9 and Raphinha, compatible in Xavi&#8217;s Bar\u00e7a","datePublished":"2022-07-01T21:15:00+00:00","dateModified":"2022-07-01T23:18:00+00:00","mainEntityOfPage":{"@id":"https:\/\/www.fcbarcelonanoticias.com\/en\/transfers\/dembele-raphinha-compatible-in-barcelona-xavi_281798_102.html"},"wordCount":415,"image":{"@id":"https:\/\/www.fcbarcelonanoticias.com\/en\/transfers\/dembele-raphinha-compatible-in-barcelona-xavi_281798_102.html#primaryimage"},"thumbnailUrl":"https:\/\/www.fcbarcelonanoticias.com\/en\/wp-content\/uploads\/sites\/2\/2022\/07\/ousmane-dembe-le-y-raphinha.jpeg","keywords":["Demb\u00e9l\u00e9"],"articleSection":["Transfers","Transfers"],"inLanguage":"en-US"},{"@type":"WebPage","@id":"https:\/\/www.fcbarcelonanoticias.com\/en\/transfers\/dembele-raphinha-compatible-in-barcelona-xavi_281798_102.html","url":"https:\/\/www.fcbarcelonanoticias.com\/en\/transfers\/dembele-raphinha-compatible-in-barcelona-xavi_281798_102.html","name":"Demb\u00e9l\u00e9 And Raphinha, compatible in the Bar\u00e7a of Xavi","isPartOf":{"@id":"https:\/\/www.fcbarcelonanoticias.com\/en\/#website"},"primaryImageOfPage":{"@id":"https:\/\/www.fcbarcelonanoticias.com\/en\/transfers\/dembele-raphinha-compatible-in-barcelona-xavi_281798_102.html#primaryimage"},"image":{"@id":"https:\/\/www.fcbarcelonanoticias.com\/en\/transfers\/dembele-raphinha-compatible-in-barcelona-xavi_281798_102.html#primaryimage"},"thumbnailUrl":"https:\/\/www.fcbarcelonanoticias.com\/en\/wp-content\/uploads\/sites\/2\/2022\/07\/ousmane-dembe-le-y-raphinha.jpeg","datePublished":"2022-07-01T21:15:00+00:00","dateModified":"2022-07-01T23:18:00+00:00","author":{"@id":"https:\/\/www.fcbarcelonanoticias.com\/en\/#\/schema\/person\/3b408513ee236e64c3043ec901f019ee"},"description":"As diverse informations, in the FC Barcelona see viable that Raphinha arrive to the Spotify Camp Nou even if Ousmane Demb\u00e9l\u00e9 decides to remain this season","breadcrumb":{"@id":"https:\/\/www.fcbarcelonanoticias.com\/en\/transfers\/dembele-raphinha-compatible-in-barcelona-xavi_281798_102.html#breadcrumb"},"inLanguage":"en-US","potentialAction":[{"@type":"ReadAction","target":["https:\/\/www.fcbarcelonanoticias.com\/en\/transfers\/dembele-raphinha-compatible-in-barcelona-xavi_281798_102.html"]}]},{"@type":"ImageObject","inLanguage":"en-US","@id":"https:\/\/www.fcbarcelonanoticias.com\/en\/transfers\/dembele-raphinha-compatible-in-barcelona-xavi_281798_102.html#primaryimage","url":"https:\/\/www.fcbarcelonanoticias.com\/en\/wp-content\/uploads\/sites\/2\/2022\/07\/ousmane-dembe-le-y-raphinha.jpeg","contentUrl":"https:\/\/www.fcbarcelonanoticias.com\/en\/wp-content\/uploads\/sites\/2\/2022\/07\/ousmane-dembe-le-y-raphinha.jpeg","width":1200,"height":700},{"@type":"BreadcrumbList","@id":"https:\/\/www.fcbarcelonanoticias.com\/en\/transfers\/dembele-raphinha-compatible-in-barcelona-xavi_281798_102.html#breadcrumb","itemListElement":[{"@type":"ListItem","position":1,"name":"Portada","item":"https:\/\/www.fcbarcelonanoticias.com\/en\/"},{"@type":"ListItem","position":2,"name":"Demb\u00e9l\u00e9 and Raphinha, compatible in Xavi&#8217;s Bar\u00e7a"}]},{"@type":"WebSite","@id":"https:\/\/www.fcbarcelonanoticias.com\/en\/#website","url":"https:\/\/www.fcbarcelonanoticias.com\/en\/","name":"EN - FC Barcelona Noticias","description":"","potentialAction":[{"@type":"SearchAction","target":{"@type":"EntryPoint","urlTemplate":"https:\/\/www.fcbarcelonanoticias.com\/en\/?s={search_term_string}"},"query-input":{"@type":"PropertyValueSpecification","valueRequired":true,"valueName":"search_term_string"}}],"inLanguage":"en-US"},{"@type":"Person","@id":"https:\/\/www.fcbarcelonanoticias.com\/en\/#\/schema\/person\/3b408513ee236e64c3043ec901f019ee","name":"Paola Guevara","image":{"@type":"ImageObject","inLanguage":"en-US","@id":"https:\/\/secure.gravatar.com\/avatar\/?s=96&d=mm&r=g","url":"https:\/\/secure.gravatar.com\/avatar\/?s=96&d=mm&r=g","contentUrl":"https:\/\/secure.gravatar.com\/avatar\/?s=96&d=mm&r=g","caption":"Paola Guevara"},"url":"https:\/\/www.fcbarcelonanoticias.com\/en\/fc-barcelona\/paola-guevara_9_115.html"}]}},"_links":{"self":[{"href":"https:\/\/www.fcbarcelonanoticias.com\/en\/wp-json\/wp\/v2\/posts\/128672","targetHints":{"allow":["GET"]}}],"collection":[{"href":"https:\/\/www.fcbarcelonanoticias.com\/en\/wp-json\/wp\/v2\/posts"}],"about":[{"href":"https:\/\/www.fcbarcelonanoticias.com\/en\/wp-json\/wp\/v2\/types\/post"}],"author":[{"embeddable":true,"href":"https:\/\/www.fcbarcelonanoticias.com\/en\/wp-json\/wp\/v2\/users\/352"}],"replies":[{"embeddable":true,"href":"https:\/\/www.fcbarcelonanoticias.com\/en\/wp-json\/wp\/v2\/comments?post=128672"}],"version-history":[{"count":1,"href":"https:\/\/www.fcbarcelonanoticias.com\/en\/wp-json\/wp\/v2\/posts\/128672\/revisions"}],"predecessor-version":[{"id":152145,"href":"https:\/\/www.fcbarcelonanoticias.com\/en\/wp-json\/wp\/v2\/posts\/128672\/revisions\/152145"}],"wp:featuredmedia":[{"embeddable":true,"href":"https:\/\/www.fcbarcelonanoticias.com\/en\/wp-json\/wp\/v2\/media\/128676"}],"wp:attachment":[{"href":"https:\/\/www.fcbarcelonanoticias.com\/en\/wp-json\/wp\/v2\/media?parent=128672"}],"wp:term":[{"taxonomy":"category","embeddable":true,"href":"https:\/\/www.fcbarcelonanoticias.com\/en\/wp-json\/wp\/v2\/categories?post=128672"},{"taxonomy":"post_tag","embeddable":true,"href":"https:\/\/www.fcbarcelonanoticias.com\/en\/wp-json\/wp\/v2\/tags?post=128672"}],"curies":[{"name":"wp","href":"https:\/\/api.w.org\/{rel}","templated":true}]}}