{"id":128739,"date":"2023-07-31T20:04:00","date_gmt":"2023-07-31T18:04:00","guid":{"rendered":"https:\/\/weisetech.dev\/fc-barcelona-noticias\/en\/dembele-kolo-muani-chosen-psg-replace-mbappe_294648_102\/"},"modified":"2023-07-31T20:04:00","modified_gmt":"2023-07-31T18:04:00","slug":"dembele-kolo-muani-chosen-psg-replace-mbappe_294648_102","status":"publish","type":"post","link":"https:\/\/www.fcbarcelonanoticias.com\/en\/transfers\/dembele-kolo-muani-chosen-psg-replace-mbappe_294648_102.html","title":{"rendered":"Demb\u00e9l\u00e9 and Kolo Muani, the chosen ones from PSG to replace Mbapp\u00e9"},"content":{"rendered":"<h2 class=\"wp-block-heading\">Paris Saint-Germain, despite the fact that they have not finalized the departure of Kylian Mbapp\u00e9, are already looking for relief from Bondy&#8217;s attacker. While they are negotiating with FC Barcelona for Ousmane Demb\u00e9l\u00e9, they have also knocked on Eintracht&#8217;s door to sign Kolo Muani<\/h2>  \r\n<div class=\"article-addons\">\r\n    <a href=\"https:\/\/www.fcbarcelonanoticias.com\/en\/calendar-fc-barcelona.html\"\r\n       target=\"_self\"\r\n       title=\"Calendar of FC Barcelona\"\r\n       class=\"blue-gredient-btn\">\r\n       \r\n        Calendar of FC Barcelona    <\/a>\r\n<\/div>   <p>In <a data-external=\"0\" data-intl-links-en=\"https:\/\/www.fcbarcelonanoticias.com\/en\/tags\/paris-saint-germain\" data-intl-links-es=\"https:\/\/www.fcbarcelonanoticias.com\/tags\/paris-saint-germain\" href=\"https:\/\/www.fcbarcelonanoticias.com\/en\/tags\/paris-saint-germain.html\" rel=\"follow\" target=\"_self\" title=\"Paris Saint-Germain\">the Paris Saint-Germain<\/a> are in account regresiva so that it resolve the &#8216;case Mbapp\u00e9&#8217;.<strong> In the midnight wins the term so that the attacker of 24 years activate the unilateral clause that would allow him renew until the 2025,<\/strong> but in case that it was not like this keep the posture to sell him or leave him in the terracing by all the season, the same year in which it contests the Eurocopa and the Olympic games of Paris.<\/p>  <p>The true is that from Doha do not pretend to give the arm to twist and, right now, is Nasser To the-Khelaifi the one who is headed by all the operations. To replace to Mbapp\u00e9 will arrive two footballers. The first is Ousmane Demb\u00e9l\u00e9, by which already are negotiating with the FC Barcelona. His traspaso is question of days,<strong> put the player will not activate the clause that would allow him go out by &#8216;alone&#8217; 50 million euros, but they pretend that both clubs arrive to an economic agreement. <\/strong><\/p>  <h2>Kolo Muani Will go in in the plans of the PSG<\/h2>  <p>Of agreement to an information of the newspaper &#8216;ACE&#8217;, in France begin to take for granted that the Parisian group also will go to the &#8216;war&#8217; to do with the services of Randal Kolo Muani, of the Eintracht Frankfurt. Up to now it did not split like a priority, because <strong>had in mind to Harry Kane or Victor Osimhen like options to reinforce the centre of the attack, but now the history has changed totally. <\/strong><\/p>  <p>desconoce Which will be the available price of the player of 24 years, but some sources aim to that rondar\u00e1 the 70 million euros. The next dias will be keys for the negotiations, but does not be necessary to overlook that until does some weeks from Germany had priced it in some 100 &#8216;kilos&#8217;. To<strong>hour, in front of the insistence of the Parisians, the future of Kolo Muani will be in the air. <\/strong><\/p>  <h2>The new attack of the PSG&#8230; Without Mbapp\u00e9?<\/h2>  <p>From the dispatches of the Park of the Princes are encouraging to configure the most competitive team possible, after the exit of Lionel Messi and the likely sale of Kylian Mbapp\u00e9. In principle, so much Demb\u00e9l\u00e9 like Muani are called to be the companions of Neymar Jr in the attack when it recover to 100% of his physical ailments. They have he and is called to be the star of the team.<\/p> ","protected":false},"excerpt":{"rendered":"<p>Paris Saint-Germain, despite the fact that they have not finalized the departure of Kylian Mbapp\u00e9, are already looking for relief from Bondy&#8217;s attacker. While they are negotiating with FC Barcelona for Ousmane Demb\u00e9l\u00e9, they have also knocked on Eintracht&#8217;s door to sign Kolo Muani In the Paris Saint-Germain are in account regresiva so that it [&hellip;]<\/p>\n","protected":false},"author":353,"featured_media":128744,"comment_status":"closed","ping_status":"open","sticky":false,"template":"","format":"standard","meta":{"_acf_changed":false,"inline_featured_image":false,"_nextfly_llmd_date_locked":false,"footnotes":""},"categories":[449,106],"tags":[146,171],"class_list":["post-128739","post","type-post","status-publish","format-standard","has-post-thumbnail","hentry","category-transfers-2","category-transfers","tag-dembele","tag-mbappe"],"acf":[],"yoast_head":"<!-- This site is optimized with the Yoast SEO plugin v27.3 - https:\/\/yoast.com\/product\/yoast-seo-wordpress\/ -->\n<title>Demb\u00e9l\u00e9 and Kolo Muani, the chosen ones from PSG to replace Mbapp\u00e9<\/title>\n<meta name=\"description\" content=\"The Paris Saint-Germain, although it has not concretised the exit of Kylian Mbapp\u00e9, already is him looking for reliefs to the attacker of Bondy. While they negotiate with the FC Barcelona by Ousmane Demb\u00e9l\u00e9, also have touched the door of the Eintracht to add to Kolo Muani\" \/>\n<meta name=\"robots\" content=\"index, follow, max-snippet:-1, max-image-preview:large, max-video-preview:-1\" \/>\n<link rel=\"canonical\" href=\"https:\/\/www.fcbarcelonanoticias.com\/en\/transfers\/dembele-kolo-muani-chosen-psg-replace-mbappe_294648_102.html\" \/>\n<meta property=\"og:locale\" content=\"en_US\" \/>\n<meta property=\"og:type\" content=\"article\" \/>\n<meta property=\"og:title\" content=\"Demb\u00e9l\u00e9 and Kolo Muani, the chosen ones from PSG to replace Mbapp\u00e9\" \/>\n<meta property=\"og:description\" content=\"The Paris Saint-Germain, although it has not concretised the exit of Kylian Mbapp\u00e9, already is him looking for reliefs to the attacker of Bondy. While they negotiate with the FC Barcelona by Ousmane Demb\u00e9l\u00e9, also have touched the door of the Eintracht to add to Kolo Muani\" \/>\n<meta property=\"og:url\" content=\"https:\/\/www.fcbarcelonanoticias.com\/en\/transfers\/dembele-kolo-muani-chosen-psg-replace-mbappe_294648_102.html\" \/>\n<meta property=\"og:site_name\" content=\"EN - FC Barcelona Noticias\" \/>\n<meta property=\"article:published_time\" content=\"2023-07-31T18:04:00+00:00\" \/>\n<meta property=\"og:image\" content=\"https:\/\/www.fcbarcelonanoticias.com\/en\/wp-content\/uploads\/sites\/2\/2023\/07\/fbl-eur-c1-draw-1.jpeg\" \/>\n\t<meta property=\"og:image:width\" content=\"1200\" \/>\n\t<meta property=\"og:image:height\" content=\"750\" \/>\n\t<meta property=\"og:image:type\" content=\"image\/jpeg\" \/>\n<meta name=\"author\" content=\"FC Barcelona Noticias\" \/>\n<meta name=\"twitter:card\" content=\"summary_large_image\" \/>\n<meta name=\"twitter:label1\" content=\"Written by\" \/>\n\t<meta name=\"twitter:data1\" content=\"FC Barcelona Noticias\" \/>\n\t<meta name=\"twitter:label2\" content=\"Est. reading time\" \/>\n\t<meta name=\"twitter:data2\" content=\"2 minutes\" \/>\n<script type=\"application\/ld+json\" class=\"yoast-schema-graph\">{\"@context\":\"https:\\\/\\\/schema.org\",\"@graph\":[{\"@type\":\"Article\",\"@id\":\"https:\\\/\\\/www.fcbarcelonanoticias.com\\\/en\\\/transfers\\\/dembele-kolo-muani-chosen-psg-replace-mbappe_294648_102.html#article\",\"isPartOf\":{\"@id\":\"https:\\\/\\\/www.fcbarcelonanoticias.com\\\/en\\\/transfers\\\/dembele-kolo-muani-chosen-psg-replace-mbappe_294648_102.html\"},\"author\":{\"name\":\"FC Barcelona Noticias\",\"@id\":\"https:\\\/\\\/www.fcbarcelonanoticias.com\\\/en\\\/#\\\/schema\\\/person\\\/0f2810101d27606974cdb8edb54fa54b\"},\"headline\":\"Demb\u00e9l\u00e9 and Kolo Muani, the chosen ones from PSG to replace Mbapp\u00e9\",\"datePublished\":\"2023-07-31T18:04:00+00:00\",\"mainEntityOfPage\":{\"@id\":\"https:\\\/\\\/www.fcbarcelonanoticias.com\\\/en\\\/transfers\\\/dembele-kolo-muani-chosen-psg-replace-mbappe_294648_102.html\"},\"wordCount\":463,\"image\":{\"@id\":\"https:\\\/\\\/www.fcbarcelonanoticias.com\\\/en\\\/transfers\\\/dembele-kolo-muani-chosen-psg-replace-mbappe_294648_102.html#primaryimage\"},\"thumbnailUrl\":\"https:\\\/\\\/www.fcbarcelonanoticias.com\\\/en\\\/wp-content\\\/uploads\\\/sites\\\/2\\\/2023\\\/07\\\/fbl-eur-c1-draw-1.jpeg\",\"keywords\":[\"Demb\u00e9l\u00e9\",\"Mbapp\u00e9\"],\"articleSection\":[\"Transfers\",\"Transfers\"],\"inLanguage\":\"en-US\"},{\"@type\":\"WebPage\",\"@id\":\"https:\\\/\\\/www.fcbarcelonanoticias.com\\\/en\\\/transfers\\\/dembele-kolo-muani-chosen-psg-replace-mbappe_294648_102.html\",\"url\":\"https:\\\/\\\/www.fcbarcelonanoticias.com\\\/en\\\/transfers\\\/dembele-kolo-muani-chosen-psg-replace-mbappe_294648_102.html\",\"name\":\"Demb\u00e9l\u00e9 and Kolo Muani, the chosen ones from PSG to replace Mbapp\u00e9\",\"isPartOf\":{\"@id\":\"https:\\\/\\\/www.fcbarcelonanoticias.com\\\/en\\\/#website\"},\"primaryImageOfPage\":{\"@id\":\"https:\\\/\\\/www.fcbarcelonanoticias.com\\\/en\\\/transfers\\\/dembele-kolo-muani-chosen-psg-replace-mbappe_294648_102.html#primaryimage\"},\"image\":{\"@id\":\"https:\\\/\\\/www.fcbarcelonanoticias.com\\\/en\\\/transfers\\\/dembele-kolo-muani-chosen-psg-replace-mbappe_294648_102.html#primaryimage\"},\"thumbnailUrl\":\"https:\\\/\\\/www.fcbarcelonanoticias.com\\\/en\\\/wp-content\\\/uploads\\\/sites\\\/2\\\/2023\\\/07\\\/fbl-eur-c1-draw-1.jpeg\",\"datePublished\":\"2023-07-31T18:04:00+00:00\",\"author\":{\"@id\":\"https:\\\/\\\/www.fcbarcelonanoticias.com\\\/en\\\/#\\\/schema\\\/person\\\/0f2810101d27606974cdb8edb54fa54b\"},\"description\":\"The Paris Saint-Germain, although it has not concretised the exit of Kylian Mbapp\u00e9, already is him looking for reliefs to the attacker of Bondy. While they negotiate with the FC Barcelona by Ousmane Demb\u00e9l\u00e9, also have touched the door of the Eintracht to add to Kolo Muani\",\"breadcrumb\":{\"@id\":\"https:\\\/\\\/www.fcbarcelonanoticias.com\\\/en\\\/transfers\\\/dembele-kolo-muani-chosen-psg-replace-mbappe_294648_102.html#breadcrumb\"},\"inLanguage\":\"en-US\",\"potentialAction\":[{\"@type\":\"ReadAction\",\"target\":[\"https:\\\/\\\/www.fcbarcelonanoticias.com\\\/en\\\/transfers\\\/dembele-kolo-muani-chosen-psg-replace-mbappe_294648_102.html\"]}]},{\"@type\":\"ImageObject\",\"inLanguage\":\"en-US\",\"@id\":\"https:\\\/\\\/www.fcbarcelonanoticias.com\\\/en\\\/transfers\\\/dembele-kolo-muani-chosen-psg-replace-mbappe_294648_102.html#primaryimage\",\"url\":\"https:\\\/\\\/www.fcbarcelonanoticias.com\\\/en\\\/wp-content\\\/uploads\\\/sites\\\/2\\\/2023\\\/07\\\/fbl-eur-c1-draw-1.jpeg\",\"contentUrl\":\"https:\\\/\\\/www.fcbarcelonanoticias.com\\\/en\\\/wp-content\\\/uploads\\\/sites\\\/2\\\/2023\\\/07\\\/fbl-eur-c1-draw-1.jpeg\",\"width\":1200,\"height\":750},{\"@type\":\"BreadcrumbList\",\"@id\":\"https:\\\/\\\/www.fcbarcelonanoticias.com\\\/en\\\/transfers\\\/dembele-kolo-muani-chosen-psg-replace-mbappe_294648_102.html#breadcrumb\",\"itemListElement\":[{\"@type\":\"ListItem\",\"position\":1,\"name\":\"Portada\",\"item\":\"https:\\\/\\\/www.fcbarcelonanoticias.com\\\/en\\\/\"},{\"@type\":\"ListItem\",\"position\":2,\"name\":\"Demb\u00e9l\u00e9 and Kolo Muani, the chosen ones from PSG to replace Mbapp\u00e9\"}]},{\"@type\":\"WebSite\",\"@id\":\"https:\\\/\\\/www.fcbarcelonanoticias.com\\\/en\\\/#website\",\"url\":\"https:\\\/\\\/www.fcbarcelonanoticias.com\\\/en\\\/\",\"name\":\"EN - FC Barcelona Noticias\",\"description\":\"\",\"potentialAction\":[{\"@type\":\"SearchAction\",\"target\":{\"@type\":\"EntryPoint\",\"urlTemplate\":\"https:\\\/\\\/www.fcbarcelonanoticias.com\\\/en\\\/?s={search_term_string}\"},\"query-input\":{\"@type\":\"PropertyValueSpecification\",\"valueRequired\":true,\"valueName\":\"search_term_string\"}}],\"inLanguage\":\"en-US\"},{\"@type\":\"Person\",\"@id\":\"https:\\\/\\\/www.fcbarcelonanoticias.com\\\/en\\\/#\\\/schema\\\/person\\\/0f2810101d27606974cdb8edb54fa54b\",\"name\":\"FC Barcelona Noticias\",\"image\":{\"@type\":\"ImageObject\",\"inLanguage\":\"en-US\",\"@id\":\"https:\\\/\\\/secure.gravatar.com\\\/avatar\\\/?s=96&d=mm&r=g\",\"url\":\"https:\\\/\\\/secure.gravatar.com\\\/avatar\\\/?s=96&d=mm&r=g\",\"contentUrl\":\"https:\\\/\\\/secure.gravatar.com\\\/avatar\\\/?s=96&d=mm&r=g\",\"caption\":\"FC Barcelona Noticias\"},\"url\":\"https:\\\/\\\/www.fcbarcelonanoticias.com\\\/en\\\/fc-barcelona\\\/fcbn-writing-fc-barcelona-news_6_115.html\"}]}<\/script>\n<!-- \/ Yoast SEO plugin. -->","yoast_head_json":{"title":"Demb\u00e9l\u00e9 and Kolo Muani, the chosen ones from PSG to replace Mbapp\u00e9","description":"The Paris Saint-Germain, although it has not concretised the exit of Kylian Mbapp\u00e9, already is him looking for reliefs to the attacker of Bondy. While they negotiate with the FC Barcelona by Ousmane Demb\u00e9l\u00e9, also have touched the door of the Eintracht to add to Kolo Muani","robots":{"index":"index","follow":"follow","max-snippet":"max-snippet:-1","max-image-preview":"max-image-preview:large","max-video-preview":"max-video-preview:-1"},"canonical":"https:\/\/www.fcbarcelonanoticias.com\/en\/transfers\/dembele-kolo-muani-chosen-psg-replace-mbappe_294648_102.html","og_locale":"en_US","og_type":"article","og_title":"Demb\u00e9l\u00e9 and Kolo Muani, the chosen ones from PSG to replace Mbapp\u00e9","og_description":"The Paris Saint-Germain, although it has not concretised the exit of Kylian Mbapp\u00e9, already is him looking for reliefs to the attacker of Bondy. While they negotiate with the FC Barcelona by Ousmane Demb\u00e9l\u00e9, also have touched the door of the Eintracht to add to Kolo Muani","og_url":"https:\/\/www.fcbarcelonanoticias.com\/en\/transfers\/dembele-kolo-muani-chosen-psg-replace-mbappe_294648_102.html","og_site_name":"EN - FC Barcelona Noticias","article_published_time":"2023-07-31T18:04:00+00:00","og_image":[{"width":1200,"height":750,"url":"https:\/\/www.fcbarcelonanoticias.com\/en\/wp-content\/uploads\/sites\/2\/2023\/07\/fbl-eur-c1-draw-1.jpeg","type":"image\/jpeg"}],"author":"FC Barcelona Noticias","twitter_card":"summary_large_image","twitter_misc":{"Written by":"FC Barcelona Noticias","Est. reading time":"2 minutes"},"schema":{"@context":"https:\/\/schema.org","@graph":[{"@type":"Article","@id":"https:\/\/www.fcbarcelonanoticias.com\/en\/transfers\/dembele-kolo-muani-chosen-psg-replace-mbappe_294648_102.html#article","isPartOf":{"@id":"https:\/\/www.fcbarcelonanoticias.com\/en\/transfers\/dembele-kolo-muani-chosen-psg-replace-mbappe_294648_102.html"},"author":{"name":"FC Barcelona Noticias","@id":"https:\/\/www.fcbarcelonanoticias.com\/en\/#\/schema\/person\/0f2810101d27606974cdb8edb54fa54b"},"headline":"Demb\u00e9l\u00e9 and Kolo Muani, the chosen ones from PSG to replace Mbapp\u00e9","datePublished":"2023-07-31T18:04:00+00:00","mainEntityOfPage":{"@id":"https:\/\/www.fcbarcelonanoticias.com\/en\/transfers\/dembele-kolo-muani-chosen-psg-replace-mbappe_294648_102.html"},"wordCount":463,"image":{"@id":"https:\/\/www.fcbarcelonanoticias.com\/en\/transfers\/dembele-kolo-muani-chosen-psg-replace-mbappe_294648_102.html#primaryimage"},"thumbnailUrl":"https:\/\/www.fcbarcelonanoticias.com\/en\/wp-content\/uploads\/sites\/2\/2023\/07\/fbl-eur-c1-draw-1.jpeg","keywords":["Demb\u00e9l\u00e9","Mbapp\u00e9"],"articleSection":["Transfers","Transfers"],"inLanguage":"en-US"},{"@type":"WebPage","@id":"https:\/\/www.fcbarcelonanoticias.com\/en\/transfers\/dembele-kolo-muani-chosen-psg-replace-mbappe_294648_102.html","url":"https:\/\/www.fcbarcelonanoticias.com\/en\/transfers\/dembele-kolo-muani-chosen-psg-replace-mbappe_294648_102.html","name":"Demb\u00e9l\u00e9 and Kolo Muani, the chosen ones from PSG to replace Mbapp\u00e9","isPartOf":{"@id":"https:\/\/www.fcbarcelonanoticias.com\/en\/#website"},"primaryImageOfPage":{"@id":"https:\/\/www.fcbarcelonanoticias.com\/en\/transfers\/dembele-kolo-muani-chosen-psg-replace-mbappe_294648_102.html#primaryimage"},"image":{"@id":"https:\/\/www.fcbarcelonanoticias.com\/en\/transfers\/dembele-kolo-muani-chosen-psg-replace-mbappe_294648_102.html#primaryimage"},"thumbnailUrl":"https:\/\/www.fcbarcelonanoticias.com\/en\/wp-content\/uploads\/sites\/2\/2023\/07\/fbl-eur-c1-draw-1.jpeg","datePublished":"2023-07-31T18:04:00+00:00","author":{"@id":"https:\/\/www.fcbarcelonanoticias.com\/en\/#\/schema\/person\/0f2810101d27606974cdb8edb54fa54b"},"description":"The Paris Saint-Germain, although it has not concretised the exit of Kylian Mbapp\u00e9, already is him looking for reliefs to the attacker of Bondy. While they negotiate with the FC Barcelona by Ousmane Demb\u00e9l\u00e9, also have touched the door of the Eintracht to add to Kolo Muani","breadcrumb":{"@id":"https:\/\/www.fcbarcelonanoticias.com\/en\/transfers\/dembele-kolo-muani-chosen-psg-replace-mbappe_294648_102.html#breadcrumb"},"inLanguage":"en-US","potentialAction":[{"@type":"ReadAction","target":["https:\/\/www.fcbarcelonanoticias.com\/en\/transfers\/dembele-kolo-muani-chosen-psg-replace-mbappe_294648_102.html"]}]},{"@type":"ImageObject","inLanguage":"en-US","@id":"https:\/\/www.fcbarcelonanoticias.com\/en\/transfers\/dembele-kolo-muani-chosen-psg-replace-mbappe_294648_102.html#primaryimage","url":"https:\/\/www.fcbarcelonanoticias.com\/en\/wp-content\/uploads\/sites\/2\/2023\/07\/fbl-eur-c1-draw-1.jpeg","contentUrl":"https:\/\/www.fcbarcelonanoticias.com\/en\/wp-content\/uploads\/sites\/2\/2023\/07\/fbl-eur-c1-draw-1.jpeg","width":1200,"height":750},{"@type":"BreadcrumbList","@id":"https:\/\/www.fcbarcelonanoticias.com\/en\/transfers\/dembele-kolo-muani-chosen-psg-replace-mbappe_294648_102.html#breadcrumb","itemListElement":[{"@type":"ListItem","position":1,"name":"Portada","item":"https:\/\/www.fcbarcelonanoticias.com\/en\/"},{"@type":"ListItem","position":2,"name":"Demb\u00e9l\u00e9 and Kolo Muani, the chosen ones from PSG to replace Mbapp\u00e9"}]},{"@type":"WebSite","@id":"https:\/\/www.fcbarcelonanoticias.com\/en\/#website","url":"https:\/\/www.fcbarcelonanoticias.com\/en\/","name":"EN - FC Barcelona Noticias","description":"","potentialAction":[{"@type":"SearchAction","target":{"@type":"EntryPoint","urlTemplate":"https:\/\/www.fcbarcelonanoticias.com\/en\/?s={search_term_string}"},"query-input":{"@type":"PropertyValueSpecification","valueRequired":true,"valueName":"search_term_string"}}],"inLanguage":"en-US"},{"@type":"Person","@id":"https:\/\/www.fcbarcelonanoticias.com\/en\/#\/schema\/person\/0f2810101d27606974cdb8edb54fa54b","name":"FC Barcelona Noticias","image":{"@type":"ImageObject","inLanguage":"en-US","@id":"https:\/\/secure.gravatar.com\/avatar\/?s=96&d=mm&r=g","url":"https:\/\/secure.gravatar.com\/avatar\/?s=96&d=mm&r=g","contentUrl":"https:\/\/secure.gravatar.com\/avatar\/?s=96&d=mm&r=g","caption":"FC Barcelona Noticias"},"url":"https:\/\/www.fcbarcelonanoticias.com\/en\/fc-barcelona\/fcbn-writing-fc-barcelona-news_6_115.html"}]}},"_links":{"self":[{"href":"https:\/\/www.fcbarcelonanoticias.com\/en\/wp-json\/wp\/v2\/posts\/128739","targetHints":{"allow":["GET"]}}],"collection":[{"href":"https:\/\/www.fcbarcelonanoticias.com\/en\/wp-json\/wp\/v2\/posts"}],"about":[{"href":"https:\/\/www.fcbarcelonanoticias.com\/en\/wp-json\/wp\/v2\/types\/post"}],"author":[{"embeddable":true,"href":"https:\/\/www.fcbarcelonanoticias.com\/en\/wp-json\/wp\/v2\/users\/353"}],"replies":[{"embeddable":true,"href":"https:\/\/www.fcbarcelonanoticias.com\/en\/wp-json\/wp\/v2\/comments?post=128739"}],"version-history":[{"count":1,"href":"https:\/\/www.fcbarcelonanoticias.com\/en\/wp-json\/wp\/v2\/posts\/128739\/revisions"}],"predecessor-version":[{"id":152177,"href":"https:\/\/www.fcbarcelonanoticias.com\/en\/wp-json\/wp\/v2\/posts\/128739\/revisions\/152177"}],"wp:featuredmedia":[{"embeddable":true,"href":"https:\/\/www.fcbarcelonanoticias.com\/en\/wp-json\/wp\/v2\/media\/128744"}],"wp:attachment":[{"href":"https:\/\/www.fcbarcelonanoticias.com\/en\/wp-json\/wp\/v2\/media?parent=128739"}],"wp:term":[{"taxonomy":"category","embeddable":true,"href":"https:\/\/www.fcbarcelonanoticias.com\/en\/wp-json\/wp\/v2\/categories?post=128739"},{"taxonomy":"post_tag","embeddable":true,"href":"https:\/\/www.fcbarcelonanoticias.com\/en\/wp-json\/wp\/v2\/tags?post=128739"}],"curies":[{"name":"wp","href":"https:\/\/api.w.org\/{rel}","templated":true}]}}