{"id":128746,"date":"2023-08-08T14:10:00","date_gmt":"2023-08-08T12:10:00","guid":{"rendered":"https:\/\/weisetech.dev\/fc-barcelona-noticias\/en\/departure-shortly-barca-dembele-could-disassociate-after-gamper_294910_102\/"},"modified":"2023-08-08T16:51:00","modified_gmt":"2023-08-08T14:51:00","slug":"departure-shortly-barca-dembele-could-disassociate-after-gamper_294910_102","status":"publish","type":"post","link":"https:\/\/www.fcbarcelonanoticias.com\/en\/transfers\/departure-shortly-barca-dembele-could-disassociate-after-gamper_294910_102.html","title":{"rendered":"Departure soon! Bar\u00e7a and Demb\u00e9l\u00e9 could part ways after Gamper"},"content":{"rendered":"<h2 class=\"wp-block-heading\">Bar\u00e7a would be very close to closing the transfer of Ousmane Demb\u00e9l\u00e9 to Paris Saint-Germain. In fact, his departure could take place this Tuesday after the Gamper against Tottenham<\/h2>  \r\n<div class=\"article-addons\">\r\n    <a href=\"https:\/\/www.fcbarcelonanoticias.com\/en\/calendar-fc-barcelona.html\"\r\n       target=\"_self\"\r\n       title=\"Calendar of FC Barcelona\"\r\n       class=\"blue-gredient-btn\">\r\n       \r\n        Calendar of FC Barcelona    <\/a>\r\n<\/div>   <p><strong>The &#8216;novel&#8217; between Ousmane Demb\u00e9l\u00e9 and the FC Barcelona is very near to finish.<\/strong> The French already would have all done with Paris Saint-Germain and would be question of time so that they approach postures with the Barcelona by his traspaso. In fact, <strong>his desvinculaci\u00f3n with the cul\u00e9s could close this same Tuesday<\/strong> after the Trophy Joan Gamper.<\/p>  <h2>The Bar\u00e7a wants to close what before the &#8216;Case Demb\u00e9l\u00e9&#8217;<\/h2>  <p>Xavi Hern\u00e1ndez is thinking seriously in <strong>not summoning to the French<\/strong> so that it resolve the last fringes and like this avoid that the public load against him in his last hours like footballer of the first team. <a data-external=\"0\" data-intl-links-en=\"https:\/\/www.fcbarcelonanoticias.com\/en\/transfers\/dembele-attends-the-barca-training-session_294850_102.html\" data-intl-links-es=\"https:\/\/www.fcbarcelonanoticias.com\/fichajes\/dembele-asiste-obligado-entrenamiento-barca_294850_102.html\" href=\"https:\/\/www.fcbarcelonanoticias.com\/en\/transfers\/dembele-attends-the-barca-training-session_294850_102.html\" rel=\"follow\" target=\"_self\" title=\"Demb\u00e9l\u00e9 asiste 'obligado' al entrenamiento del Bar\u00e7a\">Already it has had trainings with the group<\/a> although his exit is imminent and <strong>in the dispatches expect to resolve everything before the start of LaLiga<\/strong> next Friday.<\/p>  <p>It is important to remember that<strong> the Bar\u00e7a will play this Tuesday his last friendly of the season in front of the Tottenham<\/strong> of Ange Postecoglou, what will be the last essay of both technicians before the formal beginning of the season 2023\/24.<strong> The Catalans want to close all the registrations of the plantel<\/strong> but first need to speed up the course of the &#8216;Mosquito&#8217;.<\/p>  <h2>The descartes could not having minutes<\/h2>  <p><a data-external=\"0\" data-intl-links-en=\"https:\/\/www.fcbarcelonanoticias.com\/en\/transfers\/barca-wants-to-close-sale-kessie-al-ahli-before-friday_294906_102.html\" data-intl-links-es=\"https:\/\/www.fcbarcelonanoticias.com\/fichajes\/barca-quiere-cerrar-venta-kessie-al-ahli-antes-viernes_294906_102.html\" href=\"https:\/\/www.fcbarcelonanoticias.com\/en\/transfers\/barca-wants-to-close-sale-kessie-al-ahli-before-friday_294906_102.html\" rel=\"follow\" target=\"_self\" title=\"El Bar\u00e7a quiere cerrar la venta de Kessi\u00e9 al Al-Ahli antes del viernes\">To the Frenchman also joins him Franck Kessi\u00e9<\/a>, the one who is very near of fichar with the To the-Ahli Saudi. The marfile\u00f1o does not have place inside the staff of the technician and understands that<strong> the best to have continuity is recalar in the Half Orient,<\/strong> where will be indisputable headline and ingresar\u00e1 some emolumentos millionaire impossible to equalise in Barcelona.<\/p>  <p>All will keep to the expectation in the following hours and <strong>no descarta that Xavi present an eleven without any of the footballers that find in the ramp of exit.<\/strong> Further of Demb\u00e9l\u00e9 and Kessi\u00e9, so much Sergi\u00f1o Dest like Cl\u00e9ment Lenglet could not seeing minutes while desencallan his cases in the last weeks of the market.<\/p> ","protected":false},"excerpt":{"rendered":"<p>Bar\u00e7a would be very close to closing the transfer of Ousmane Demb\u00e9l\u00e9 to Paris Saint-Germain. In fact, his departure could take place this Tuesday after the Gamper against Tottenham The &#8216;novel&#8217; between Ousmane Demb\u00e9l\u00e9 and the FC Barcelona is very near to finish. The French already would have all done with Paris Saint-Germain and would [&hellip;]<\/p>\n","protected":false},"author":0,"featured_media":128749,"comment_status":"closed","ping_status":"open","sticky":false,"template":"","format":"standard","meta":{"_acf_changed":false,"inline_featured_image":false,"_nextfly_llmd_date_locked":false,"footnotes":""},"categories":[106,449],"tags":[146],"class_list":["post-128746","post","type-post","status-publish","format-standard","has-post-thumbnail","hentry","category-transfers","category-transfers-2","tag-dembele"],"acf":[],"yoast_head":"<!-- This site is optimized with the Yoast SEO plugin v27.3 - https:\/\/yoast.com\/product\/yoast-seo-wordpress\/ -->\n<title>Departure soon! Bar\u00e7a and Demb\u00e9l\u00e9 could part ways after Gamper<\/title>\n<meta name=\"description\" content=\"Bar\u00e7a would be very close to closing the transfer of Ousmane Demb\u00e9l\u00e9 to Paris Saint-Germain. In fact, his departure could take place this Tuesday after the Gamper against Tottenham\" \/>\n<meta name=\"robots\" content=\"index, follow, max-snippet:-1, max-image-preview:large, max-video-preview:-1\" \/>\n<link rel=\"canonical\" href=\"https:\/\/www.fcbarcelonanoticias.com\/en\/transfers\/departure-shortly-barca-dembele-could-disassociate-after-gamper_294910_102.html\" \/>\n<meta property=\"og:locale\" content=\"en_US\" \/>\n<meta property=\"og:type\" content=\"article\" \/>\n<meta property=\"og:title\" content=\"Departure soon! Bar\u00e7a and Demb\u00e9l\u00e9 could part ways after Gamper\" \/>\n<meta property=\"og:description\" content=\"Bar\u00e7a would be very close to closing the transfer of Ousmane Demb\u00e9l\u00e9 to Paris Saint-Germain. In fact, his departure could take place this Tuesday after the Gamper against Tottenham\" \/>\n<meta property=\"og:url\" content=\"https:\/\/www.fcbarcelonanoticias.com\/en\/transfers\/departure-shortly-barca-dembele-could-disassociate-after-gamper_294910_102.html\" \/>\n<meta property=\"og:site_name\" content=\"EN - FC Barcelona Noticias\" \/>\n<meta property=\"article:published_time\" content=\"2023-08-08T12:10:00+00:00\" \/>\n<meta property=\"article:modified_time\" content=\"2023-08-08T14:51:00+00:00\" \/>\n<meta property=\"og:image\" content=\"https:\/\/www.fcbarcelonanoticias.com\/en\/wp-content\/uploads\/sites\/2\/2023\/08\/fc-barcelona-v-real-sociedad-copa-del-rey-quarter-final-5-1.jpeg\" \/>\n\t<meta property=\"og:image:width\" content=\"1200\" \/>\n\t<meta property=\"og:image:height\" content=\"695\" \/>\n\t<meta property=\"og:image:type\" content=\"image\/jpeg\" \/>\n<meta name=\"twitter:card\" content=\"summary_large_image\" \/>\n<meta name=\"twitter:label1\" content=\"Est. reading time\" \/>\n\t<meta name=\"twitter:data1\" content=\"2 minutes\" \/>\n<script type=\"application\/ld+json\" class=\"yoast-schema-graph\">{\"@context\":\"https:\\\/\\\/schema.org\",\"@graph\":[{\"@type\":\"Article\",\"@id\":\"https:\\\/\\\/www.fcbarcelonanoticias.com\\\/en\\\/transfers\\\/departure-shortly-barca-dembele-could-disassociate-after-gamper_294910_102.html#article\",\"isPartOf\":{\"@id\":\"https:\\\/\\\/www.fcbarcelonanoticias.com\\\/en\\\/transfers\\\/departure-shortly-barca-dembele-could-disassociate-after-gamper_294910_102.html\"},\"author\":{\"name\":\"\",\"@id\":\"\"},\"headline\":\"Departure soon! Bar\u00e7a and Demb\u00e9l\u00e9 could part ways after Gamper\",\"datePublished\":\"2023-08-08T12:10:00+00:00\",\"dateModified\":\"2023-08-08T14:51:00+00:00\",\"mainEntityOfPage\":{\"@id\":\"https:\\\/\\\/www.fcbarcelonanoticias.com\\\/en\\\/transfers\\\/departure-shortly-barca-dembele-could-disassociate-after-gamper_294910_102.html\"},\"wordCount\":377,\"image\":{\"@id\":\"https:\\\/\\\/www.fcbarcelonanoticias.com\\\/en\\\/transfers\\\/departure-shortly-barca-dembele-could-disassociate-after-gamper_294910_102.html#primaryimage\"},\"thumbnailUrl\":\"https:\\\/\\\/www.fcbarcelonanoticias.com\\\/en\\\/wp-content\\\/uploads\\\/sites\\\/2\\\/2023\\\/08\\\/fc-barcelona-v-real-sociedad-copa-del-rey-quarter-final-5-1.jpeg\",\"keywords\":[\"Demb\u00e9l\u00e9\"],\"articleSection\":[\"Transfers\",\"Transfers\"],\"inLanguage\":\"en-US\"},{\"@type\":\"WebPage\",\"@id\":\"https:\\\/\\\/www.fcbarcelonanoticias.com\\\/en\\\/transfers\\\/departure-shortly-barca-dembele-could-disassociate-after-gamper_294910_102.html\",\"url\":\"https:\\\/\\\/www.fcbarcelonanoticias.com\\\/en\\\/transfers\\\/departure-shortly-barca-dembele-could-disassociate-after-gamper_294910_102.html\",\"name\":\"Departure soon! Bar\u00e7a and Demb\u00e9l\u00e9 could part ways after Gamper\",\"isPartOf\":{\"@id\":\"https:\\\/\\\/www.fcbarcelonanoticias.com\\\/en\\\/#website\"},\"primaryImageOfPage\":{\"@id\":\"https:\\\/\\\/www.fcbarcelonanoticias.com\\\/en\\\/transfers\\\/departure-shortly-barca-dembele-could-disassociate-after-gamper_294910_102.html#primaryimage\"},\"image\":{\"@id\":\"https:\\\/\\\/www.fcbarcelonanoticias.com\\\/en\\\/transfers\\\/departure-shortly-barca-dembele-could-disassociate-after-gamper_294910_102.html#primaryimage\"},\"thumbnailUrl\":\"https:\\\/\\\/www.fcbarcelonanoticias.com\\\/en\\\/wp-content\\\/uploads\\\/sites\\\/2\\\/2023\\\/08\\\/fc-barcelona-v-real-sociedad-copa-del-rey-quarter-final-5-1.jpeg\",\"datePublished\":\"2023-08-08T12:10:00+00:00\",\"dateModified\":\"2023-08-08T14:51:00+00:00\",\"author\":{\"@id\":\"\"},\"description\":\"Bar\u00e7a would be very close to closing the transfer of Ousmane Demb\u00e9l\u00e9 to Paris Saint-Germain. In fact, his departure could take place this Tuesday after the Gamper against Tottenham\",\"breadcrumb\":{\"@id\":\"https:\\\/\\\/www.fcbarcelonanoticias.com\\\/en\\\/transfers\\\/departure-shortly-barca-dembele-could-disassociate-after-gamper_294910_102.html#breadcrumb\"},\"inLanguage\":\"en-US\",\"potentialAction\":[{\"@type\":\"ReadAction\",\"target\":[\"https:\\\/\\\/www.fcbarcelonanoticias.com\\\/en\\\/transfers\\\/departure-shortly-barca-dembele-could-disassociate-after-gamper_294910_102.html\"]}]},{\"@type\":\"ImageObject\",\"inLanguage\":\"en-US\",\"@id\":\"https:\\\/\\\/www.fcbarcelonanoticias.com\\\/en\\\/transfers\\\/departure-shortly-barca-dembele-could-disassociate-after-gamper_294910_102.html#primaryimage\",\"url\":\"https:\\\/\\\/www.fcbarcelonanoticias.com\\\/en\\\/wp-content\\\/uploads\\\/sites\\\/2\\\/2023\\\/08\\\/fc-barcelona-v-real-sociedad-copa-del-rey-quarter-final-5-1.jpeg\",\"contentUrl\":\"https:\\\/\\\/www.fcbarcelonanoticias.com\\\/en\\\/wp-content\\\/uploads\\\/sites\\\/2\\\/2023\\\/08\\\/fc-barcelona-v-real-sociedad-copa-del-rey-quarter-final-5-1.jpeg\",\"width\":1200,\"height\":695},{\"@type\":\"BreadcrumbList\",\"@id\":\"https:\\\/\\\/www.fcbarcelonanoticias.com\\\/en\\\/transfers\\\/departure-shortly-barca-dembele-could-disassociate-after-gamper_294910_102.html#breadcrumb\",\"itemListElement\":[{\"@type\":\"ListItem\",\"position\":1,\"name\":\"Portada\",\"item\":\"https:\\\/\\\/www.fcbarcelonanoticias.com\\\/en\\\/\"},{\"@type\":\"ListItem\",\"position\":2,\"name\":\"Departure soon! Bar\u00e7a and Demb\u00e9l\u00e9 could part ways after Gamper\"}]},{\"@type\":\"WebSite\",\"@id\":\"https:\\\/\\\/www.fcbarcelonanoticias.com\\\/en\\\/#website\",\"url\":\"https:\\\/\\\/www.fcbarcelonanoticias.com\\\/en\\\/\",\"name\":\"EN - FC Barcelona Noticias\",\"description\":\"\",\"potentialAction\":[{\"@type\":\"SearchAction\",\"target\":{\"@type\":\"EntryPoint\",\"urlTemplate\":\"https:\\\/\\\/www.fcbarcelonanoticias.com\\\/en\\\/?s={search_term_string}\"},\"query-input\":{\"@type\":\"PropertyValueSpecification\",\"valueRequired\":true,\"valueName\":\"search_term_string\"}}],\"inLanguage\":\"en-US\"}]}<\/script>\n<!-- \/ Yoast SEO plugin. -->","yoast_head_json":{"title":"Departure soon! Bar\u00e7a and Demb\u00e9l\u00e9 could part ways after Gamper","description":"Bar\u00e7a would be very close to closing the transfer of Ousmane Demb\u00e9l\u00e9 to Paris Saint-Germain. In fact, his departure could take place this Tuesday after the Gamper against Tottenham","robots":{"index":"index","follow":"follow","max-snippet":"max-snippet:-1","max-image-preview":"max-image-preview:large","max-video-preview":"max-video-preview:-1"},"canonical":"https:\/\/www.fcbarcelonanoticias.com\/en\/transfers\/departure-shortly-barca-dembele-could-disassociate-after-gamper_294910_102.html","og_locale":"en_US","og_type":"article","og_title":"Departure soon! Bar\u00e7a and Demb\u00e9l\u00e9 could part ways after Gamper","og_description":"Bar\u00e7a would be very close to closing the transfer of Ousmane Demb\u00e9l\u00e9 to Paris Saint-Germain. In fact, his departure could take place this Tuesday after the Gamper against Tottenham","og_url":"https:\/\/www.fcbarcelonanoticias.com\/en\/transfers\/departure-shortly-barca-dembele-could-disassociate-after-gamper_294910_102.html","og_site_name":"EN - FC Barcelona Noticias","article_published_time":"2023-08-08T12:10:00+00:00","article_modified_time":"2023-08-08T14:51:00+00:00","og_image":[{"width":1200,"height":695,"url":"https:\/\/www.fcbarcelonanoticias.com\/en\/wp-content\/uploads\/sites\/2\/2023\/08\/fc-barcelona-v-real-sociedad-copa-del-rey-quarter-final-5-1.jpeg","type":"image\/jpeg"}],"twitter_card":"summary_large_image","twitter_misc":{"Est. reading time":"2 minutes"},"schema":{"@context":"https:\/\/schema.org","@graph":[{"@type":"Article","@id":"https:\/\/www.fcbarcelonanoticias.com\/en\/transfers\/departure-shortly-barca-dembele-could-disassociate-after-gamper_294910_102.html#article","isPartOf":{"@id":"https:\/\/www.fcbarcelonanoticias.com\/en\/transfers\/departure-shortly-barca-dembele-could-disassociate-after-gamper_294910_102.html"},"author":{"name":"","@id":""},"headline":"Departure soon! Bar\u00e7a and Demb\u00e9l\u00e9 could part ways after Gamper","datePublished":"2023-08-08T12:10:00+00:00","dateModified":"2023-08-08T14:51:00+00:00","mainEntityOfPage":{"@id":"https:\/\/www.fcbarcelonanoticias.com\/en\/transfers\/departure-shortly-barca-dembele-could-disassociate-after-gamper_294910_102.html"},"wordCount":377,"image":{"@id":"https:\/\/www.fcbarcelonanoticias.com\/en\/transfers\/departure-shortly-barca-dembele-could-disassociate-after-gamper_294910_102.html#primaryimage"},"thumbnailUrl":"https:\/\/www.fcbarcelonanoticias.com\/en\/wp-content\/uploads\/sites\/2\/2023\/08\/fc-barcelona-v-real-sociedad-copa-del-rey-quarter-final-5-1.jpeg","keywords":["Demb\u00e9l\u00e9"],"articleSection":["Transfers","Transfers"],"inLanguage":"en-US"},{"@type":"WebPage","@id":"https:\/\/www.fcbarcelonanoticias.com\/en\/transfers\/departure-shortly-barca-dembele-could-disassociate-after-gamper_294910_102.html","url":"https:\/\/www.fcbarcelonanoticias.com\/en\/transfers\/departure-shortly-barca-dembele-could-disassociate-after-gamper_294910_102.html","name":"Departure soon! Bar\u00e7a and Demb\u00e9l\u00e9 could part ways after Gamper","isPartOf":{"@id":"https:\/\/www.fcbarcelonanoticias.com\/en\/#website"},"primaryImageOfPage":{"@id":"https:\/\/www.fcbarcelonanoticias.com\/en\/transfers\/departure-shortly-barca-dembele-could-disassociate-after-gamper_294910_102.html#primaryimage"},"image":{"@id":"https:\/\/www.fcbarcelonanoticias.com\/en\/transfers\/departure-shortly-barca-dembele-could-disassociate-after-gamper_294910_102.html#primaryimage"},"thumbnailUrl":"https:\/\/www.fcbarcelonanoticias.com\/en\/wp-content\/uploads\/sites\/2\/2023\/08\/fc-barcelona-v-real-sociedad-copa-del-rey-quarter-final-5-1.jpeg","datePublished":"2023-08-08T12:10:00+00:00","dateModified":"2023-08-08T14:51:00+00:00","author":{"@id":""},"description":"Bar\u00e7a would be very close to closing the transfer of Ousmane Demb\u00e9l\u00e9 to Paris Saint-Germain. In fact, his departure could take place this Tuesday after the Gamper against Tottenham","breadcrumb":{"@id":"https:\/\/www.fcbarcelonanoticias.com\/en\/transfers\/departure-shortly-barca-dembele-could-disassociate-after-gamper_294910_102.html#breadcrumb"},"inLanguage":"en-US","potentialAction":[{"@type":"ReadAction","target":["https:\/\/www.fcbarcelonanoticias.com\/en\/transfers\/departure-shortly-barca-dembele-could-disassociate-after-gamper_294910_102.html"]}]},{"@type":"ImageObject","inLanguage":"en-US","@id":"https:\/\/www.fcbarcelonanoticias.com\/en\/transfers\/departure-shortly-barca-dembele-could-disassociate-after-gamper_294910_102.html#primaryimage","url":"https:\/\/www.fcbarcelonanoticias.com\/en\/wp-content\/uploads\/sites\/2\/2023\/08\/fc-barcelona-v-real-sociedad-copa-del-rey-quarter-final-5-1.jpeg","contentUrl":"https:\/\/www.fcbarcelonanoticias.com\/en\/wp-content\/uploads\/sites\/2\/2023\/08\/fc-barcelona-v-real-sociedad-copa-del-rey-quarter-final-5-1.jpeg","width":1200,"height":695},{"@type":"BreadcrumbList","@id":"https:\/\/www.fcbarcelonanoticias.com\/en\/transfers\/departure-shortly-barca-dembele-could-disassociate-after-gamper_294910_102.html#breadcrumb","itemListElement":[{"@type":"ListItem","position":1,"name":"Portada","item":"https:\/\/www.fcbarcelonanoticias.com\/en\/"},{"@type":"ListItem","position":2,"name":"Departure soon! Bar\u00e7a and Demb\u00e9l\u00e9 could part ways after Gamper"}]},{"@type":"WebSite","@id":"https:\/\/www.fcbarcelonanoticias.com\/en\/#website","url":"https:\/\/www.fcbarcelonanoticias.com\/en\/","name":"EN - FC Barcelona Noticias","description":"","potentialAction":[{"@type":"SearchAction","target":{"@type":"EntryPoint","urlTemplate":"https:\/\/www.fcbarcelonanoticias.com\/en\/?s={search_term_string}"},"query-input":{"@type":"PropertyValueSpecification","valueRequired":true,"valueName":"search_term_string"}}],"inLanguage":"en-US"}]}},"_links":{"self":[{"href":"https:\/\/www.fcbarcelonanoticias.com\/en\/wp-json\/wp\/v2\/posts\/128746","targetHints":{"allow":["GET"]}}],"collection":[{"href":"https:\/\/www.fcbarcelonanoticias.com\/en\/wp-json\/wp\/v2\/posts"}],"about":[{"href":"https:\/\/www.fcbarcelonanoticias.com\/en\/wp-json\/wp\/v2\/types\/post"}],"replies":[{"embeddable":true,"href":"https:\/\/www.fcbarcelonanoticias.com\/en\/wp-json\/wp\/v2\/comments?post=128746"}],"version-history":[{"count":1,"href":"https:\/\/www.fcbarcelonanoticias.com\/en\/wp-json\/wp\/v2\/posts\/128746\/revisions"}],"predecessor-version":[{"id":152201,"href":"https:\/\/www.fcbarcelonanoticias.com\/en\/wp-json\/wp\/v2\/posts\/128746\/revisions\/152201"}],"wp:featuredmedia":[{"embeddable":true,"href":"https:\/\/www.fcbarcelonanoticias.com\/en\/wp-json\/wp\/v2\/media\/128749"}],"wp:attachment":[{"href":"https:\/\/www.fcbarcelonanoticias.com\/en\/wp-json\/wp\/v2\/media?parent=128746"}],"wp:term":[{"taxonomy":"category","embeddable":true,"href":"https:\/\/www.fcbarcelonanoticias.com\/en\/wp-json\/wp\/v2\/categories?post=128746"},{"taxonomy":"post_tag","embeddable":true,"href":"https:\/\/www.fcbarcelonanoticias.com\/en\/wp-json\/wp\/v2\/tags?post=128746"}],"curies":[{"name":"wp","href":"https:\/\/api.w.org\/{rel}","templated":true}]}}