{"id":128775,"date":"2024-09-07T20:25:00","date_gmt":"2024-09-07T18:25:00","guid":{"rendered":"https:\/\/weisetech.dev\/fc-barcelona-noticias\/en\/friendly-agreement-exit-details-ilkay-gundogan-fc-barcelona_307120_102\/"},"modified":"2024-09-08T04:52:00","modified_gmt":"2024-09-08T02:52:00","slug":"friendly-agreement-exit-details-ilkay-gundogan-fc-barcelona_307120_102","status":"publish","type":"post","link":"https:\/\/www.fcbarcelonanoticias.com\/en\/transfers\/friendly-agreement-exit-details-ilkay-gundogan-fc-barcelona_307120_102.html","title":{"rendered":"&#8216;Friendly&#8217; agreement: The details of \u00cdlkay G\u00fcndogan&#8217;s departure from FC Barcelona"},"content":{"rendered":"<h2 class=\"wp-block-heading\">FC Barcelona closed the departure of \u00cdlkay G\u00fcndogan in record time this summer. Unlike other players, the German midfielder did not put obstacles in the way of the resolution of a contract that Bar\u00e7a managed to dissolve for a low amount<\/h2>  \r\n<div class=\"article-addons\">\r\n    <a href=\"https:\/\/www.fcbarcelonanoticias.com\/en\/calendar-fc-barcelona.html\"\r\n       target=\"_self\"\r\n       title=\"Calendar of FC Barcelona\"\r\n       class=\"blue-gredient-btn\">\r\n       \r\n        Calendar of FC Barcelona    <\/a>\r\n<\/div>   <p>The FC Barcelona board closed a &#8216;friendly&#8217; agreement with \u00cdlkay G\u00fcndogan that facilitated the former German international&#8217;s return to Manchester City a year after his arrival in Catalonia. <strong>Although Bar\u00e7a did not receive any compensation for his departure, the operation was considered beneficial for both parts<\/strong>, especially for a Bar\u00e7a team in trouble with financial &#8216;Fair Play&#8217;.<\/p>  <p>According to the latest information,<strong> the midfielder closed his departure from Bar\u00e7a in exchange for receiving a full three months&#8217; salary (around 4.5 million euros)<\/strong>; amount corresponding to July, August and the first half of September. With this, the club avoided paying greater compensation for the remaining year of the German&#8217;s contract, in accordance with the provisions of the contract signed last summer.<\/p>  <p>Bar\u00e7a took over G\u00fcndogan for two seasons, until June 2025 and with a net salary of 10 &#8216;kilos&#8217; per year. <strong>The midfielder had the option to renew for one more season, until June 2026, but finally left after a single season in which he played 51 official matches<\/strong> (5 goals and 14 assists). Like last summer, \u00cdlkay left with a letter of freedom, returning to Manchester City with a one-year contract.<\/p>  <h2>The reasons for G\u00fcndogan&#8217;s &#8216;friendly&#8217; departure from Bar\u00e7a<\/h2>  <p>At first, it was speculated that his departure was strictly due to financial issues, but the truth is that the footballer did not put any major obstacles to the resolution of his contract, since he was not completely comfortable at the club. <strong>The 33-year-old had some friction with the squad due to his criticism of the team and the coaching staff.<\/strong> Although he was emerging as a key piece for Hansi Flick, he chose to return to Manchester, because unlike Pep Guardiola, his relationship with the current cul\u00e9 coach was not good in the German team either. Furthermore, his medium and long-term plans point to the benches and, at City, he would have a clear path to take the next step in his professional career.<\/p> ","protected":false},"excerpt":{"rendered":"<p>FC Barcelona closed the departure of \u00cdlkay G\u00fcndogan in record time this summer. Unlike other players, the German midfielder did not put obstacles in the way of the resolution of a contract that Bar\u00e7a managed to dissolve for a low amount The FC Barcelona board closed a &#8216;friendly&#8217; agreement with \u00cdlkay G\u00fcndogan that facilitated the [&hellip;]<\/p>\n","protected":false},"author":347,"featured_media":128777,"comment_status":"closed","ping_status":"open","sticky":false,"template":"","format":"standard","meta":{"_acf_changed":false,"inline_featured_image":false,"_nextfly_llmd_date_locked":false,"footnotes":""},"categories":[449,106],"tags":[170],"class_list":["post-128775","post","type-post","status-publish","format-standard","has-post-thumbnail","hentry","category-transfers-2","category-transfers","tag-ilkay-gundogan"],"acf":[],"yoast_head":"<!-- This site is optimized with the Yoast SEO plugin v27.3 - https:\/\/yoast.com\/product\/yoast-seo-wordpress\/ -->\n<title>&#039;Friendly&#039; agreement: The details of \u00cdlkay G\u00fcndogan&#039;s departure from FC Barcelona<\/title>\n<meta name=\"description\" content=\"FC Barcelona closed the departure of \u00cdlkay G\u00fcndogan in record time this summer. Unlike other players, the German midfielder did not put obstacles in the way of the resolution of a contract that Bar\u00e7a managed to dissolve for a low amount\" \/>\n<meta name=\"robots\" content=\"index, follow, max-snippet:-1, max-image-preview:large, max-video-preview:-1\" \/>\n<link rel=\"canonical\" href=\"https:\/\/www.fcbarcelonanoticias.com\/en\/transfers\/friendly-agreement-exit-details-ilkay-gundogan-fc-barcelona_307120_102.html\" \/>\n<meta property=\"og:locale\" content=\"en_US\" \/>\n<meta property=\"og:type\" content=\"article\" \/>\n<meta property=\"og:title\" content=\"&#039;Friendly&#039; agreement: The details of \u00cdlkay G\u00fcndogan&#039;s departure from FC Barcelona\" \/>\n<meta property=\"og:description\" content=\"FC Barcelona closed the departure of \u00cdlkay G\u00fcndogan in record time this summer. Unlike other players, the German midfielder did not put obstacles in the way of the resolution of a contract that Bar\u00e7a managed to dissolve for a low amount\" \/>\n<meta property=\"og:url\" content=\"https:\/\/www.fcbarcelonanoticias.com\/en\/transfers\/friendly-agreement-exit-details-ilkay-gundogan-fc-barcelona_307120_102.html\" \/>\n<meta property=\"og:site_name\" content=\"EN - FC Barcelona Noticias\" \/>\n<meta property=\"article:published_time\" content=\"2024-09-07T18:25:00+00:00\" \/>\n<meta property=\"article:modified_time\" content=\"2024-09-08T02:52:00+00:00\" \/>\n<meta property=\"og:image\" content=\"https:\/\/www.fcbarcelonanoticias.com\/en\/wp-content\/uploads\/sites\/2\/2024\/09\/ilkay-gundogan-trofeo-joan-gamper.jpeg\" \/>\n\t<meta property=\"og:image:width\" content=\"1250\" \/>\n\t<meta property=\"og:image:height\" content=\"750\" \/>\n\t<meta property=\"og:image:type\" content=\"image\/jpeg\" \/>\n<meta name=\"author\" content=\"Andr\u00e9s Quiroz\" \/>\n<meta name=\"twitter:card\" content=\"summary_large_image\" \/>\n<meta name=\"twitter:label1\" content=\"Written by\" \/>\n\t<meta name=\"twitter:data1\" content=\"Andr\u00e9s Quiroz\" \/>\n\t<meta name=\"twitter:label2\" content=\"Est. reading time\" \/>\n\t<meta name=\"twitter:data2\" content=\"2 minutes\" \/>\n<script type=\"application\/ld+json\" class=\"yoast-schema-graph\">{\"@context\":\"https:\\\/\\\/schema.org\",\"@graph\":[{\"@type\":\"Article\",\"@id\":\"https:\\\/\\\/www.fcbarcelonanoticias.com\\\/en\\\/transfers\\\/friendly-agreement-exit-details-ilkay-gundogan-fc-barcelona_307120_102.html#article\",\"isPartOf\":{\"@id\":\"https:\\\/\\\/www.fcbarcelonanoticias.com\\\/en\\\/transfers\\\/friendly-agreement-exit-details-ilkay-gundogan-fc-barcelona_307120_102.html\"},\"author\":{\"name\":\"Andr\u00e9s Quiroz\",\"@id\":\"https:\\\/\\\/www.fcbarcelonanoticias.com\\\/en\\\/#\\\/schema\\\/person\\\/c2cd9f6fa1af5c0d0eccd0fefa575c88\"},\"headline\":\"&#8216;Friendly&#8217; agreement: The details of \u00cdlkay G\u00fcndogan&#8217;s departure from FC Barcelona\",\"datePublished\":\"2024-09-07T18:25:00+00:00\",\"dateModified\":\"2024-09-08T02:52:00+00:00\",\"mainEntityOfPage\":{\"@id\":\"https:\\\/\\\/www.fcbarcelonanoticias.com\\\/en\\\/transfers\\\/friendly-agreement-exit-details-ilkay-gundogan-fc-barcelona_307120_102.html\"},\"wordCount\":384,\"image\":{\"@id\":\"https:\\\/\\\/www.fcbarcelonanoticias.com\\\/en\\\/transfers\\\/friendly-agreement-exit-details-ilkay-gundogan-fc-barcelona_307120_102.html#primaryimage\"},\"thumbnailUrl\":\"https:\\\/\\\/www.fcbarcelonanoticias.com\\\/en\\\/wp-content\\\/uploads\\\/sites\\\/2\\\/2024\\\/09\\\/ilkay-gundogan-trofeo-joan-gamper.jpeg\",\"keywords\":[\"Ilkay G\u00fcndogan\"],\"articleSection\":[\"Transfers\",\"Transfers\"],\"inLanguage\":\"en-US\"},{\"@type\":\"WebPage\",\"@id\":\"https:\\\/\\\/www.fcbarcelonanoticias.com\\\/en\\\/transfers\\\/friendly-agreement-exit-details-ilkay-gundogan-fc-barcelona_307120_102.html\",\"url\":\"https:\\\/\\\/www.fcbarcelonanoticias.com\\\/en\\\/transfers\\\/friendly-agreement-exit-details-ilkay-gundogan-fc-barcelona_307120_102.html\",\"name\":\"'Friendly' agreement: The details of \u00cdlkay G\u00fcndogan's departure from FC Barcelona\",\"isPartOf\":{\"@id\":\"https:\\\/\\\/www.fcbarcelonanoticias.com\\\/en\\\/#website\"},\"primaryImageOfPage\":{\"@id\":\"https:\\\/\\\/www.fcbarcelonanoticias.com\\\/en\\\/transfers\\\/friendly-agreement-exit-details-ilkay-gundogan-fc-barcelona_307120_102.html#primaryimage\"},\"image\":{\"@id\":\"https:\\\/\\\/www.fcbarcelonanoticias.com\\\/en\\\/transfers\\\/friendly-agreement-exit-details-ilkay-gundogan-fc-barcelona_307120_102.html#primaryimage\"},\"thumbnailUrl\":\"https:\\\/\\\/www.fcbarcelonanoticias.com\\\/en\\\/wp-content\\\/uploads\\\/sites\\\/2\\\/2024\\\/09\\\/ilkay-gundogan-trofeo-joan-gamper.jpeg\",\"datePublished\":\"2024-09-07T18:25:00+00:00\",\"dateModified\":\"2024-09-08T02:52:00+00:00\",\"author\":{\"@id\":\"https:\\\/\\\/www.fcbarcelonanoticias.com\\\/en\\\/#\\\/schema\\\/person\\\/c2cd9f6fa1af5c0d0eccd0fefa575c88\"},\"description\":\"FC Barcelona closed the departure of \u00cdlkay G\u00fcndogan in record time this summer. Unlike other players, the German midfielder did not put obstacles in the way of the resolution of a contract that Bar\u00e7a managed to dissolve for a low amount\",\"breadcrumb\":{\"@id\":\"https:\\\/\\\/www.fcbarcelonanoticias.com\\\/en\\\/transfers\\\/friendly-agreement-exit-details-ilkay-gundogan-fc-barcelona_307120_102.html#breadcrumb\"},\"inLanguage\":\"en-US\",\"potentialAction\":[{\"@type\":\"ReadAction\",\"target\":[\"https:\\\/\\\/www.fcbarcelonanoticias.com\\\/en\\\/transfers\\\/friendly-agreement-exit-details-ilkay-gundogan-fc-barcelona_307120_102.html\"]}]},{\"@type\":\"ImageObject\",\"inLanguage\":\"en-US\",\"@id\":\"https:\\\/\\\/www.fcbarcelonanoticias.com\\\/en\\\/transfers\\\/friendly-agreement-exit-details-ilkay-gundogan-fc-barcelona_307120_102.html#primaryimage\",\"url\":\"https:\\\/\\\/www.fcbarcelonanoticias.com\\\/en\\\/wp-content\\\/uploads\\\/sites\\\/2\\\/2024\\\/09\\\/ilkay-gundogan-trofeo-joan-gamper.jpeg\",\"contentUrl\":\"https:\\\/\\\/www.fcbarcelonanoticias.com\\\/en\\\/wp-content\\\/uploads\\\/sites\\\/2\\\/2024\\\/09\\\/ilkay-gundogan-trofeo-joan-gamper.jpeg\",\"width\":1250,\"height\":750},{\"@type\":\"BreadcrumbList\",\"@id\":\"https:\\\/\\\/www.fcbarcelonanoticias.com\\\/en\\\/transfers\\\/friendly-agreement-exit-details-ilkay-gundogan-fc-barcelona_307120_102.html#breadcrumb\",\"itemListElement\":[{\"@type\":\"ListItem\",\"position\":1,\"name\":\"Portada\",\"item\":\"https:\\\/\\\/www.fcbarcelonanoticias.com\\\/en\\\/\"},{\"@type\":\"ListItem\",\"position\":2,\"name\":\"&#8216;Friendly&#8217; agreement: The details of \u00cdlkay G\u00fcndogan&#8217;s departure from FC Barcelona\"}]},{\"@type\":\"WebSite\",\"@id\":\"https:\\\/\\\/www.fcbarcelonanoticias.com\\\/en\\\/#website\",\"url\":\"https:\\\/\\\/www.fcbarcelonanoticias.com\\\/en\\\/\",\"name\":\"EN - FC Barcelona Noticias\",\"description\":\"\",\"potentialAction\":[{\"@type\":\"SearchAction\",\"target\":{\"@type\":\"EntryPoint\",\"urlTemplate\":\"https:\\\/\\\/www.fcbarcelonanoticias.com\\\/en\\\/?s={search_term_string}\"},\"query-input\":{\"@type\":\"PropertyValueSpecification\",\"valueRequired\":true,\"valueName\":\"search_term_string\"}}],\"inLanguage\":\"en-US\"},{\"@type\":\"Person\",\"@id\":\"https:\\\/\\\/www.fcbarcelonanoticias.com\\\/en\\\/#\\\/schema\\\/person\\\/c2cd9f6fa1af5c0d0eccd0fefa575c88\",\"name\":\"Andr\u00e9s Quiroz\",\"image\":{\"@type\":\"ImageObject\",\"inLanguage\":\"en-US\",\"@id\":\"https:\\\/\\\/secure.gravatar.com\\\/avatar\\\/?s=96&d=mm&r=g\",\"url\":\"https:\\\/\\\/secure.gravatar.com\\\/avatar\\\/?s=96&d=mm&r=g\",\"contentUrl\":\"https:\\\/\\\/secure.gravatar.com\\\/avatar\\\/?s=96&d=mm&r=g\",\"caption\":\"Andr\u00e9s Quiroz\"},\"description\":\"Licenciado en Periodismo por la Universidad de los Andes. Me encargo de analizar y compartir los contenidos m\u00e1s destacados de la\u00a0actualidad del F\u00fatbol Club Barcelona, Mercado de Fichajes y F\u00fatbol Internacional en FCBN. La informaci\u00f3n es poder, pero tambi\u00e9n conocimiento.\",\"url\":\"https:\\\/\\\/www.fcbarcelonanoticias.com\\\/en\\\/fc-barcelona\\\/andres-quiroz_17_115.html\"}]}<\/script>\n<!-- \/ Yoast SEO plugin. -->","yoast_head_json":{"title":"'Friendly' agreement: The details of \u00cdlkay G\u00fcndogan's departure from FC Barcelona","description":"FC Barcelona closed the departure of \u00cdlkay G\u00fcndogan in record time this summer. Unlike other players, the German midfielder did not put obstacles in the way of the resolution of a contract that Bar\u00e7a managed to dissolve for a low amount","robots":{"index":"index","follow":"follow","max-snippet":"max-snippet:-1","max-image-preview":"max-image-preview:large","max-video-preview":"max-video-preview:-1"},"canonical":"https:\/\/www.fcbarcelonanoticias.com\/en\/transfers\/friendly-agreement-exit-details-ilkay-gundogan-fc-barcelona_307120_102.html","og_locale":"en_US","og_type":"article","og_title":"'Friendly' agreement: The details of \u00cdlkay G\u00fcndogan's departure from FC Barcelona","og_description":"FC Barcelona closed the departure of \u00cdlkay G\u00fcndogan in record time this summer. Unlike other players, the German midfielder did not put obstacles in the way of the resolution of a contract that Bar\u00e7a managed to dissolve for a low amount","og_url":"https:\/\/www.fcbarcelonanoticias.com\/en\/transfers\/friendly-agreement-exit-details-ilkay-gundogan-fc-barcelona_307120_102.html","og_site_name":"EN - FC Barcelona Noticias","article_published_time":"2024-09-07T18:25:00+00:00","article_modified_time":"2024-09-08T02:52:00+00:00","og_image":[{"width":1250,"height":750,"url":"https:\/\/www.fcbarcelonanoticias.com\/en\/wp-content\/uploads\/sites\/2\/2024\/09\/ilkay-gundogan-trofeo-joan-gamper.jpeg","type":"image\/jpeg"}],"author":"Andr\u00e9s Quiroz","twitter_card":"summary_large_image","twitter_misc":{"Written by":"Andr\u00e9s Quiroz","Est. reading time":"2 minutes"},"schema":{"@context":"https:\/\/schema.org","@graph":[{"@type":"Article","@id":"https:\/\/www.fcbarcelonanoticias.com\/en\/transfers\/friendly-agreement-exit-details-ilkay-gundogan-fc-barcelona_307120_102.html#article","isPartOf":{"@id":"https:\/\/www.fcbarcelonanoticias.com\/en\/transfers\/friendly-agreement-exit-details-ilkay-gundogan-fc-barcelona_307120_102.html"},"author":{"name":"Andr\u00e9s Quiroz","@id":"https:\/\/www.fcbarcelonanoticias.com\/en\/#\/schema\/person\/c2cd9f6fa1af5c0d0eccd0fefa575c88"},"headline":"&#8216;Friendly&#8217; agreement: The details of \u00cdlkay G\u00fcndogan&#8217;s departure from FC Barcelona","datePublished":"2024-09-07T18:25:00+00:00","dateModified":"2024-09-08T02:52:00+00:00","mainEntityOfPage":{"@id":"https:\/\/www.fcbarcelonanoticias.com\/en\/transfers\/friendly-agreement-exit-details-ilkay-gundogan-fc-barcelona_307120_102.html"},"wordCount":384,"image":{"@id":"https:\/\/www.fcbarcelonanoticias.com\/en\/transfers\/friendly-agreement-exit-details-ilkay-gundogan-fc-barcelona_307120_102.html#primaryimage"},"thumbnailUrl":"https:\/\/www.fcbarcelonanoticias.com\/en\/wp-content\/uploads\/sites\/2\/2024\/09\/ilkay-gundogan-trofeo-joan-gamper.jpeg","keywords":["Ilkay G\u00fcndogan"],"articleSection":["Transfers","Transfers"],"inLanguage":"en-US"},{"@type":"WebPage","@id":"https:\/\/www.fcbarcelonanoticias.com\/en\/transfers\/friendly-agreement-exit-details-ilkay-gundogan-fc-barcelona_307120_102.html","url":"https:\/\/www.fcbarcelonanoticias.com\/en\/transfers\/friendly-agreement-exit-details-ilkay-gundogan-fc-barcelona_307120_102.html","name":"'Friendly' agreement: The details of \u00cdlkay G\u00fcndogan's departure from FC Barcelona","isPartOf":{"@id":"https:\/\/www.fcbarcelonanoticias.com\/en\/#website"},"primaryImageOfPage":{"@id":"https:\/\/www.fcbarcelonanoticias.com\/en\/transfers\/friendly-agreement-exit-details-ilkay-gundogan-fc-barcelona_307120_102.html#primaryimage"},"image":{"@id":"https:\/\/www.fcbarcelonanoticias.com\/en\/transfers\/friendly-agreement-exit-details-ilkay-gundogan-fc-barcelona_307120_102.html#primaryimage"},"thumbnailUrl":"https:\/\/www.fcbarcelonanoticias.com\/en\/wp-content\/uploads\/sites\/2\/2024\/09\/ilkay-gundogan-trofeo-joan-gamper.jpeg","datePublished":"2024-09-07T18:25:00+00:00","dateModified":"2024-09-08T02:52:00+00:00","author":{"@id":"https:\/\/www.fcbarcelonanoticias.com\/en\/#\/schema\/person\/c2cd9f6fa1af5c0d0eccd0fefa575c88"},"description":"FC Barcelona closed the departure of \u00cdlkay G\u00fcndogan in record time this summer. Unlike other players, the German midfielder did not put obstacles in the way of the resolution of a contract that Bar\u00e7a managed to dissolve for a low amount","breadcrumb":{"@id":"https:\/\/www.fcbarcelonanoticias.com\/en\/transfers\/friendly-agreement-exit-details-ilkay-gundogan-fc-barcelona_307120_102.html#breadcrumb"},"inLanguage":"en-US","potentialAction":[{"@type":"ReadAction","target":["https:\/\/www.fcbarcelonanoticias.com\/en\/transfers\/friendly-agreement-exit-details-ilkay-gundogan-fc-barcelona_307120_102.html"]}]},{"@type":"ImageObject","inLanguage":"en-US","@id":"https:\/\/www.fcbarcelonanoticias.com\/en\/transfers\/friendly-agreement-exit-details-ilkay-gundogan-fc-barcelona_307120_102.html#primaryimage","url":"https:\/\/www.fcbarcelonanoticias.com\/en\/wp-content\/uploads\/sites\/2\/2024\/09\/ilkay-gundogan-trofeo-joan-gamper.jpeg","contentUrl":"https:\/\/www.fcbarcelonanoticias.com\/en\/wp-content\/uploads\/sites\/2\/2024\/09\/ilkay-gundogan-trofeo-joan-gamper.jpeg","width":1250,"height":750},{"@type":"BreadcrumbList","@id":"https:\/\/www.fcbarcelonanoticias.com\/en\/transfers\/friendly-agreement-exit-details-ilkay-gundogan-fc-barcelona_307120_102.html#breadcrumb","itemListElement":[{"@type":"ListItem","position":1,"name":"Portada","item":"https:\/\/www.fcbarcelonanoticias.com\/en\/"},{"@type":"ListItem","position":2,"name":"&#8216;Friendly&#8217; agreement: The details of \u00cdlkay G\u00fcndogan&#8217;s departure from FC Barcelona"}]},{"@type":"WebSite","@id":"https:\/\/www.fcbarcelonanoticias.com\/en\/#website","url":"https:\/\/www.fcbarcelonanoticias.com\/en\/","name":"EN - FC Barcelona Noticias","description":"","potentialAction":[{"@type":"SearchAction","target":{"@type":"EntryPoint","urlTemplate":"https:\/\/www.fcbarcelonanoticias.com\/en\/?s={search_term_string}"},"query-input":{"@type":"PropertyValueSpecification","valueRequired":true,"valueName":"search_term_string"}}],"inLanguage":"en-US"},{"@type":"Person","@id":"https:\/\/www.fcbarcelonanoticias.com\/en\/#\/schema\/person\/c2cd9f6fa1af5c0d0eccd0fefa575c88","name":"Andr\u00e9s Quiroz","image":{"@type":"ImageObject","inLanguage":"en-US","@id":"https:\/\/secure.gravatar.com\/avatar\/?s=96&d=mm&r=g","url":"https:\/\/secure.gravatar.com\/avatar\/?s=96&d=mm&r=g","contentUrl":"https:\/\/secure.gravatar.com\/avatar\/?s=96&d=mm&r=g","caption":"Andr\u00e9s Quiroz"},"description":"Licenciado en Periodismo por la Universidad de los Andes. Me encargo de analizar y compartir los contenidos m\u00e1s destacados de la\u00a0actualidad del F\u00fatbol Club Barcelona, Mercado de Fichajes y F\u00fatbol Internacional en FCBN. La informaci\u00f3n es poder, pero tambi\u00e9n conocimiento.","url":"https:\/\/www.fcbarcelonanoticias.com\/en\/fc-barcelona\/andres-quiroz_17_115.html"}]}},"_links":{"self":[{"href":"https:\/\/www.fcbarcelonanoticias.com\/en\/wp-json\/wp\/v2\/posts\/128775","targetHints":{"allow":["GET"]}}],"collection":[{"href":"https:\/\/www.fcbarcelonanoticias.com\/en\/wp-json\/wp\/v2\/posts"}],"about":[{"href":"https:\/\/www.fcbarcelonanoticias.com\/en\/wp-json\/wp\/v2\/types\/post"}],"author":[{"embeddable":true,"href":"https:\/\/www.fcbarcelonanoticias.com\/en\/wp-json\/wp\/v2\/users\/347"}],"replies":[{"embeddable":true,"href":"https:\/\/www.fcbarcelonanoticias.com\/en\/wp-json\/wp\/v2\/comments?post=128775"}],"version-history":[{"count":1,"href":"https:\/\/www.fcbarcelonanoticias.com\/en\/wp-json\/wp\/v2\/posts\/128775\/revisions"}],"predecessor-version":[{"id":151400,"href":"https:\/\/www.fcbarcelonanoticias.com\/en\/wp-json\/wp\/v2\/posts\/128775\/revisions\/151400"}],"wp:featuredmedia":[{"embeddable":true,"href":"https:\/\/www.fcbarcelonanoticias.com\/en\/wp-json\/wp\/v2\/media\/128777"}],"wp:attachment":[{"href":"https:\/\/www.fcbarcelonanoticias.com\/en\/wp-json\/wp\/v2\/media?parent=128775"}],"wp:term":[{"taxonomy":"category","embeddable":true,"href":"https:\/\/www.fcbarcelonanoticias.com\/en\/wp-json\/wp\/v2\/categories?post=128775"},{"taxonomy":"post_tag","embeddable":true,"href":"https:\/\/www.fcbarcelonanoticias.com\/en\/wp-json\/wp\/v2\/tags?post=128775"}],"curies":[{"name":"wp","href":"https:\/\/api.w.org\/{rel}","templated":true}]}}