{"id":128839,"date":"2024-08-28T23:04:00","date_gmt":"2024-08-28T21:04:00","guid":{"rendered":"https:\/\/weisetech.dev\/fc-barcelona-noticias\/en\/future-confirmed-destination-one-discards-fc-barcelona-summer_306884_102\/"},"modified":"2024-08-28T23:40:00","modified_gmt":"2024-08-28T21:40:00","slug":"future-confirmed-destination-one-discards-fc-barcelona-summer_306884_102","status":"publish","type":"post","link":"https:\/\/www.fcbarcelonanoticias.com\/en\/transfers\/future-confirmed-destination-one-discards-fc-barcelona-summer_306884_102.html","title":{"rendered":"Future confirmed! The destination of one of Bar\u00e7a&#8217;s discards this summer"},"content":{"rendered":"<h2 class=\"wp-block-heading\">One of FC Barcelona&#8217;s discards for 2024\/25 found a team in LaLiga on Wednesday. It is Marcos Alonso, who will continue his career at Celta de Vigo. The full-back signed for one season plus an optional one<\/h2>  \r\n<div class=\"article-addons\">\r\n    <a href=\"https:\/\/www.fcbarcelonanoticias.com\/en\/calendar-fc-barcelona.html\"\r\n       target=\"_self\"\r\n       title=\"Calendar of FC Barcelona\"\r\n       class=\"blue-gredient-btn\">\r\n       \r\n        Calendar of FC Barcelona    <\/a>\r\n<\/div>   <p>Celta Vigo made the signing of Marcos Alonso official on Wednesday. <strong>The 33-year-old defender was free after finishing his contract with FC Barcelona, \u200b\u200bwhere he played a total of 45 official matches (2,360 minutes) in which he scored 3 goals<\/strong>, as well as lifting a couple of trophies (LaLiga and the Spanish Super Cup in 2023). For the left-back, the Galician team will be his third team in Spanish football after his time in the Real Madrid youth academy.<\/p>  <p><strong>Alonso left the &#8216;F\u00e1brica&#8217; in 2010 for England<\/strong>, signing for Bolton for 2.4 million euros. Three years later he left for Fiorentina at &#8216;zero cost&#8217;, where he completed two stages (he played a semester on loan at Sunderland in 2014). In 2016 he signed for Chelsea for 23 million net, a club where he lived his best stage as a professional (he won a Champions League and a Club World Cup in 2021).<\/p>  <p><strong>In 2022 he arrived at Bar\u00e7a on a free transfer after six seasons in London and never managed to earn a starting place under Xavi Hern\u00e1ndez<\/strong>, although in his first year he was an important player for the Egarense. Last season, a lumbago forced him to undergo surgery, playing just 8 games (393 minutes) in all competitions. This led the board to rule out his renewal, in addition to not counting on Hansi Flick&#8217;s plans.<\/p>  <h2>Celta trusts Marcos Alonso with a 1+1 contract<\/h2>  <p>This Wednesday, Celta officially announced the signing of Marcos Alonso after several days of negotiations between the parties. <strong>The defender signed for one season plus an optional one and hopes to be a starter in the team managed by Claudio Gir\u00e1ldez<\/strong>, who started the season winning their first two games. The Galicians have not yet considered the transfer market closed and hope to add another reinforcement before 23:59 on Friday 30 August, provided they first finalise the departure of three discards.<\/p>  <blockquote class=\"twitter-tweet\"> <p dir=\"ltr\" lang=\"en\">\ud83e\udde1 \ud835\udde2\ud835\uddff\ud835\uddee\ud835\uddfb\ud835\uddf4\ud835\uddf2 is the new skyblue \ud83e\ude75<br><br> \ud83c\udd95 Benvido To Vigo, <a href=\"https:\/\/twitter.com\/en\/marcosalonso03?ref_src=twsrc%5Etfw\">@marcosalonso03<\/a>!<a href=\"https:\/\/twitter.com\/en\/hashtag\/RCCelta?src=hash&amp;ref_src=twsrc%5Etfw\">#RCCelta<\/a> Third Kit 24\/25 <a href=\"https:\/\/twitter.com\/en\/hummel1923?ref_src=twsrc%5Etfw\">@hummel1923<\/a> \u22c4 <a href=\"https:\/\/twitter.com\/en\/hummelspain?ref_src=twsrc%5Etfw\">@hummelspain<\/a> <a href=\"https:\/\/t.co\/en\/LvKfFacPAi\">pic.twitter.com\/lvkffacpai<\/a><\/p> \u2014 RC Celtic (@RCCelta) <a href=\"https:\/\/twitter.com\/en\/RCCelta\/status\/1828855066276581568?ref_src=twsrc%5Etfw\">August 28, 2024<\/a> <\/blockquote> ","protected":false},"excerpt":{"rendered":"<p>One of FC Barcelona&#8217;s discards for 2024\/25 found a team in LaLiga on Wednesday. It is Marcos Alonso, who will continue his career at Celta de Vigo. The full-back signed for one season plus an optional one Celta Vigo made the signing of Marcos Alonso official on Wednesday. The 33-year-old defender was free after finishing [&hellip;]<\/p>\n","protected":false},"author":347,"featured_media":128842,"comment_status":"closed","ping_status":"open","sticky":false,"template":"","format":"standard","meta":{"_acf_changed":false,"inline_featured_image":false,"_nextfly_llmd_date_locked":false,"footnotes":""},"categories":[449,106],"tags":[71,256],"class_list":["post-128839","post","type-post","status-publish","format-standard","has-post-thumbnail","hentry","category-transfers-2","category-transfers","tag-celtic-of-vigo","tag-marcos-alonso"],"acf":[],"yoast_head":"<!-- This site is optimized with the Yoast SEO plugin v27.3 - https:\/\/yoast.com\/product\/yoast-seo-wordpress\/ -->\n<title>Future confirmed! The destination of one of Bar\u00e7a&#039;s discards this summer<\/title>\n<meta name=\"description\" content=\"One of FC Barcelona&#039;s discards for 2024\/25 found a team in LaLiga on Wednesday. It is Marcos Alonso, who will continue his career at Celta de Vigo. The full-back signed for one season plus an optional one\" \/>\n<meta name=\"robots\" content=\"index, follow, max-snippet:-1, max-image-preview:large, max-video-preview:-1\" \/>\n<link rel=\"canonical\" href=\"https:\/\/www.fcbarcelonanoticias.com\/en\/transfers\/future-confirmed-destination-one-discards-fc-barcelona-summer_306884_102.html\" \/>\n<meta property=\"og:locale\" content=\"en_US\" \/>\n<meta property=\"og:type\" content=\"article\" \/>\n<meta property=\"og:title\" content=\"Future confirmed! The destination of one of Bar\u00e7a&#039;s discards this summer\" \/>\n<meta property=\"og:description\" content=\"One of FC Barcelona&#039;s discards for 2024\/25 found a team in LaLiga on Wednesday. It is Marcos Alonso, who will continue his career at Celta de Vigo. The full-back signed for one season plus an optional one\" \/>\n<meta property=\"og:url\" content=\"https:\/\/www.fcbarcelonanoticias.com\/en\/transfers\/future-confirmed-destination-one-discards-fc-barcelona-summer_306884_102.html\" \/>\n<meta property=\"og:site_name\" content=\"EN - FC Barcelona Noticias\" \/>\n<meta property=\"article:published_time\" content=\"2024-08-28T21:04:00+00:00\" \/>\n<meta property=\"article:modified_time\" content=\"2024-08-28T21:40:00+00:00\" \/>\n<meta property=\"og:image\" content=\"https:\/\/www.fcbarcelonanoticias.com\/en\/wp-content\/uploads\/sites\/2\/2024\/08\/marcos-alonso-fc-barcelona.jpeg\" \/>\n\t<meta property=\"og:image:width\" content=\"1300\" \/>\n\t<meta property=\"og:image:height\" content=\"732\" \/>\n\t<meta property=\"og:image:type\" content=\"image\/jpeg\" \/>\n<meta name=\"author\" content=\"Andr\u00e9s Quiroz\" \/>\n<meta name=\"twitter:card\" content=\"summary_large_image\" \/>\n<meta name=\"twitter:label1\" content=\"Written by\" \/>\n\t<meta name=\"twitter:data1\" content=\"Andr\u00e9s Quiroz\" \/>\n\t<meta name=\"twitter:label2\" content=\"Est. reading time\" \/>\n\t<meta name=\"twitter:data2\" content=\"2 minutes\" \/>\n<script type=\"application\/ld+json\" class=\"yoast-schema-graph\">{\"@context\":\"https:\\\/\\\/schema.org\",\"@graph\":[{\"@type\":\"Article\",\"@id\":\"https:\\\/\\\/www.fcbarcelonanoticias.com\\\/en\\\/transfers\\\/future-confirmed-destination-one-discards-fc-barcelona-summer_306884_102.html#article\",\"isPartOf\":{\"@id\":\"https:\\\/\\\/www.fcbarcelonanoticias.com\\\/en\\\/transfers\\\/future-confirmed-destination-one-discards-fc-barcelona-summer_306884_102.html\"},\"author\":{\"name\":\"Andr\u00e9s Quiroz\",\"@id\":\"https:\\\/\\\/www.fcbarcelonanoticias.com\\\/en\\\/#\\\/schema\\\/person\\\/c2cd9f6fa1af5c0d0eccd0fefa575c88\"},\"headline\":\"Future confirmed! The destination of one of Bar\u00e7a&#8217;s discards this summer\",\"datePublished\":\"2024-08-28T21:04:00+00:00\",\"dateModified\":\"2024-08-28T21:40:00+00:00\",\"mainEntityOfPage\":{\"@id\":\"https:\\\/\\\/www.fcbarcelonanoticias.com\\\/en\\\/transfers\\\/future-confirmed-destination-one-discards-fc-barcelona-summer_306884_102.html\"},\"wordCount\":376,\"image\":{\"@id\":\"https:\\\/\\\/www.fcbarcelonanoticias.com\\\/en\\\/transfers\\\/future-confirmed-destination-one-discards-fc-barcelona-summer_306884_102.html#primaryimage\"},\"thumbnailUrl\":\"https:\\\/\\\/www.fcbarcelonanoticias.com\\\/en\\\/wp-content\\\/uploads\\\/sites\\\/2\\\/2024\\\/08\\\/marcos-alonso-fc-barcelona.jpeg\",\"keywords\":[\"Celtic of Vigo\",\"Marcos Alonso\"],\"articleSection\":[\"Transfers\",\"Transfers\"],\"inLanguage\":\"en-US\"},{\"@type\":\"WebPage\",\"@id\":\"https:\\\/\\\/www.fcbarcelonanoticias.com\\\/en\\\/transfers\\\/future-confirmed-destination-one-discards-fc-barcelona-summer_306884_102.html\",\"url\":\"https:\\\/\\\/www.fcbarcelonanoticias.com\\\/en\\\/transfers\\\/future-confirmed-destination-one-discards-fc-barcelona-summer_306884_102.html\",\"name\":\"Future confirmed! The destination of one of Bar\u00e7a's discards this summer\",\"isPartOf\":{\"@id\":\"https:\\\/\\\/www.fcbarcelonanoticias.com\\\/en\\\/#website\"},\"primaryImageOfPage\":{\"@id\":\"https:\\\/\\\/www.fcbarcelonanoticias.com\\\/en\\\/transfers\\\/future-confirmed-destination-one-discards-fc-barcelona-summer_306884_102.html#primaryimage\"},\"image\":{\"@id\":\"https:\\\/\\\/www.fcbarcelonanoticias.com\\\/en\\\/transfers\\\/future-confirmed-destination-one-discards-fc-barcelona-summer_306884_102.html#primaryimage\"},\"thumbnailUrl\":\"https:\\\/\\\/www.fcbarcelonanoticias.com\\\/en\\\/wp-content\\\/uploads\\\/sites\\\/2\\\/2024\\\/08\\\/marcos-alonso-fc-barcelona.jpeg\",\"datePublished\":\"2024-08-28T21:04:00+00:00\",\"dateModified\":\"2024-08-28T21:40:00+00:00\",\"author\":{\"@id\":\"https:\\\/\\\/www.fcbarcelonanoticias.com\\\/en\\\/#\\\/schema\\\/person\\\/c2cd9f6fa1af5c0d0eccd0fefa575c88\"},\"description\":\"One of FC Barcelona's discards for 2024\\\/25 found a team in LaLiga on Wednesday. It is Marcos Alonso, who will continue his career at Celta de Vigo. The full-back signed for one season plus an optional one\",\"breadcrumb\":{\"@id\":\"https:\\\/\\\/www.fcbarcelonanoticias.com\\\/en\\\/transfers\\\/future-confirmed-destination-one-discards-fc-barcelona-summer_306884_102.html#breadcrumb\"},\"inLanguage\":\"en-US\",\"potentialAction\":[{\"@type\":\"ReadAction\",\"target\":[\"https:\\\/\\\/www.fcbarcelonanoticias.com\\\/en\\\/transfers\\\/future-confirmed-destination-one-discards-fc-barcelona-summer_306884_102.html\"]}]},{\"@type\":\"ImageObject\",\"inLanguage\":\"en-US\",\"@id\":\"https:\\\/\\\/www.fcbarcelonanoticias.com\\\/en\\\/transfers\\\/future-confirmed-destination-one-discards-fc-barcelona-summer_306884_102.html#primaryimage\",\"url\":\"https:\\\/\\\/www.fcbarcelonanoticias.com\\\/en\\\/wp-content\\\/uploads\\\/sites\\\/2\\\/2024\\\/08\\\/marcos-alonso-fc-barcelona.jpeg\",\"contentUrl\":\"https:\\\/\\\/www.fcbarcelonanoticias.com\\\/en\\\/wp-content\\\/uploads\\\/sites\\\/2\\\/2024\\\/08\\\/marcos-alonso-fc-barcelona.jpeg\",\"width\":1300,\"height\":732},{\"@type\":\"BreadcrumbList\",\"@id\":\"https:\\\/\\\/www.fcbarcelonanoticias.com\\\/en\\\/transfers\\\/future-confirmed-destination-one-discards-fc-barcelona-summer_306884_102.html#breadcrumb\",\"itemListElement\":[{\"@type\":\"ListItem\",\"position\":1,\"name\":\"Portada\",\"item\":\"https:\\\/\\\/www.fcbarcelonanoticias.com\\\/en\\\/\"},{\"@type\":\"ListItem\",\"position\":2,\"name\":\"Future confirmed! The destination of one of Bar\u00e7a&#8217;s discards this summer\"}]},{\"@type\":\"WebSite\",\"@id\":\"https:\\\/\\\/www.fcbarcelonanoticias.com\\\/en\\\/#website\",\"url\":\"https:\\\/\\\/www.fcbarcelonanoticias.com\\\/en\\\/\",\"name\":\"EN - FC Barcelona Noticias\",\"description\":\"\",\"potentialAction\":[{\"@type\":\"SearchAction\",\"target\":{\"@type\":\"EntryPoint\",\"urlTemplate\":\"https:\\\/\\\/www.fcbarcelonanoticias.com\\\/en\\\/?s={search_term_string}\"},\"query-input\":{\"@type\":\"PropertyValueSpecification\",\"valueRequired\":true,\"valueName\":\"search_term_string\"}}],\"inLanguage\":\"en-US\"},{\"@type\":\"Person\",\"@id\":\"https:\\\/\\\/www.fcbarcelonanoticias.com\\\/en\\\/#\\\/schema\\\/person\\\/c2cd9f6fa1af5c0d0eccd0fefa575c88\",\"name\":\"Andr\u00e9s Quiroz\",\"image\":{\"@type\":\"ImageObject\",\"inLanguage\":\"en-US\",\"@id\":\"https:\\\/\\\/secure.gravatar.com\\\/avatar\\\/?s=96&d=mm&r=g\",\"url\":\"https:\\\/\\\/secure.gravatar.com\\\/avatar\\\/?s=96&d=mm&r=g\",\"contentUrl\":\"https:\\\/\\\/secure.gravatar.com\\\/avatar\\\/?s=96&d=mm&r=g\",\"caption\":\"Andr\u00e9s Quiroz\"},\"description\":\"Licenciado en Periodismo por la Universidad de los Andes. Me encargo de analizar y compartir los contenidos m\u00e1s destacados de la\u00a0actualidad del F\u00fatbol Club Barcelona, Mercado de Fichajes y F\u00fatbol Internacional en FCBN. La informaci\u00f3n es poder, pero tambi\u00e9n conocimiento.\",\"url\":\"https:\\\/\\\/www.fcbarcelonanoticias.com\\\/en\\\/fc-barcelona\\\/andres-quiroz_17_115.html\"}]}<\/script>\n<!-- \/ Yoast SEO plugin. -->","yoast_head_json":{"title":"Future confirmed! The destination of one of Bar\u00e7a's discards this summer","description":"One of FC Barcelona's discards for 2024\/25 found a team in LaLiga on Wednesday. It is Marcos Alonso, who will continue his career at Celta de Vigo. The full-back signed for one season plus an optional one","robots":{"index":"index","follow":"follow","max-snippet":"max-snippet:-1","max-image-preview":"max-image-preview:large","max-video-preview":"max-video-preview:-1"},"canonical":"https:\/\/www.fcbarcelonanoticias.com\/en\/transfers\/future-confirmed-destination-one-discards-fc-barcelona-summer_306884_102.html","og_locale":"en_US","og_type":"article","og_title":"Future confirmed! The destination of one of Bar\u00e7a's discards this summer","og_description":"One of FC Barcelona's discards for 2024\/25 found a team in LaLiga on Wednesday. It is Marcos Alonso, who will continue his career at Celta de Vigo. The full-back signed for one season plus an optional one","og_url":"https:\/\/www.fcbarcelonanoticias.com\/en\/transfers\/future-confirmed-destination-one-discards-fc-barcelona-summer_306884_102.html","og_site_name":"EN - FC Barcelona Noticias","article_published_time":"2024-08-28T21:04:00+00:00","article_modified_time":"2024-08-28T21:40:00+00:00","og_image":[{"width":1300,"height":732,"url":"https:\/\/www.fcbarcelonanoticias.com\/en\/wp-content\/uploads\/sites\/2\/2024\/08\/marcos-alonso-fc-barcelona.jpeg","type":"image\/jpeg"}],"author":"Andr\u00e9s Quiroz","twitter_card":"summary_large_image","twitter_misc":{"Written by":"Andr\u00e9s Quiroz","Est. reading time":"2 minutes"},"schema":{"@context":"https:\/\/schema.org","@graph":[{"@type":"Article","@id":"https:\/\/www.fcbarcelonanoticias.com\/en\/transfers\/future-confirmed-destination-one-discards-fc-barcelona-summer_306884_102.html#article","isPartOf":{"@id":"https:\/\/www.fcbarcelonanoticias.com\/en\/transfers\/future-confirmed-destination-one-discards-fc-barcelona-summer_306884_102.html"},"author":{"name":"Andr\u00e9s Quiroz","@id":"https:\/\/www.fcbarcelonanoticias.com\/en\/#\/schema\/person\/c2cd9f6fa1af5c0d0eccd0fefa575c88"},"headline":"Future confirmed! The destination of one of Bar\u00e7a&#8217;s discards this summer","datePublished":"2024-08-28T21:04:00+00:00","dateModified":"2024-08-28T21:40:00+00:00","mainEntityOfPage":{"@id":"https:\/\/www.fcbarcelonanoticias.com\/en\/transfers\/future-confirmed-destination-one-discards-fc-barcelona-summer_306884_102.html"},"wordCount":376,"image":{"@id":"https:\/\/www.fcbarcelonanoticias.com\/en\/transfers\/future-confirmed-destination-one-discards-fc-barcelona-summer_306884_102.html#primaryimage"},"thumbnailUrl":"https:\/\/www.fcbarcelonanoticias.com\/en\/wp-content\/uploads\/sites\/2\/2024\/08\/marcos-alonso-fc-barcelona.jpeg","keywords":["Celtic of Vigo","Marcos Alonso"],"articleSection":["Transfers","Transfers"],"inLanguage":"en-US"},{"@type":"WebPage","@id":"https:\/\/www.fcbarcelonanoticias.com\/en\/transfers\/future-confirmed-destination-one-discards-fc-barcelona-summer_306884_102.html","url":"https:\/\/www.fcbarcelonanoticias.com\/en\/transfers\/future-confirmed-destination-one-discards-fc-barcelona-summer_306884_102.html","name":"Future confirmed! The destination of one of Bar\u00e7a's discards this summer","isPartOf":{"@id":"https:\/\/www.fcbarcelonanoticias.com\/en\/#website"},"primaryImageOfPage":{"@id":"https:\/\/www.fcbarcelonanoticias.com\/en\/transfers\/future-confirmed-destination-one-discards-fc-barcelona-summer_306884_102.html#primaryimage"},"image":{"@id":"https:\/\/www.fcbarcelonanoticias.com\/en\/transfers\/future-confirmed-destination-one-discards-fc-barcelona-summer_306884_102.html#primaryimage"},"thumbnailUrl":"https:\/\/www.fcbarcelonanoticias.com\/en\/wp-content\/uploads\/sites\/2\/2024\/08\/marcos-alonso-fc-barcelona.jpeg","datePublished":"2024-08-28T21:04:00+00:00","dateModified":"2024-08-28T21:40:00+00:00","author":{"@id":"https:\/\/www.fcbarcelonanoticias.com\/en\/#\/schema\/person\/c2cd9f6fa1af5c0d0eccd0fefa575c88"},"description":"One of FC Barcelona's discards for 2024\/25 found a team in LaLiga on Wednesday. It is Marcos Alonso, who will continue his career at Celta de Vigo. The full-back signed for one season plus an optional one","breadcrumb":{"@id":"https:\/\/www.fcbarcelonanoticias.com\/en\/transfers\/future-confirmed-destination-one-discards-fc-barcelona-summer_306884_102.html#breadcrumb"},"inLanguage":"en-US","potentialAction":[{"@type":"ReadAction","target":["https:\/\/www.fcbarcelonanoticias.com\/en\/transfers\/future-confirmed-destination-one-discards-fc-barcelona-summer_306884_102.html"]}]},{"@type":"ImageObject","inLanguage":"en-US","@id":"https:\/\/www.fcbarcelonanoticias.com\/en\/transfers\/future-confirmed-destination-one-discards-fc-barcelona-summer_306884_102.html#primaryimage","url":"https:\/\/www.fcbarcelonanoticias.com\/en\/wp-content\/uploads\/sites\/2\/2024\/08\/marcos-alonso-fc-barcelona.jpeg","contentUrl":"https:\/\/www.fcbarcelonanoticias.com\/en\/wp-content\/uploads\/sites\/2\/2024\/08\/marcos-alonso-fc-barcelona.jpeg","width":1300,"height":732},{"@type":"BreadcrumbList","@id":"https:\/\/www.fcbarcelonanoticias.com\/en\/transfers\/future-confirmed-destination-one-discards-fc-barcelona-summer_306884_102.html#breadcrumb","itemListElement":[{"@type":"ListItem","position":1,"name":"Portada","item":"https:\/\/www.fcbarcelonanoticias.com\/en\/"},{"@type":"ListItem","position":2,"name":"Future confirmed! The destination of one of Bar\u00e7a&#8217;s discards this summer"}]},{"@type":"WebSite","@id":"https:\/\/www.fcbarcelonanoticias.com\/en\/#website","url":"https:\/\/www.fcbarcelonanoticias.com\/en\/","name":"EN - FC Barcelona Noticias","description":"","potentialAction":[{"@type":"SearchAction","target":{"@type":"EntryPoint","urlTemplate":"https:\/\/www.fcbarcelonanoticias.com\/en\/?s={search_term_string}"},"query-input":{"@type":"PropertyValueSpecification","valueRequired":true,"valueName":"search_term_string"}}],"inLanguage":"en-US"},{"@type":"Person","@id":"https:\/\/www.fcbarcelonanoticias.com\/en\/#\/schema\/person\/c2cd9f6fa1af5c0d0eccd0fefa575c88","name":"Andr\u00e9s Quiroz","image":{"@type":"ImageObject","inLanguage":"en-US","@id":"https:\/\/secure.gravatar.com\/avatar\/?s=96&d=mm&r=g","url":"https:\/\/secure.gravatar.com\/avatar\/?s=96&d=mm&r=g","contentUrl":"https:\/\/secure.gravatar.com\/avatar\/?s=96&d=mm&r=g","caption":"Andr\u00e9s Quiroz"},"description":"Licenciado en Periodismo por la Universidad de los Andes. Me encargo de analizar y compartir los contenidos m\u00e1s destacados de la\u00a0actualidad del F\u00fatbol Club Barcelona, Mercado de Fichajes y F\u00fatbol Internacional en FCBN. La informaci\u00f3n es poder, pero tambi\u00e9n conocimiento.","url":"https:\/\/www.fcbarcelonanoticias.com\/en\/fc-barcelona\/andres-quiroz_17_115.html"}]}},"_links":{"self":[{"href":"https:\/\/www.fcbarcelonanoticias.com\/en\/wp-json\/wp\/v2\/posts\/128839","targetHints":{"allow":["GET"]}}],"collection":[{"href":"https:\/\/www.fcbarcelonanoticias.com\/en\/wp-json\/wp\/v2\/posts"}],"about":[{"href":"https:\/\/www.fcbarcelonanoticias.com\/en\/wp-json\/wp\/v2\/types\/post"}],"author":[{"embeddable":true,"href":"https:\/\/www.fcbarcelonanoticias.com\/en\/wp-json\/wp\/v2\/users\/347"}],"replies":[{"embeddable":true,"href":"https:\/\/www.fcbarcelonanoticias.com\/en\/wp-json\/wp\/v2\/comments?post=128839"}],"version-history":[{"count":1,"href":"https:\/\/www.fcbarcelonanoticias.com\/en\/wp-json\/wp\/v2\/posts\/128839\/revisions"}],"predecessor-version":[{"id":151483,"href":"https:\/\/www.fcbarcelonanoticias.com\/en\/wp-json\/wp\/v2\/posts\/128839\/revisions\/151483"}],"wp:featuredmedia":[{"embeddable":true,"href":"https:\/\/www.fcbarcelonanoticias.com\/en\/wp-json\/wp\/v2\/media\/128842"}],"wp:attachment":[{"href":"https:\/\/www.fcbarcelonanoticias.com\/en\/wp-json\/wp\/v2\/media?parent=128839"}],"wp:term":[{"taxonomy":"category","embeddable":true,"href":"https:\/\/www.fcbarcelonanoticias.com\/en\/wp-json\/wp\/v2\/categories?post=128839"},{"taxonomy":"post_tag","embeddable":true,"href":"https:\/\/www.fcbarcelonanoticias.com\/en\/wp-json\/wp\/v2\/tags?post=128839"}],"curies":[{"name":"wp","href":"https:\/\/api.w.org\/{rel}","templated":true}]}}