{"id":128857,"date":"2023-05-14T11:28:00","date_gmt":"2023-05-14T09:28:00","guid":{"rendered":"https:\/\/weisetech.dev\/fc-barcelona-noticias\/en\/details-contract-fc-barcelona-will-offer-ilkay-gundogan_292352_102\/"},"modified":"2023-05-14T14:30:00","modified_gmt":"2023-05-14T12:30:00","slug":"details-contract-fc-barcelona-will-offer-ilkay-gundogan_292352_102","status":"publish","type":"post","link":"https:\/\/www.fcbarcelonanoticias.com\/en\/transfers\/details-contract-fc-barcelona-will-offer-ilkay-gundogan_292352_102.html","title":{"rendered":"The details of the contract that FC Barcelona will offer \u0130lkay G\u00fcndogan"},"content":{"rendered":"<h2 class=\"wp-block-heading\">FC Barcelona finalizes details for its first offer to \u0130lkay G\u00fcndogan. The German midfielder aims to leave Manchester City in the summer, once his contract ends and the cul\u00e9 board does not want to waste time to sign him<\/h2>  \r\n<div class=\"article-addons\">\r\n    <a href=\"https:\/\/www.fcbarcelonanoticias.com\/en\/calendar-fc-barcelona.html\"\r\n       target=\"_self\"\r\n       title=\"Calendar of FC Barcelona\"\r\n       class=\"blue-gredient-btn\">\r\n       \r\n        Calendar of FC Barcelona    <\/a>\r\n<\/div>   <p>Everything aims to that \u0130lkay G\u00fcndogan will turn into the first reinforcement of the FC Barcelona for his centre of the field in summer. After the official announcement of the exit of Sergio Busquets, <strong><a data-external=\"0\" data-intl-links-en=\"https:\/\/www.fcbarcelonanoticias.com\/en\/transfers\/finalized-signing-xavi-hernandez-convinces-gundogan_292281_102.html\" data-intl-links-es=\"https:\/\/www.fcbarcelonanoticias.com\/fichajes\/fichaje-concretado-xavi-hernandez-convence-gundogan_292281_102.html\" href=\"https:\/\/www.fcbarcelonanoticias.com\/en\/transfers\/finalized-signing-xavi-hernandez-convinces-gundogan_292281_102.html\" rel=\"follow\" target=\"_self\" title=\"\u00bfFichaje concretado? Xavi Hern\u00e1ndez 'convence' a G\u00fcndogan\">the directive expects to close in brief the signing of the German<\/a> and already would have almost lists his first offer for the player of 32 years<\/strong>, which includes an agreement by three seasons with an inferior wage to the that perceived in the Manchester City.<\/p>  <p>The international Teutonic <strong>perceived 8 million net euros to the year in the Premier League<\/strong> and, to sign by the Bar\u00e7a, his emolumentos rondar\u00edan the 5 or 6 &#8216;kilos&#8217; by season. The adjusted margin salarial cul\u00e9 forces to the directive to bet by a considerable reduction of his payroll and, with the goodbye of &#8216;Busi&#8217; and the possible exit of Jordi Alba, the club would free the two higher index cards of the first team.<\/p>  <h2>G\u00fcndogan Prioritises an agreement to average and long term<\/h2>  <p>Although the City no resigna to his course,<strong> <a data-external=\"0\" data-intl-links-en=\"https:\/\/www.fcbarcelonanoticias.com\/en\/transfers\/city-are-not-giving-up-barca-go-to-war-with-guardiola-over-gundogan_292192_102.html\" data-intl-links-es=\"https:\/\/www.fcbarcelonanoticias.com\/fichajes\/el-city-no-se-rinde-barcelona-va-guerra-con-guardiola-por-gundogan_292192_102.html\" href=\"https:\/\/www.fcbarcelonanoticias.com\/en\/transfers\/city-are-not-giving-up-barca-go-to-war-with-guardiola-over-gundogan_292192_102.html\" rel=\"follow\" target=\"_self\" title=\"\u00a1El City no se rinde! El Bar\u00e7a va a la 'guerra' con Guardiola por G\u00fcndogan\">the managerial &#8216;sky blue&#8217; would prioritise an agreement by a year<\/a>, with option to extend it until 2025<\/strong> according to the performance of the of Gelsenkirchen in the 2023\/24. \u0130lkay Has been titular\u00edsimo for Pep Guardiola from the arrival of both in the summer of 2016, but the age of the mediocentro is a factor of weight for a group &#8216;cityzen&#8217; that also has the eye put on Jude Bellingham. However, <strong>the German trusts to have capacity to surrender to tope, at least, until 2026<\/strong> and the Bar\u00e7a himself would be had to offer him an agreement by three years.<\/p>  <p>This season, <strong>G\u00fcndogan great 7 goals and 6 assistances in 46 parties (3.429 minutes)<\/strong>. Guardiola Has left clear that would not hinder his course, further of cu\u00e1n sensitive can result his drop. Sample of this is that, to these heights, the mediocentro have not defined his future, something that will do once culminate the 2022\/23, since the City is still in &#8216;career&#8217; by the triplete (League, Glass and Champions).<\/p>  <h2>The Bar\u00e7a awaits by the &#8216;OK&#8217; of LaLiga to speak with G\u00fcndogan<\/h2>  <p><strong>This week, the directive of the FC Barcelona expects to receive the &#8216;OK&#8217; of LaLiga to his plan of financial feasibility<\/strong>, with which the club will have green light to negotiate signings and renewals of face to the summer. Once the patronal that chairs Javier Thebes authorise to the Bar\u00e7a,<strong> the directive will extend his first offer to G\u00fcndogan, trusting that the German no opondr\u00e1 to go down his emolumentos <\/strong>with such to sign an agreement on a long-term basis that it would extend until his 35 years. The mediocentro will fulfil 33 in October.<\/p> ","protected":false},"excerpt":{"rendered":"<p>FC Barcelona finalizes details for its first offer to \u0130lkay G\u00fcndogan. The German midfielder aims to leave Manchester City in the summer, once his contract ends and the cul\u00e9 board does not want to waste time to sign him Everything aims to that \u0130lkay G\u00fcndogan will turn into the first reinforcement of the FC Barcelona [&hellip;]<\/p>\n","protected":false},"author":347,"featured_media":128860,"comment_status":"closed","ping_status":"open","sticky":false,"template":"","format":"standard","meta":{"_acf_changed":false,"inline_featured_image":false,"_nextfly_llmd_date_locked":false,"footnotes":""},"categories":[106,449],"tags":[170,97],"class_list":["post-128857","post","type-post","status-publish","format-standard","has-post-thumbnail","hentry","category-transfers","category-transfers-2","tag-ilkay-gundogan","tag-manchester-city"],"acf":[],"yoast_head":"<!-- This site is optimized with the Yoast SEO plugin v27.3 - https:\/\/yoast.com\/product\/yoast-seo-wordpress\/ -->\n<title>The details of the contract that FC Barcelona will offer \u0130lkay G\u00fcndogan<\/title>\n<meta name=\"description\" content=\"FC Barcelona finalizes details for its first offer to \u0130lkay G\u00fcndogan. The German midfielder aims to leave Manchester City in the summer, once his contract ends and the cul\u00e9 board does not want to waste time to sign him\" \/>\n<meta name=\"robots\" content=\"index, follow, max-snippet:-1, max-image-preview:large, max-video-preview:-1\" \/>\n<link rel=\"canonical\" href=\"https:\/\/www.fcbarcelonanoticias.com\/en\/transfers\/details-contract-fc-barcelona-will-offer-ilkay-gundogan_292352_102.html\" \/>\n<meta property=\"og:locale\" content=\"en_US\" \/>\n<meta property=\"og:type\" content=\"article\" \/>\n<meta property=\"og:title\" content=\"The details of the contract that FC Barcelona will offer \u0130lkay G\u00fcndogan\" \/>\n<meta property=\"og:description\" content=\"FC Barcelona finalizes details for its first offer to \u0130lkay G\u00fcndogan. The German midfielder aims to leave Manchester City in the summer, once his contract ends and the cul\u00e9 board does not want to waste time to sign him\" \/>\n<meta property=\"og:url\" content=\"https:\/\/www.fcbarcelonanoticias.com\/en\/transfers\/details-contract-fc-barcelona-will-offer-ilkay-gundogan_292352_102.html\" \/>\n<meta property=\"og:site_name\" content=\"EN - FC Barcelona Noticias\" \/>\n<meta property=\"article:published_time\" content=\"2023-05-14T09:28:00+00:00\" \/>\n<meta property=\"article:modified_time\" content=\"2023-05-14T12:30:00+00:00\" \/>\n<meta property=\"og:image\" content=\"https:\/\/www.fcbarcelonanoticias.com\/en\/wp-content\/uploads\/sites\/2\/2023\/05\/ilkay-gundogan-partido2.jpeg\" \/>\n\t<meta property=\"og:image:width\" content=\"1300\" \/>\n\t<meta property=\"og:image:height\" content=\"735\" \/>\n\t<meta property=\"og:image:type\" content=\"image\/jpeg\" \/>\n<meta name=\"author\" content=\"Andr\u00e9s Quiroz\" \/>\n<meta name=\"twitter:card\" content=\"summary_large_image\" \/>\n<meta name=\"twitter:label1\" content=\"Written by\" \/>\n\t<meta name=\"twitter:data1\" content=\"Andr\u00e9s Quiroz\" \/>\n\t<meta name=\"twitter:label2\" content=\"Est. reading time\" \/>\n\t<meta name=\"twitter:data2\" content=\"2 minutes\" \/>\n<script type=\"application\/ld+json\" class=\"yoast-schema-graph\">{\"@context\":\"https:\\\/\\\/schema.org\",\"@graph\":[{\"@type\":\"Article\",\"@id\":\"https:\\\/\\\/www.fcbarcelonanoticias.com\\\/en\\\/transfers\\\/details-contract-fc-barcelona-will-offer-ilkay-gundogan_292352_102.html#article\",\"isPartOf\":{\"@id\":\"https:\\\/\\\/www.fcbarcelonanoticias.com\\\/en\\\/transfers\\\/details-contract-fc-barcelona-will-offer-ilkay-gundogan_292352_102.html\"},\"author\":{\"name\":\"Andr\u00e9s Quiroz\",\"@id\":\"https:\\\/\\\/www.fcbarcelonanoticias.com\\\/en\\\/#\\\/schema\\\/person\\\/c2cd9f6fa1af5c0d0eccd0fefa575c88\"},\"headline\":\"The details of the contract that FC Barcelona will offer \u0130lkay G\u00fcndogan\",\"datePublished\":\"2023-05-14T09:28:00+00:00\",\"dateModified\":\"2023-05-14T12:30:00+00:00\",\"mainEntityOfPage\":{\"@id\":\"https:\\\/\\\/www.fcbarcelonanoticias.com\\\/en\\\/transfers\\\/details-contract-fc-barcelona-will-offer-ilkay-gundogan_292352_102.html\"},\"wordCount\":498,\"image\":{\"@id\":\"https:\\\/\\\/www.fcbarcelonanoticias.com\\\/en\\\/transfers\\\/details-contract-fc-barcelona-will-offer-ilkay-gundogan_292352_102.html#primaryimage\"},\"thumbnailUrl\":\"https:\\\/\\\/www.fcbarcelonanoticias.com\\\/en\\\/wp-content\\\/uploads\\\/sites\\\/2\\\/2023\\\/05\\\/ilkay-gundogan-partido2.jpeg\",\"keywords\":[\"Ilkay G\u00fcndogan\",\"Manchester City\"],\"articleSection\":[\"Transfers\",\"Transfers\"],\"inLanguage\":\"en-US\"},{\"@type\":\"WebPage\",\"@id\":\"https:\\\/\\\/www.fcbarcelonanoticias.com\\\/en\\\/transfers\\\/details-contract-fc-barcelona-will-offer-ilkay-gundogan_292352_102.html\",\"url\":\"https:\\\/\\\/www.fcbarcelonanoticias.com\\\/en\\\/transfers\\\/details-contract-fc-barcelona-will-offer-ilkay-gundogan_292352_102.html\",\"name\":\"The details of the contract that FC Barcelona will offer \u0130lkay G\u00fcndogan\",\"isPartOf\":{\"@id\":\"https:\\\/\\\/www.fcbarcelonanoticias.com\\\/en\\\/#website\"},\"primaryImageOfPage\":{\"@id\":\"https:\\\/\\\/www.fcbarcelonanoticias.com\\\/en\\\/transfers\\\/details-contract-fc-barcelona-will-offer-ilkay-gundogan_292352_102.html#primaryimage\"},\"image\":{\"@id\":\"https:\\\/\\\/www.fcbarcelonanoticias.com\\\/en\\\/transfers\\\/details-contract-fc-barcelona-will-offer-ilkay-gundogan_292352_102.html#primaryimage\"},\"thumbnailUrl\":\"https:\\\/\\\/www.fcbarcelonanoticias.com\\\/en\\\/wp-content\\\/uploads\\\/sites\\\/2\\\/2023\\\/05\\\/ilkay-gundogan-partido2.jpeg\",\"datePublished\":\"2023-05-14T09:28:00+00:00\",\"dateModified\":\"2023-05-14T12:30:00+00:00\",\"author\":{\"@id\":\"https:\\\/\\\/www.fcbarcelonanoticias.com\\\/en\\\/#\\\/schema\\\/person\\\/c2cd9f6fa1af5c0d0eccd0fefa575c88\"},\"description\":\"FC Barcelona finalizes details for its first offer to \u0130lkay G\u00fcndogan. The German midfielder aims to leave Manchester City in the summer, once his contract ends and the cul\u00e9 board does not want to waste time to sign him\",\"breadcrumb\":{\"@id\":\"https:\\\/\\\/www.fcbarcelonanoticias.com\\\/en\\\/transfers\\\/details-contract-fc-barcelona-will-offer-ilkay-gundogan_292352_102.html#breadcrumb\"},\"inLanguage\":\"en-US\",\"potentialAction\":[{\"@type\":\"ReadAction\",\"target\":[\"https:\\\/\\\/www.fcbarcelonanoticias.com\\\/en\\\/transfers\\\/details-contract-fc-barcelona-will-offer-ilkay-gundogan_292352_102.html\"]}]},{\"@type\":\"ImageObject\",\"inLanguage\":\"en-US\",\"@id\":\"https:\\\/\\\/www.fcbarcelonanoticias.com\\\/en\\\/transfers\\\/details-contract-fc-barcelona-will-offer-ilkay-gundogan_292352_102.html#primaryimage\",\"url\":\"https:\\\/\\\/www.fcbarcelonanoticias.com\\\/en\\\/wp-content\\\/uploads\\\/sites\\\/2\\\/2023\\\/05\\\/ilkay-gundogan-partido2.jpeg\",\"contentUrl\":\"https:\\\/\\\/www.fcbarcelonanoticias.com\\\/en\\\/wp-content\\\/uploads\\\/sites\\\/2\\\/2023\\\/05\\\/ilkay-gundogan-partido2.jpeg\",\"width\":1300,\"height\":735},{\"@type\":\"BreadcrumbList\",\"@id\":\"https:\\\/\\\/www.fcbarcelonanoticias.com\\\/en\\\/transfers\\\/details-contract-fc-barcelona-will-offer-ilkay-gundogan_292352_102.html#breadcrumb\",\"itemListElement\":[{\"@type\":\"ListItem\",\"position\":1,\"name\":\"Portada\",\"item\":\"https:\\\/\\\/www.fcbarcelonanoticias.com\\\/en\\\/\"},{\"@type\":\"ListItem\",\"position\":2,\"name\":\"The details of the contract that FC Barcelona will offer \u0130lkay G\u00fcndogan\"}]},{\"@type\":\"WebSite\",\"@id\":\"https:\\\/\\\/www.fcbarcelonanoticias.com\\\/en\\\/#website\",\"url\":\"https:\\\/\\\/www.fcbarcelonanoticias.com\\\/en\\\/\",\"name\":\"EN - FC Barcelona Noticias\",\"description\":\"\",\"potentialAction\":[{\"@type\":\"SearchAction\",\"target\":{\"@type\":\"EntryPoint\",\"urlTemplate\":\"https:\\\/\\\/www.fcbarcelonanoticias.com\\\/en\\\/?s={search_term_string}\"},\"query-input\":{\"@type\":\"PropertyValueSpecification\",\"valueRequired\":true,\"valueName\":\"search_term_string\"}}],\"inLanguage\":\"en-US\"},{\"@type\":\"Person\",\"@id\":\"https:\\\/\\\/www.fcbarcelonanoticias.com\\\/en\\\/#\\\/schema\\\/person\\\/c2cd9f6fa1af5c0d0eccd0fefa575c88\",\"name\":\"Andr\u00e9s Quiroz\",\"image\":{\"@type\":\"ImageObject\",\"inLanguage\":\"en-US\",\"@id\":\"https:\\\/\\\/secure.gravatar.com\\\/avatar\\\/?s=96&d=mm&r=g\",\"url\":\"https:\\\/\\\/secure.gravatar.com\\\/avatar\\\/?s=96&d=mm&r=g\",\"contentUrl\":\"https:\\\/\\\/secure.gravatar.com\\\/avatar\\\/?s=96&d=mm&r=g\",\"caption\":\"Andr\u00e9s Quiroz\"},\"description\":\"Licenciado en Periodismo por la Universidad de los Andes. Me encargo de analizar y compartir los contenidos m\u00e1s destacados de la\u00a0actualidad del F\u00fatbol Club Barcelona, Mercado de Fichajes y F\u00fatbol Internacional en FCBN. La informaci\u00f3n es poder, pero tambi\u00e9n conocimiento.\",\"url\":\"https:\\\/\\\/www.fcbarcelonanoticias.com\\\/en\\\/fc-barcelona\\\/andres-quiroz_17_115.html\"}]}<\/script>\n<!-- \/ Yoast SEO plugin. -->","yoast_head_json":{"title":"The details of the contract that FC Barcelona will offer \u0130lkay G\u00fcndogan","description":"FC Barcelona finalizes details for its first offer to \u0130lkay G\u00fcndogan. The German midfielder aims to leave Manchester City in the summer, once his contract ends and the cul\u00e9 board does not want to waste time to sign him","robots":{"index":"index","follow":"follow","max-snippet":"max-snippet:-1","max-image-preview":"max-image-preview:large","max-video-preview":"max-video-preview:-1"},"canonical":"https:\/\/www.fcbarcelonanoticias.com\/en\/transfers\/details-contract-fc-barcelona-will-offer-ilkay-gundogan_292352_102.html","og_locale":"en_US","og_type":"article","og_title":"The details of the contract that FC Barcelona will offer \u0130lkay G\u00fcndogan","og_description":"FC Barcelona finalizes details for its first offer to \u0130lkay G\u00fcndogan. The German midfielder aims to leave Manchester City in the summer, once his contract ends and the cul\u00e9 board does not want to waste time to sign him","og_url":"https:\/\/www.fcbarcelonanoticias.com\/en\/transfers\/details-contract-fc-barcelona-will-offer-ilkay-gundogan_292352_102.html","og_site_name":"EN - FC Barcelona Noticias","article_published_time":"2023-05-14T09:28:00+00:00","article_modified_time":"2023-05-14T12:30:00+00:00","og_image":[{"width":1300,"height":735,"url":"https:\/\/www.fcbarcelonanoticias.com\/en\/wp-content\/uploads\/sites\/2\/2023\/05\/ilkay-gundogan-partido2.jpeg","type":"image\/jpeg"}],"author":"Andr\u00e9s Quiroz","twitter_card":"summary_large_image","twitter_misc":{"Written by":"Andr\u00e9s Quiroz","Est. reading time":"2 minutes"},"schema":{"@context":"https:\/\/schema.org","@graph":[{"@type":"Article","@id":"https:\/\/www.fcbarcelonanoticias.com\/en\/transfers\/details-contract-fc-barcelona-will-offer-ilkay-gundogan_292352_102.html#article","isPartOf":{"@id":"https:\/\/www.fcbarcelonanoticias.com\/en\/transfers\/details-contract-fc-barcelona-will-offer-ilkay-gundogan_292352_102.html"},"author":{"name":"Andr\u00e9s Quiroz","@id":"https:\/\/www.fcbarcelonanoticias.com\/en\/#\/schema\/person\/c2cd9f6fa1af5c0d0eccd0fefa575c88"},"headline":"The details of the contract that FC Barcelona will offer \u0130lkay G\u00fcndogan","datePublished":"2023-05-14T09:28:00+00:00","dateModified":"2023-05-14T12:30:00+00:00","mainEntityOfPage":{"@id":"https:\/\/www.fcbarcelonanoticias.com\/en\/transfers\/details-contract-fc-barcelona-will-offer-ilkay-gundogan_292352_102.html"},"wordCount":498,"image":{"@id":"https:\/\/www.fcbarcelonanoticias.com\/en\/transfers\/details-contract-fc-barcelona-will-offer-ilkay-gundogan_292352_102.html#primaryimage"},"thumbnailUrl":"https:\/\/www.fcbarcelonanoticias.com\/en\/wp-content\/uploads\/sites\/2\/2023\/05\/ilkay-gundogan-partido2.jpeg","keywords":["Ilkay G\u00fcndogan","Manchester City"],"articleSection":["Transfers","Transfers"],"inLanguage":"en-US"},{"@type":"WebPage","@id":"https:\/\/www.fcbarcelonanoticias.com\/en\/transfers\/details-contract-fc-barcelona-will-offer-ilkay-gundogan_292352_102.html","url":"https:\/\/www.fcbarcelonanoticias.com\/en\/transfers\/details-contract-fc-barcelona-will-offer-ilkay-gundogan_292352_102.html","name":"The details of the contract that FC Barcelona will offer \u0130lkay G\u00fcndogan","isPartOf":{"@id":"https:\/\/www.fcbarcelonanoticias.com\/en\/#website"},"primaryImageOfPage":{"@id":"https:\/\/www.fcbarcelonanoticias.com\/en\/transfers\/details-contract-fc-barcelona-will-offer-ilkay-gundogan_292352_102.html#primaryimage"},"image":{"@id":"https:\/\/www.fcbarcelonanoticias.com\/en\/transfers\/details-contract-fc-barcelona-will-offer-ilkay-gundogan_292352_102.html#primaryimage"},"thumbnailUrl":"https:\/\/www.fcbarcelonanoticias.com\/en\/wp-content\/uploads\/sites\/2\/2023\/05\/ilkay-gundogan-partido2.jpeg","datePublished":"2023-05-14T09:28:00+00:00","dateModified":"2023-05-14T12:30:00+00:00","author":{"@id":"https:\/\/www.fcbarcelonanoticias.com\/en\/#\/schema\/person\/c2cd9f6fa1af5c0d0eccd0fefa575c88"},"description":"FC Barcelona finalizes details for its first offer to \u0130lkay G\u00fcndogan. The German midfielder aims to leave Manchester City in the summer, once his contract ends and the cul\u00e9 board does not want to waste time to sign him","breadcrumb":{"@id":"https:\/\/www.fcbarcelonanoticias.com\/en\/transfers\/details-contract-fc-barcelona-will-offer-ilkay-gundogan_292352_102.html#breadcrumb"},"inLanguage":"en-US","potentialAction":[{"@type":"ReadAction","target":["https:\/\/www.fcbarcelonanoticias.com\/en\/transfers\/details-contract-fc-barcelona-will-offer-ilkay-gundogan_292352_102.html"]}]},{"@type":"ImageObject","inLanguage":"en-US","@id":"https:\/\/www.fcbarcelonanoticias.com\/en\/transfers\/details-contract-fc-barcelona-will-offer-ilkay-gundogan_292352_102.html#primaryimage","url":"https:\/\/www.fcbarcelonanoticias.com\/en\/wp-content\/uploads\/sites\/2\/2023\/05\/ilkay-gundogan-partido2.jpeg","contentUrl":"https:\/\/www.fcbarcelonanoticias.com\/en\/wp-content\/uploads\/sites\/2\/2023\/05\/ilkay-gundogan-partido2.jpeg","width":1300,"height":735},{"@type":"BreadcrumbList","@id":"https:\/\/www.fcbarcelonanoticias.com\/en\/transfers\/details-contract-fc-barcelona-will-offer-ilkay-gundogan_292352_102.html#breadcrumb","itemListElement":[{"@type":"ListItem","position":1,"name":"Portada","item":"https:\/\/www.fcbarcelonanoticias.com\/en\/"},{"@type":"ListItem","position":2,"name":"The details of the contract that FC Barcelona will offer \u0130lkay G\u00fcndogan"}]},{"@type":"WebSite","@id":"https:\/\/www.fcbarcelonanoticias.com\/en\/#website","url":"https:\/\/www.fcbarcelonanoticias.com\/en\/","name":"EN - FC Barcelona Noticias","description":"","potentialAction":[{"@type":"SearchAction","target":{"@type":"EntryPoint","urlTemplate":"https:\/\/www.fcbarcelonanoticias.com\/en\/?s={search_term_string}"},"query-input":{"@type":"PropertyValueSpecification","valueRequired":true,"valueName":"search_term_string"}}],"inLanguage":"en-US"},{"@type":"Person","@id":"https:\/\/www.fcbarcelonanoticias.com\/en\/#\/schema\/person\/c2cd9f6fa1af5c0d0eccd0fefa575c88","name":"Andr\u00e9s Quiroz","image":{"@type":"ImageObject","inLanguage":"en-US","@id":"https:\/\/secure.gravatar.com\/avatar\/?s=96&d=mm&r=g","url":"https:\/\/secure.gravatar.com\/avatar\/?s=96&d=mm&r=g","contentUrl":"https:\/\/secure.gravatar.com\/avatar\/?s=96&d=mm&r=g","caption":"Andr\u00e9s Quiroz"},"description":"Licenciado en Periodismo por la Universidad de los Andes. Me encargo de analizar y compartir los contenidos m\u00e1s destacados de la\u00a0actualidad del F\u00fatbol Club Barcelona, Mercado de Fichajes y F\u00fatbol Internacional en FCBN. La informaci\u00f3n es poder, pero tambi\u00e9n conocimiento.","url":"https:\/\/www.fcbarcelonanoticias.com\/en\/fc-barcelona\/andres-quiroz_17_115.html"}]}},"_links":{"self":[{"href":"https:\/\/www.fcbarcelonanoticias.com\/en\/wp-json\/wp\/v2\/posts\/128857","targetHints":{"allow":["GET"]}}],"collection":[{"href":"https:\/\/www.fcbarcelonanoticias.com\/en\/wp-json\/wp\/v2\/posts"}],"about":[{"href":"https:\/\/www.fcbarcelonanoticias.com\/en\/wp-json\/wp\/v2\/types\/post"}],"author":[{"embeddable":true,"href":"https:\/\/www.fcbarcelonanoticias.com\/en\/wp-json\/wp\/v2\/users\/347"}],"replies":[{"embeddable":true,"href":"https:\/\/www.fcbarcelonanoticias.com\/en\/wp-json\/wp\/v2\/comments?post=128857"}],"version-history":[{"count":1,"href":"https:\/\/www.fcbarcelonanoticias.com\/en\/wp-json\/wp\/v2\/posts\/128857\/revisions"}],"predecessor-version":[{"id":152270,"href":"https:\/\/www.fcbarcelonanoticias.com\/en\/wp-json\/wp\/v2\/posts\/128857\/revisions\/152270"}],"wp:featuredmedia":[{"embeddable":true,"href":"https:\/\/www.fcbarcelonanoticias.com\/en\/wp-json\/wp\/v2\/media\/128860"}],"wp:attachment":[{"href":"https:\/\/www.fcbarcelonanoticias.com\/en\/wp-json\/wp\/v2\/media?parent=128857"}],"wp:term":[{"taxonomy":"category","embeddable":true,"href":"https:\/\/www.fcbarcelonanoticias.com\/en\/wp-json\/wp\/v2\/categories?post=128857"},{"taxonomy":"post_tag","embeddable":true,"href":"https:\/\/www.fcbarcelonanoticias.com\/en\/wp-json\/wp\/v2\/tags?post=128857"}],"curies":[{"name":"wp","href":"https:\/\/api.w.org\/{rel}","templated":true}]}}