{"id":128932,"date":"2025-12-12T12:09:00","date_gmt":"2025-12-12T11:09:00","guid":{"rendered":"https:\/\/weisetech.dev\/fc-barcelona-noticias\/en\/julian-alvarez-speaks-about-his-signing-for-fc-barcelona_315502_102\/"},"modified":"2025-12-12T12:09:00","modified_gmt":"2025-12-12T11:09:00","slug":"julian-alvarez-speaks-about-his-signing-for-fc-barcelona_315502_102","status":"publish","type":"post","link":"https:\/\/www.fcbarcelonanoticias.com\/en\/transfers\/julian-alvarez-speaks-about-his-signing-for-fc-barcelona_315502_102.html","title":{"rendered":"Juli\u00e1n \u00c1lvarez and rumors of his signing for Barcelona: &#8220;It doesn&#8217;t bother me&#8221;"},"content":{"rendered":"<h2 class=\"wp-block-heading\">Juli\u00e1n \u00c1lvarez speaks out on rumors linking him to Bar\u00e7a and clarifies how he feels about his name being associated with the Blaugrana club<\/h2>  \r\n<div class=\"article-addons\">\r\n    <a href=\"https:\/\/www.fcbarcelonanoticias.com\/en\/calendar-fc-barcelona.html\"\r\n       target=\"_self\"\r\n       title=\"Calendar of FC Barcelona\"\r\n       class=\"blue-gredient-btn\">\r\n       \r\n        Calendar of FC Barcelona    <\/a>\r\n<\/div>   <p><strong>Juli\u00e1n \u00c1lvarez is once again at the center of the transfer market debate<\/strong>. The Atl\u00e9tico de Madrid forward, one of the most complete attackers on the international scene, has spoken openly about the <strong>rumors linking him to FC Barcelona<\/strong>, a connection that has been repeated for months and gains strength every time a transfer window approaches.<\/p>  <h2>Juli\u00e1n \u00c1lvarez and the rumors of his signing for Bar\u00e7a<\/h2>  <p>In an interview with *Marca*, the Argentine international offered a clear and serene reflection on how he experiences this type of information, which is very common when dealing with footballers of his level and potential.<\/p>  <p>When directly asked about his name being associated with the Blaugrana club, the forward was blunt in tone, though cautious in substance:<\/p>  <blockquote> <p><em>&#8220;It doesn&#8217;t bother me. I try not to look too much, but I know it&#8217;s being talked about on social media. I think it&#8217;s more what they say there than what&#8217;s really happening&#8221;<\/em><\/p> <\/blockquote>  <blockquote> <p><em>&#8220;I am very focused on this season with Atl\u00e9tico. I try to abstain from these things and think about myself, about continuing to grow as a player and about winning\u201d<\/em><\/p> <\/blockquote>  <p>Words that reflect maturity and that do not close any doors, but also do not confirm that there is any real movement from <strong>Bar\u00e7a<\/strong> at this time.<\/p>  <h2>Juli\u00e1n \u00c1lvarez: an offensive profile that fits Barcelona<\/h2>  <p>The <strong>FC Barcelona forward<\/strong> has been the focus of sporting and strategic analysis for months. The club is seeking medium and long-term solutions to maintain a maximum competitive level, and top-tier names frequently appear in the media agenda.<\/p>  <p>In that context, <strong>Juli\u00e1n \u00c1lvarez<\/strong> possesses many of the attributes that the Catalan club has historically valued: mobility, high pressing, associative ability, goals, and a competitive mentality. At only <strong>25 years old<\/strong>, the Argentine has already proven his worth on big stages, both at club level and with the national team.<\/p>  <p>The forward has <strong>a contract with Atl\u00e9tico until 2030<\/strong> and a <strong>release clause set at 500 million euros<\/strong>, a safeguard that, in theory, complicates any short-term operation. For now, <strong>Juli\u00e1n \u00c1lvarez&#8217;s<\/strong> message is clear: calm and distance from the media noise.<\/p>  <p>Meanwhile, <strong><a data-external=\"0\" data-intl-links-en=\"https:\/\/www.fcbarcelonanoticias.com\/en\/transfers\" data-intl-links-es=\"https:\/\/www.fcbarcelonanoticias.com\/fichajes\" href=\"https:\/\/www.fcbarcelonanoticias.com\/en\/football-soccer\/transfers.html\" rel=\"follow\" target=\"_self\" title=\"Fichajes Bar\u00e7a - \u00daltima hora, noticias y rumores\">Bar\u00e7a continues to analyze the market<\/a><\/strong> cautiously, aware that major moves are built with time, opportunity, and sporting coherence.<\/p> ","protected":false},"excerpt":{"rendered":"<p>Juli\u00e1n \u00c1lvarez speaks out on rumors linking him to Bar\u00e7a and clarifies how he feels about his name being associated with the Blaugrana club Juli\u00e1n \u00c1lvarez is once again at the center of the transfer market debate. The Atl\u00e9tico de Madrid forward, one of the most complete attackers on the international scene, has spoken openly [&hellip;]<\/p>\n","protected":false},"author":353,"featured_media":128937,"comment_status":"closed","ping_status":"open","sticky":false,"template":"","format":"standard","meta":{"_acf_changed":false,"inline_featured_image":false,"_nextfly_llmd_date_locked":false,"footnotes":""},"categories":[106,449],"tags":[59,261],"class_list":["post-128932","post","type-post","status-publish","format-standard","has-post-thumbnail","hentry","category-transfers","category-transfers-2","tag-atletico-de-madrid","tag-football-transfer-rumors"],"acf":[],"yoast_head":"<!-- This site is optimized with the Yoast SEO plugin v27.3 - https:\/\/yoast.com\/product\/yoast-seo-wordpress\/ -->\n<title>Juli\u00e1n \u00c1lvarez speaks about his signing for FC Barcelona<\/title>\n<meta name=\"description\" content=\"Juli\u00e1n \u00c1lvarez speaks out about the rumors linking him to Bar\u00e7a and clarifies how he experiences his name being associated with the Blaugrana club. Read the interview.\" \/>\n<meta name=\"robots\" content=\"index, follow, max-snippet:-1, max-image-preview:large, max-video-preview:-1\" \/>\n<link rel=\"canonical\" href=\"https:\/\/www.fcbarcelonanoticias.com\/en\/transfers\/julian-alvarez-speaks-about-his-signing-for-fc-barcelona_315502_102.html\" \/>\n<meta property=\"og:locale\" content=\"en_US\" \/>\n<meta property=\"og:type\" content=\"article\" \/>\n<meta property=\"og:title\" content=\"Juli\u00e1n \u00c1lvarez speaks about his signing for FC Barcelona\" \/>\n<meta property=\"og:description\" content=\"Juli\u00e1n \u00c1lvarez speaks out about the rumors linking him to Bar\u00e7a and clarifies how he experiences his name being associated with the Blaugrana club. Read the interview.\" \/>\n<meta property=\"og:url\" content=\"https:\/\/www.fcbarcelonanoticias.com\/en\/transfers\/julian-alvarez-speaks-about-his-signing-for-fc-barcelona_315502_102.html\" \/>\n<meta property=\"og:site_name\" content=\"EN - FC Barcelona Noticias\" \/>\n<meta property=\"article:published_time\" content=\"2025-12-12T11:09:00+00:00\" \/>\n<meta property=\"og:image\" content=\"https:\/\/www.fcbarcelonanoticias.com\/en\/wp-content\/uploads\/sites\/2\/2025\/12\/lamine-yamal-julian-alvarez.jpeg\" \/>\n\t<meta property=\"og:image:width\" content=\"1200\" \/>\n\t<meta property=\"og:image:height\" content=\"675\" \/>\n\t<meta property=\"og:image:type\" content=\"image\/jpeg\" \/>\n<meta name=\"author\" content=\"FC Barcelona Noticias\" \/>\n<meta name=\"twitter:card\" content=\"summary_large_image\" \/>\n<meta name=\"twitter:label1\" content=\"Written by\" \/>\n\t<meta name=\"twitter:data1\" content=\"FC Barcelona Noticias\" \/>\n\t<meta name=\"twitter:label2\" content=\"Est. reading time\" \/>\n\t<meta name=\"twitter:data2\" content=\"2 minutes\" \/>\n<script type=\"application\/ld+json\" class=\"yoast-schema-graph\">{\"@context\":\"https:\\\/\\\/schema.org\",\"@graph\":[{\"@type\":\"Article\",\"@id\":\"https:\\\/\\\/www.fcbarcelonanoticias.com\\\/en\\\/transfers\\\/julian-alvarez-speaks-about-his-signing-for-fc-barcelona_315502_102.html#article\",\"isPartOf\":{\"@id\":\"https:\\\/\\\/www.fcbarcelonanoticias.com\\\/en\\\/transfers\\\/julian-alvarez-speaks-about-his-signing-for-fc-barcelona_315502_102.html\"},\"author\":{\"name\":\"FC Barcelona Noticias\",\"@id\":\"https:\\\/\\\/www.fcbarcelonanoticias.com\\\/en\\\/#\\\/schema\\\/person\\\/0f2810101d27606974cdb8edb54fa54b\"},\"headline\":\"Juli\u00e1n \u00c1lvarez and rumors of his signing for Barcelona: &#8220;It doesn&#8217;t bother me&#8221;\",\"datePublished\":\"2025-12-12T11:09:00+00:00\",\"mainEntityOfPage\":{\"@id\":\"https:\\\/\\\/www.fcbarcelonanoticias.com\\\/en\\\/transfers\\\/julian-alvarez-speaks-about-his-signing-for-fc-barcelona_315502_102.html\"},\"wordCount\":425,\"image\":{\"@id\":\"https:\\\/\\\/www.fcbarcelonanoticias.com\\\/en\\\/transfers\\\/julian-alvarez-speaks-about-his-signing-for-fc-barcelona_315502_102.html#primaryimage\"},\"thumbnailUrl\":\"https:\\\/\\\/www.fcbarcelonanoticias.com\\\/en\\\/wp-content\\\/uploads\\\/sites\\\/2\\\/2025\\\/12\\\/lamine-yamal-julian-alvarez.jpeg\",\"keywords\":[\"Atl\u00e9tico de Madrid\",\"Transfer Rumors\"],\"articleSection\":[\"Transfers\",\"Transfers\"],\"inLanguage\":\"en-US\"},{\"@type\":\"WebPage\",\"@id\":\"https:\\\/\\\/www.fcbarcelonanoticias.com\\\/en\\\/transfers\\\/julian-alvarez-speaks-about-his-signing-for-fc-barcelona_315502_102.html\",\"url\":\"https:\\\/\\\/www.fcbarcelonanoticias.com\\\/en\\\/transfers\\\/julian-alvarez-speaks-about-his-signing-for-fc-barcelona_315502_102.html\",\"name\":\"Juli\u00e1n \u00c1lvarez speaks about his signing for FC Barcelona\",\"isPartOf\":{\"@id\":\"https:\\\/\\\/www.fcbarcelonanoticias.com\\\/en\\\/#website\"},\"primaryImageOfPage\":{\"@id\":\"https:\\\/\\\/www.fcbarcelonanoticias.com\\\/en\\\/transfers\\\/julian-alvarez-speaks-about-his-signing-for-fc-barcelona_315502_102.html#primaryimage\"},\"image\":{\"@id\":\"https:\\\/\\\/www.fcbarcelonanoticias.com\\\/en\\\/transfers\\\/julian-alvarez-speaks-about-his-signing-for-fc-barcelona_315502_102.html#primaryimage\"},\"thumbnailUrl\":\"https:\\\/\\\/www.fcbarcelonanoticias.com\\\/en\\\/wp-content\\\/uploads\\\/sites\\\/2\\\/2025\\\/12\\\/lamine-yamal-julian-alvarez.jpeg\",\"datePublished\":\"2025-12-12T11:09:00+00:00\",\"author\":{\"@id\":\"https:\\\/\\\/www.fcbarcelonanoticias.com\\\/en\\\/#\\\/schema\\\/person\\\/0f2810101d27606974cdb8edb54fa54b\"},\"description\":\"Juli\u00e1n \u00c1lvarez speaks out about the rumors linking him to Bar\u00e7a and clarifies how he experiences his name being associated with the Blaugrana club. Read the interview.\",\"breadcrumb\":{\"@id\":\"https:\\\/\\\/www.fcbarcelonanoticias.com\\\/en\\\/transfers\\\/julian-alvarez-speaks-about-his-signing-for-fc-barcelona_315502_102.html#breadcrumb\"},\"inLanguage\":\"en-US\",\"potentialAction\":[{\"@type\":\"ReadAction\",\"target\":[\"https:\\\/\\\/www.fcbarcelonanoticias.com\\\/en\\\/transfers\\\/julian-alvarez-speaks-about-his-signing-for-fc-barcelona_315502_102.html\"]}]},{\"@type\":\"ImageObject\",\"inLanguage\":\"en-US\",\"@id\":\"https:\\\/\\\/www.fcbarcelonanoticias.com\\\/en\\\/transfers\\\/julian-alvarez-speaks-about-his-signing-for-fc-barcelona_315502_102.html#primaryimage\",\"url\":\"https:\\\/\\\/www.fcbarcelonanoticias.com\\\/en\\\/wp-content\\\/uploads\\\/sites\\\/2\\\/2025\\\/12\\\/lamine-yamal-julian-alvarez.jpeg\",\"contentUrl\":\"https:\\\/\\\/www.fcbarcelonanoticias.com\\\/en\\\/wp-content\\\/uploads\\\/sites\\\/2\\\/2025\\\/12\\\/lamine-yamal-julian-alvarez.jpeg\",\"width\":1200,\"height\":675},{\"@type\":\"BreadcrumbList\",\"@id\":\"https:\\\/\\\/www.fcbarcelonanoticias.com\\\/en\\\/transfers\\\/julian-alvarez-speaks-about-his-signing-for-fc-barcelona_315502_102.html#breadcrumb\",\"itemListElement\":[{\"@type\":\"ListItem\",\"position\":1,\"name\":\"Portada\",\"item\":\"https:\\\/\\\/www.fcbarcelonanoticias.com\\\/en\\\/\"},{\"@type\":\"ListItem\",\"position\":2,\"name\":\"Juli\u00e1n \u00c1lvarez and rumors of his signing for Barcelona: &#8220;It doesn&#8217;t bother me&#8221;\"}]},{\"@type\":\"WebSite\",\"@id\":\"https:\\\/\\\/www.fcbarcelonanoticias.com\\\/en\\\/#website\",\"url\":\"https:\\\/\\\/www.fcbarcelonanoticias.com\\\/en\\\/\",\"name\":\"EN - FC Barcelona Noticias\",\"description\":\"\",\"potentialAction\":[{\"@type\":\"SearchAction\",\"target\":{\"@type\":\"EntryPoint\",\"urlTemplate\":\"https:\\\/\\\/www.fcbarcelonanoticias.com\\\/en\\\/?s={search_term_string}\"},\"query-input\":{\"@type\":\"PropertyValueSpecification\",\"valueRequired\":true,\"valueName\":\"search_term_string\"}}],\"inLanguage\":\"en-US\"},{\"@type\":\"Person\",\"@id\":\"https:\\\/\\\/www.fcbarcelonanoticias.com\\\/en\\\/#\\\/schema\\\/person\\\/0f2810101d27606974cdb8edb54fa54b\",\"name\":\"FC Barcelona Noticias\",\"image\":{\"@type\":\"ImageObject\",\"inLanguage\":\"en-US\",\"@id\":\"https:\\\/\\\/secure.gravatar.com\\\/avatar\\\/?s=96&d=mm&r=g\",\"url\":\"https:\\\/\\\/secure.gravatar.com\\\/avatar\\\/?s=96&d=mm&r=g\",\"contentUrl\":\"https:\\\/\\\/secure.gravatar.com\\\/avatar\\\/?s=96&d=mm&r=g\",\"caption\":\"FC Barcelona Noticias\"},\"url\":\"https:\\\/\\\/www.fcbarcelonanoticias.com\\\/en\\\/fc-barcelona\\\/fcbn-writing-fc-barcelona-news_6_115.html\"}]}<\/script>\n<!-- \/ Yoast SEO plugin. -->","yoast_head_json":{"title":"Juli\u00e1n \u00c1lvarez speaks about his signing for FC Barcelona","description":"Juli\u00e1n \u00c1lvarez speaks out about the rumors linking him to Bar\u00e7a and clarifies how he experiences his name being associated with the Blaugrana club. Read the interview.","robots":{"index":"index","follow":"follow","max-snippet":"max-snippet:-1","max-image-preview":"max-image-preview:large","max-video-preview":"max-video-preview:-1"},"canonical":"https:\/\/www.fcbarcelonanoticias.com\/en\/transfers\/julian-alvarez-speaks-about-his-signing-for-fc-barcelona_315502_102.html","og_locale":"en_US","og_type":"article","og_title":"Juli\u00e1n \u00c1lvarez speaks about his signing for FC Barcelona","og_description":"Juli\u00e1n \u00c1lvarez speaks out about the rumors linking him to Bar\u00e7a and clarifies how he experiences his name being associated with the Blaugrana club. Read the interview.","og_url":"https:\/\/www.fcbarcelonanoticias.com\/en\/transfers\/julian-alvarez-speaks-about-his-signing-for-fc-barcelona_315502_102.html","og_site_name":"EN - FC Barcelona Noticias","article_published_time":"2025-12-12T11:09:00+00:00","og_image":[{"width":1200,"height":675,"url":"https:\/\/www.fcbarcelonanoticias.com\/en\/wp-content\/uploads\/sites\/2\/2025\/12\/lamine-yamal-julian-alvarez.jpeg","type":"image\/jpeg"}],"author":"FC Barcelona Noticias","twitter_card":"summary_large_image","twitter_misc":{"Written by":"FC Barcelona Noticias","Est. reading time":"2 minutes"},"schema":{"@context":"https:\/\/schema.org","@graph":[{"@type":"Article","@id":"https:\/\/www.fcbarcelonanoticias.com\/en\/transfers\/julian-alvarez-speaks-about-his-signing-for-fc-barcelona_315502_102.html#article","isPartOf":{"@id":"https:\/\/www.fcbarcelonanoticias.com\/en\/transfers\/julian-alvarez-speaks-about-his-signing-for-fc-barcelona_315502_102.html"},"author":{"name":"FC Barcelona Noticias","@id":"https:\/\/www.fcbarcelonanoticias.com\/en\/#\/schema\/person\/0f2810101d27606974cdb8edb54fa54b"},"headline":"Juli\u00e1n \u00c1lvarez and rumors of his signing for Barcelona: &#8220;It doesn&#8217;t bother me&#8221;","datePublished":"2025-12-12T11:09:00+00:00","mainEntityOfPage":{"@id":"https:\/\/www.fcbarcelonanoticias.com\/en\/transfers\/julian-alvarez-speaks-about-his-signing-for-fc-barcelona_315502_102.html"},"wordCount":425,"image":{"@id":"https:\/\/www.fcbarcelonanoticias.com\/en\/transfers\/julian-alvarez-speaks-about-his-signing-for-fc-barcelona_315502_102.html#primaryimage"},"thumbnailUrl":"https:\/\/www.fcbarcelonanoticias.com\/en\/wp-content\/uploads\/sites\/2\/2025\/12\/lamine-yamal-julian-alvarez.jpeg","keywords":["Atl\u00e9tico de Madrid","Transfer Rumors"],"articleSection":["Transfers","Transfers"],"inLanguage":"en-US"},{"@type":"WebPage","@id":"https:\/\/www.fcbarcelonanoticias.com\/en\/transfers\/julian-alvarez-speaks-about-his-signing-for-fc-barcelona_315502_102.html","url":"https:\/\/www.fcbarcelonanoticias.com\/en\/transfers\/julian-alvarez-speaks-about-his-signing-for-fc-barcelona_315502_102.html","name":"Juli\u00e1n \u00c1lvarez speaks about his signing for FC Barcelona","isPartOf":{"@id":"https:\/\/www.fcbarcelonanoticias.com\/en\/#website"},"primaryImageOfPage":{"@id":"https:\/\/www.fcbarcelonanoticias.com\/en\/transfers\/julian-alvarez-speaks-about-his-signing-for-fc-barcelona_315502_102.html#primaryimage"},"image":{"@id":"https:\/\/www.fcbarcelonanoticias.com\/en\/transfers\/julian-alvarez-speaks-about-his-signing-for-fc-barcelona_315502_102.html#primaryimage"},"thumbnailUrl":"https:\/\/www.fcbarcelonanoticias.com\/en\/wp-content\/uploads\/sites\/2\/2025\/12\/lamine-yamal-julian-alvarez.jpeg","datePublished":"2025-12-12T11:09:00+00:00","author":{"@id":"https:\/\/www.fcbarcelonanoticias.com\/en\/#\/schema\/person\/0f2810101d27606974cdb8edb54fa54b"},"description":"Juli\u00e1n \u00c1lvarez speaks out about the rumors linking him to Bar\u00e7a and clarifies how he experiences his name being associated with the Blaugrana club. Read the interview.","breadcrumb":{"@id":"https:\/\/www.fcbarcelonanoticias.com\/en\/transfers\/julian-alvarez-speaks-about-his-signing-for-fc-barcelona_315502_102.html#breadcrumb"},"inLanguage":"en-US","potentialAction":[{"@type":"ReadAction","target":["https:\/\/www.fcbarcelonanoticias.com\/en\/transfers\/julian-alvarez-speaks-about-his-signing-for-fc-barcelona_315502_102.html"]}]},{"@type":"ImageObject","inLanguage":"en-US","@id":"https:\/\/www.fcbarcelonanoticias.com\/en\/transfers\/julian-alvarez-speaks-about-his-signing-for-fc-barcelona_315502_102.html#primaryimage","url":"https:\/\/www.fcbarcelonanoticias.com\/en\/wp-content\/uploads\/sites\/2\/2025\/12\/lamine-yamal-julian-alvarez.jpeg","contentUrl":"https:\/\/www.fcbarcelonanoticias.com\/en\/wp-content\/uploads\/sites\/2\/2025\/12\/lamine-yamal-julian-alvarez.jpeg","width":1200,"height":675},{"@type":"BreadcrumbList","@id":"https:\/\/www.fcbarcelonanoticias.com\/en\/transfers\/julian-alvarez-speaks-about-his-signing-for-fc-barcelona_315502_102.html#breadcrumb","itemListElement":[{"@type":"ListItem","position":1,"name":"Portada","item":"https:\/\/www.fcbarcelonanoticias.com\/en\/"},{"@type":"ListItem","position":2,"name":"Juli\u00e1n \u00c1lvarez and rumors of his signing for Barcelona: &#8220;It doesn&#8217;t bother me&#8221;"}]},{"@type":"WebSite","@id":"https:\/\/www.fcbarcelonanoticias.com\/en\/#website","url":"https:\/\/www.fcbarcelonanoticias.com\/en\/","name":"EN - FC Barcelona Noticias","description":"","potentialAction":[{"@type":"SearchAction","target":{"@type":"EntryPoint","urlTemplate":"https:\/\/www.fcbarcelonanoticias.com\/en\/?s={search_term_string}"},"query-input":{"@type":"PropertyValueSpecification","valueRequired":true,"valueName":"search_term_string"}}],"inLanguage":"en-US"},{"@type":"Person","@id":"https:\/\/www.fcbarcelonanoticias.com\/en\/#\/schema\/person\/0f2810101d27606974cdb8edb54fa54b","name":"FC Barcelona Noticias","image":{"@type":"ImageObject","inLanguage":"en-US","@id":"https:\/\/secure.gravatar.com\/avatar\/?s=96&d=mm&r=g","url":"https:\/\/secure.gravatar.com\/avatar\/?s=96&d=mm&r=g","contentUrl":"https:\/\/secure.gravatar.com\/avatar\/?s=96&d=mm&r=g","caption":"FC Barcelona Noticias"},"url":"https:\/\/www.fcbarcelonanoticias.com\/en\/fc-barcelona\/fcbn-writing-fc-barcelona-news_6_115.html"}]}},"_links":{"self":[{"href":"https:\/\/www.fcbarcelonanoticias.com\/en\/wp-json\/wp\/v2\/posts\/128932","targetHints":{"allow":["GET"]}}],"collection":[{"href":"https:\/\/www.fcbarcelonanoticias.com\/en\/wp-json\/wp\/v2\/posts"}],"about":[{"href":"https:\/\/www.fcbarcelonanoticias.com\/en\/wp-json\/wp\/v2\/types\/post"}],"author":[{"embeddable":true,"href":"https:\/\/www.fcbarcelonanoticias.com\/en\/wp-json\/wp\/v2\/users\/353"}],"replies":[{"embeddable":true,"href":"https:\/\/www.fcbarcelonanoticias.com\/en\/wp-json\/wp\/v2\/comments?post=128932"}],"version-history":[{"count":1,"href":"https:\/\/www.fcbarcelonanoticias.com\/en\/wp-json\/wp\/v2\/posts\/128932\/revisions"}],"predecessor-version":[{"id":151981,"href":"https:\/\/www.fcbarcelonanoticias.com\/en\/wp-json\/wp\/v2\/posts\/128932\/revisions\/151981"}],"wp:featuredmedia":[{"embeddable":true,"href":"https:\/\/www.fcbarcelonanoticias.com\/en\/wp-json\/wp\/v2\/media\/128937"}],"wp:attachment":[{"href":"https:\/\/www.fcbarcelonanoticias.com\/en\/wp-json\/wp\/v2\/media?parent=128932"}],"wp:term":[{"taxonomy":"category","embeddable":true,"href":"https:\/\/www.fcbarcelonanoticias.com\/en\/wp-json\/wp\/v2\/categories?post=128932"},{"taxonomy":"post_tag","embeddable":true,"href":"https:\/\/www.fcbarcelonanoticias.com\/en\/wp-json\/wp\/v2\/tags?post=128932"}],"curies":[{"name":"wp","href":"https:\/\/api.w.org\/{rel}","templated":true}]}}