{"id":128970,"date":"2024-01-11T19:40:00","date_gmt":"2024-01-11T18:40:00","guid":{"rendered":"https:\/\/weisetech.dev\/fc-barcelona-noticias\/en\/juliano-belletti-signing-crashes-for-the-barca-atletic_299808_102\/"},"modified":"2024-01-12T08:41:00","modified_gmt":"2024-01-12T07:41:00","slug":"juliano-belletti-signing-crashes-for-the-barca-atletic_299808_102","status":"publish","type":"post","link":"https:\/\/www.fcbarcelonanoticias.com\/en\/transfers\/juliano-belletti-signing-crashes-for-the-barca-atletic_299808_102.html","title":{"rendered":"Juliano Belletti, star signing for Bar\u00e7a Atl\u00e8tic"},"content":{"rendered":"<h2 class=\"wp-block-heading\">FC Barcelona has confirmed the incorporation of Juliano Belletti for Bar\u00e7a Atl\u00e8tic, starting this season. He will meet again with Rafa M\u00e1rquez, with whom he shared for three seasons<\/h2>  \r\n<div class=\"article-addons\">\r\n    <a href=\"https:\/\/www.fcbarcelonanoticias.com\/en\/calendar-fc-barcelona.html\"\r\n       target=\"_self\"\r\n       title=\"Calendar of FC Barcelona\"\r\n       class=\"blue-gredient-btn\">\r\n       \r\n        Calendar of FC Barcelona    <\/a>\r\n<\/div>   <p><strong>Rafa M\u00e1quez has added a reinforcement crashes in his Bar\u00e7a Atl\u00e8tic.<\/strong> And it is that the <a data-external=\"0\" data-intl-links-en=\"https:\/\/www.fcbarcelonanoticias.com\/en\/fc-barcelona\" data-intl-links-es=\"https:\/\/www.fcbarcelonanoticias.com\/fc-barcelona\" href=\"https:\/\/www.fcbarcelonanoticias.com\/en\/football-soccer\/fc-barcelona.html\" rel=\"follow\" target=\"_self\" title=\"FC Barcelona\">FC Barcelona<\/a> has confirmed that Juliano Belletti, exazulgrana and hero of the Champions League of the cul\u00e9s in Paris, in 2006, will incorporate to the dynamics of the filial like assistant of the Mexican trainer. The aim is to promote to the cul\u00e9s in the dream by the promotion.<\/p>  <p>It is worth it to remember that, up to now, Belletti came exerting in a similar role in the Juvenile To of the Bar\u00e7a, under the orders of \u00d3scar L\u00f3pez. Like this then , two historical players of the picture blaugrana will be the attendants to carry the reins of <strong>a Bar\u00e7a Atl\u00e8tic that does not cross by his best moment although it has been the season in which they have destapado several big talents. <\/strong><\/p>  <h2>Belletti, remedy for the Bar\u00e7a Atl\u00e8tic?<\/h2>  <p>The cul\u00e9s occupy the seventh position in the first group of the First RFEF, to ten points of the leadership -occupied at present by the Celtic Fortuna- and to so alone two units of the zone of promotion, with the Real Sociedad B at most enemy. <strong>The Bar\u00e7a Atl\u00e8tic has to give a jump of quality and inside the club understand that the arrival of Belletti, <\/strong>the one who has happened the last months doing the course of trainer, can be the plus that so much needs the team.<\/p>  <p>Cascavel Has a dilated history in the world of the football and in the Bar\u00e7a, in specific, did life between the 2004 and 2007, with 103 parties contested. It turned into the Barcelona hero of the final of the Champions League of 2006, in Saint Denis (Paris), with a goal that is in the books of histories of the club. Since it hanged the boots, has worked like technical assistant in the Cruzeiro EC, whereas it was in the Sao Paulo FC Seb-20 between September of 2022 and June of 2023.<\/p> ","protected":false},"excerpt":{"rendered":"<p>FC Barcelona has confirmed the incorporation of Juliano Belletti for Bar\u00e7a Atl\u00e8tic, starting this season. He will meet again with Rafa M\u00e1rquez, with whom he shared for three seasons Rafa M\u00e1quez has added a reinforcement crashes in his Bar\u00e7a Atl\u00e8tic. And it is that the FC Barcelona has confirmed that Juliano Belletti, exazulgrana and hero [&hellip;]<\/p>\n","protected":false},"author":0,"featured_media":128972,"comment_status":"closed","ping_status":"open","sticky":false,"template":"","format":"standard","meta":{"_acf_changed":false,"inline_featured_image":false,"_nextfly_llmd_date_locked":false,"footnotes":""},"categories":[449,106],"tags":[181],"class_list":["post-128970","post","type-post","status-publish","format-standard","has-post-thumbnail","hentry","category-transfers-2","category-transfers","tag-the-masia"],"acf":[],"yoast_head":"<!-- This site is optimized with the Yoast SEO plugin v27.3 - https:\/\/yoast.com\/product\/yoast-seo-wordpress\/ -->\n<title>Juliano Belletti, signing crashes for the Bar\u00e7a Atl\u00e8tic<\/title>\n<meta name=\"description\" content=\"The FC Barcelona has confirmed the incorporation of Juliano Belletti for the Bar\u00e7a Atl\u00e8tic, from this season. reencontrar\u00e1 With Rafa M\u00e1rquez, with the one who shared during three temporadasRafa\" \/>\n<meta name=\"robots\" content=\"index, follow, max-snippet:-1, max-image-preview:large, max-video-preview:-1\" \/>\n<link rel=\"canonical\" href=\"https:\/\/www.fcbarcelonanoticias.com\/en\/transfers\/juliano-belletti-signing-crashes-for-the-barca-atletic_299808_102.html\" \/>\n<meta property=\"og:locale\" content=\"en_US\" \/>\n<meta property=\"og:type\" content=\"article\" \/>\n<meta property=\"og:title\" content=\"Juliano Belletti, signing crashes for the Bar\u00e7a Atl\u00e8tic\" \/>\n<meta property=\"og:description\" content=\"The FC Barcelona has confirmed the incorporation of Juliano Belletti for the Bar\u00e7a Atl\u00e8tic, from this season. reencontrar\u00e1 With Rafa M\u00e1rquez, with the one who shared during three temporadasRafa\" \/>\n<meta property=\"og:url\" content=\"https:\/\/www.fcbarcelonanoticias.com\/en\/transfers\/juliano-belletti-signing-crashes-for-the-barca-atletic_299808_102.html\" \/>\n<meta property=\"og:site_name\" content=\"EN - FC Barcelona Noticias\" \/>\n<meta property=\"article:published_time\" content=\"2024-01-11T18:40:00+00:00\" \/>\n<meta property=\"article:modified_time\" content=\"2024-01-12T07:41:00+00:00\" \/>\n<meta property=\"og:image\" content=\"https:\/\/www.fcbarcelonanoticias.com\/en\/wp-content\/uploads\/sites\/2\/2024\/01\/belletti-223040.jpeg\" \/>\n\t<meta property=\"og:image:width\" content=\"761\" \/>\n\t<meta property=\"og:image:height\" content=\"428\" \/>\n\t<meta property=\"og:image:type\" content=\"image\/jpeg\" \/>\n<meta name=\"twitter:card\" content=\"summary_large_image\" \/>\n<meta name=\"twitter:label1\" content=\"Est. reading time\" \/>\n\t<meta name=\"twitter:data1\" content=\"2 minutes\" \/>\n<script type=\"application\/ld+json\" class=\"yoast-schema-graph\">{\"@context\":\"https:\\\/\\\/schema.org\",\"@graph\":[{\"@type\":\"Article\",\"@id\":\"https:\\\/\\\/www.fcbarcelonanoticias.com\\\/en\\\/transfers\\\/juliano-belletti-signing-crashes-for-the-barca-atletic_299808_102.html#article\",\"isPartOf\":{\"@id\":\"https:\\\/\\\/www.fcbarcelonanoticias.com\\\/en\\\/transfers\\\/juliano-belletti-signing-crashes-for-the-barca-atletic_299808_102.html\"},\"author\":{\"name\":\"\",\"@id\":\"\"},\"headline\":\"Juliano Belletti, star signing for Bar\u00e7a Atl\u00e8tic\",\"datePublished\":\"2024-01-11T18:40:00+00:00\",\"dateModified\":\"2024-01-12T07:41:00+00:00\",\"mainEntityOfPage\":{\"@id\":\"https:\\\/\\\/www.fcbarcelonanoticias.com\\\/en\\\/transfers\\\/juliano-belletti-signing-crashes-for-the-barca-atletic_299808_102.html\"},\"wordCount\":374,\"image\":{\"@id\":\"https:\\\/\\\/www.fcbarcelonanoticias.com\\\/en\\\/transfers\\\/juliano-belletti-signing-crashes-for-the-barca-atletic_299808_102.html#primaryimage\"},\"thumbnailUrl\":\"https:\\\/\\\/www.fcbarcelonanoticias.com\\\/en\\\/wp-content\\\/uploads\\\/sites\\\/2\\\/2024\\\/01\\\/belletti-223040.jpeg\",\"keywords\":[\"The Masia\"],\"articleSection\":[\"Transfers\",\"Transfers\"],\"inLanguage\":\"en-US\"},{\"@type\":\"WebPage\",\"@id\":\"https:\\\/\\\/www.fcbarcelonanoticias.com\\\/en\\\/transfers\\\/juliano-belletti-signing-crashes-for-the-barca-atletic_299808_102.html\",\"url\":\"https:\\\/\\\/www.fcbarcelonanoticias.com\\\/en\\\/transfers\\\/juliano-belletti-signing-crashes-for-the-barca-atletic_299808_102.html\",\"name\":\"Juliano Belletti, signing crashes for the Bar\u00e7a Atl\u00e8tic\",\"isPartOf\":{\"@id\":\"https:\\\/\\\/www.fcbarcelonanoticias.com\\\/en\\\/#website\"},\"primaryImageOfPage\":{\"@id\":\"https:\\\/\\\/www.fcbarcelonanoticias.com\\\/en\\\/transfers\\\/juliano-belletti-signing-crashes-for-the-barca-atletic_299808_102.html#primaryimage\"},\"image\":{\"@id\":\"https:\\\/\\\/www.fcbarcelonanoticias.com\\\/en\\\/transfers\\\/juliano-belletti-signing-crashes-for-the-barca-atletic_299808_102.html#primaryimage\"},\"thumbnailUrl\":\"https:\\\/\\\/www.fcbarcelonanoticias.com\\\/en\\\/wp-content\\\/uploads\\\/sites\\\/2\\\/2024\\\/01\\\/belletti-223040.jpeg\",\"datePublished\":\"2024-01-11T18:40:00+00:00\",\"dateModified\":\"2024-01-12T07:41:00+00:00\",\"author\":{\"@id\":\"\"},\"description\":\"The FC Barcelona has confirmed the incorporation of Juliano Belletti for the Bar\u00e7a Atl\u00e8tic, from this season. reencontrar\u00e1 With Rafa M\u00e1rquez, with the one who shared during three temporadasRafa\",\"breadcrumb\":{\"@id\":\"https:\\\/\\\/www.fcbarcelonanoticias.com\\\/en\\\/transfers\\\/juliano-belletti-signing-crashes-for-the-barca-atletic_299808_102.html#breadcrumb\"},\"inLanguage\":\"en-US\",\"potentialAction\":[{\"@type\":\"ReadAction\",\"target\":[\"https:\\\/\\\/www.fcbarcelonanoticias.com\\\/en\\\/transfers\\\/juliano-belletti-signing-crashes-for-the-barca-atletic_299808_102.html\"]}]},{\"@type\":\"ImageObject\",\"inLanguage\":\"en-US\",\"@id\":\"https:\\\/\\\/www.fcbarcelonanoticias.com\\\/en\\\/transfers\\\/juliano-belletti-signing-crashes-for-the-barca-atletic_299808_102.html#primaryimage\",\"url\":\"https:\\\/\\\/www.fcbarcelonanoticias.com\\\/en\\\/wp-content\\\/uploads\\\/sites\\\/2\\\/2024\\\/01\\\/belletti-223040.jpeg\",\"contentUrl\":\"https:\\\/\\\/www.fcbarcelonanoticias.com\\\/en\\\/wp-content\\\/uploads\\\/sites\\\/2\\\/2024\\\/01\\\/belletti-223040.jpeg\",\"width\":761,\"height\":428},{\"@type\":\"BreadcrumbList\",\"@id\":\"https:\\\/\\\/www.fcbarcelonanoticias.com\\\/en\\\/transfers\\\/juliano-belletti-signing-crashes-for-the-barca-atletic_299808_102.html#breadcrumb\",\"itemListElement\":[{\"@type\":\"ListItem\",\"position\":1,\"name\":\"Portada\",\"item\":\"https:\\\/\\\/www.fcbarcelonanoticias.com\\\/en\\\/\"},{\"@type\":\"ListItem\",\"position\":2,\"name\":\"Juliano Belletti, star signing for Bar\u00e7a Atl\u00e8tic\"}]},{\"@type\":\"WebSite\",\"@id\":\"https:\\\/\\\/www.fcbarcelonanoticias.com\\\/en\\\/#website\",\"url\":\"https:\\\/\\\/www.fcbarcelonanoticias.com\\\/en\\\/\",\"name\":\"EN - FC Barcelona Noticias\",\"description\":\"\",\"potentialAction\":[{\"@type\":\"SearchAction\",\"target\":{\"@type\":\"EntryPoint\",\"urlTemplate\":\"https:\\\/\\\/www.fcbarcelonanoticias.com\\\/en\\\/?s={search_term_string}\"},\"query-input\":{\"@type\":\"PropertyValueSpecification\",\"valueRequired\":true,\"valueName\":\"search_term_string\"}}],\"inLanguage\":\"en-US\"}]}<\/script>\n<!-- \/ Yoast SEO plugin. -->","yoast_head_json":{"title":"Juliano Belletti, signing crashes for the Bar\u00e7a Atl\u00e8tic","description":"The FC Barcelona has confirmed the incorporation of Juliano Belletti for the Bar\u00e7a Atl\u00e8tic, from this season. reencontrar\u00e1 With Rafa M\u00e1rquez, with the one who shared during three temporadasRafa","robots":{"index":"index","follow":"follow","max-snippet":"max-snippet:-1","max-image-preview":"max-image-preview:large","max-video-preview":"max-video-preview:-1"},"canonical":"https:\/\/www.fcbarcelonanoticias.com\/en\/transfers\/juliano-belletti-signing-crashes-for-the-barca-atletic_299808_102.html","og_locale":"en_US","og_type":"article","og_title":"Juliano Belletti, signing crashes for the Bar\u00e7a Atl\u00e8tic","og_description":"The FC Barcelona has confirmed the incorporation of Juliano Belletti for the Bar\u00e7a Atl\u00e8tic, from this season. reencontrar\u00e1 With Rafa M\u00e1rquez, with the one who shared during three temporadasRafa","og_url":"https:\/\/www.fcbarcelonanoticias.com\/en\/transfers\/juliano-belletti-signing-crashes-for-the-barca-atletic_299808_102.html","og_site_name":"EN - FC Barcelona Noticias","article_published_time":"2024-01-11T18:40:00+00:00","article_modified_time":"2024-01-12T07:41:00+00:00","og_image":[{"width":761,"height":428,"url":"https:\/\/www.fcbarcelonanoticias.com\/en\/wp-content\/uploads\/sites\/2\/2024\/01\/belletti-223040.jpeg","type":"image\/jpeg"}],"twitter_card":"summary_large_image","twitter_misc":{"Est. reading time":"2 minutes"},"schema":{"@context":"https:\/\/schema.org","@graph":[{"@type":"Article","@id":"https:\/\/www.fcbarcelonanoticias.com\/en\/transfers\/juliano-belletti-signing-crashes-for-the-barca-atletic_299808_102.html#article","isPartOf":{"@id":"https:\/\/www.fcbarcelonanoticias.com\/en\/transfers\/juliano-belletti-signing-crashes-for-the-barca-atletic_299808_102.html"},"author":{"name":"","@id":""},"headline":"Juliano Belletti, star signing for Bar\u00e7a Atl\u00e8tic","datePublished":"2024-01-11T18:40:00+00:00","dateModified":"2024-01-12T07:41:00+00:00","mainEntityOfPage":{"@id":"https:\/\/www.fcbarcelonanoticias.com\/en\/transfers\/juliano-belletti-signing-crashes-for-the-barca-atletic_299808_102.html"},"wordCount":374,"image":{"@id":"https:\/\/www.fcbarcelonanoticias.com\/en\/transfers\/juliano-belletti-signing-crashes-for-the-barca-atletic_299808_102.html#primaryimage"},"thumbnailUrl":"https:\/\/www.fcbarcelonanoticias.com\/en\/wp-content\/uploads\/sites\/2\/2024\/01\/belletti-223040.jpeg","keywords":["The Masia"],"articleSection":["Transfers","Transfers"],"inLanguage":"en-US"},{"@type":"WebPage","@id":"https:\/\/www.fcbarcelonanoticias.com\/en\/transfers\/juliano-belletti-signing-crashes-for-the-barca-atletic_299808_102.html","url":"https:\/\/www.fcbarcelonanoticias.com\/en\/transfers\/juliano-belletti-signing-crashes-for-the-barca-atletic_299808_102.html","name":"Juliano Belletti, signing crashes for the Bar\u00e7a Atl\u00e8tic","isPartOf":{"@id":"https:\/\/www.fcbarcelonanoticias.com\/en\/#website"},"primaryImageOfPage":{"@id":"https:\/\/www.fcbarcelonanoticias.com\/en\/transfers\/juliano-belletti-signing-crashes-for-the-barca-atletic_299808_102.html#primaryimage"},"image":{"@id":"https:\/\/www.fcbarcelonanoticias.com\/en\/transfers\/juliano-belletti-signing-crashes-for-the-barca-atletic_299808_102.html#primaryimage"},"thumbnailUrl":"https:\/\/www.fcbarcelonanoticias.com\/en\/wp-content\/uploads\/sites\/2\/2024\/01\/belletti-223040.jpeg","datePublished":"2024-01-11T18:40:00+00:00","dateModified":"2024-01-12T07:41:00+00:00","author":{"@id":""},"description":"The FC Barcelona has confirmed the incorporation of Juliano Belletti for the Bar\u00e7a Atl\u00e8tic, from this season. reencontrar\u00e1 With Rafa M\u00e1rquez, with the one who shared during three temporadasRafa","breadcrumb":{"@id":"https:\/\/www.fcbarcelonanoticias.com\/en\/transfers\/juliano-belletti-signing-crashes-for-the-barca-atletic_299808_102.html#breadcrumb"},"inLanguage":"en-US","potentialAction":[{"@type":"ReadAction","target":["https:\/\/www.fcbarcelonanoticias.com\/en\/transfers\/juliano-belletti-signing-crashes-for-the-barca-atletic_299808_102.html"]}]},{"@type":"ImageObject","inLanguage":"en-US","@id":"https:\/\/www.fcbarcelonanoticias.com\/en\/transfers\/juliano-belletti-signing-crashes-for-the-barca-atletic_299808_102.html#primaryimage","url":"https:\/\/www.fcbarcelonanoticias.com\/en\/wp-content\/uploads\/sites\/2\/2024\/01\/belletti-223040.jpeg","contentUrl":"https:\/\/www.fcbarcelonanoticias.com\/en\/wp-content\/uploads\/sites\/2\/2024\/01\/belletti-223040.jpeg","width":761,"height":428},{"@type":"BreadcrumbList","@id":"https:\/\/www.fcbarcelonanoticias.com\/en\/transfers\/juliano-belletti-signing-crashes-for-the-barca-atletic_299808_102.html#breadcrumb","itemListElement":[{"@type":"ListItem","position":1,"name":"Portada","item":"https:\/\/www.fcbarcelonanoticias.com\/en\/"},{"@type":"ListItem","position":2,"name":"Juliano Belletti, star signing for Bar\u00e7a Atl\u00e8tic"}]},{"@type":"WebSite","@id":"https:\/\/www.fcbarcelonanoticias.com\/en\/#website","url":"https:\/\/www.fcbarcelonanoticias.com\/en\/","name":"EN - FC Barcelona Noticias","description":"","potentialAction":[{"@type":"SearchAction","target":{"@type":"EntryPoint","urlTemplate":"https:\/\/www.fcbarcelonanoticias.com\/en\/?s={search_term_string}"},"query-input":{"@type":"PropertyValueSpecification","valueRequired":true,"valueName":"search_term_string"}}],"inLanguage":"en-US"}]}},"_links":{"self":[{"href":"https:\/\/www.fcbarcelonanoticias.com\/en\/wp-json\/wp\/v2\/posts\/128970","targetHints":{"allow":["GET"]}}],"collection":[{"href":"https:\/\/www.fcbarcelonanoticias.com\/en\/wp-json\/wp\/v2\/posts"}],"about":[{"href":"https:\/\/www.fcbarcelonanoticias.com\/en\/wp-json\/wp\/v2\/types\/post"}],"replies":[{"embeddable":true,"href":"https:\/\/www.fcbarcelonanoticias.com\/en\/wp-json\/wp\/v2\/comments?post=128970"}],"version-history":[{"count":1,"href":"https:\/\/www.fcbarcelonanoticias.com\/en\/wp-json\/wp\/v2\/posts\/128970\/revisions"}],"predecessor-version":[{"id":151995,"href":"https:\/\/www.fcbarcelonanoticias.com\/en\/wp-json\/wp\/v2\/posts\/128970\/revisions\/151995"}],"wp:featuredmedia":[{"embeddable":true,"href":"https:\/\/www.fcbarcelonanoticias.com\/en\/wp-json\/wp\/v2\/media\/128972"}],"wp:attachment":[{"href":"https:\/\/www.fcbarcelonanoticias.com\/en\/wp-json\/wp\/v2\/media?parent=128970"}],"wp:term":[{"taxonomy":"category","embeddable":true,"href":"https:\/\/www.fcbarcelonanoticias.com\/en\/wp-json\/wp\/v2\/categories?post=128970"},{"taxonomy":"post_tag","embeddable":true,"href":"https:\/\/www.fcbarcelonanoticias.com\/en\/wp-json\/wp\/v2\/tags?post=128970"}],"curies":[{"name":"wp","href":"https:\/\/api.w.org\/{rel}","templated":true}]}}