{"id":129053,"date":"2025-06-05T14:28:00","date_gmt":"2025-06-05T12:28:00","guid":{"rendered":"https:\/\/weisetech.dev\/fc-barcelona-noticias\/en\/julian-alvarez-is-barca-target-as-replacement-for-lewandowski_312950_102\/"},"modified":"2025-06-05T14:28:00","modified_gmt":"2025-06-05T12:28:00","slug":"julian-alvarez-is-barca-target-as-replacement-for-lewandowski_312950_102","status":"publish","type":"post","link":"https:\/\/www.fcbarcelonanoticias.com\/en\/transfers\/julian-alvarez-is-barca-target-as-replacement-for-lewandowski_312950_102.html","title":{"rendered":"Breaking News! Juli\u00e1n \u00c1lvarez&#8217;s agent activates the Bar\u00e7a option"},"content":{"rendered":"<h2 class=\"wp-block-heading\">The Argentine footballer&#8217;s agent acknowledges Barcelona&#8217;s interest and does not rule out a future negotiation and his possible signing.<\/h2>  \r\n<div class=\"article-addons\">\r\n    <a href=\"https:\/\/www.fcbarcelonanoticias.com\/en\/calendar-fc-barcelona.html\"\r\n       target=\"_self\"\r\n       title=\"Calendar of FC Barcelona\"\r\n       class=\"blue-gredient-btn\">\r\n       \r\n        Calendar of FC Barcelona    <\/a>\r\n<\/div>   <p><strong>Juli\u00e1n \u00c1lvarez&#8217;s<\/strong> representative opens the door to a future <strong><a data-external=\"0\" data-intl-links-en=\"https:\/\/www.fcbarcelonanoticias.com\/en\/transfers\" data-intl-links-es=\"https:\/\/www.fcbarcelonanoticias.com\/fichajes\" href=\"https:\/\/www.fcbarcelonanoticias.com\/en\/fc-barcelona\/transfers.html\" rel=\"follow\" target=\"_self\" title=\"\u00bfJuli\u00e1n \u00c1lvarez al Barcelona? \u00daltimas noticias\">signing for FC Barcelona<\/a><\/strong>. Fernando Hidalgo acknowledged the Blaugrana club&#8217;s interest and the <strong>Argentine footballer&#8217;s admiration for Bar\u00e7a<\/strong>. The Atl\u00e9tico forward is being closely followed by the Blaugrana sporting management as a possible replacement for <strong>Robert Lewandowski<\/strong>.<\/p>  <p>In an interview granted to the podcast <em><strong>Solo para cul\u00e9s<\/strong><\/em>, the player&#8217;s agent left the possibility of a future operation completely open, admitting that any movement will depend on conversations between the three actors: <strong>player, Bar\u00e7a, and Atl\u00e9tico de Madrid<\/strong>: &#8220;We&#8217;ll see how the negotiation goes. Football is very changeable.\u201d<\/p>  <h2>SPECIAL WITH JULI\u00c1N ALVAREZ&#8217;S REPRESENTATIVE | ONLY FOR CUL\u00c9S T2, EP.39<\/h2>  <div data-oembed-url=\"https:\/\/youtu.be\/P80-iGWDZoo?si=rqMYAzu5lFlJtdMy&amp;t=1071\"> <div style=\"left: 0; width: 100%; height: 0; position: relative; padding-bottom: 56.25%;\"><\/div> <\/div>  <p>Despite the Rojiblanco club&#8217;s refusal to negotiate his departure, the agent has not hesitated to <strong>open the doors to Bar\u00e7a<\/strong>, warning that interest in the player is not limited to the Cul\u00e9 team: \u201cHe received many calls although Atl\u00e9tico wants him to stay.\u201d However, <strong>immediately afterward, he dropped the <\/strong><\/p> ","protected":false},"excerpt":{"rendered":"<p>The Argentine footballer&#8217;s agent acknowledges Barcelona&#8217;s interest and does not rule out a future negotiation and his possible signing. Juli\u00e1n \u00c1lvarez&#8217;s representative opens the door to a future signing for FC Barcelona. Fernando Hidalgo acknowledged the Blaugrana club&#8217;s interest and the Argentine footballer&#8217;s admiration for Bar\u00e7a. The Atl\u00e9tico forward is being closely followed by the [&hellip;]<\/p>\n","protected":false},"author":364,"featured_media":129056,"comment_status":"closed","ping_status":"open","sticky":false,"template":"","format":"standard","meta":{"_acf_changed":false,"inline_featured_image":false,"_nextfly_llmd_date_locked":false,"footnotes":""},"categories":[449,106],"tags":[59,261,172],"class_list":["post-129053","post","type-post","status-publish","format-standard","has-post-thumbnail","hentry","category-transfers-2","category-transfers","tag-atletico-de-madrid","tag-football-transfer-rumors","tag-videos"],"acf":[],"yoast_head":"<!-- This site is optimized with the Yoast SEO plugin v27.3 - https:\/\/yoast.com\/product\/yoast-seo-wordpress\/ -->\n<title>Juli\u00e1n \u00c1lvarez is Bar\u00e7a&#039;s target as a replacement for Lewandowski<\/title>\n<meta name=\"description\" content=\"Juli\u00e1n \u00c1lvarez is a target for Bar\u00e7a as a replacement for Lewandowski. Juli\u00e1n \u00c1lvarez&#039;s agent admits FC Barcelona&#039;s interest for 2026. Atl\u00e9tico considers him key, but the forward does not close the door.\" \/>\n<meta name=\"robots\" content=\"index, follow, max-snippet:-1, max-image-preview:large, max-video-preview:-1\" \/>\n<link rel=\"canonical\" href=\"https:\/\/www.fcbarcelonanoticias.com\/en\/transfers\/julian-alvarez-is-barca-target-as-replacement-for-lewandowski_312950_102.html\" \/>\n<meta property=\"og:locale\" content=\"en_US\" \/>\n<meta property=\"og:type\" content=\"article\" \/>\n<meta property=\"og:title\" content=\"Juli\u00e1n \u00c1lvarez is Bar\u00e7a&#039;s target as a replacement for Lewandowski\" \/>\n<meta property=\"og:description\" content=\"Juli\u00e1n \u00c1lvarez is a target for Bar\u00e7a as a replacement for Lewandowski. Juli\u00e1n \u00c1lvarez&#039;s agent admits FC Barcelona&#039;s interest for 2026. Atl\u00e9tico considers him key, but the forward does not close the door.\" \/>\n<meta property=\"og:url\" content=\"https:\/\/www.fcbarcelonanoticias.com\/en\/transfers\/julian-alvarez-is-barca-target-as-replacement-for-lewandowski_312950_102.html\" \/>\n<meta property=\"og:site_name\" content=\"EN - FC Barcelona Noticias\" \/>\n<meta property=\"article:published_time\" content=\"2025-06-05T12:28:00+00:00\" \/>\n<meta property=\"og:image\" content=\"https:\/\/www.fcbarcelonanoticias.com\/en\/wp-content\/uploads\/sites\/2\/2025\/06\/julian-alvarez-barcelona-fichaje.jpeg\" \/>\n\t<meta property=\"og:image:width\" content=\"1200\" \/>\n\t<meta property=\"og:image:height\" content=\"675\" \/>\n\t<meta property=\"og:image:type\" content=\"image\/jpeg\" \/>\n<meta name=\"author\" content=\"Albert Ram\u00edrez\" \/>\n<meta name=\"twitter:card\" content=\"summary_large_image\" \/>\n<meta name=\"twitter:label1\" content=\"Written by\" \/>\n\t<meta name=\"twitter:data1\" content=\"Albert Ram\u00edrez\" \/>\n\t<meta name=\"twitter:label2\" content=\"Est. reading time\" \/>\n\t<meta name=\"twitter:data2\" content=\"1 minute\" \/>\n<script type=\"application\/ld+json\" class=\"yoast-schema-graph\">{\"@context\":\"https:\\\/\\\/schema.org\",\"@graph\":[{\"@type\":\"Article\",\"@id\":\"https:\\\/\\\/www.fcbarcelonanoticias.com\\\/en\\\/transfers\\\/julian-alvarez-is-barca-target-as-replacement-for-lewandowski_312950_102.html#article\",\"isPartOf\":{\"@id\":\"https:\\\/\\\/www.fcbarcelonanoticias.com\\\/en\\\/transfers\\\/julian-alvarez-is-barca-target-as-replacement-for-lewandowski_312950_102.html\"},\"author\":{\"name\":\"Albert Ram\u00edrez\",\"@id\":\"https:\\\/\\\/www.fcbarcelonanoticias.com\\\/en\\\/#\\\/schema\\\/person\\\/1d0eb8457abc625a793c7a9f8f67612d\"},\"headline\":\"Breaking News! Juli\u00e1n \u00c1lvarez&#8217;s agent activates the Bar\u00e7a option\",\"datePublished\":\"2025-06-05T12:28:00+00:00\",\"mainEntityOfPage\":{\"@id\":\"https:\\\/\\\/www.fcbarcelonanoticias.com\\\/en\\\/transfers\\\/julian-alvarez-is-barca-target-as-replacement-for-lewandowski_312950_102.html\"},\"wordCount\":205,\"image\":{\"@id\":\"https:\\\/\\\/www.fcbarcelonanoticias.com\\\/en\\\/transfers\\\/julian-alvarez-is-barca-target-as-replacement-for-lewandowski_312950_102.html#primaryimage\"},\"thumbnailUrl\":\"https:\\\/\\\/www.fcbarcelonanoticias.com\\\/en\\\/wp-content\\\/uploads\\\/sites\\\/2\\\/2025\\\/06\\\/julian-alvarez-barcelona-fichaje.jpeg\",\"keywords\":[\"Atl\u00e9tico de Madrid\",\"Transfer Rumors\",\"Videos\"],\"articleSection\":[\"Transfers\",\"Transfers\"],\"inLanguage\":\"en-US\"},{\"@type\":\"WebPage\",\"@id\":\"https:\\\/\\\/www.fcbarcelonanoticias.com\\\/en\\\/transfers\\\/julian-alvarez-is-barca-target-as-replacement-for-lewandowski_312950_102.html\",\"url\":\"https:\\\/\\\/www.fcbarcelonanoticias.com\\\/en\\\/transfers\\\/julian-alvarez-is-barca-target-as-replacement-for-lewandowski_312950_102.html\",\"name\":\"Juli\u00e1n \u00c1lvarez is Bar\u00e7a's target as a replacement for Lewandowski\",\"isPartOf\":{\"@id\":\"https:\\\/\\\/www.fcbarcelonanoticias.com\\\/en\\\/#website\"},\"primaryImageOfPage\":{\"@id\":\"https:\\\/\\\/www.fcbarcelonanoticias.com\\\/en\\\/transfers\\\/julian-alvarez-is-barca-target-as-replacement-for-lewandowski_312950_102.html#primaryimage\"},\"image\":{\"@id\":\"https:\\\/\\\/www.fcbarcelonanoticias.com\\\/en\\\/transfers\\\/julian-alvarez-is-barca-target-as-replacement-for-lewandowski_312950_102.html#primaryimage\"},\"thumbnailUrl\":\"https:\\\/\\\/www.fcbarcelonanoticias.com\\\/en\\\/wp-content\\\/uploads\\\/sites\\\/2\\\/2025\\\/06\\\/julian-alvarez-barcelona-fichaje.jpeg\",\"datePublished\":\"2025-06-05T12:28:00+00:00\",\"author\":{\"@id\":\"https:\\\/\\\/www.fcbarcelonanoticias.com\\\/en\\\/#\\\/schema\\\/person\\\/1d0eb8457abc625a793c7a9f8f67612d\"},\"description\":\"Juli\u00e1n \u00c1lvarez is a target for Bar\u00e7a as a replacement for Lewandowski. Juli\u00e1n \u00c1lvarez's agent admits FC Barcelona's interest for 2026. Atl\u00e9tico considers him key, but the forward does not close the door.\",\"breadcrumb\":{\"@id\":\"https:\\\/\\\/www.fcbarcelonanoticias.com\\\/en\\\/transfers\\\/julian-alvarez-is-barca-target-as-replacement-for-lewandowski_312950_102.html#breadcrumb\"},\"inLanguage\":\"en-US\",\"potentialAction\":[{\"@type\":\"ReadAction\",\"target\":[\"https:\\\/\\\/www.fcbarcelonanoticias.com\\\/en\\\/transfers\\\/julian-alvarez-is-barca-target-as-replacement-for-lewandowski_312950_102.html\"]}]},{\"@type\":\"ImageObject\",\"inLanguage\":\"en-US\",\"@id\":\"https:\\\/\\\/www.fcbarcelonanoticias.com\\\/en\\\/transfers\\\/julian-alvarez-is-barca-target-as-replacement-for-lewandowski_312950_102.html#primaryimage\",\"url\":\"https:\\\/\\\/www.fcbarcelonanoticias.com\\\/en\\\/wp-content\\\/uploads\\\/sites\\\/2\\\/2025\\\/06\\\/julian-alvarez-barcelona-fichaje.jpeg\",\"contentUrl\":\"https:\\\/\\\/www.fcbarcelonanoticias.com\\\/en\\\/wp-content\\\/uploads\\\/sites\\\/2\\\/2025\\\/06\\\/julian-alvarez-barcelona-fichaje.jpeg\",\"width\":1200,\"height\":675},{\"@type\":\"BreadcrumbList\",\"@id\":\"https:\\\/\\\/www.fcbarcelonanoticias.com\\\/en\\\/transfers\\\/julian-alvarez-is-barca-target-as-replacement-for-lewandowski_312950_102.html#breadcrumb\",\"itemListElement\":[{\"@type\":\"ListItem\",\"position\":1,\"name\":\"Portada\",\"item\":\"https:\\\/\\\/www.fcbarcelonanoticias.com\\\/en\\\/\"},{\"@type\":\"ListItem\",\"position\":2,\"name\":\"Breaking News! Juli\u00e1n \u00c1lvarez&#8217;s agent activates the Bar\u00e7a option\"}]},{\"@type\":\"WebSite\",\"@id\":\"https:\\\/\\\/www.fcbarcelonanoticias.com\\\/en\\\/#website\",\"url\":\"https:\\\/\\\/www.fcbarcelonanoticias.com\\\/en\\\/\",\"name\":\"EN - FC Barcelona Noticias\",\"description\":\"\",\"potentialAction\":[{\"@type\":\"SearchAction\",\"target\":{\"@type\":\"EntryPoint\",\"urlTemplate\":\"https:\\\/\\\/www.fcbarcelonanoticias.com\\\/en\\\/?s={search_term_string}\"},\"query-input\":{\"@type\":\"PropertyValueSpecification\",\"valueRequired\":true,\"valueName\":\"search_term_string\"}}],\"inLanguage\":\"en-US\"},{\"@type\":\"Person\",\"@id\":\"https:\\\/\\\/www.fcbarcelonanoticias.com\\\/en\\\/#\\\/schema\\\/person\\\/1d0eb8457abc625a793c7a9f8f67612d\",\"name\":\"Albert Ram\u00edrez\",\"image\":{\"@type\":\"ImageObject\",\"inLanguage\":\"en-US\",\"@id\":\"https:\\\/\\\/secure.gravatar.com\\\/avatar\\\/?s=96&d=mm&r=g\",\"url\":\"https:\\\/\\\/secure.gravatar.com\\\/avatar\\\/?s=96&d=mm&r=g\",\"contentUrl\":\"https:\\\/\\\/secure.gravatar.com\\\/avatar\\\/?s=96&d=mm&r=g\",\"caption\":\"Albert Ram\u00edrez\"},\"url\":\"https:\\\/\\\/www.fcbarcelonanoticias.com\\\/en\\\/albert-ramirez_5_115.html\"}]}<\/script>\n<!-- \/ Yoast SEO plugin. -->","yoast_head_json":{"title":"Juli\u00e1n \u00c1lvarez is Bar\u00e7a's target as a replacement for Lewandowski","description":"Juli\u00e1n \u00c1lvarez is a target for Bar\u00e7a as a replacement for Lewandowski. Juli\u00e1n \u00c1lvarez's agent admits FC Barcelona's interest for 2026. Atl\u00e9tico considers him key, but the forward does not close the door.","robots":{"index":"index","follow":"follow","max-snippet":"max-snippet:-1","max-image-preview":"max-image-preview:large","max-video-preview":"max-video-preview:-1"},"canonical":"https:\/\/www.fcbarcelonanoticias.com\/en\/transfers\/julian-alvarez-is-barca-target-as-replacement-for-lewandowski_312950_102.html","og_locale":"en_US","og_type":"article","og_title":"Juli\u00e1n \u00c1lvarez is Bar\u00e7a's target as a replacement for Lewandowski","og_description":"Juli\u00e1n \u00c1lvarez is a target for Bar\u00e7a as a replacement for Lewandowski. Juli\u00e1n \u00c1lvarez's agent admits FC Barcelona's interest for 2026. Atl\u00e9tico considers him key, but the forward does not close the door.","og_url":"https:\/\/www.fcbarcelonanoticias.com\/en\/transfers\/julian-alvarez-is-barca-target-as-replacement-for-lewandowski_312950_102.html","og_site_name":"EN - FC Barcelona Noticias","article_published_time":"2025-06-05T12:28:00+00:00","og_image":[{"width":1200,"height":675,"url":"https:\/\/www.fcbarcelonanoticias.com\/en\/wp-content\/uploads\/sites\/2\/2025\/06\/julian-alvarez-barcelona-fichaje.jpeg","type":"image\/jpeg"}],"author":"Albert Ram\u00edrez","twitter_card":"summary_large_image","twitter_misc":{"Written by":"Albert Ram\u00edrez","Est. reading time":"1 minute"},"schema":{"@context":"https:\/\/schema.org","@graph":[{"@type":"Article","@id":"https:\/\/www.fcbarcelonanoticias.com\/en\/transfers\/julian-alvarez-is-barca-target-as-replacement-for-lewandowski_312950_102.html#article","isPartOf":{"@id":"https:\/\/www.fcbarcelonanoticias.com\/en\/transfers\/julian-alvarez-is-barca-target-as-replacement-for-lewandowski_312950_102.html"},"author":{"name":"Albert Ram\u00edrez","@id":"https:\/\/www.fcbarcelonanoticias.com\/en\/#\/schema\/person\/1d0eb8457abc625a793c7a9f8f67612d"},"headline":"Breaking News! Juli\u00e1n \u00c1lvarez&#8217;s agent activates the Bar\u00e7a option","datePublished":"2025-06-05T12:28:00+00:00","mainEntityOfPage":{"@id":"https:\/\/www.fcbarcelonanoticias.com\/en\/transfers\/julian-alvarez-is-barca-target-as-replacement-for-lewandowski_312950_102.html"},"wordCount":205,"image":{"@id":"https:\/\/www.fcbarcelonanoticias.com\/en\/transfers\/julian-alvarez-is-barca-target-as-replacement-for-lewandowski_312950_102.html#primaryimage"},"thumbnailUrl":"https:\/\/www.fcbarcelonanoticias.com\/en\/wp-content\/uploads\/sites\/2\/2025\/06\/julian-alvarez-barcelona-fichaje.jpeg","keywords":["Atl\u00e9tico de Madrid","Transfer Rumors","Videos"],"articleSection":["Transfers","Transfers"],"inLanguage":"en-US"},{"@type":"WebPage","@id":"https:\/\/www.fcbarcelonanoticias.com\/en\/transfers\/julian-alvarez-is-barca-target-as-replacement-for-lewandowski_312950_102.html","url":"https:\/\/www.fcbarcelonanoticias.com\/en\/transfers\/julian-alvarez-is-barca-target-as-replacement-for-lewandowski_312950_102.html","name":"Juli\u00e1n \u00c1lvarez is Bar\u00e7a's target as a replacement for Lewandowski","isPartOf":{"@id":"https:\/\/www.fcbarcelonanoticias.com\/en\/#website"},"primaryImageOfPage":{"@id":"https:\/\/www.fcbarcelonanoticias.com\/en\/transfers\/julian-alvarez-is-barca-target-as-replacement-for-lewandowski_312950_102.html#primaryimage"},"image":{"@id":"https:\/\/www.fcbarcelonanoticias.com\/en\/transfers\/julian-alvarez-is-barca-target-as-replacement-for-lewandowski_312950_102.html#primaryimage"},"thumbnailUrl":"https:\/\/www.fcbarcelonanoticias.com\/en\/wp-content\/uploads\/sites\/2\/2025\/06\/julian-alvarez-barcelona-fichaje.jpeg","datePublished":"2025-06-05T12:28:00+00:00","author":{"@id":"https:\/\/www.fcbarcelonanoticias.com\/en\/#\/schema\/person\/1d0eb8457abc625a793c7a9f8f67612d"},"description":"Juli\u00e1n \u00c1lvarez is a target for Bar\u00e7a as a replacement for Lewandowski. Juli\u00e1n \u00c1lvarez's agent admits FC Barcelona's interest for 2026. Atl\u00e9tico considers him key, but the forward does not close the door.","breadcrumb":{"@id":"https:\/\/www.fcbarcelonanoticias.com\/en\/transfers\/julian-alvarez-is-barca-target-as-replacement-for-lewandowski_312950_102.html#breadcrumb"},"inLanguage":"en-US","potentialAction":[{"@type":"ReadAction","target":["https:\/\/www.fcbarcelonanoticias.com\/en\/transfers\/julian-alvarez-is-barca-target-as-replacement-for-lewandowski_312950_102.html"]}]},{"@type":"ImageObject","inLanguage":"en-US","@id":"https:\/\/www.fcbarcelonanoticias.com\/en\/transfers\/julian-alvarez-is-barca-target-as-replacement-for-lewandowski_312950_102.html#primaryimage","url":"https:\/\/www.fcbarcelonanoticias.com\/en\/wp-content\/uploads\/sites\/2\/2025\/06\/julian-alvarez-barcelona-fichaje.jpeg","contentUrl":"https:\/\/www.fcbarcelonanoticias.com\/en\/wp-content\/uploads\/sites\/2\/2025\/06\/julian-alvarez-barcelona-fichaje.jpeg","width":1200,"height":675},{"@type":"BreadcrumbList","@id":"https:\/\/www.fcbarcelonanoticias.com\/en\/transfers\/julian-alvarez-is-barca-target-as-replacement-for-lewandowski_312950_102.html#breadcrumb","itemListElement":[{"@type":"ListItem","position":1,"name":"Portada","item":"https:\/\/www.fcbarcelonanoticias.com\/en\/"},{"@type":"ListItem","position":2,"name":"Breaking News! Juli\u00e1n \u00c1lvarez&#8217;s agent activates the Bar\u00e7a option"}]},{"@type":"WebSite","@id":"https:\/\/www.fcbarcelonanoticias.com\/en\/#website","url":"https:\/\/www.fcbarcelonanoticias.com\/en\/","name":"EN - FC Barcelona Noticias","description":"","potentialAction":[{"@type":"SearchAction","target":{"@type":"EntryPoint","urlTemplate":"https:\/\/www.fcbarcelonanoticias.com\/en\/?s={search_term_string}"},"query-input":{"@type":"PropertyValueSpecification","valueRequired":true,"valueName":"search_term_string"}}],"inLanguage":"en-US"},{"@type":"Person","@id":"https:\/\/www.fcbarcelonanoticias.com\/en\/#\/schema\/person\/1d0eb8457abc625a793c7a9f8f67612d","name":"Albert Ram\u00edrez","image":{"@type":"ImageObject","inLanguage":"en-US","@id":"https:\/\/secure.gravatar.com\/avatar\/?s=96&d=mm&r=g","url":"https:\/\/secure.gravatar.com\/avatar\/?s=96&d=mm&r=g","contentUrl":"https:\/\/secure.gravatar.com\/avatar\/?s=96&d=mm&r=g","caption":"Albert Ram\u00edrez"},"url":"https:\/\/www.fcbarcelonanoticias.com\/en\/albert-ramirez_5_115.html"}]}},"_links":{"self":[{"href":"https:\/\/www.fcbarcelonanoticias.com\/en\/wp-json\/wp\/v2\/posts\/129053","targetHints":{"allow":["GET"]}}],"collection":[{"href":"https:\/\/www.fcbarcelonanoticias.com\/en\/wp-json\/wp\/v2\/posts"}],"about":[{"href":"https:\/\/www.fcbarcelonanoticias.com\/en\/wp-json\/wp\/v2\/types\/post"}],"author":[{"embeddable":true,"href":"https:\/\/www.fcbarcelonanoticias.com\/en\/wp-json\/wp\/v2\/users\/364"}],"replies":[{"embeddable":true,"href":"https:\/\/www.fcbarcelonanoticias.com\/en\/wp-json\/wp\/v2\/comments?post=129053"}],"version-history":[{"count":1,"href":"https:\/\/www.fcbarcelonanoticias.com\/en\/wp-json\/wp\/v2\/posts\/129053\/revisions"}],"predecessor-version":[{"id":151980,"href":"https:\/\/www.fcbarcelonanoticias.com\/en\/wp-json\/wp\/v2\/posts\/129053\/revisions\/151980"}],"wp:featuredmedia":[{"embeddable":true,"href":"https:\/\/www.fcbarcelonanoticias.com\/en\/wp-json\/wp\/v2\/media\/129056"}],"wp:attachment":[{"href":"https:\/\/www.fcbarcelonanoticias.com\/en\/wp-json\/wp\/v2\/media?parent=129053"}],"wp:term":[{"taxonomy":"category","embeddable":true,"href":"https:\/\/www.fcbarcelonanoticias.com\/en\/wp-json\/wp\/v2\/categories?post=129053"},{"taxonomy":"post_tag","embeddable":true,"href":"https:\/\/www.fcbarcelonanoticias.com\/en\/wp-json\/wp\/v2\/tags?post=129053"}],"curies":[{"name":"wp","href":"https:\/\/api.w.org\/{rel}","templated":true}]}}