{"id":129094,"date":"2023-04-14T11:34:00","date_gmt":"2023-04-14T09:34:00","guid":{"rendered":"https:\/\/weisetech.dev\/fc-barcelona-noticias\/en\/destination-premier-representative-abde-continues-tour-in-england_291493_102\/"},"modified":"2023-04-14T11:34:00","modified_gmt":"2023-04-14T09:34:00","slug":"destination-premier-representative-abde-continues-tour-in-england_291493_102","status":"publish","type":"post","link":"https:\/\/www.fcbarcelonanoticias.com\/en\/transfers\/destination-premier-representative-abde-continues-tour-in-england_291493_102.html","title":{"rendered":"Premier destination? Abde&#8217;s representative continues on &#8216;tour&#8217; in England"},"content":{"rendered":"<h2 class=\"wp-block-heading\">The representative of &#8216;Ez&#8217; Abde, Javier Garrido, continues to visit different Premier clubs and keeps the door open to a possible movement of the Moroccan during the summer<\/h2>  \r\n<div class=\"article-addons\">\r\n    <a href=\"https:\/\/www.fcbarcelonanoticias.com\/en\/calendar-fc-barcelona.html\"\r\n       target=\"_self\"\r\n       title=\"Calendar of FC Barcelona\"\r\n       class=\"blue-gredient-btn\">\r\n       \r\n        Calendar of FC Barcelona    <\/a>\r\n<\/div>   <p>The FC Barcelona is conscious that it will have to reduce his mass salarial to as it give place and <strong>the sale of the footballers yielded could leave good r\u00e9dito economic to the equal that some names of the first team.<\/strong> For the moment, so much Samuel Umtiti like Cl\u00e9ment Lenglet, Nico Gonz\u00e1lez, \u00c1lex Codallo and Sergi\u00f1o Dest <strong>would not have hollow in the staff<\/strong> and will be in the ramp of exit next summer.<\/p>  <p>However, the situation of &#8216;Ez&#8217; Abde is totally different. The attacker is leaving very good feelings in the Osasuna and <strong>Xavi Hern\u00e1ndez would be loved to have he in the pre-season and during the following course,<\/strong> overcoat in front of the possibility that <a data-external=\"0\" data-intl-links-en=\"https:\/\/www.fcbarcelonanoticias.com\/en\/transfers\/sentenced-ansu-fati-would-be-first-choice-of-barca-when-hour-to-sell-forward_291398_102.html\" data-intl-links-es=\"https:\/\/www.fcbarcelonanoticias.com\/fichajes\/sentenciado-ansu-fati-seria-primera-opcion-barcelona-hora-vender-extremo_291398_102.html\" href=\"https:\/\/www.fcbarcelonanoticias.com\/en\/transfers\/sentenced-ansu-fati-would-be-first-choice-of-barca-when-hour-to-sell-forward_291398_102.html\" rel=\"follow\" target=\"_self\" title=\"\u00bfSentenciado? Ansu Fati ser\u00eda la primera opci\u00f3n del Bar\u00e7a a la hora de vender un extremo\">the offensive plot suffer some modifications<\/a> to generate extraordinary income.<\/p>  <h2>The Wolves interests by Abde?<\/h2>  <p>The economy of the Bar\u00e7a is not in his best point <strong>and will have to analyse each one of the proposals that arrive on his table<\/strong> if they want to fulfil with the adjusted normative of LaLiga in matter of Fair Play. <strong>It is thus that the future of very few players is ensured of face to the 2023\/24<\/strong> and the surroundings of the Moroccan has it present.<a data-external=\"0\" data-intl-links-en=\"https:\/\/www.fcbarcelonanoticias.com\/en\/transfers\/agent-abde-could-be-negotiating-his-exit-barcelona-course-premier_291428_102.html\" data-intl-links-es=\"https:\/\/www.fcbarcelonanoticias.com\/fichajes\/agente-abde-podria-estar-negociando-su-salida-barcelona-rumbo-premier_291428_102.html\" href=\"https:\/\/www.fcbarcelonanoticias.com\/en\/transfers\/agent-abde-could-be-negotiating-his-exit-barcelona-course-premier_291428_102.html\" rel=\"follow\" target=\"_self\" title=\"El agente de Abde podr\u00eda estar negociando su salida del Bar\u00e7a rumbo a la Premier\"> Of here it comes the fact that they are movilizando by England<\/a> to know at first hand some destinations that are after his steps.<\/p>  <p>And it is that Javier Garrido, agent of Abde, <strong>is of &#8216;turn&#8217; by the United Kingdom <\/strong>visiting to some clubs that are interested in his represented. In fact, <strong>this Thursday visited the installations of the Wolverhampton and would not be surprise that are attentive to the future of the footballer of the Bar\u00e7a,<\/strong> since in the last years have kept relations by the signings of Francisco Trincao and Adama Traor\u00e9.<\/p>  <h2>The Nottingham Forest also is attentive<\/h2>  <p>Added to them,<strong> the Nottingham Forest also is slope of Abde<\/strong> but the last informations sustain that <strong>his proposal will depend on if they keep or no the category in First Division.<\/strong> Under the tutela of Garrido also is the midfield player Kang-in Lee, of the Mallorca, and his visit to the English groups also could be tied to his future. It will be necessary to see which sucede during the market with the knowledge that <strong>the Barcelona can take out good money by Abde<\/strong> in case to be necessary.<\/p> ","protected":false},"excerpt":{"rendered":"<p>The representative of &#8216;Ez&#8217; Abde, Javier Garrido, continues to visit different Premier clubs and keeps the door open to a possible movement of the Moroccan during the summer The FC Barcelona is conscious that it will have to reduce his mass salarial to as it give place and the sale of the footballers yielded could [&hellip;]<\/p>\n","protected":false},"author":0,"featured_media":129098,"comment_status":"closed","ping_status":"open","sticky":false,"template":"","format":"standard","meta":{"_acf_changed":false,"inline_featured_image":false,"_nextfly_llmd_date_locked":false,"footnotes":""},"categories":[106,449],"tags":[342],"class_list":["post-129094","post","type-post","status-publish","format-standard","has-post-thumbnail","hentry","category-transfers","category-transfers-2","tag-abde"],"acf":[],"yoast_head":"<!-- This site is optimized with the Yoast SEO plugin v27.3 - https:\/\/yoast.com\/product\/yoast-seo-wordpress\/ -->\n<title>Premier destination? Abde&#039;s representative continues on &#039;tour&#039; in England<\/title>\n<meta name=\"description\" content=\"The representative of &#039;Ez&#039; Abde, Javier Garrido, continues to visit different Premier clubs and keeps the door open to a possible movement of the Moroccan during the summer\" \/>\n<meta name=\"robots\" content=\"index, follow, max-snippet:-1, max-image-preview:large, max-video-preview:-1\" \/>\n<link rel=\"canonical\" href=\"https:\/\/www.fcbarcelonanoticias.com\/en\/transfers\/destination-premier-representative-abde-continues-tour-in-england_291493_102.html\" \/>\n<meta property=\"og:locale\" content=\"en_US\" \/>\n<meta property=\"og:type\" content=\"article\" \/>\n<meta property=\"og:title\" content=\"Premier destination? Abde&#039;s representative continues on &#039;tour&#039; in England\" \/>\n<meta property=\"og:description\" content=\"The representative of &#039;Ez&#039; Abde, Javier Garrido, continues to visit different Premier clubs and keeps the door open to a possible movement of the Moroccan during the summer\" \/>\n<meta property=\"og:url\" content=\"https:\/\/www.fcbarcelonanoticias.com\/en\/transfers\/destination-premier-representative-abde-continues-tour-in-england_291493_102.html\" \/>\n<meta property=\"og:site_name\" content=\"EN - FC Barcelona Noticias\" \/>\n<meta property=\"article:published_time\" content=\"2023-04-14T09:34:00+00:00\" \/>\n<meta property=\"og:image\" content=\"https:\/\/www.fcbarcelonanoticias.com\/en\/wp-content\/uploads\/sites\/2\/2023\/04\/ez-abde-con-el-osasuna.jpeg\" \/>\n\t<meta property=\"og:image:width\" content=\"1300\" \/>\n\t<meta property=\"og:image:height\" content=\"750\" \/>\n\t<meta property=\"og:image:type\" content=\"image\/jpeg\" \/>\n<meta name=\"twitter:card\" content=\"summary_large_image\" \/>\n<meta name=\"twitter:label1\" content=\"Est. reading time\" \/>\n\t<meta name=\"twitter:data1\" content=\"2 minutes\" \/>\n<script type=\"application\/ld+json\" class=\"yoast-schema-graph\">{\"@context\":\"https:\\\/\\\/schema.org\",\"@graph\":[{\"@type\":\"Article\",\"@id\":\"https:\\\/\\\/www.fcbarcelonanoticias.com\\\/en\\\/transfers\\\/destination-premier-representative-abde-continues-tour-in-england_291493_102.html#article\",\"isPartOf\":{\"@id\":\"https:\\\/\\\/www.fcbarcelonanoticias.com\\\/en\\\/transfers\\\/destination-premier-representative-abde-continues-tour-in-england_291493_102.html\"},\"author\":{\"name\":\"\",\"@id\":\"\"},\"headline\":\"Premier destination? Abde&#8217;s representative continues on &#8216;tour&#8217; in England\",\"datePublished\":\"2023-04-14T09:34:00+00:00\",\"mainEntityOfPage\":{\"@id\":\"https:\\\/\\\/www.fcbarcelonanoticias.com\\\/en\\\/transfers\\\/destination-premier-representative-abde-continues-tour-in-england_291493_102.html\"},\"wordCount\":435,\"image\":{\"@id\":\"https:\\\/\\\/www.fcbarcelonanoticias.com\\\/en\\\/transfers\\\/destination-premier-representative-abde-continues-tour-in-england_291493_102.html#primaryimage\"},\"thumbnailUrl\":\"https:\\\/\\\/www.fcbarcelonanoticias.com\\\/en\\\/wp-content\\\/uploads\\\/sites\\\/2\\\/2023\\\/04\\\/ez-abde-con-el-osasuna.jpeg\",\"keywords\":[\"Abde\"],\"articleSection\":[\"Transfers\",\"Transfers\"],\"inLanguage\":\"en-US\"},{\"@type\":\"WebPage\",\"@id\":\"https:\\\/\\\/www.fcbarcelonanoticias.com\\\/en\\\/transfers\\\/destination-premier-representative-abde-continues-tour-in-england_291493_102.html\",\"url\":\"https:\\\/\\\/www.fcbarcelonanoticias.com\\\/en\\\/transfers\\\/destination-premier-representative-abde-continues-tour-in-england_291493_102.html\",\"name\":\"Premier destination? Abde's representative continues on 'tour' in England\",\"isPartOf\":{\"@id\":\"https:\\\/\\\/www.fcbarcelonanoticias.com\\\/en\\\/#website\"},\"primaryImageOfPage\":{\"@id\":\"https:\\\/\\\/www.fcbarcelonanoticias.com\\\/en\\\/transfers\\\/destination-premier-representative-abde-continues-tour-in-england_291493_102.html#primaryimage\"},\"image\":{\"@id\":\"https:\\\/\\\/www.fcbarcelonanoticias.com\\\/en\\\/transfers\\\/destination-premier-representative-abde-continues-tour-in-england_291493_102.html#primaryimage\"},\"thumbnailUrl\":\"https:\\\/\\\/www.fcbarcelonanoticias.com\\\/en\\\/wp-content\\\/uploads\\\/sites\\\/2\\\/2023\\\/04\\\/ez-abde-con-el-osasuna.jpeg\",\"datePublished\":\"2023-04-14T09:34:00+00:00\",\"author\":{\"@id\":\"\"},\"description\":\"The representative of 'Ez' Abde, Javier Garrido, continues to visit different Premier clubs and keeps the door open to a possible movement of the Moroccan during the summer\",\"breadcrumb\":{\"@id\":\"https:\\\/\\\/www.fcbarcelonanoticias.com\\\/en\\\/transfers\\\/destination-premier-representative-abde-continues-tour-in-england_291493_102.html#breadcrumb\"},\"inLanguage\":\"en-US\",\"potentialAction\":[{\"@type\":\"ReadAction\",\"target\":[\"https:\\\/\\\/www.fcbarcelonanoticias.com\\\/en\\\/transfers\\\/destination-premier-representative-abde-continues-tour-in-england_291493_102.html\"]}]},{\"@type\":\"ImageObject\",\"inLanguage\":\"en-US\",\"@id\":\"https:\\\/\\\/www.fcbarcelonanoticias.com\\\/en\\\/transfers\\\/destination-premier-representative-abde-continues-tour-in-england_291493_102.html#primaryimage\",\"url\":\"https:\\\/\\\/www.fcbarcelonanoticias.com\\\/en\\\/wp-content\\\/uploads\\\/sites\\\/2\\\/2023\\\/04\\\/ez-abde-con-el-osasuna.jpeg\",\"contentUrl\":\"https:\\\/\\\/www.fcbarcelonanoticias.com\\\/en\\\/wp-content\\\/uploads\\\/sites\\\/2\\\/2023\\\/04\\\/ez-abde-con-el-osasuna.jpeg\",\"width\":1300,\"height\":750},{\"@type\":\"BreadcrumbList\",\"@id\":\"https:\\\/\\\/www.fcbarcelonanoticias.com\\\/en\\\/transfers\\\/destination-premier-representative-abde-continues-tour-in-england_291493_102.html#breadcrumb\",\"itemListElement\":[{\"@type\":\"ListItem\",\"position\":1,\"name\":\"Portada\",\"item\":\"https:\\\/\\\/www.fcbarcelonanoticias.com\\\/en\\\/\"},{\"@type\":\"ListItem\",\"position\":2,\"name\":\"Premier destination? Abde&#8217;s representative continues on &#8216;tour&#8217; in England\"}]},{\"@type\":\"WebSite\",\"@id\":\"https:\\\/\\\/www.fcbarcelonanoticias.com\\\/en\\\/#website\",\"url\":\"https:\\\/\\\/www.fcbarcelonanoticias.com\\\/en\\\/\",\"name\":\"EN - FC Barcelona Noticias\",\"description\":\"\",\"potentialAction\":[{\"@type\":\"SearchAction\",\"target\":{\"@type\":\"EntryPoint\",\"urlTemplate\":\"https:\\\/\\\/www.fcbarcelonanoticias.com\\\/en\\\/?s={search_term_string}\"},\"query-input\":{\"@type\":\"PropertyValueSpecification\",\"valueRequired\":true,\"valueName\":\"search_term_string\"}}],\"inLanguage\":\"en-US\"}]}<\/script>\n<!-- \/ Yoast SEO plugin. -->","yoast_head_json":{"title":"Premier destination? Abde's representative continues on 'tour' in England","description":"The representative of 'Ez' Abde, Javier Garrido, continues to visit different Premier clubs and keeps the door open to a possible movement of the Moroccan during the summer","robots":{"index":"index","follow":"follow","max-snippet":"max-snippet:-1","max-image-preview":"max-image-preview:large","max-video-preview":"max-video-preview:-1"},"canonical":"https:\/\/www.fcbarcelonanoticias.com\/en\/transfers\/destination-premier-representative-abde-continues-tour-in-england_291493_102.html","og_locale":"en_US","og_type":"article","og_title":"Premier destination? Abde's representative continues on 'tour' in England","og_description":"The representative of 'Ez' Abde, Javier Garrido, continues to visit different Premier clubs and keeps the door open to a possible movement of the Moroccan during the summer","og_url":"https:\/\/www.fcbarcelonanoticias.com\/en\/transfers\/destination-premier-representative-abde-continues-tour-in-england_291493_102.html","og_site_name":"EN - FC Barcelona Noticias","article_published_time":"2023-04-14T09:34:00+00:00","og_image":[{"width":1300,"height":750,"url":"https:\/\/www.fcbarcelonanoticias.com\/en\/wp-content\/uploads\/sites\/2\/2023\/04\/ez-abde-con-el-osasuna.jpeg","type":"image\/jpeg"}],"twitter_card":"summary_large_image","twitter_misc":{"Est. reading time":"2 minutes"},"schema":{"@context":"https:\/\/schema.org","@graph":[{"@type":"Article","@id":"https:\/\/www.fcbarcelonanoticias.com\/en\/transfers\/destination-premier-representative-abde-continues-tour-in-england_291493_102.html#article","isPartOf":{"@id":"https:\/\/www.fcbarcelonanoticias.com\/en\/transfers\/destination-premier-representative-abde-continues-tour-in-england_291493_102.html"},"author":{"name":"","@id":""},"headline":"Premier destination? Abde&#8217;s representative continues on &#8216;tour&#8217; in England","datePublished":"2023-04-14T09:34:00+00:00","mainEntityOfPage":{"@id":"https:\/\/www.fcbarcelonanoticias.com\/en\/transfers\/destination-premier-representative-abde-continues-tour-in-england_291493_102.html"},"wordCount":435,"image":{"@id":"https:\/\/www.fcbarcelonanoticias.com\/en\/transfers\/destination-premier-representative-abde-continues-tour-in-england_291493_102.html#primaryimage"},"thumbnailUrl":"https:\/\/www.fcbarcelonanoticias.com\/en\/wp-content\/uploads\/sites\/2\/2023\/04\/ez-abde-con-el-osasuna.jpeg","keywords":["Abde"],"articleSection":["Transfers","Transfers"],"inLanguage":"en-US"},{"@type":"WebPage","@id":"https:\/\/www.fcbarcelonanoticias.com\/en\/transfers\/destination-premier-representative-abde-continues-tour-in-england_291493_102.html","url":"https:\/\/www.fcbarcelonanoticias.com\/en\/transfers\/destination-premier-representative-abde-continues-tour-in-england_291493_102.html","name":"Premier destination? Abde's representative continues on 'tour' in England","isPartOf":{"@id":"https:\/\/www.fcbarcelonanoticias.com\/en\/#website"},"primaryImageOfPage":{"@id":"https:\/\/www.fcbarcelonanoticias.com\/en\/transfers\/destination-premier-representative-abde-continues-tour-in-england_291493_102.html#primaryimage"},"image":{"@id":"https:\/\/www.fcbarcelonanoticias.com\/en\/transfers\/destination-premier-representative-abde-continues-tour-in-england_291493_102.html#primaryimage"},"thumbnailUrl":"https:\/\/www.fcbarcelonanoticias.com\/en\/wp-content\/uploads\/sites\/2\/2023\/04\/ez-abde-con-el-osasuna.jpeg","datePublished":"2023-04-14T09:34:00+00:00","author":{"@id":""},"description":"The representative of 'Ez' Abde, Javier Garrido, continues to visit different Premier clubs and keeps the door open to a possible movement of the Moroccan during the summer","breadcrumb":{"@id":"https:\/\/www.fcbarcelonanoticias.com\/en\/transfers\/destination-premier-representative-abde-continues-tour-in-england_291493_102.html#breadcrumb"},"inLanguage":"en-US","potentialAction":[{"@type":"ReadAction","target":["https:\/\/www.fcbarcelonanoticias.com\/en\/transfers\/destination-premier-representative-abde-continues-tour-in-england_291493_102.html"]}]},{"@type":"ImageObject","inLanguage":"en-US","@id":"https:\/\/www.fcbarcelonanoticias.com\/en\/transfers\/destination-premier-representative-abde-continues-tour-in-england_291493_102.html#primaryimage","url":"https:\/\/www.fcbarcelonanoticias.com\/en\/wp-content\/uploads\/sites\/2\/2023\/04\/ez-abde-con-el-osasuna.jpeg","contentUrl":"https:\/\/www.fcbarcelonanoticias.com\/en\/wp-content\/uploads\/sites\/2\/2023\/04\/ez-abde-con-el-osasuna.jpeg","width":1300,"height":750},{"@type":"BreadcrumbList","@id":"https:\/\/www.fcbarcelonanoticias.com\/en\/transfers\/destination-premier-representative-abde-continues-tour-in-england_291493_102.html#breadcrumb","itemListElement":[{"@type":"ListItem","position":1,"name":"Portada","item":"https:\/\/www.fcbarcelonanoticias.com\/en\/"},{"@type":"ListItem","position":2,"name":"Premier destination? Abde&#8217;s representative continues on &#8216;tour&#8217; in England"}]},{"@type":"WebSite","@id":"https:\/\/www.fcbarcelonanoticias.com\/en\/#website","url":"https:\/\/www.fcbarcelonanoticias.com\/en\/","name":"EN - FC Barcelona Noticias","description":"","potentialAction":[{"@type":"SearchAction","target":{"@type":"EntryPoint","urlTemplate":"https:\/\/www.fcbarcelonanoticias.com\/en\/?s={search_term_string}"},"query-input":{"@type":"PropertyValueSpecification","valueRequired":true,"valueName":"search_term_string"}}],"inLanguage":"en-US"}]}},"_links":{"self":[{"href":"https:\/\/www.fcbarcelonanoticias.com\/en\/wp-json\/wp\/v2\/posts\/129094","targetHints":{"allow":["GET"]}}],"collection":[{"href":"https:\/\/www.fcbarcelonanoticias.com\/en\/wp-json\/wp\/v2\/posts"}],"about":[{"href":"https:\/\/www.fcbarcelonanoticias.com\/en\/wp-json\/wp\/v2\/types\/post"}],"replies":[{"embeddable":true,"href":"https:\/\/www.fcbarcelonanoticias.com\/en\/wp-json\/wp\/v2\/comments?post=129094"}],"version-history":[{"count":1,"href":"https:\/\/www.fcbarcelonanoticias.com\/en\/wp-json\/wp\/v2\/posts\/129094\/revisions"}],"predecessor-version":[{"id":152284,"href":"https:\/\/www.fcbarcelonanoticias.com\/en\/wp-json\/wp\/v2\/posts\/129094\/revisions\/152284"}],"wp:featuredmedia":[{"embeddable":true,"href":"https:\/\/www.fcbarcelonanoticias.com\/en\/wp-json\/wp\/v2\/media\/129098"}],"wp:attachment":[{"href":"https:\/\/www.fcbarcelonanoticias.com\/en\/wp-json\/wp\/v2\/media?parent=129094"}],"wp:term":[{"taxonomy":"category","embeddable":true,"href":"https:\/\/www.fcbarcelonanoticias.com\/en\/wp-json\/wp\/v2\/categories?post=129094"},{"taxonomy":"post_tag","embeddable":true,"href":"https:\/\/www.fcbarcelonanoticias.com\/en\/wp-json\/wp\/v2\/tags?post=129094"}],"curies":[{"name":"wp","href":"https:\/\/api.w.org\/{rel}","templated":true}]}}