{"id":129120,"date":"2022-09-01T18:03:00","date_gmt":"2022-09-01T16:03:00","guid":{"rendered":"https:\/\/weisetech.dev\/fc-barcelona-noticias\/en\/future-pjanic-is-decided-he-stays-in-barcelona_283882_102\/"},"modified":"2026-04-16T09:16:06","modified_gmt":"2026-04-16T07:16:06","slug":"future-pjanic-is-decided-he-stays-in-barcelona_283882_102","status":"publish","type":"post","link":"https:\/\/www.fcbarcelonanoticias.com\/en\/transfers\/future-pjanic-is-decided-he-stays-in-barcelona_283882_102.html","title":{"rendered":"Pjanic&#8217;s future is decided: He stays at Bar\u00e7a"},"content":{"rendered":"<h2 class=\"wp-block-heading\">Miralem Pjanic will be part of Xavi&#8217;s team this season. Despite the information that linked him to a possible departure from the club, the player will not move from Bar\u00e7a except for a last-minute surprise<\/h2>  \r\n<div class=\"article-addons\">\r\n    <a href=\"https:\/\/www.fcbarcelonanoticias.com\/en\/calendar-fc-barcelona.html\"\r\n       target=\"_self\"\r\n       title=\"Calendar of FC Barcelona\"\r\n       class=\"blue-gredient-btn\">\r\n       \r\n        Calendar of FC Barcelona    <\/a>\r\n<\/div>   <p>Except some twist of &#8216;script&#8217; unexpected, <a data-external=\"0\" data-intl-links-en=\"https:\/\/www.fcbarcelonanoticias.com\/en\/tags\/miralem-pjanic\" data-intl-links-es=\"https:\/\/www.fcbarcelonanoticias.com\/tags\/miralem-pjanic\" href=\"https:\/\/www.fcbarcelonanoticias.com\/en\/tags\/miralem-pjanic.html\" rel=\"follow\" target=\"_self\" title=\"Miralem Pjanic\">Miralem Pjanic<\/a> will not go out of the <a data-external=\"0\" data-intl-links-en=\"https:\/\/www.fcbarcelonanoticias.com\/en\/fc-barcelona\" data-intl-links-es=\"https:\/\/www.fcbarcelonanoticias.com\/fc-barcelona\" href=\"https:\/\/www.fcbarcelonanoticias.com\/futbol\/fc-barcelona.html\" rel=\"follow\" target=\"_self\" title=\"FC Barcelona\">FC Barcelona<\/a> during the end of this market of signings. The situation of the bosnio in the entity gave a &#8216;volantazo&#8217; surprise in turns it American. <strong>And it is that the mediocampista was during all the past campaign in the list of descartes of Xavi Hern\u00e1ndez<\/strong>. The trainer did not consider to the of Tuzla in his planning for the campaign 2022-2023 and everything aimed to that the player would be one of the first in going out during this summer to lighten the mass salarial and open him hollow to the new signings.<\/p>  <p>However, and decided to show him to the technician of Terrassa that has the necessary to form part of his staff, Pjanic insisted in remaining in the team, at least, during all the pre-season in research to win a place in the rotation of the trainer cul\u00e9. And the &#8216;bet&#8217; went out him very well. <strong>The good performance showed by the ex of the Juventus in the parties of preparation impressed to all and sundry<\/strong>, especially inside the staff technical of the club, reason whereby decided to keep to Miralem in the square this year.<\/p>  <p>In spite of this, the start of this new campaign has been especially complicated for the mediocampista, <strong>the one who has not seen neither an alone minute in the first three days of LaLiga Santander<\/strong>. Everything aimed to that Miralem would have his first big opportunity in front of the Real, meeting in which Sergio Busquets was absent by sanction, but Frenkie of Jong won him the &#8216;pulseada&#8217; and the &#8217;16&#8217; remained in the bench.<\/p>  <p>For this reason, a lot rumor\u00f3 on his exit of the City Condal in these last days of the window estival in research of minutes. Nevertheless, <strong>the digital portal &#8216;Relief&#8217; has informed that, if there are not surprises, Pjanic will not move of the Bar\u00e7a<\/strong>. The season 2022-2023, with World-wide of by half, will be very long and Xavi has he for rotar in the midfield. &#8220;It has convinced me&#8221;, it ensured Hern\u00e1ndez before the start of the new course, by what sooner or later will have his opportunity.<\/p>  <h3>In France wanted to him<\/h3>  <p>Of this way, the return of Pjanic to France is totally desestimado. As diverse informations, <strong>so much the Nice like the Olympique of Lyon wanted him to reinforce his teams, but the wish of the player goes through to follow playing in the Camp Nou<\/strong>. Like this then , the bosnio will fulfil his dream and will struggle by a place in the alignment of the egarense, with the hope of revertir the complicated that they were his two first years and triumph dressing the Barcelona T-shirt.<\/p> ","protected":false},"excerpt":{"rendered":"<p>Miralem Pjanic will be part of Xavi&#8217;s team this season. Despite the information that linked him to a possible departure from the club, the player will not move from Bar\u00e7a except for a last-minute surprise Except some twist of &#8216;script&#8217; unexpected, Miralem Pjanic will not go out of the FC Barcelona during the end of [&hellip;]<\/p>\n","protected":false},"author":358,"featured_media":129128,"comment_status":"closed","ping_status":"open","sticky":false,"template":"","format":"standard","meta":{"_acf_changed":false,"inline_featured_image":false,"_nextfly_llmd_date_locked":false,"footnotes":""},"categories":[449,106],"tags":[326,48],"class_list":["post-129120","post","type-post","status-publish","format-standard","has-post-thumbnail","hentry","category-transfers-2","category-transfers","tag-miralem-pjanic","tag-xavi-hernandez"],"acf":[],"yoast_head":"<!-- This site is optimized with the Yoast SEO plugin v27.3 - https:\/\/yoast.com\/product\/yoast-seo-wordpress\/ -->\n<title>The future of Pjanic is decided: it remains in the Bar\u00e7a<\/title>\n<meta name=\"description\" content=\"Miralem Pjanic Will form part of the team of Xavi during this season. In spite of the informations that linked him to a possible exit of the club, the player...\" \/>\n<meta name=\"robots\" content=\"index, follow, max-snippet:-1, max-image-preview:large, max-video-preview:-1\" \/>\n<link rel=\"canonical\" href=\"https:\/\/www.fcbarcelonanoticias.com\/en\/transfers\/future-pjanic-is-decided-he-stays-in-barcelona_283882_102.html\" \/>\n<meta property=\"og:locale\" content=\"en_US\" \/>\n<meta property=\"og:type\" content=\"article\" \/>\n<meta property=\"og:title\" content=\"The future of Pjanic is decided: it remains in the Bar\u00e7a\" \/>\n<meta property=\"og:description\" content=\"Miralem Pjanic Will form part of the team of Xavi during this season. In spite of the informations that linked him to a possible exit of the club, the player...\" \/>\n<meta property=\"og:url\" content=\"https:\/\/www.fcbarcelonanoticias.com\/en\/transfers\/future-pjanic-is-decided-he-stays-in-barcelona_283882_102.html\" \/>\n<meta property=\"og:site_name\" content=\"EN - FC Barcelona Noticias\" \/>\n<meta property=\"article:published_time\" content=\"2022-09-01T16:03:00+00:00\" \/>\n<meta property=\"article:modified_time\" content=\"2026-04-16T07:16:06+00:00\" \/>\n<meta property=\"og:image\" content=\"https:\/\/www.fcbarcelonanoticias.com\/en\/wp-content\/uploads\/sites\/2\/2022\/09\/miralem-pjanic-fc-barcelona.jpeg\" \/>\n\t<meta property=\"og:image:width\" content=\"1300\" \/>\n\t<meta property=\"og:image:height\" content=\"732\" \/>\n\t<meta property=\"og:image:type\" content=\"image\/jpeg\" \/>\n<meta name=\"author\" content=\"Juan Pablo Berdugo\" \/>\n<meta name=\"twitter:card\" content=\"summary_large_image\" \/>\n<meta name=\"twitter:label1\" content=\"Written by\" \/>\n\t<meta name=\"twitter:data1\" content=\"Juan Pablo Berdugo\" \/>\n\t<meta name=\"twitter:label2\" content=\"Est. reading time\" \/>\n\t<meta name=\"twitter:data2\" content=\"2 minutes\" \/>\n<script type=\"application\/ld+json\" class=\"yoast-schema-graph\">{\"@context\":\"https:\\\/\\\/schema.org\",\"@graph\":[{\"@type\":\"Article\",\"@id\":\"https:\\\/\\\/www.fcbarcelonanoticias.com\\\/en\\\/transfers\\\/future-pjanic-is-decided-he-stays-in-barcelona_283882_102.html#article\",\"isPartOf\":{\"@id\":\"https:\\\/\\\/www.fcbarcelonanoticias.com\\\/en\\\/transfers\\\/future-pjanic-is-decided-he-stays-in-barcelona_283882_102.html\"},\"author\":{\"name\":\"Juan Pablo Berdugo\",\"@id\":\"https:\\\/\\\/www.fcbarcelonanoticias.com\\\/en\\\/#\\\/schema\\\/person\\\/88d756918a0a1ae9fa593b5edddd1815\"},\"headline\":\"Pjanic&#8217;s future is decided: He stays at Bar\u00e7a\",\"datePublished\":\"2022-09-01T16:03:00+00:00\",\"dateModified\":\"2026-04-16T07:16:06+00:00\",\"mainEntityOfPage\":{\"@id\":\"https:\\\/\\\/www.fcbarcelonanoticias.com\\\/en\\\/transfers\\\/future-pjanic-is-decided-he-stays-in-barcelona_283882_102.html\"},\"wordCount\":507,\"image\":{\"@id\":\"https:\\\/\\\/www.fcbarcelonanoticias.com\\\/en\\\/transfers\\\/future-pjanic-is-decided-he-stays-in-barcelona_283882_102.html#primaryimage\"},\"thumbnailUrl\":\"https:\\\/\\\/www.fcbarcelonanoticias.com\\\/en\\\/wp-content\\\/uploads\\\/sites\\\/2\\\/2022\\\/09\\\/miralem-pjanic-fc-barcelona.jpeg\",\"keywords\":[\"Miralem Pjanic\",\"Xavi Hern\u00e1ndez\"],\"articleSection\":[\"Transfers\",\"Transfers\"],\"inLanguage\":\"en-US\"},{\"@type\":\"WebPage\",\"@id\":\"https:\\\/\\\/www.fcbarcelonanoticias.com\\\/en\\\/transfers\\\/future-pjanic-is-decided-he-stays-in-barcelona_283882_102.html\",\"url\":\"https:\\\/\\\/www.fcbarcelonanoticias.com\\\/en\\\/transfers\\\/future-pjanic-is-decided-he-stays-in-barcelona_283882_102.html\",\"name\":\"The future of Pjanic is decided: it remains in the Bar\u00e7a\",\"isPartOf\":{\"@id\":\"https:\\\/\\\/www.fcbarcelonanoticias.com\\\/en\\\/#website\"},\"primaryImageOfPage\":{\"@id\":\"https:\\\/\\\/www.fcbarcelonanoticias.com\\\/en\\\/transfers\\\/future-pjanic-is-decided-he-stays-in-barcelona_283882_102.html#primaryimage\"},\"image\":{\"@id\":\"https:\\\/\\\/www.fcbarcelonanoticias.com\\\/en\\\/transfers\\\/future-pjanic-is-decided-he-stays-in-barcelona_283882_102.html#primaryimage\"},\"thumbnailUrl\":\"https:\\\/\\\/www.fcbarcelonanoticias.com\\\/en\\\/wp-content\\\/uploads\\\/sites\\\/2\\\/2022\\\/09\\\/miralem-pjanic-fc-barcelona.jpeg\",\"datePublished\":\"2022-09-01T16:03:00+00:00\",\"dateModified\":\"2026-04-16T07:16:06+00:00\",\"author\":{\"@id\":\"https:\\\/\\\/www.fcbarcelonanoticias.com\\\/en\\\/#\\\/schema\\\/person\\\/88d756918a0a1ae9fa593b5edddd1815\"},\"description\":\"Miralem Pjanic Will form part of the team of Xavi during this season. In spite of the informations that linked him to a possible exit of the club, the player...\",\"breadcrumb\":{\"@id\":\"https:\\\/\\\/www.fcbarcelonanoticias.com\\\/en\\\/transfers\\\/future-pjanic-is-decided-he-stays-in-barcelona_283882_102.html#breadcrumb\"},\"inLanguage\":\"en-US\",\"potentialAction\":[{\"@type\":\"ReadAction\",\"target\":[\"https:\\\/\\\/www.fcbarcelonanoticias.com\\\/en\\\/transfers\\\/future-pjanic-is-decided-he-stays-in-barcelona_283882_102.html\"]}]},{\"@type\":\"ImageObject\",\"inLanguage\":\"en-US\",\"@id\":\"https:\\\/\\\/www.fcbarcelonanoticias.com\\\/en\\\/transfers\\\/future-pjanic-is-decided-he-stays-in-barcelona_283882_102.html#primaryimage\",\"url\":\"https:\\\/\\\/www.fcbarcelonanoticias.com\\\/en\\\/wp-content\\\/uploads\\\/sites\\\/2\\\/2022\\\/09\\\/miralem-pjanic-fc-barcelona.jpeg\",\"contentUrl\":\"https:\\\/\\\/www.fcbarcelonanoticias.com\\\/en\\\/wp-content\\\/uploads\\\/sites\\\/2\\\/2022\\\/09\\\/miralem-pjanic-fc-barcelona.jpeg\",\"width\":1300,\"height\":732},{\"@type\":\"BreadcrumbList\",\"@id\":\"https:\\\/\\\/www.fcbarcelonanoticias.com\\\/en\\\/transfers\\\/future-pjanic-is-decided-he-stays-in-barcelona_283882_102.html#breadcrumb\",\"itemListElement\":[{\"@type\":\"ListItem\",\"position\":1,\"name\":\"Portada\",\"item\":\"https:\\\/\\\/www.fcbarcelonanoticias.com\\\/en\\\/\"},{\"@type\":\"ListItem\",\"position\":2,\"name\":\"Pjanic&#8217;s future is decided: He stays at Bar\u00e7a\"}]},{\"@type\":\"WebSite\",\"@id\":\"https:\\\/\\\/www.fcbarcelonanoticias.com\\\/en\\\/#website\",\"url\":\"https:\\\/\\\/www.fcbarcelonanoticias.com\\\/en\\\/\",\"name\":\"EN - FC Barcelona Noticias\",\"description\":\"\",\"potentialAction\":[{\"@type\":\"SearchAction\",\"target\":{\"@type\":\"EntryPoint\",\"urlTemplate\":\"https:\\\/\\\/www.fcbarcelonanoticias.com\\\/en\\\/?s={search_term_string}\"},\"query-input\":{\"@type\":\"PropertyValueSpecification\",\"valueRequired\":true,\"valueName\":\"search_term_string\"}}],\"inLanguage\":\"en-US\"},{\"@type\":\"Person\",\"@id\":\"https:\\\/\\\/www.fcbarcelonanoticias.com\\\/en\\\/#\\\/schema\\\/person\\\/88d756918a0a1ae9fa593b5edddd1815\",\"name\":\"Juan Pablo Berdugo\",\"image\":{\"@type\":\"ImageObject\",\"inLanguage\":\"en-US\",\"@id\":\"https:\\\/\\\/secure.gravatar.com\\\/avatar\\\/?s=96&d=mm&r=g\",\"url\":\"https:\\\/\\\/secure.gravatar.com\\\/avatar\\\/?s=96&d=mm&r=g\",\"contentUrl\":\"https:\\\/\\\/secure.gravatar.com\\\/avatar\\\/?s=96&d=mm&r=g\",\"caption\":\"Juan Pablo Berdugo\"},\"description\":\"Juan Pablo Berdugo es graduado en Periodismo. Colabora con FCBN como especialista en informaci\u00f3n del primer equipo del FC Barcelona, f\u00fatbol internacional y mercado de fichajes. Destaca por su enfoque anal\u00edtico, su rigor informativo y su capacidad para detectar tendencias emergentes en el f\u00fatbol global.\",\"url\":\"https:\\\/\\\/www.fcbarcelonanoticias.com\\\/en\\\/fc-barcelona\\\/juan-pablo-berdugo_18_115.html\"}]}<\/script>\n<!-- \/ Yoast SEO plugin. -->","yoast_head_json":{"title":"The future of Pjanic is decided: it remains in the Bar\u00e7a","description":"Miralem Pjanic Will form part of the team of Xavi during this season. In spite of the informations that linked him to a possible exit of the club, the player...","robots":{"index":"index","follow":"follow","max-snippet":"max-snippet:-1","max-image-preview":"max-image-preview:large","max-video-preview":"max-video-preview:-1"},"canonical":"https:\/\/www.fcbarcelonanoticias.com\/en\/transfers\/future-pjanic-is-decided-he-stays-in-barcelona_283882_102.html","og_locale":"en_US","og_type":"article","og_title":"The future of Pjanic is decided: it remains in the Bar\u00e7a","og_description":"Miralem Pjanic Will form part of the team of Xavi during this season. In spite of the informations that linked him to a possible exit of the club, the player...","og_url":"https:\/\/www.fcbarcelonanoticias.com\/en\/transfers\/future-pjanic-is-decided-he-stays-in-barcelona_283882_102.html","og_site_name":"EN - FC Barcelona Noticias","article_published_time":"2022-09-01T16:03:00+00:00","article_modified_time":"2026-04-16T07:16:06+00:00","og_image":[{"width":1300,"height":732,"url":"https:\/\/www.fcbarcelonanoticias.com\/en\/wp-content\/uploads\/sites\/2\/2022\/09\/miralem-pjanic-fc-barcelona.jpeg","type":"image\/jpeg"}],"author":"Juan Pablo Berdugo","twitter_card":"summary_large_image","twitter_misc":{"Written by":"Juan Pablo Berdugo","Est. reading time":"2 minutes"},"schema":{"@context":"https:\/\/schema.org","@graph":[{"@type":"Article","@id":"https:\/\/www.fcbarcelonanoticias.com\/en\/transfers\/future-pjanic-is-decided-he-stays-in-barcelona_283882_102.html#article","isPartOf":{"@id":"https:\/\/www.fcbarcelonanoticias.com\/en\/transfers\/future-pjanic-is-decided-he-stays-in-barcelona_283882_102.html"},"author":{"name":"Juan Pablo Berdugo","@id":"https:\/\/www.fcbarcelonanoticias.com\/en\/#\/schema\/person\/88d756918a0a1ae9fa593b5edddd1815"},"headline":"Pjanic&#8217;s future is decided: He stays at Bar\u00e7a","datePublished":"2022-09-01T16:03:00+00:00","dateModified":"2026-04-16T07:16:06+00:00","mainEntityOfPage":{"@id":"https:\/\/www.fcbarcelonanoticias.com\/en\/transfers\/future-pjanic-is-decided-he-stays-in-barcelona_283882_102.html"},"wordCount":507,"image":{"@id":"https:\/\/www.fcbarcelonanoticias.com\/en\/transfers\/future-pjanic-is-decided-he-stays-in-barcelona_283882_102.html#primaryimage"},"thumbnailUrl":"https:\/\/www.fcbarcelonanoticias.com\/en\/wp-content\/uploads\/sites\/2\/2022\/09\/miralem-pjanic-fc-barcelona.jpeg","keywords":["Miralem Pjanic","Xavi Hern\u00e1ndez"],"articleSection":["Transfers","Transfers"],"inLanguage":"en-US"},{"@type":"WebPage","@id":"https:\/\/www.fcbarcelonanoticias.com\/en\/transfers\/future-pjanic-is-decided-he-stays-in-barcelona_283882_102.html","url":"https:\/\/www.fcbarcelonanoticias.com\/en\/transfers\/future-pjanic-is-decided-he-stays-in-barcelona_283882_102.html","name":"The future of Pjanic is decided: it remains in the Bar\u00e7a","isPartOf":{"@id":"https:\/\/www.fcbarcelonanoticias.com\/en\/#website"},"primaryImageOfPage":{"@id":"https:\/\/www.fcbarcelonanoticias.com\/en\/transfers\/future-pjanic-is-decided-he-stays-in-barcelona_283882_102.html#primaryimage"},"image":{"@id":"https:\/\/www.fcbarcelonanoticias.com\/en\/transfers\/future-pjanic-is-decided-he-stays-in-barcelona_283882_102.html#primaryimage"},"thumbnailUrl":"https:\/\/www.fcbarcelonanoticias.com\/en\/wp-content\/uploads\/sites\/2\/2022\/09\/miralem-pjanic-fc-barcelona.jpeg","datePublished":"2022-09-01T16:03:00+00:00","dateModified":"2026-04-16T07:16:06+00:00","author":{"@id":"https:\/\/www.fcbarcelonanoticias.com\/en\/#\/schema\/person\/88d756918a0a1ae9fa593b5edddd1815"},"description":"Miralem Pjanic Will form part of the team of Xavi during this season. In spite of the informations that linked him to a possible exit of the club, the player...","breadcrumb":{"@id":"https:\/\/www.fcbarcelonanoticias.com\/en\/transfers\/future-pjanic-is-decided-he-stays-in-barcelona_283882_102.html#breadcrumb"},"inLanguage":"en-US","potentialAction":[{"@type":"ReadAction","target":["https:\/\/www.fcbarcelonanoticias.com\/en\/transfers\/future-pjanic-is-decided-he-stays-in-barcelona_283882_102.html"]}]},{"@type":"ImageObject","inLanguage":"en-US","@id":"https:\/\/www.fcbarcelonanoticias.com\/en\/transfers\/future-pjanic-is-decided-he-stays-in-barcelona_283882_102.html#primaryimage","url":"https:\/\/www.fcbarcelonanoticias.com\/en\/wp-content\/uploads\/sites\/2\/2022\/09\/miralem-pjanic-fc-barcelona.jpeg","contentUrl":"https:\/\/www.fcbarcelonanoticias.com\/en\/wp-content\/uploads\/sites\/2\/2022\/09\/miralem-pjanic-fc-barcelona.jpeg","width":1300,"height":732},{"@type":"BreadcrumbList","@id":"https:\/\/www.fcbarcelonanoticias.com\/en\/transfers\/future-pjanic-is-decided-he-stays-in-barcelona_283882_102.html#breadcrumb","itemListElement":[{"@type":"ListItem","position":1,"name":"Portada","item":"https:\/\/www.fcbarcelonanoticias.com\/en\/"},{"@type":"ListItem","position":2,"name":"Pjanic&#8217;s future is decided: He stays at Bar\u00e7a"}]},{"@type":"WebSite","@id":"https:\/\/www.fcbarcelonanoticias.com\/en\/#website","url":"https:\/\/www.fcbarcelonanoticias.com\/en\/","name":"EN - FC Barcelona Noticias","description":"","potentialAction":[{"@type":"SearchAction","target":{"@type":"EntryPoint","urlTemplate":"https:\/\/www.fcbarcelonanoticias.com\/en\/?s={search_term_string}"},"query-input":{"@type":"PropertyValueSpecification","valueRequired":true,"valueName":"search_term_string"}}],"inLanguage":"en-US"},{"@type":"Person","@id":"https:\/\/www.fcbarcelonanoticias.com\/en\/#\/schema\/person\/88d756918a0a1ae9fa593b5edddd1815","name":"Juan Pablo Berdugo","image":{"@type":"ImageObject","inLanguage":"en-US","@id":"https:\/\/secure.gravatar.com\/avatar\/?s=96&d=mm&r=g","url":"https:\/\/secure.gravatar.com\/avatar\/?s=96&d=mm&r=g","contentUrl":"https:\/\/secure.gravatar.com\/avatar\/?s=96&d=mm&r=g","caption":"Juan Pablo Berdugo"},"description":"Juan Pablo Berdugo es graduado en Periodismo. Colabora con FCBN como especialista en informaci\u00f3n del primer equipo del FC Barcelona, f\u00fatbol internacional y mercado de fichajes. Destaca por su enfoque anal\u00edtico, su rigor informativo y su capacidad para detectar tendencias emergentes en el f\u00fatbol global.","url":"https:\/\/www.fcbarcelonanoticias.com\/en\/fc-barcelona\/juan-pablo-berdugo_18_115.html"}]}},"_links":{"self":[{"href":"https:\/\/www.fcbarcelonanoticias.com\/en\/wp-json\/wp\/v2\/posts\/129120","targetHints":{"allow":["GET"]}}],"collection":[{"href":"https:\/\/www.fcbarcelonanoticias.com\/en\/wp-json\/wp\/v2\/posts"}],"about":[{"href":"https:\/\/www.fcbarcelonanoticias.com\/en\/wp-json\/wp\/v2\/types\/post"}],"author":[{"embeddable":true,"href":"https:\/\/www.fcbarcelonanoticias.com\/en\/wp-json\/wp\/v2\/users\/358"}],"replies":[{"embeddable":true,"href":"https:\/\/www.fcbarcelonanoticias.com\/en\/wp-json\/wp\/v2\/comments?post=129120"}],"version-history":[{"count":2,"href":"https:\/\/www.fcbarcelonanoticias.com\/en\/wp-json\/wp\/v2\/posts\/129120\/revisions"}],"predecessor-version":[{"id":170570,"href":"https:\/\/www.fcbarcelonanoticias.com\/en\/wp-json\/wp\/v2\/posts\/129120\/revisions\/170570"}],"wp:featuredmedia":[{"embeddable":true,"href":"https:\/\/www.fcbarcelonanoticias.com\/en\/wp-json\/wp\/v2\/media\/129128"}],"wp:attachment":[{"href":"https:\/\/www.fcbarcelonanoticias.com\/en\/wp-json\/wp\/v2\/media?parent=129120"}],"wp:term":[{"taxonomy":"category","embeddable":true,"href":"https:\/\/www.fcbarcelonanoticias.com\/en\/wp-json\/wp\/v2\/categories?post=129120"},{"taxonomy":"post_tag","embeddable":true,"href":"https:\/\/www.fcbarcelonanoticias.com\/en\/wp-json\/wp\/v2\/tags?post=129120"}],"curies":[{"name":"wp","href":"https:\/\/api.w.org\/{rel}","templated":true}]}}