{"id":129215,"date":"2025-11-14T01:12:00","date_gmt":"2025-11-14T00:12:00","guid":{"rendered":"https:\/\/weisetech.dev\/fc-barcelona-noticias\/en\/kees-smit-the-new-pedri-in-fc-barcelona-sights_315263_102\/"},"modified":"2026-03-27T11:36:05","modified_gmt":"2026-03-27T10:36:05","slug":"kees-smit-the-new-pedri-in-fc-barcelona-sights_315263_102","status":"publish","type":"post","link":"https:\/\/www.fcbarcelonanoticias.com\/en\/transfers\/kees-smit-the-new-pedri-in-fc-barcelona-sights_315263_102.html","title":{"rendered":"Kees Smit: the &#8216;new Pedri&#8217; in FC Barcelona&#8217;s sights"},"content":{"rendered":"<h2 class=\"wp-block-heading\">Kees Smit is one of Dutch football&#8217;s most promising midfielders. The 19-year-old player has already won the European Championship in his category with the Netherlands, and Ronald Koeman has compared him to Pedri<\/h2>  \r\n<div class=\"article-addons\">\r\n    <a href=\"https:\/\/www.fcbarcelonanoticias.com\/en\/calendar-fc-barcelona.html\"\r\n       target=\"_self\"\r\n       title=\"Calendar of FC Barcelona\"\r\n       class=\"blue-gredient-btn\">\r\n       \r\n        Calendar of FC Barcelona    <\/a>\r\n<\/div>   <p><strong>FC Barcelona<\/strong> has not lost sight of the promising Dutch midfielder<strong> Kees Smit<\/strong>. The 19-year-old player came onto the Blaugrana radar after winning the U-19 European Championship with the Netherlands, a tournament in which he was MVP and top scorer with 4 goals. Now, he has established himself as a starter at AZ Alkmaar and continues to receive praise in his country.<\/p>  <p>One of the latest to surrender to Smit&#8217;s talent was none other than <a data-external=\"0\" data-intl-links-en=\"https:\/\/www.fcbarcelonanoticias.com\/en\/tags\/ronald-koeman\" data-intl-links-es=\"https:\/\/www.fcbarcelonanoticias.com\/tags\/ronald-koeman\" href=\"https:\/\/www.fcbarcelonanoticias.com\/en\/tags\/ronald-koeman.html\" rel=\"follow\" target=\"_self\" title=\"Ronald Koeman\">Ronald Koeman<\/a>. The &#8216;Orange&#8217; coach compared him to <strong>Pedri Gonz\u00e1lez<\/strong>, whom he debuted at Bar\u00e7a in 20\/21 at the age of 18.&nbsp;<\/p>  <p>&#8220;I see Pedri&#8217;s traits in Kees&#8230;&nbsp;<strong>the turns, the use of both feet, the vision of play&#8230; that&#8217;s what I saw in Pedri back then<\/strong>.&nbsp;<strong>What he&#8217;s showing at such a young age is impressive<\/strong>,&#8221; Koeman argued.&nbsp;<\/p>  <h2>Kees Smit &#8216;opens up&#8217; about Bar\u00e7a&#8217;s possible interest<\/h2>  <p>Although the 18-year-old player made it clear last summer that he is not dazzled by rumors about <a data-external=\"0\" data-intl-links-en=\"https:\/\/www.fcbarcelonanoticias.com\/en\/transfers\/barca-or-madrid-bidding-for-dutch-pearl-kees-smit_313540_102.html\" data-intl-links-es=\"https:\/\/www.fcbarcelonanoticias.com\/fichajes\/barca-madrid-batalla-por-kees-smit-estrella-az-alkmaar_313540_102.html\" href=\"https:\/\/www.fcbarcelonanoticias.com\/en\/transfers\/barca-or-madrid-bidding-for-dutch-pearl-kees-smit_313540_102.html\" rel=\"follow\" target=\"_self\" title=\"\u00bfBar\u00e7a o Madrid? La batalla por Kees Smit, la estrella del AZ Alkmaar\">the possible interest from Bar\u00e7a and\/or Real Madrid<\/a>, he also has a clear preference for the Catalan team. Pedri and Frenkie de Jong, his main role models in midfield, have a lot to do with this.<\/p>  <p>&#8220;I watch almost all of Barcelona&#8217;s matches. It&#8217;s simply my favorite club,&#8221; Smit said in an interview with &#8216;ESPN&#8217;. He also expressed his flattery at the comparison made by Ronald Koeman.<\/p>  <p>&#8220;<strong>I wasn&#8217;t expecting it, but I think it&#8217;s a good comparison.<\/strong> I understand that people might have found it a rather strange simile. <strong>Before it was De Bruyne and now I&#8217;m Pedri. Or Frenkie de Jong<\/strong>,&#8221; Kees said jokingly.<\/p>  <p>This season, the Heiloo native **has scored 2 goals and provided 4 assists in 19 games (1,518 minutes)** for AZ. The midfielder has already scored his first goal in the Conference League and is a key player in coach Maarten Martens&#8217; system, who has managed to keep the team among the top three places in the Eredivisie<\/p>  <h2>AZ Alkmaar awaits offers for Kees Smit in 2026<\/h2>  <div class=\"media media-image\" data-ck-asset-wrapper=\"\"> <div class=\"media-item\"> <img loading=\"lazy\" decoding=\"async\" alt=\"Kees Smit, MVP and Top Scorer of the U-19 Euro 2025\" data-id=\"1505939\" data-resize=\"9\" height=\"563\" src=\"https:\/\/www.fcbarcelonanoticias.com\/wp-content\/uploads\/sites\/2\/2025\/07\/fcbn-aee3b97ed436d41ccd67e4ce5b9ab676.webp\" title=\"Kees Smit, MVP and Top Scorer of the U-19 Euro 2025\" width=\"1000\"><div class=\"media-title\">Kees Smit, MVP and Top Scorer of the U-19 Euro 2025<\/div> <\/div> <\/div>  <p>Although he has a contract until 2028, his club understands that it will be difficult to keep the 18-year-old player much longer if he continues to shine in the Dutch league. **Kees Smit&#8217;s release clause would be around 25 million euros**, 15 &#8216;kilos&#8217; above his current value on &#8216;Transfermarkt&#8217;.<\/p>  <p>Bar\u00e7a, while valuing the Dutch international&#8217;s talent, currently does not plan to sign more offensive midfielders. The club&#8217;s confidence in Pedri and Gavi is total, beyond the Andalusian&#8217;s physical problems. The commitment to Frenkie, who recently renewed until 2029, as well as to Marc Bernal and Marc Casad\u00f3, has also been ratified.<\/p>  <ul> <li><strong>\ud83d\udc49Don&#8217;t miss the latest FC Barcelona and LaLiga market rumors in our &nbsp;<a data-external=\"0\" data-intl-links-en=\"https:\/\/www.fcbarcelonanoticias.com\/en\/transfers\" data-intl-links-es=\"https:\/\/www.fcbarcelonanoticias.com\/fichajes\" href=\"https:\/\/www.fcbarcelonanoticias.com\/en\/fc-barcelona\/transfers.html\" rel=\"follow\" target=\"_self\" title=\"Fichajes\">TRANSFERS<\/a> section.<\/strong><\/li> <\/ul> ","protected":false},"excerpt":{"rendered":"<p>Kees Smit is one of Dutch football&#8217;s most promising midfielders. The 19-year-old player has already won the European Championship in his category with the Netherlands, and Ronald Koeman has compared him to Pedri FC Barcelona has not lost sight of the promising Dutch midfielder Kees Smit. The 19-year-old player came onto the Blaugrana radar after [&hellip;]<\/p>\n","protected":false},"author":347,"featured_media":129218,"comment_status":"closed","ping_status":"open","sticky":false,"template":"","format":"standard","meta":{"_acf_changed":false,"inline_featured_image":false,"_nextfly_llmd_date_locked":false,"footnotes":""},"categories":[449,106],"tags":[209,261],"class_list":["post-129215","post","type-post","status-publish","format-standard","has-post-thumbnail","hentry","category-transfers-2","category-transfers","tag-ronald-koeman","tag-football-transfer-rumors"],"acf":[],"yoast_head":"<!-- This site is optimized with the Yoast SEO plugin v27.3 - https:\/\/yoast.com\/product\/yoast-seo-wordpress\/ -->\n<title>Kees Smit: the &#039;new Pedri&#039; in FC Barcelona&#039;s sights<\/title>\n<meta name=\"description\" content=\"Kees Smit is one of Dutch football&#039;s most promising midfielders. Ronald Koeman has compared him to Pedri, and the player declared himself a Bar\u00e7a fan\" \/>\n<meta name=\"robots\" content=\"index, follow, max-snippet:-1, max-image-preview:large, max-video-preview:-1\" \/>\n<link rel=\"canonical\" href=\"https:\/\/www.fcbarcelonanoticias.com\/en\/transfers\/kees-smit-the-new-pedri-in-fc-barcelona-sights_315263_102.html\" \/>\n<meta property=\"og:locale\" content=\"en_US\" \/>\n<meta property=\"og:type\" content=\"article\" \/>\n<meta property=\"og:title\" content=\"Kees Smit: the &#039;new Pedri&#039; in FC Barcelona&#039;s sights\" \/>\n<meta property=\"og:description\" content=\"Kees Smit is one of Dutch football&#039;s most promising midfielders. Ronald Koeman has compared him to Pedri, and the player declared himself a Bar\u00e7a fan\" \/>\n<meta property=\"og:url\" content=\"https:\/\/www.fcbarcelonanoticias.com\/en\/transfers\/kees-smit-the-new-pedri-in-fc-barcelona-sights_315263_102.html\" \/>\n<meta property=\"og:site_name\" content=\"EN - FC Barcelona Noticias\" \/>\n<meta property=\"article:published_time\" content=\"2025-11-14T00:12:00+00:00\" \/>\n<meta property=\"article:modified_time\" content=\"2026-03-27T10:36:05+00:00\" \/>\n<meta property=\"og:image\" content=\"https:\/\/www.fcbarcelonanoticias.com\/en\/wp-content\/uploads\/sites\/2\/2025\/11\/kees-smit-az-alkmaar-europa-league.webp\" \/>\n\t<meta property=\"og:image:width\" content=\"1200\" \/>\n\t<meta property=\"og:image:height\" content=\"675\" \/>\n\t<meta property=\"og:image:type\" content=\"image\/webp\" \/>\n<meta name=\"author\" content=\"Andr\u00e9s Quiroz\" \/>\n<meta name=\"twitter:card\" content=\"summary_large_image\" \/>\n<meta name=\"twitter:label1\" content=\"Written by\" \/>\n\t<meta name=\"twitter:data1\" content=\"Andr\u00e9s Quiroz\" \/>\n\t<meta name=\"twitter:label2\" content=\"Est. reading time\" \/>\n\t<meta name=\"twitter:data2\" content=\"2 minutes\" \/>\n<script type=\"application\/ld+json\" class=\"yoast-schema-graph\">{\"@context\":\"https:\\\/\\\/schema.org\",\"@graph\":[{\"@type\":\"Article\",\"@id\":\"https:\\\/\\\/www.fcbarcelonanoticias.com\\\/en\\\/transfers\\\/kees-smit-the-new-pedri-in-fc-barcelona-sights_315263_102.html#article\",\"isPartOf\":{\"@id\":\"https:\\\/\\\/www.fcbarcelonanoticias.com\\\/en\\\/transfers\\\/kees-smit-the-new-pedri-in-fc-barcelona-sights_315263_102.html\"},\"author\":{\"name\":\"Andr\u00e9s Quiroz\",\"@id\":\"https:\\\/\\\/www.fcbarcelonanoticias.com\\\/en\\\/#\\\/schema\\\/person\\\/c2cd9f6fa1af5c0d0eccd0fefa575c88\"},\"headline\":\"Kees Smit: the &#8216;new Pedri&#8217; in FC Barcelona&#8217;s sights\",\"datePublished\":\"2025-11-14T00:12:00+00:00\",\"dateModified\":\"2026-03-27T10:36:05+00:00\",\"mainEntityOfPage\":{\"@id\":\"https:\\\/\\\/www.fcbarcelonanoticias.com\\\/en\\\/transfers\\\/kees-smit-the-new-pedri-in-fc-barcelona-sights_315263_102.html\"},\"wordCount\":514,\"image\":{\"@id\":\"https:\\\/\\\/www.fcbarcelonanoticias.com\\\/en\\\/transfers\\\/kees-smit-the-new-pedri-in-fc-barcelona-sights_315263_102.html#primaryimage\"},\"thumbnailUrl\":\"https:\\\/\\\/www.fcbarcelonanoticias.com\\\/en\\\/wp-content\\\/uploads\\\/sites\\\/2\\\/2025\\\/11\\\/kees-smit-az-alkmaar-europa-league.webp\",\"keywords\":[\"Ronald Koeman\",\"Transfer Rumors\"],\"articleSection\":[\"Transfers\",\"Transfers\"],\"inLanguage\":\"en-US\"},{\"@type\":\"WebPage\",\"@id\":\"https:\\\/\\\/www.fcbarcelonanoticias.com\\\/en\\\/transfers\\\/kees-smit-the-new-pedri-in-fc-barcelona-sights_315263_102.html\",\"url\":\"https:\\\/\\\/www.fcbarcelonanoticias.com\\\/en\\\/transfers\\\/kees-smit-the-new-pedri-in-fc-barcelona-sights_315263_102.html\",\"name\":\"Kees Smit: the 'new Pedri' in FC Barcelona's sights\",\"isPartOf\":{\"@id\":\"https:\\\/\\\/www.fcbarcelonanoticias.com\\\/en\\\/#website\"},\"primaryImageOfPage\":{\"@id\":\"https:\\\/\\\/www.fcbarcelonanoticias.com\\\/en\\\/transfers\\\/kees-smit-the-new-pedri-in-fc-barcelona-sights_315263_102.html#primaryimage\"},\"image\":{\"@id\":\"https:\\\/\\\/www.fcbarcelonanoticias.com\\\/en\\\/transfers\\\/kees-smit-the-new-pedri-in-fc-barcelona-sights_315263_102.html#primaryimage\"},\"thumbnailUrl\":\"https:\\\/\\\/www.fcbarcelonanoticias.com\\\/en\\\/wp-content\\\/uploads\\\/sites\\\/2\\\/2025\\\/11\\\/kees-smit-az-alkmaar-europa-league.webp\",\"datePublished\":\"2025-11-14T00:12:00+00:00\",\"dateModified\":\"2026-03-27T10:36:05+00:00\",\"author\":{\"@id\":\"https:\\\/\\\/www.fcbarcelonanoticias.com\\\/en\\\/#\\\/schema\\\/person\\\/c2cd9f6fa1af5c0d0eccd0fefa575c88\"},\"description\":\"Kees Smit is one of Dutch football's most promising midfielders. Ronald Koeman has compared him to Pedri, and the player declared himself a Bar\u00e7a fan\",\"breadcrumb\":{\"@id\":\"https:\\\/\\\/www.fcbarcelonanoticias.com\\\/en\\\/transfers\\\/kees-smit-the-new-pedri-in-fc-barcelona-sights_315263_102.html#breadcrumb\"},\"inLanguage\":\"en-US\",\"potentialAction\":[{\"@type\":\"ReadAction\",\"target\":[\"https:\\\/\\\/www.fcbarcelonanoticias.com\\\/en\\\/transfers\\\/kees-smit-the-new-pedri-in-fc-barcelona-sights_315263_102.html\"]}]},{\"@type\":\"ImageObject\",\"inLanguage\":\"en-US\",\"@id\":\"https:\\\/\\\/www.fcbarcelonanoticias.com\\\/en\\\/transfers\\\/kees-smit-the-new-pedri-in-fc-barcelona-sights_315263_102.html#primaryimage\",\"url\":\"https:\\\/\\\/www.fcbarcelonanoticias.com\\\/en\\\/wp-content\\\/uploads\\\/sites\\\/2\\\/2025\\\/11\\\/kees-smit-az-alkmaar-europa-league.webp\",\"contentUrl\":\"https:\\\/\\\/www.fcbarcelonanoticias.com\\\/en\\\/wp-content\\\/uploads\\\/sites\\\/2\\\/2025\\\/11\\\/kees-smit-az-alkmaar-europa-league.webp\",\"width\":1200,\"height\":675},{\"@type\":\"BreadcrumbList\",\"@id\":\"https:\\\/\\\/www.fcbarcelonanoticias.com\\\/en\\\/transfers\\\/kees-smit-the-new-pedri-in-fc-barcelona-sights_315263_102.html#breadcrumb\",\"itemListElement\":[{\"@type\":\"ListItem\",\"position\":1,\"name\":\"Portada\",\"item\":\"https:\\\/\\\/www.fcbarcelonanoticias.com\\\/en\\\/\"},{\"@type\":\"ListItem\",\"position\":2,\"name\":\"Kees Smit: the &#8216;new Pedri&#8217; in FC Barcelona&#8217;s sights\"}]},{\"@type\":\"WebSite\",\"@id\":\"https:\\\/\\\/www.fcbarcelonanoticias.com\\\/en\\\/#website\",\"url\":\"https:\\\/\\\/www.fcbarcelonanoticias.com\\\/en\\\/\",\"name\":\"EN - FC Barcelona Noticias\",\"description\":\"\",\"potentialAction\":[{\"@type\":\"SearchAction\",\"target\":{\"@type\":\"EntryPoint\",\"urlTemplate\":\"https:\\\/\\\/www.fcbarcelonanoticias.com\\\/en\\\/?s={search_term_string}\"},\"query-input\":{\"@type\":\"PropertyValueSpecification\",\"valueRequired\":true,\"valueName\":\"search_term_string\"}}],\"inLanguage\":\"en-US\"},{\"@type\":\"Person\",\"@id\":\"https:\\\/\\\/www.fcbarcelonanoticias.com\\\/en\\\/#\\\/schema\\\/person\\\/c2cd9f6fa1af5c0d0eccd0fefa575c88\",\"name\":\"Andr\u00e9s Quiroz\",\"image\":{\"@type\":\"ImageObject\",\"inLanguage\":\"en-US\",\"@id\":\"https:\\\/\\\/secure.gravatar.com\\\/avatar\\\/?s=96&d=mm&r=g\",\"url\":\"https:\\\/\\\/secure.gravatar.com\\\/avatar\\\/?s=96&d=mm&r=g\",\"contentUrl\":\"https:\\\/\\\/secure.gravatar.com\\\/avatar\\\/?s=96&d=mm&r=g\",\"caption\":\"Andr\u00e9s Quiroz\"},\"description\":\"Licenciado en Periodismo por la Universidad de los Andes. Me encargo de analizar y compartir los contenidos m\u00e1s destacados de la\u00a0actualidad del F\u00fatbol Club Barcelona, Mercado de Fichajes y F\u00fatbol Internacional en FCBN. La informaci\u00f3n es poder, pero tambi\u00e9n conocimiento.\",\"url\":\"https:\\\/\\\/www.fcbarcelonanoticias.com\\\/en\\\/fc-barcelona\\\/andres-quiroz_17_115.html\"}]}<\/script>\n<!-- \/ Yoast SEO plugin. -->","yoast_head_json":{"title":"Kees Smit: the 'new Pedri' in FC Barcelona's sights","description":"Kees Smit is one of Dutch football's most promising midfielders. Ronald Koeman has compared him to Pedri, and the player declared himself a Bar\u00e7a fan","robots":{"index":"index","follow":"follow","max-snippet":"max-snippet:-1","max-image-preview":"max-image-preview:large","max-video-preview":"max-video-preview:-1"},"canonical":"https:\/\/www.fcbarcelonanoticias.com\/en\/transfers\/kees-smit-the-new-pedri-in-fc-barcelona-sights_315263_102.html","og_locale":"en_US","og_type":"article","og_title":"Kees Smit: the 'new Pedri' in FC Barcelona's sights","og_description":"Kees Smit is one of Dutch football's most promising midfielders. Ronald Koeman has compared him to Pedri, and the player declared himself a Bar\u00e7a fan","og_url":"https:\/\/www.fcbarcelonanoticias.com\/en\/transfers\/kees-smit-the-new-pedri-in-fc-barcelona-sights_315263_102.html","og_site_name":"EN - FC Barcelona Noticias","article_published_time":"2025-11-14T00:12:00+00:00","article_modified_time":"2026-03-27T10:36:05+00:00","og_image":[{"width":1200,"height":675,"url":"https:\/\/www.fcbarcelonanoticias.com\/en\/wp-content\/uploads\/sites\/2\/2025\/11\/kees-smit-az-alkmaar-europa-league.webp","type":"image\/webp"}],"author":"Andr\u00e9s Quiroz","twitter_card":"summary_large_image","twitter_misc":{"Written by":"Andr\u00e9s Quiroz","Est. reading time":"2 minutes"},"schema":{"@context":"https:\/\/schema.org","@graph":[{"@type":"Article","@id":"https:\/\/www.fcbarcelonanoticias.com\/en\/transfers\/kees-smit-the-new-pedri-in-fc-barcelona-sights_315263_102.html#article","isPartOf":{"@id":"https:\/\/www.fcbarcelonanoticias.com\/en\/transfers\/kees-smit-the-new-pedri-in-fc-barcelona-sights_315263_102.html"},"author":{"name":"Andr\u00e9s Quiroz","@id":"https:\/\/www.fcbarcelonanoticias.com\/en\/#\/schema\/person\/c2cd9f6fa1af5c0d0eccd0fefa575c88"},"headline":"Kees Smit: the &#8216;new Pedri&#8217; in FC Barcelona&#8217;s sights","datePublished":"2025-11-14T00:12:00+00:00","dateModified":"2026-03-27T10:36:05+00:00","mainEntityOfPage":{"@id":"https:\/\/www.fcbarcelonanoticias.com\/en\/transfers\/kees-smit-the-new-pedri-in-fc-barcelona-sights_315263_102.html"},"wordCount":514,"image":{"@id":"https:\/\/www.fcbarcelonanoticias.com\/en\/transfers\/kees-smit-the-new-pedri-in-fc-barcelona-sights_315263_102.html#primaryimage"},"thumbnailUrl":"https:\/\/www.fcbarcelonanoticias.com\/en\/wp-content\/uploads\/sites\/2\/2025\/11\/kees-smit-az-alkmaar-europa-league.webp","keywords":["Ronald Koeman","Transfer Rumors"],"articleSection":["Transfers","Transfers"],"inLanguage":"en-US"},{"@type":"WebPage","@id":"https:\/\/www.fcbarcelonanoticias.com\/en\/transfers\/kees-smit-the-new-pedri-in-fc-barcelona-sights_315263_102.html","url":"https:\/\/www.fcbarcelonanoticias.com\/en\/transfers\/kees-smit-the-new-pedri-in-fc-barcelona-sights_315263_102.html","name":"Kees Smit: the 'new Pedri' in FC Barcelona's sights","isPartOf":{"@id":"https:\/\/www.fcbarcelonanoticias.com\/en\/#website"},"primaryImageOfPage":{"@id":"https:\/\/www.fcbarcelonanoticias.com\/en\/transfers\/kees-smit-the-new-pedri-in-fc-barcelona-sights_315263_102.html#primaryimage"},"image":{"@id":"https:\/\/www.fcbarcelonanoticias.com\/en\/transfers\/kees-smit-the-new-pedri-in-fc-barcelona-sights_315263_102.html#primaryimage"},"thumbnailUrl":"https:\/\/www.fcbarcelonanoticias.com\/en\/wp-content\/uploads\/sites\/2\/2025\/11\/kees-smit-az-alkmaar-europa-league.webp","datePublished":"2025-11-14T00:12:00+00:00","dateModified":"2026-03-27T10:36:05+00:00","author":{"@id":"https:\/\/www.fcbarcelonanoticias.com\/en\/#\/schema\/person\/c2cd9f6fa1af5c0d0eccd0fefa575c88"},"description":"Kees Smit is one of Dutch football's most promising midfielders. Ronald Koeman has compared him to Pedri, and the player declared himself a Bar\u00e7a fan","breadcrumb":{"@id":"https:\/\/www.fcbarcelonanoticias.com\/en\/transfers\/kees-smit-the-new-pedri-in-fc-barcelona-sights_315263_102.html#breadcrumb"},"inLanguage":"en-US","potentialAction":[{"@type":"ReadAction","target":["https:\/\/www.fcbarcelonanoticias.com\/en\/transfers\/kees-smit-the-new-pedri-in-fc-barcelona-sights_315263_102.html"]}]},{"@type":"ImageObject","inLanguage":"en-US","@id":"https:\/\/www.fcbarcelonanoticias.com\/en\/transfers\/kees-smit-the-new-pedri-in-fc-barcelona-sights_315263_102.html#primaryimage","url":"https:\/\/www.fcbarcelonanoticias.com\/en\/wp-content\/uploads\/sites\/2\/2025\/11\/kees-smit-az-alkmaar-europa-league.webp","contentUrl":"https:\/\/www.fcbarcelonanoticias.com\/en\/wp-content\/uploads\/sites\/2\/2025\/11\/kees-smit-az-alkmaar-europa-league.webp","width":1200,"height":675},{"@type":"BreadcrumbList","@id":"https:\/\/www.fcbarcelonanoticias.com\/en\/transfers\/kees-smit-the-new-pedri-in-fc-barcelona-sights_315263_102.html#breadcrumb","itemListElement":[{"@type":"ListItem","position":1,"name":"Portada","item":"https:\/\/www.fcbarcelonanoticias.com\/en\/"},{"@type":"ListItem","position":2,"name":"Kees Smit: the &#8216;new Pedri&#8217; in FC Barcelona&#8217;s sights"}]},{"@type":"WebSite","@id":"https:\/\/www.fcbarcelonanoticias.com\/en\/#website","url":"https:\/\/www.fcbarcelonanoticias.com\/en\/","name":"EN - FC Barcelona Noticias","description":"","potentialAction":[{"@type":"SearchAction","target":{"@type":"EntryPoint","urlTemplate":"https:\/\/www.fcbarcelonanoticias.com\/en\/?s={search_term_string}"},"query-input":{"@type":"PropertyValueSpecification","valueRequired":true,"valueName":"search_term_string"}}],"inLanguage":"en-US"},{"@type":"Person","@id":"https:\/\/www.fcbarcelonanoticias.com\/en\/#\/schema\/person\/c2cd9f6fa1af5c0d0eccd0fefa575c88","name":"Andr\u00e9s Quiroz","image":{"@type":"ImageObject","inLanguage":"en-US","@id":"https:\/\/secure.gravatar.com\/avatar\/?s=96&d=mm&r=g","url":"https:\/\/secure.gravatar.com\/avatar\/?s=96&d=mm&r=g","contentUrl":"https:\/\/secure.gravatar.com\/avatar\/?s=96&d=mm&r=g","caption":"Andr\u00e9s Quiroz"},"description":"Licenciado en Periodismo por la Universidad de los Andes. Me encargo de analizar y compartir los contenidos m\u00e1s destacados de la\u00a0actualidad del F\u00fatbol Club Barcelona, Mercado de Fichajes y F\u00fatbol Internacional en FCBN. La informaci\u00f3n es poder, pero tambi\u00e9n conocimiento.","url":"https:\/\/www.fcbarcelonanoticias.com\/en\/fc-barcelona\/andres-quiroz_17_115.html"}]}},"_links":{"self":[{"href":"https:\/\/www.fcbarcelonanoticias.com\/en\/wp-json\/wp\/v2\/posts\/129215","targetHints":{"allow":["GET"]}}],"collection":[{"href":"https:\/\/www.fcbarcelonanoticias.com\/en\/wp-json\/wp\/v2\/posts"}],"about":[{"href":"https:\/\/www.fcbarcelonanoticias.com\/en\/wp-json\/wp\/v2\/types\/post"}],"author":[{"embeddable":true,"href":"https:\/\/www.fcbarcelonanoticias.com\/en\/wp-json\/wp\/v2\/users\/347"}],"replies":[{"embeddable":true,"href":"https:\/\/www.fcbarcelonanoticias.com\/en\/wp-json\/wp\/v2\/comments?post=129215"}],"version-history":[{"count":2,"href":"https:\/\/www.fcbarcelonanoticias.com\/en\/wp-json\/wp\/v2\/posts\/129215\/revisions"}],"predecessor-version":[{"id":160019,"href":"https:\/\/www.fcbarcelonanoticias.com\/en\/wp-json\/wp\/v2\/posts\/129215\/revisions\/160019"}],"wp:featuredmedia":[{"embeddable":true,"href":"https:\/\/www.fcbarcelonanoticias.com\/en\/wp-json\/wp\/v2\/media\/129218"}],"wp:attachment":[{"href":"https:\/\/www.fcbarcelonanoticias.com\/en\/wp-json\/wp\/v2\/media?parent=129215"}],"wp:term":[{"taxonomy":"category","embeddable":true,"href":"https:\/\/www.fcbarcelonanoticias.com\/en\/wp-json\/wp\/v2\/categories?post=129215"},{"taxonomy":"post_tag","embeddable":true,"href":"https:\/\/www.fcbarcelonanoticias.com\/en\/wp-json\/wp\/v2\/tags?post=129215"}],"curies":[{"name":"wp","href":"https:\/\/api.w.org\/{rel}","templated":true}]}}