{"id":129259,"date":"2024-12-27T01:15:00","date_gmt":"2024-12-27T00:15:00","guid":{"rendered":"https:\/\/weisetech.dev\/fc-barcelona-noticias\/en\/getafe-closer-to-signing-discard-from-fc-barcelona_309634_102\/"},"modified":"2024-12-27T01:15:00","modified_gmt":"2024-12-27T00:15:00","slug":"getafe-closer-to-signing-discard-from-fc-barcelona_309634_102","status":"publish","type":"post","link":"https:\/\/www.fcbarcelonanoticias.com\/en\/transfers\/getafe-closer-to-signing-discard-from-fc-barcelona_309634_102.html","title":{"rendered":"Getafe Closer to Signing a &#8216;Discard&#8217; from FC Barcelona"},"content":{"rendered":"<h2 class=\"wp-block-heading\">Getafe could soon make an offer to FC Barcelona for Pablo Torre. The Cantabrian has played very little in the 24\/25 season and is shaping up to be a fixed discard for Hansi Flick<\/h2>  \r\n<div class=\"article-addons\">\r\n    <a href=\"https:\/\/www.fcbarcelonanoticias.com\/en\/calendar-fc-barcelona.html\"\r\n       target=\"_self\"\r\n       title=\"Calendar of FC Barcelona\"\r\n       class=\"blue-gredient-btn\">\r\n       \r\n        Calendar of FC Barcelona    <\/a>\r\n<\/div>   <p>Pablo Torre could have his days numbered as a player for FC Barcelona in his second stint with the blue and claret team. <strong>The Cantabrian has barely accumulated 267 minutes of action spread over 9 matches (4 as a starter)<\/strong> under Hansi Flick and has remained on the bench in the last 5 matches, despite not having any physical issues. According to &#8216;Estadio Deportivo&#8217;, the midfielder is very close to leaving for another LaLiga club in January.<\/p>  <p>It is Getafe, the latest club to show real interest in the Racing de Santander academy player. The &#8216;blue ones&#8217; are expected to make an offer soon for the 21-year-old player, although <strong>the information does not specify whether it would be a simple loan or a transfer<\/strong>. For Barcelona, the latter option would be a great help, as the club still has not resolved its &#8216;Fair Play&#8217; issues, meaning they will not be adding reinforcements in the winter.<\/p>  <h3>Pablo Torre Will Not Rush His Departure from Barcelona<\/h3>  <p>Beyond the limited role he has had so far, <strong>the player from Soto de la Marina does not prioritize leaving Barcelona in January. At least not in the first weeks of the winter market<\/strong>, as the &#8217;14&#8217; understands that the Copa del Rey and the Supercopa de Espa\u00f1a, along with the two remaining matchdays of the UEFA Champions League, will provide him with enough opportunities to make a final effort to earn a spot in the second half of the 2024\/25 season.<\/p>  <p>If he surpasses the round of 32 in the Copa (against Barbastro) and the semifinals of the Supercopa (against Athletic), Barcelona will face a total of 8 matches in just 25 days in the first month of 2025. Hence, Pablo Torre prefers to take a couple of weeks to decide his future. <a data-external=\"0\" data-intl-links-en=\"https:\/\/www.fcbarcelonanoticias.com\/en\/football-soccer\/transfers\" data-intl-links-es=\"https:\/\/www.fcbarcelonanoticias.com\/futbol\/fichajes\" href=\"https:\/\/www.fcbarcelonanoticias.com\/en\/football-soccer\/transfers.html\" rel=\"follow\" target=\"_self\" title=\"Transfers\">If he does not get quality minutes during that period, it is very likely that he will end up accepting a new adventure at another Spanish club<\/a>. In addition to Getafe, Girona, where he was already on loan last season, has also shown interest in signing him in the transfer window that opens next week.<\/p> ","protected":false},"excerpt":{"rendered":"<p>Getafe could soon make an offer to FC Barcelona for Pablo Torre. The Cantabrian has played very little in the 24\/25 season and is shaping up to be a fixed discard for Hansi Flick Pablo Torre could have his days numbered as a player for FC Barcelona in his second stint with the blue and [&hellip;]<\/p>\n","protected":false},"author":347,"featured_media":129261,"comment_status":"closed","ping_status":"open","sticky":false,"template":"","format":"standard","meta":{"_acf_changed":false,"inline_featured_image":false,"_nextfly_llmd_date_locked":false,"footnotes":""},"categories":[106,449],"tags":[96],"class_list":["post-129259","post","type-post","status-publish","format-standard","has-post-thumbnail","hentry","category-transfers","category-transfers-2","tag-getafe-cf"],"acf":[],"yoast_head":"<!-- This site is optimized with the Yoast SEO plugin v27.3 - https:\/\/yoast.com\/product\/yoast-seo-wordpress\/ -->\n<title>Getafe Closer to Signing a &#039;Discard&#039; from FC Barcelona<\/title>\n<meta name=\"description\" content=\"Getafe could soon make an offer to FC Barcelona for Pablo Torre. The Cantabrian has played very little in the 24\/25 season and is shaping up to be a fixed discard for Hansi Flick\" \/>\n<meta name=\"robots\" content=\"index, follow, max-snippet:-1, max-image-preview:large, max-video-preview:-1\" \/>\n<link rel=\"canonical\" href=\"https:\/\/www.fcbarcelonanoticias.com\/en\/transfers\/getafe-closer-to-signing-discard-from-fc-barcelona_309634_102.html\" \/>\n<meta property=\"og:locale\" content=\"en_US\" \/>\n<meta property=\"og:type\" content=\"article\" \/>\n<meta property=\"og:title\" content=\"Getafe Closer to Signing a &#039;Discard&#039; from FC Barcelona\" \/>\n<meta property=\"og:description\" content=\"Getafe could soon make an offer to FC Barcelona for Pablo Torre. The Cantabrian has played very little in the 24\/25 season and is shaping up to be a fixed discard for Hansi Flick\" \/>\n<meta property=\"og:url\" content=\"https:\/\/www.fcbarcelonanoticias.com\/en\/transfers\/getafe-closer-to-signing-discard-from-fc-barcelona_309634_102.html\" \/>\n<meta property=\"og:site_name\" content=\"EN - FC Barcelona Noticias\" \/>\n<meta property=\"article:published_time\" content=\"2024-12-27T00:15:00+00:00\" \/>\n<meta property=\"og:image\" content=\"https:\/\/www.fcbarcelonanoticias.com\/en\/wp-content\/uploads\/sites\/2\/2024\/12\/jugadores-fc-barcelona-v-brest-scaled.jpeg\" \/>\n\t<meta property=\"og:image:width\" content=\"2560\" \/>\n\t<meta property=\"og:image:height\" content=\"1707\" \/>\n\t<meta property=\"og:image:type\" content=\"image\/jpeg\" \/>\n<meta name=\"author\" content=\"Andr\u00e9s Quiroz\" \/>\n<meta name=\"twitter:card\" content=\"summary_large_image\" \/>\n<meta name=\"twitter:label1\" content=\"Written by\" \/>\n\t<meta name=\"twitter:data1\" content=\"Andr\u00e9s Quiroz\" \/>\n\t<meta name=\"twitter:label2\" content=\"Est. reading time\" \/>\n\t<meta name=\"twitter:data2\" content=\"2 minutes\" \/>\n<script type=\"application\/ld+json\" class=\"yoast-schema-graph\">{\"@context\":\"https:\\\/\\\/schema.org\",\"@graph\":[{\"@type\":\"Article\",\"@id\":\"https:\\\/\\\/www.fcbarcelonanoticias.com\\\/en\\\/transfers\\\/getafe-closer-to-signing-discard-from-fc-barcelona_309634_102.html#article\",\"isPartOf\":{\"@id\":\"https:\\\/\\\/www.fcbarcelonanoticias.com\\\/en\\\/transfers\\\/getafe-closer-to-signing-discard-from-fc-barcelona_309634_102.html\"},\"author\":{\"name\":\"Andr\u00e9s Quiroz\",\"@id\":\"https:\\\/\\\/www.fcbarcelonanoticias.com\\\/en\\\/#\\\/schema\\\/person\\\/c2cd9f6fa1af5c0d0eccd0fefa575c88\"},\"headline\":\"Getafe Closer to Signing a &#8216;Discard&#8217; from FC Barcelona\",\"datePublished\":\"2024-12-27T00:15:00+00:00\",\"mainEntityOfPage\":{\"@id\":\"https:\\\/\\\/www.fcbarcelonanoticias.com\\\/en\\\/transfers\\\/getafe-closer-to-signing-discard-from-fc-barcelona_309634_102.html\"},\"wordCount\":386,\"image\":{\"@id\":\"https:\\\/\\\/www.fcbarcelonanoticias.com\\\/en\\\/transfers\\\/getafe-closer-to-signing-discard-from-fc-barcelona_309634_102.html#primaryimage\"},\"thumbnailUrl\":\"https:\\\/\\\/www.fcbarcelonanoticias.com\\\/en\\\/wp-content\\\/uploads\\\/sites\\\/2\\\/2024\\\/12\\\/jugadores-fc-barcelona-v-brest-scaled.jpeg\",\"keywords\":[\"Getafe CF\"],\"articleSection\":[\"Transfers\",\"Transfers\"],\"inLanguage\":\"en-US\"},{\"@type\":\"WebPage\",\"@id\":\"https:\\\/\\\/www.fcbarcelonanoticias.com\\\/en\\\/transfers\\\/getafe-closer-to-signing-discard-from-fc-barcelona_309634_102.html\",\"url\":\"https:\\\/\\\/www.fcbarcelonanoticias.com\\\/en\\\/transfers\\\/getafe-closer-to-signing-discard-from-fc-barcelona_309634_102.html\",\"name\":\"Getafe Closer to Signing a 'Discard' from FC Barcelona\",\"isPartOf\":{\"@id\":\"https:\\\/\\\/www.fcbarcelonanoticias.com\\\/en\\\/#website\"},\"primaryImageOfPage\":{\"@id\":\"https:\\\/\\\/www.fcbarcelonanoticias.com\\\/en\\\/transfers\\\/getafe-closer-to-signing-discard-from-fc-barcelona_309634_102.html#primaryimage\"},\"image\":{\"@id\":\"https:\\\/\\\/www.fcbarcelonanoticias.com\\\/en\\\/transfers\\\/getafe-closer-to-signing-discard-from-fc-barcelona_309634_102.html#primaryimage\"},\"thumbnailUrl\":\"https:\\\/\\\/www.fcbarcelonanoticias.com\\\/en\\\/wp-content\\\/uploads\\\/sites\\\/2\\\/2024\\\/12\\\/jugadores-fc-barcelona-v-brest-scaled.jpeg\",\"datePublished\":\"2024-12-27T00:15:00+00:00\",\"author\":{\"@id\":\"https:\\\/\\\/www.fcbarcelonanoticias.com\\\/en\\\/#\\\/schema\\\/person\\\/c2cd9f6fa1af5c0d0eccd0fefa575c88\"},\"description\":\"Getafe could soon make an offer to FC Barcelona for Pablo Torre. The Cantabrian has played very little in the 24\\\/25 season and is shaping up to be a fixed discard for Hansi Flick\",\"breadcrumb\":{\"@id\":\"https:\\\/\\\/www.fcbarcelonanoticias.com\\\/en\\\/transfers\\\/getafe-closer-to-signing-discard-from-fc-barcelona_309634_102.html#breadcrumb\"},\"inLanguage\":\"en-US\",\"potentialAction\":[{\"@type\":\"ReadAction\",\"target\":[\"https:\\\/\\\/www.fcbarcelonanoticias.com\\\/en\\\/transfers\\\/getafe-closer-to-signing-discard-from-fc-barcelona_309634_102.html\"]}]},{\"@type\":\"ImageObject\",\"inLanguage\":\"en-US\",\"@id\":\"https:\\\/\\\/www.fcbarcelonanoticias.com\\\/en\\\/transfers\\\/getafe-closer-to-signing-discard-from-fc-barcelona_309634_102.html#primaryimage\",\"url\":\"https:\\\/\\\/www.fcbarcelonanoticias.com\\\/en\\\/wp-content\\\/uploads\\\/sites\\\/2\\\/2024\\\/12\\\/jugadores-fc-barcelona-v-brest-scaled.jpeg\",\"contentUrl\":\"https:\\\/\\\/www.fcbarcelonanoticias.com\\\/en\\\/wp-content\\\/uploads\\\/sites\\\/2\\\/2024\\\/12\\\/jugadores-fc-barcelona-v-brest-scaled.jpeg\",\"width\":2560,\"height\":1707},{\"@type\":\"BreadcrumbList\",\"@id\":\"https:\\\/\\\/www.fcbarcelonanoticias.com\\\/en\\\/transfers\\\/getafe-closer-to-signing-discard-from-fc-barcelona_309634_102.html#breadcrumb\",\"itemListElement\":[{\"@type\":\"ListItem\",\"position\":1,\"name\":\"Portada\",\"item\":\"https:\\\/\\\/www.fcbarcelonanoticias.com\\\/en\\\/\"},{\"@type\":\"ListItem\",\"position\":2,\"name\":\"Getafe Closer to Signing a &#8216;Discard&#8217; from FC Barcelona\"}]},{\"@type\":\"WebSite\",\"@id\":\"https:\\\/\\\/www.fcbarcelonanoticias.com\\\/en\\\/#website\",\"url\":\"https:\\\/\\\/www.fcbarcelonanoticias.com\\\/en\\\/\",\"name\":\"EN - FC Barcelona Noticias\",\"description\":\"\",\"potentialAction\":[{\"@type\":\"SearchAction\",\"target\":{\"@type\":\"EntryPoint\",\"urlTemplate\":\"https:\\\/\\\/www.fcbarcelonanoticias.com\\\/en\\\/?s={search_term_string}\"},\"query-input\":{\"@type\":\"PropertyValueSpecification\",\"valueRequired\":true,\"valueName\":\"search_term_string\"}}],\"inLanguage\":\"en-US\"},{\"@type\":\"Person\",\"@id\":\"https:\\\/\\\/www.fcbarcelonanoticias.com\\\/en\\\/#\\\/schema\\\/person\\\/c2cd9f6fa1af5c0d0eccd0fefa575c88\",\"name\":\"Andr\u00e9s Quiroz\",\"image\":{\"@type\":\"ImageObject\",\"inLanguage\":\"en-US\",\"@id\":\"https:\\\/\\\/secure.gravatar.com\\\/avatar\\\/?s=96&d=mm&r=g\",\"url\":\"https:\\\/\\\/secure.gravatar.com\\\/avatar\\\/?s=96&d=mm&r=g\",\"contentUrl\":\"https:\\\/\\\/secure.gravatar.com\\\/avatar\\\/?s=96&d=mm&r=g\",\"caption\":\"Andr\u00e9s Quiroz\"},\"description\":\"Licenciado en Periodismo por la Universidad de los Andes. Me encargo de analizar y compartir los contenidos m\u00e1s destacados de la\u00a0actualidad del F\u00fatbol Club Barcelona, Mercado de Fichajes y F\u00fatbol Internacional en FCBN. La informaci\u00f3n es poder, pero tambi\u00e9n conocimiento.\",\"url\":\"https:\\\/\\\/www.fcbarcelonanoticias.com\\\/en\\\/fc-barcelona\\\/andres-quiroz_17_115.html\"}]}<\/script>\n<!-- \/ Yoast SEO plugin. -->","yoast_head_json":{"title":"Getafe Closer to Signing a 'Discard' from FC Barcelona","description":"Getafe could soon make an offer to FC Barcelona for Pablo Torre. The Cantabrian has played very little in the 24\/25 season and is shaping up to be a fixed discard for Hansi Flick","robots":{"index":"index","follow":"follow","max-snippet":"max-snippet:-1","max-image-preview":"max-image-preview:large","max-video-preview":"max-video-preview:-1"},"canonical":"https:\/\/www.fcbarcelonanoticias.com\/en\/transfers\/getafe-closer-to-signing-discard-from-fc-barcelona_309634_102.html","og_locale":"en_US","og_type":"article","og_title":"Getafe Closer to Signing a 'Discard' from FC Barcelona","og_description":"Getafe could soon make an offer to FC Barcelona for Pablo Torre. The Cantabrian has played very little in the 24\/25 season and is shaping up to be a fixed discard for Hansi Flick","og_url":"https:\/\/www.fcbarcelonanoticias.com\/en\/transfers\/getafe-closer-to-signing-discard-from-fc-barcelona_309634_102.html","og_site_name":"EN - FC Barcelona Noticias","article_published_time":"2024-12-27T00:15:00+00:00","og_image":[{"width":2560,"height":1707,"url":"https:\/\/www.fcbarcelonanoticias.com\/en\/wp-content\/uploads\/sites\/2\/2024\/12\/jugadores-fc-barcelona-v-brest-scaled.jpeg","type":"image\/jpeg"}],"author":"Andr\u00e9s Quiroz","twitter_card":"summary_large_image","twitter_misc":{"Written by":"Andr\u00e9s Quiroz","Est. reading time":"2 minutes"},"schema":{"@context":"https:\/\/schema.org","@graph":[{"@type":"Article","@id":"https:\/\/www.fcbarcelonanoticias.com\/en\/transfers\/getafe-closer-to-signing-discard-from-fc-barcelona_309634_102.html#article","isPartOf":{"@id":"https:\/\/www.fcbarcelonanoticias.com\/en\/transfers\/getafe-closer-to-signing-discard-from-fc-barcelona_309634_102.html"},"author":{"name":"Andr\u00e9s Quiroz","@id":"https:\/\/www.fcbarcelonanoticias.com\/en\/#\/schema\/person\/c2cd9f6fa1af5c0d0eccd0fefa575c88"},"headline":"Getafe Closer to Signing a &#8216;Discard&#8217; from FC Barcelona","datePublished":"2024-12-27T00:15:00+00:00","mainEntityOfPage":{"@id":"https:\/\/www.fcbarcelonanoticias.com\/en\/transfers\/getafe-closer-to-signing-discard-from-fc-barcelona_309634_102.html"},"wordCount":386,"image":{"@id":"https:\/\/www.fcbarcelonanoticias.com\/en\/transfers\/getafe-closer-to-signing-discard-from-fc-barcelona_309634_102.html#primaryimage"},"thumbnailUrl":"https:\/\/www.fcbarcelonanoticias.com\/en\/wp-content\/uploads\/sites\/2\/2024\/12\/jugadores-fc-barcelona-v-brest-scaled.jpeg","keywords":["Getafe CF"],"articleSection":["Transfers","Transfers"],"inLanguage":"en-US"},{"@type":"WebPage","@id":"https:\/\/www.fcbarcelonanoticias.com\/en\/transfers\/getafe-closer-to-signing-discard-from-fc-barcelona_309634_102.html","url":"https:\/\/www.fcbarcelonanoticias.com\/en\/transfers\/getafe-closer-to-signing-discard-from-fc-barcelona_309634_102.html","name":"Getafe Closer to Signing a 'Discard' from FC Barcelona","isPartOf":{"@id":"https:\/\/www.fcbarcelonanoticias.com\/en\/#website"},"primaryImageOfPage":{"@id":"https:\/\/www.fcbarcelonanoticias.com\/en\/transfers\/getafe-closer-to-signing-discard-from-fc-barcelona_309634_102.html#primaryimage"},"image":{"@id":"https:\/\/www.fcbarcelonanoticias.com\/en\/transfers\/getafe-closer-to-signing-discard-from-fc-barcelona_309634_102.html#primaryimage"},"thumbnailUrl":"https:\/\/www.fcbarcelonanoticias.com\/en\/wp-content\/uploads\/sites\/2\/2024\/12\/jugadores-fc-barcelona-v-brest-scaled.jpeg","datePublished":"2024-12-27T00:15:00+00:00","author":{"@id":"https:\/\/www.fcbarcelonanoticias.com\/en\/#\/schema\/person\/c2cd9f6fa1af5c0d0eccd0fefa575c88"},"description":"Getafe could soon make an offer to FC Barcelona for Pablo Torre. The Cantabrian has played very little in the 24\/25 season and is shaping up to be a fixed discard for Hansi Flick","breadcrumb":{"@id":"https:\/\/www.fcbarcelonanoticias.com\/en\/transfers\/getafe-closer-to-signing-discard-from-fc-barcelona_309634_102.html#breadcrumb"},"inLanguage":"en-US","potentialAction":[{"@type":"ReadAction","target":["https:\/\/www.fcbarcelonanoticias.com\/en\/transfers\/getafe-closer-to-signing-discard-from-fc-barcelona_309634_102.html"]}]},{"@type":"ImageObject","inLanguage":"en-US","@id":"https:\/\/www.fcbarcelonanoticias.com\/en\/transfers\/getafe-closer-to-signing-discard-from-fc-barcelona_309634_102.html#primaryimage","url":"https:\/\/www.fcbarcelonanoticias.com\/en\/wp-content\/uploads\/sites\/2\/2024\/12\/jugadores-fc-barcelona-v-brest-scaled.jpeg","contentUrl":"https:\/\/www.fcbarcelonanoticias.com\/en\/wp-content\/uploads\/sites\/2\/2024\/12\/jugadores-fc-barcelona-v-brest-scaled.jpeg","width":2560,"height":1707},{"@type":"BreadcrumbList","@id":"https:\/\/www.fcbarcelonanoticias.com\/en\/transfers\/getafe-closer-to-signing-discard-from-fc-barcelona_309634_102.html#breadcrumb","itemListElement":[{"@type":"ListItem","position":1,"name":"Portada","item":"https:\/\/www.fcbarcelonanoticias.com\/en\/"},{"@type":"ListItem","position":2,"name":"Getafe Closer to Signing a &#8216;Discard&#8217; from FC Barcelona"}]},{"@type":"WebSite","@id":"https:\/\/www.fcbarcelonanoticias.com\/en\/#website","url":"https:\/\/www.fcbarcelonanoticias.com\/en\/","name":"EN - FC Barcelona Noticias","description":"","potentialAction":[{"@type":"SearchAction","target":{"@type":"EntryPoint","urlTemplate":"https:\/\/www.fcbarcelonanoticias.com\/en\/?s={search_term_string}"},"query-input":{"@type":"PropertyValueSpecification","valueRequired":true,"valueName":"search_term_string"}}],"inLanguage":"en-US"},{"@type":"Person","@id":"https:\/\/www.fcbarcelonanoticias.com\/en\/#\/schema\/person\/c2cd9f6fa1af5c0d0eccd0fefa575c88","name":"Andr\u00e9s Quiroz","image":{"@type":"ImageObject","inLanguage":"en-US","@id":"https:\/\/secure.gravatar.com\/avatar\/?s=96&d=mm&r=g","url":"https:\/\/secure.gravatar.com\/avatar\/?s=96&d=mm&r=g","contentUrl":"https:\/\/secure.gravatar.com\/avatar\/?s=96&d=mm&r=g","caption":"Andr\u00e9s Quiroz"},"description":"Licenciado en Periodismo por la Universidad de los Andes. Me encargo de analizar y compartir los contenidos m\u00e1s destacados de la\u00a0actualidad del F\u00fatbol Club Barcelona, Mercado de Fichajes y F\u00fatbol Internacional en FCBN. La informaci\u00f3n es poder, pero tambi\u00e9n conocimiento.","url":"https:\/\/www.fcbarcelonanoticias.com\/en\/fc-barcelona\/andres-quiroz_17_115.html"}]}},"_links":{"self":[{"href":"https:\/\/www.fcbarcelonanoticias.com\/en\/wp-json\/wp\/v2\/posts\/129259","targetHints":{"allow":["GET"]}}],"collection":[{"href":"https:\/\/www.fcbarcelonanoticias.com\/en\/wp-json\/wp\/v2\/posts"}],"about":[{"href":"https:\/\/www.fcbarcelonanoticias.com\/en\/wp-json\/wp\/v2\/types\/post"}],"author":[{"embeddable":true,"href":"https:\/\/www.fcbarcelonanoticias.com\/en\/wp-json\/wp\/v2\/users\/347"}],"replies":[{"embeddable":true,"href":"https:\/\/www.fcbarcelonanoticias.com\/en\/wp-json\/wp\/v2\/comments?post=129259"}],"version-history":[{"count":1,"href":"https:\/\/www.fcbarcelonanoticias.com\/en\/wp-json\/wp\/v2\/posts\/129259\/revisions"}],"predecessor-version":[{"id":151541,"href":"https:\/\/www.fcbarcelonanoticias.com\/en\/wp-json\/wp\/v2\/posts\/129259\/revisions\/151541"}],"wp:featuredmedia":[{"embeddable":true,"href":"https:\/\/www.fcbarcelonanoticias.com\/en\/wp-json\/wp\/v2\/media\/129261"}],"wp:attachment":[{"href":"https:\/\/www.fcbarcelonanoticias.com\/en\/wp-json\/wp\/v2\/media?parent=129259"}],"wp:term":[{"taxonomy":"category","embeddable":true,"href":"https:\/\/www.fcbarcelonanoticias.com\/en\/wp-json\/wp\/v2\/categories?post=129259"},{"taxonomy":"post_tag","embeddable":true,"href":"https:\/\/www.fcbarcelonanoticias.com\/en\/wp-json\/wp\/v2\/tags?post=129259"}],"curies":[{"name":"wp","href":"https:\/\/api.w.org\/{rel}","templated":true}]}}