{"id":129263,"date":"2026-01-14T22:30:00","date_gmt":"2026-01-14T21:30:00","guid":{"rendered":"https:\/\/weisetech.dev\/fc-barcelona-noticias\/en\/juventus-ties-up-mingueza-and-leaves-barca-with-no-options_315754_102\/"},"modified":"2026-01-14T22:30:00","modified_gmt":"2026-01-14T21:30:00","slug":"juventus-ties-up-mingueza-and-leaves-barca-with-no-options_315754_102","status":"publish","type":"post","link":"https:\/\/www.fcbarcelonanoticias.com\/en\/transfers\/juventus-ties-up-mingueza-and-leaves-barca-with-no-options_315754_102.html","title":{"rendered":"Bad news for Bar\u00e7a: Mingueza decides to leave for Juventus for free in the summer"},"content":{"rendered":"<h2 class=\"wp-block-heading\">Barcelona will not be able to cash in on \u00d3scar Mingueza. The right-back, for whom the Catalans retained 50% of his sporting rights, has decided to leave Celta at the end of his contract in June<\/h2>  \r\n<div class=\"article-addons\">\r\n    <a href=\"https:\/\/www.fcbarcelonanoticias.com\/en\/calendar-fc-barcelona.html\"\r\n       target=\"_self\"\r\n       title=\"Calendar of FC Barcelona\"\r\n       class=\"blue-gredient-btn\">\r\n       \r\n        Calendar of FC Barcelona    <\/a>\r\n<\/div>   <p><strong>\u00d3scar Mingueza<\/strong> has reportedly decided to leave <strong>Celta de Vigo<\/strong> at the end of the 2025\/26 season. The full-back&#8217;s contract expires in June, meaning he can negotiate as a free agent with any club from January 1st of this year. Several teams in England and Italy were monitoring his future, and the youth product of <strong>FC Barcelona<\/strong> has reached a preliminary agreement with a giant of <strong>Serie A<\/strong>.<\/p>  <p>According to journalist **Fabrizio Romano**, **Juventus** has reportedly reached a formal agreement with Mingueza to sign him in June on a &#8216;free transfer&#8217;. The player from Santa Perp\u00e8tua de Moguda arrived at Celta via this route in 2022, after a couple of seasons with Bar\u00e7a&#8217;s first team.<\/p>  <blockquote class=\"twitter-tweet\"> <p dir=\"ltr\" lang=\"en\">\u26aa\ufe0f\u26ab\ufe0f Oscar Mingueza and Juventus, deal on \u2014 as exclusively revealed. \u2935\ufe0f <a href=\"https:\/\/t.co\/en\/NOdCG1lfgZ\">https:\/\/t.co\/NOdCG1lfgZ<\/a><\/p> \u2014 Fabrizio Romano (@FabrizioRomano) <a href=\"https:\/\/twitter.com\/en\/FabrizioRomano\/status\/2011412145456693466?ref_src=twsrc%5Etfw\">January 14, 2026<\/a> <\/blockquote> <h2>Bar\u00e7a says goodbye to its chances of cashing in on Mingueza<\/h2>  <p>The Blaugrana club agreed to let him go for free, <strong>retaining 50% of his sporting rights<\/strong>. With an affordable clause (<strong><a data-external=\"0\" data-intl-links-en=\"https:\/\/www.fcbarcelonanoticias.com\/en\/transfers\/barcelona-could-lose-10-millions-because-of-mingueza_315005_102.html\" data-intl-links-es=\"https:\/\/www.fcbarcelonanoticias.com\/fichajes\/barcelona-podria-perder-10-millones-por-culpa-mingueza_315005_102.html\" href=\"https:\/\/www.fcbarcelonanoticias.com\/en\/transfers\/barcelona-could-lose-10-millions-because-of-mingueza_315005_102.html\" rel=\"follow\" target=\"_self\" title=\"El Barcelona podr\u00eda perder 10 M\u20ac por 'culpa' de Mingueza\">20 million euros<\/a><\/strong>), the Catalans hoped to cash in on the full-back, but in the end, after several transfer windows flirting with trying his luck in other leagues, Mingueza decided to fulfill his contract with the Vigo team<\/p>  <p>Finally, \u00d3scar advanced talks with Juventus, ruling out a &#8216;low cost&#8217; winter transfer. Clubs like **West Ham** and **Aston Villa** were also very interested in the Catalan defender, who was an undisputed starter at Celta for three and a half seasons<\/p>  <p>Beyond his affection for the Galician club, the 26-year-old footballer preferred to leave Bala\u00eddos for free, leaving Celta and Barcelona with no options to earn a few million in their coffers. <strong>Mingueza is valued at around 18 &#8216;kilos&#8217;<\/strong> on the &#8216;Transfermarkt&#8217; website and will be able to negotiate a higher salary and signing bonus in Turin as a free agent.<\/p>  <p>In his time at Celta, the Bar\u00e7a youth academy product has scored **7 goals and provided 12 assists in 122 official matches**. Despite his imminent departure, coach **Claudio Gir\u00e1ldez** will continue to consider him a key player in his system, thanks to his versatility and ability to play on both flanks.<\/p>  <h2>Juventus Secures First Summer Signing with Mingueza<\/h2>  <p>For Juventus, on the other hand, the agreement with \u00d3scar Mingueza represents the first reinforcement for the 26\/27 season for the squad now led by **Luciano Spalletti**. The &#8216;Old Lady&#8217;, at the moment, has no natural right-back in her squad, while **Juan Cabal** and **Jonas Rouhi** are her only available left-backs.<\/p>  <p>For now, Spalletti has opted for a three-man defense, while Weston McKennie and Andrea Cambiasso are playing as wing-backs. With Mingueza, the Italian coach gains a full-back with great depth for both flanks, although the player from Santa Perpetua de Mogoda feels more comfortable on the right, his natural side.<\/p> ","protected":false},"excerpt":{"rendered":"<p>Barcelona will not be able to cash in on \u00d3scar Mingueza. The right-back, for whom the Catalans retained 50% of his sporting rights, has decided to leave Celta at the end of his contract in June \u00d3scar Mingueza has reportedly decided to leave Celta de Vigo at the end of the 2025\/26 season. The full-back&#8217;s [&hellip;]<\/p>\n","protected":false},"author":347,"featured_media":129266,"comment_status":"closed","ping_status":"open","sticky":false,"template":"","format":"standard","meta":{"_acf_changed":false,"inline_featured_image":false,"_nextfly_llmd_date_locked":false,"footnotes":""},"categories":[106,449],"tags":[71,105,352,261],"class_list":["post-129263","post","type-post","status-publish","format-standard","has-post-thumbnail","hentry","category-transfers","category-transfers-2","tag-celtic-of-vigo","tag-juventus","tag-mingueza","tag-football-transfer-rumors"],"acf":[],"yoast_head":"<!-- This site is optimized with the Yoast SEO plugin v27.3 - https:\/\/yoast.com\/product\/yoast-seo-wordpress\/ -->\n<title>Juventus &#039;ties up&#039; Mingueza and leaves Bar\u00e7a with no options<\/title>\n<meta name=\"description\" content=\"Barcelona will not be able to cash in on \u00d3scar Mingueza. The right-back has decided to leave Celta in June. Juventus will sign him for &#039;free&#039;\" \/>\n<meta name=\"robots\" content=\"index, follow, max-snippet:-1, max-image-preview:large, max-video-preview:-1\" \/>\n<link rel=\"canonical\" href=\"https:\/\/www.fcbarcelonanoticias.com\/en\/transfers\/juventus-ties-up-mingueza-and-leaves-barca-with-no-options_315754_102.html\" \/>\n<meta property=\"og:locale\" content=\"en_US\" \/>\n<meta property=\"og:type\" content=\"article\" \/>\n<meta property=\"og:title\" content=\"Juventus &#039;ties up&#039; Mingueza and leaves Bar\u00e7a with no options\" \/>\n<meta property=\"og:description\" content=\"Barcelona will not be able to cash in on \u00d3scar Mingueza. The right-back has decided to leave Celta in June. Juventus will sign him for &#039;free&#039;\" \/>\n<meta property=\"og:url\" content=\"https:\/\/www.fcbarcelonanoticias.com\/en\/transfers\/juventus-ties-up-mingueza-and-leaves-barca-with-no-options_315754_102.html\" \/>\n<meta property=\"og:site_name\" content=\"EN - FC Barcelona Noticias\" \/>\n<meta property=\"article:published_time\" content=\"2026-01-14T21:30:00+00:00\" \/>\n<meta property=\"og:image\" content=\"https:\/\/www.fcbarcelonanoticias.com\/en\/wp-content\/uploads\/sites\/2\/2026\/01\/oscar-mingueza-v-mallorca-laliga-25-26.jpeg\" \/>\n\t<meta property=\"og:image:width\" content=\"1300\" \/>\n\t<meta property=\"og:image:height\" content=\"732\" \/>\n\t<meta property=\"og:image:type\" content=\"image\/jpeg\" \/>\n<meta name=\"author\" content=\"Andr\u00e9s Quiroz\" \/>\n<meta name=\"twitter:card\" content=\"summary_large_image\" \/>\n<meta name=\"twitter:label1\" content=\"Written by\" \/>\n\t<meta name=\"twitter:data1\" content=\"Andr\u00e9s Quiroz\" \/>\n\t<meta name=\"twitter:label2\" content=\"Est. reading time\" \/>\n\t<meta name=\"twitter:data2\" content=\"2 minutes\" \/>\n<script type=\"application\/ld+json\" class=\"yoast-schema-graph\">{\"@context\":\"https:\\\/\\\/schema.org\",\"@graph\":[{\"@type\":\"Article\",\"@id\":\"https:\\\/\\\/www.fcbarcelonanoticias.com\\\/en\\\/transfers\\\/juventus-ties-up-mingueza-and-leaves-barca-with-no-options_315754_102.html#article\",\"isPartOf\":{\"@id\":\"https:\\\/\\\/www.fcbarcelonanoticias.com\\\/en\\\/transfers\\\/juventus-ties-up-mingueza-and-leaves-barca-with-no-options_315754_102.html\"},\"author\":{\"name\":\"Andr\u00e9s Quiroz\",\"@id\":\"https:\\\/\\\/www.fcbarcelonanoticias.com\\\/en\\\/#\\\/schema\\\/person\\\/c2cd9f6fa1af5c0d0eccd0fefa575c88\"},\"headline\":\"Bad news for Bar\u00e7a: Mingueza decides to leave for Juventus for free in the summer\",\"datePublished\":\"2026-01-14T21:30:00+00:00\",\"mainEntityOfPage\":{\"@id\":\"https:\\\/\\\/www.fcbarcelonanoticias.com\\\/en\\\/transfers\\\/juventus-ties-up-mingueza-and-leaves-barca-with-no-options_315754_102.html\"},\"wordCount\":512,\"image\":{\"@id\":\"https:\\\/\\\/www.fcbarcelonanoticias.com\\\/en\\\/transfers\\\/juventus-ties-up-mingueza-and-leaves-barca-with-no-options_315754_102.html#primaryimage\"},\"thumbnailUrl\":\"https:\\\/\\\/www.fcbarcelonanoticias.com\\\/en\\\/wp-content\\\/uploads\\\/sites\\\/2\\\/2026\\\/01\\\/oscar-mingueza-v-mallorca-laliga-25-26.jpeg\",\"keywords\":[\"Celtic of Vigo\",\"Juventus\",\"Mingueza\",\"Transfer Rumors\"],\"articleSection\":[\"Transfers\",\"Transfers\"],\"inLanguage\":\"en-US\"},{\"@type\":\"WebPage\",\"@id\":\"https:\\\/\\\/www.fcbarcelonanoticias.com\\\/en\\\/transfers\\\/juventus-ties-up-mingueza-and-leaves-barca-with-no-options_315754_102.html\",\"url\":\"https:\\\/\\\/www.fcbarcelonanoticias.com\\\/en\\\/transfers\\\/juventus-ties-up-mingueza-and-leaves-barca-with-no-options_315754_102.html\",\"name\":\"Juventus 'ties up' Mingueza and leaves Bar\u00e7a with no options\",\"isPartOf\":{\"@id\":\"https:\\\/\\\/www.fcbarcelonanoticias.com\\\/en\\\/#website\"},\"primaryImageOfPage\":{\"@id\":\"https:\\\/\\\/www.fcbarcelonanoticias.com\\\/en\\\/transfers\\\/juventus-ties-up-mingueza-and-leaves-barca-with-no-options_315754_102.html#primaryimage\"},\"image\":{\"@id\":\"https:\\\/\\\/www.fcbarcelonanoticias.com\\\/en\\\/transfers\\\/juventus-ties-up-mingueza-and-leaves-barca-with-no-options_315754_102.html#primaryimage\"},\"thumbnailUrl\":\"https:\\\/\\\/www.fcbarcelonanoticias.com\\\/en\\\/wp-content\\\/uploads\\\/sites\\\/2\\\/2026\\\/01\\\/oscar-mingueza-v-mallorca-laliga-25-26.jpeg\",\"datePublished\":\"2026-01-14T21:30:00+00:00\",\"author\":{\"@id\":\"https:\\\/\\\/www.fcbarcelonanoticias.com\\\/en\\\/#\\\/schema\\\/person\\\/c2cd9f6fa1af5c0d0eccd0fefa575c88\"},\"description\":\"Barcelona will not be able to cash in on \u00d3scar Mingueza. The right-back has decided to leave Celta in June. Juventus will sign him for 'free'\",\"breadcrumb\":{\"@id\":\"https:\\\/\\\/www.fcbarcelonanoticias.com\\\/en\\\/transfers\\\/juventus-ties-up-mingueza-and-leaves-barca-with-no-options_315754_102.html#breadcrumb\"},\"inLanguage\":\"en-US\",\"potentialAction\":[{\"@type\":\"ReadAction\",\"target\":[\"https:\\\/\\\/www.fcbarcelonanoticias.com\\\/en\\\/transfers\\\/juventus-ties-up-mingueza-and-leaves-barca-with-no-options_315754_102.html\"]}]},{\"@type\":\"ImageObject\",\"inLanguage\":\"en-US\",\"@id\":\"https:\\\/\\\/www.fcbarcelonanoticias.com\\\/en\\\/transfers\\\/juventus-ties-up-mingueza-and-leaves-barca-with-no-options_315754_102.html#primaryimage\",\"url\":\"https:\\\/\\\/www.fcbarcelonanoticias.com\\\/en\\\/wp-content\\\/uploads\\\/sites\\\/2\\\/2026\\\/01\\\/oscar-mingueza-v-mallorca-laliga-25-26.jpeg\",\"contentUrl\":\"https:\\\/\\\/www.fcbarcelonanoticias.com\\\/en\\\/wp-content\\\/uploads\\\/sites\\\/2\\\/2026\\\/01\\\/oscar-mingueza-v-mallorca-laliga-25-26.jpeg\",\"width\":1300,\"height\":732},{\"@type\":\"BreadcrumbList\",\"@id\":\"https:\\\/\\\/www.fcbarcelonanoticias.com\\\/en\\\/transfers\\\/juventus-ties-up-mingueza-and-leaves-barca-with-no-options_315754_102.html#breadcrumb\",\"itemListElement\":[{\"@type\":\"ListItem\",\"position\":1,\"name\":\"Portada\",\"item\":\"https:\\\/\\\/www.fcbarcelonanoticias.com\\\/en\\\/\"},{\"@type\":\"ListItem\",\"position\":2,\"name\":\"Bad news for Bar\u00e7a: Mingueza decides to leave for Juventus for free in the summer\"}]},{\"@type\":\"WebSite\",\"@id\":\"https:\\\/\\\/www.fcbarcelonanoticias.com\\\/en\\\/#website\",\"url\":\"https:\\\/\\\/www.fcbarcelonanoticias.com\\\/en\\\/\",\"name\":\"EN - FC Barcelona Noticias\",\"description\":\"\",\"potentialAction\":[{\"@type\":\"SearchAction\",\"target\":{\"@type\":\"EntryPoint\",\"urlTemplate\":\"https:\\\/\\\/www.fcbarcelonanoticias.com\\\/en\\\/?s={search_term_string}\"},\"query-input\":{\"@type\":\"PropertyValueSpecification\",\"valueRequired\":true,\"valueName\":\"search_term_string\"}}],\"inLanguage\":\"en-US\"},{\"@type\":\"Person\",\"@id\":\"https:\\\/\\\/www.fcbarcelonanoticias.com\\\/en\\\/#\\\/schema\\\/person\\\/c2cd9f6fa1af5c0d0eccd0fefa575c88\",\"name\":\"Andr\u00e9s Quiroz\",\"image\":{\"@type\":\"ImageObject\",\"inLanguage\":\"en-US\",\"@id\":\"https:\\\/\\\/secure.gravatar.com\\\/avatar\\\/?s=96&d=mm&r=g\",\"url\":\"https:\\\/\\\/secure.gravatar.com\\\/avatar\\\/?s=96&d=mm&r=g\",\"contentUrl\":\"https:\\\/\\\/secure.gravatar.com\\\/avatar\\\/?s=96&d=mm&r=g\",\"caption\":\"Andr\u00e9s Quiroz\"},\"description\":\"Licenciado en Periodismo por la Universidad de los Andes. Me encargo de analizar y compartir los contenidos m\u00e1s destacados de la\u00a0actualidad del F\u00fatbol Club Barcelona, Mercado de Fichajes y F\u00fatbol Internacional en FCBN. La informaci\u00f3n es poder, pero tambi\u00e9n conocimiento.\",\"url\":\"https:\\\/\\\/www.fcbarcelonanoticias.com\\\/en\\\/fc-barcelona\\\/andres-quiroz_17_115.html\"}]}<\/script>\n<!-- \/ Yoast SEO plugin. -->","yoast_head_json":{"title":"Juventus 'ties up' Mingueza and leaves Bar\u00e7a with no options","description":"Barcelona will not be able to cash in on \u00d3scar Mingueza. The right-back has decided to leave Celta in June. Juventus will sign him for 'free'","robots":{"index":"index","follow":"follow","max-snippet":"max-snippet:-1","max-image-preview":"max-image-preview:large","max-video-preview":"max-video-preview:-1"},"canonical":"https:\/\/www.fcbarcelonanoticias.com\/en\/transfers\/juventus-ties-up-mingueza-and-leaves-barca-with-no-options_315754_102.html","og_locale":"en_US","og_type":"article","og_title":"Juventus 'ties up' Mingueza and leaves Bar\u00e7a with no options","og_description":"Barcelona will not be able to cash in on \u00d3scar Mingueza. The right-back has decided to leave Celta in June. Juventus will sign him for 'free'","og_url":"https:\/\/www.fcbarcelonanoticias.com\/en\/transfers\/juventus-ties-up-mingueza-and-leaves-barca-with-no-options_315754_102.html","og_site_name":"EN - FC Barcelona Noticias","article_published_time":"2026-01-14T21:30:00+00:00","og_image":[{"width":1300,"height":732,"url":"https:\/\/www.fcbarcelonanoticias.com\/en\/wp-content\/uploads\/sites\/2\/2026\/01\/oscar-mingueza-v-mallorca-laliga-25-26.jpeg","type":"image\/jpeg"}],"author":"Andr\u00e9s Quiroz","twitter_card":"summary_large_image","twitter_misc":{"Written by":"Andr\u00e9s Quiroz","Est. reading time":"2 minutes"},"schema":{"@context":"https:\/\/schema.org","@graph":[{"@type":"Article","@id":"https:\/\/www.fcbarcelonanoticias.com\/en\/transfers\/juventus-ties-up-mingueza-and-leaves-barca-with-no-options_315754_102.html#article","isPartOf":{"@id":"https:\/\/www.fcbarcelonanoticias.com\/en\/transfers\/juventus-ties-up-mingueza-and-leaves-barca-with-no-options_315754_102.html"},"author":{"name":"Andr\u00e9s Quiroz","@id":"https:\/\/www.fcbarcelonanoticias.com\/en\/#\/schema\/person\/c2cd9f6fa1af5c0d0eccd0fefa575c88"},"headline":"Bad news for Bar\u00e7a: Mingueza decides to leave for Juventus for free in the summer","datePublished":"2026-01-14T21:30:00+00:00","mainEntityOfPage":{"@id":"https:\/\/www.fcbarcelonanoticias.com\/en\/transfers\/juventus-ties-up-mingueza-and-leaves-barca-with-no-options_315754_102.html"},"wordCount":512,"image":{"@id":"https:\/\/www.fcbarcelonanoticias.com\/en\/transfers\/juventus-ties-up-mingueza-and-leaves-barca-with-no-options_315754_102.html#primaryimage"},"thumbnailUrl":"https:\/\/www.fcbarcelonanoticias.com\/en\/wp-content\/uploads\/sites\/2\/2026\/01\/oscar-mingueza-v-mallorca-laliga-25-26.jpeg","keywords":["Celtic of Vigo","Juventus","Mingueza","Transfer Rumors"],"articleSection":["Transfers","Transfers"],"inLanguage":"en-US"},{"@type":"WebPage","@id":"https:\/\/www.fcbarcelonanoticias.com\/en\/transfers\/juventus-ties-up-mingueza-and-leaves-barca-with-no-options_315754_102.html","url":"https:\/\/www.fcbarcelonanoticias.com\/en\/transfers\/juventus-ties-up-mingueza-and-leaves-barca-with-no-options_315754_102.html","name":"Juventus 'ties up' Mingueza and leaves Bar\u00e7a with no options","isPartOf":{"@id":"https:\/\/www.fcbarcelonanoticias.com\/en\/#website"},"primaryImageOfPage":{"@id":"https:\/\/www.fcbarcelonanoticias.com\/en\/transfers\/juventus-ties-up-mingueza-and-leaves-barca-with-no-options_315754_102.html#primaryimage"},"image":{"@id":"https:\/\/www.fcbarcelonanoticias.com\/en\/transfers\/juventus-ties-up-mingueza-and-leaves-barca-with-no-options_315754_102.html#primaryimage"},"thumbnailUrl":"https:\/\/www.fcbarcelonanoticias.com\/en\/wp-content\/uploads\/sites\/2\/2026\/01\/oscar-mingueza-v-mallorca-laliga-25-26.jpeg","datePublished":"2026-01-14T21:30:00+00:00","author":{"@id":"https:\/\/www.fcbarcelonanoticias.com\/en\/#\/schema\/person\/c2cd9f6fa1af5c0d0eccd0fefa575c88"},"description":"Barcelona will not be able to cash in on \u00d3scar Mingueza. The right-back has decided to leave Celta in June. Juventus will sign him for 'free'","breadcrumb":{"@id":"https:\/\/www.fcbarcelonanoticias.com\/en\/transfers\/juventus-ties-up-mingueza-and-leaves-barca-with-no-options_315754_102.html#breadcrumb"},"inLanguage":"en-US","potentialAction":[{"@type":"ReadAction","target":["https:\/\/www.fcbarcelonanoticias.com\/en\/transfers\/juventus-ties-up-mingueza-and-leaves-barca-with-no-options_315754_102.html"]}]},{"@type":"ImageObject","inLanguage":"en-US","@id":"https:\/\/www.fcbarcelonanoticias.com\/en\/transfers\/juventus-ties-up-mingueza-and-leaves-barca-with-no-options_315754_102.html#primaryimage","url":"https:\/\/www.fcbarcelonanoticias.com\/en\/wp-content\/uploads\/sites\/2\/2026\/01\/oscar-mingueza-v-mallorca-laliga-25-26.jpeg","contentUrl":"https:\/\/www.fcbarcelonanoticias.com\/en\/wp-content\/uploads\/sites\/2\/2026\/01\/oscar-mingueza-v-mallorca-laliga-25-26.jpeg","width":1300,"height":732},{"@type":"BreadcrumbList","@id":"https:\/\/www.fcbarcelonanoticias.com\/en\/transfers\/juventus-ties-up-mingueza-and-leaves-barca-with-no-options_315754_102.html#breadcrumb","itemListElement":[{"@type":"ListItem","position":1,"name":"Portada","item":"https:\/\/www.fcbarcelonanoticias.com\/en\/"},{"@type":"ListItem","position":2,"name":"Bad news for Bar\u00e7a: Mingueza decides to leave for Juventus for free in the summer"}]},{"@type":"WebSite","@id":"https:\/\/www.fcbarcelonanoticias.com\/en\/#website","url":"https:\/\/www.fcbarcelonanoticias.com\/en\/","name":"EN - FC Barcelona Noticias","description":"","potentialAction":[{"@type":"SearchAction","target":{"@type":"EntryPoint","urlTemplate":"https:\/\/www.fcbarcelonanoticias.com\/en\/?s={search_term_string}"},"query-input":{"@type":"PropertyValueSpecification","valueRequired":true,"valueName":"search_term_string"}}],"inLanguage":"en-US"},{"@type":"Person","@id":"https:\/\/www.fcbarcelonanoticias.com\/en\/#\/schema\/person\/c2cd9f6fa1af5c0d0eccd0fefa575c88","name":"Andr\u00e9s Quiroz","image":{"@type":"ImageObject","inLanguage":"en-US","@id":"https:\/\/secure.gravatar.com\/avatar\/?s=96&d=mm&r=g","url":"https:\/\/secure.gravatar.com\/avatar\/?s=96&d=mm&r=g","contentUrl":"https:\/\/secure.gravatar.com\/avatar\/?s=96&d=mm&r=g","caption":"Andr\u00e9s Quiroz"},"description":"Licenciado en Periodismo por la Universidad de los Andes. Me encargo de analizar y compartir los contenidos m\u00e1s destacados de la\u00a0actualidad del F\u00fatbol Club Barcelona, Mercado de Fichajes y F\u00fatbol Internacional en FCBN. La informaci\u00f3n es poder, pero tambi\u00e9n conocimiento.","url":"https:\/\/www.fcbarcelonanoticias.com\/en\/fc-barcelona\/andres-quiroz_17_115.html"}]}},"_links":{"self":[{"href":"https:\/\/www.fcbarcelonanoticias.com\/en\/wp-json\/wp\/v2\/posts\/129263","targetHints":{"allow":["GET"]}}],"collection":[{"href":"https:\/\/www.fcbarcelonanoticias.com\/en\/wp-json\/wp\/v2\/posts"}],"about":[{"href":"https:\/\/www.fcbarcelonanoticias.com\/en\/wp-json\/wp\/v2\/types\/post"}],"author":[{"embeddable":true,"href":"https:\/\/www.fcbarcelonanoticias.com\/en\/wp-json\/wp\/v2\/users\/347"}],"replies":[{"embeddable":true,"href":"https:\/\/www.fcbarcelonanoticias.com\/en\/wp-json\/wp\/v2\/comments?post=129263"}],"version-history":[{"count":1,"href":"https:\/\/www.fcbarcelonanoticias.com\/en\/wp-json\/wp\/v2\/posts\/129263\/revisions"}],"predecessor-version":[{"id":152039,"href":"https:\/\/www.fcbarcelonanoticias.com\/en\/wp-json\/wp\/v2\/posts\/129263\/revisions\/152039"}],"wp:featuredmedia":[{"embeddable":true,"href":"https:\/\/www.fcbarcelonanoticias.com\/en\/wp-json\/wp\/v2\/media\/129266"}],"wp:attachment":[{"href":"https:\/\/www.fcbarcelonanoticias.com\/en\/wp-json\/wp\/v2\/media?parent=129263"}],"wp:term":[{"taxonomy":"category","embeddable":true,"href":"https:\/\/www.fcbarcelonanoticias.com\/en\/wp-json\/wp\/v2\/categories?post=129263"},{"taxonomy":"post_tag","embeddable":true,"href":"https:\/\/www.fcbarcelonanoticias.com\/en\/wp-json\/wp\/v2\/tags?post=129263"}],"curies":[{"name":"wp","href":"https:\/\/api.w.org\/{rel}","templated":true}]}}