{"id":129338,"date":"2023-04-26T13:08:00","date_gmt":"2023-04-26T11:08:00","guid":{"rendered":"https:\/\/weisetech.dev\/fc-barcelona-noticias\/en\/juventus-joins-inter-milan-in-bid-for-kessie_291856_102\/"},"modified":"2023-04-26T13:08:00","modified_gmt":"2023-04-26T11:08:00","slug":"juventus-joins-inter-milan-in-bid-for-kessie_291856_102","status":"publish","type":"post","link":"https:\/\/www.fcbarcelonanoticias.com\/en\/transfers\/juventus-joins-inter-milan-in-bid-for-kessie_291856_102.html","title":{"rendered":"Juventus joins Inter and Milan in the bid for Kessi\u00e9"},"content":{"rendered":"<h2 class=\"wp-block-heading\">Information from Italy assures that Juventus in Turin is following in the footsteps of Franck Kessi\u00e9 to strengthen its midfield in the summer ahead of the next season<\/h2>  \r\n<div class=\"article-addons\">\r\n    <a href=\"https:\/\/www.fcbarcelonanoticias.com\/en\/calendar-fc-barcelona.html\"\r\n       target=\"_self\"\r\n       title=\"Calendar of FC Barcelona\"\r\n       class=\"blue-gredient-btn\">\r\n       \r\n        Calendar of FC Barcelona    <\/a>\r\n<\/div>   <p><strong>The continuity of Franck Kessi\u00e9 in the FC Barcelona keeps in cloth of trial of face to the next season.<\/strong> The cul\u00e9s have to reduce his mass salarial in 200 million euros and have foreseen to do some adjust in the wages and <strong>also do without the services of one or two footballers<\/strong> of the first team.<\/p>  <p>Although so much Ansu Fati like Ferran Torres and Raphinha are those that more integers add to change of airs,<a data-external=\"0\" data-intl-links-en=\"https:\/\/www.fcbarcelonanoticias.com\/en\/fc-barcelona\/barca-adds-his-first-setback-operation-salary-cut-with-christensen-kessie_291849_102.html\" data-intl-links-es=\"https:\/\/www.fcbarcelonanoticias.com\/fc-barcelona\/barca-suma-su-primer-reves-operacion-rebaja-salarial-con-christensen-kessie_291849_102.html\" href=\"https:\/\/www.fcbarcelonanoticias.com\/en\/fc-barcelona\/barca-adds-his-first-setback-operation-salary-cut-with-christensen-kessie_291849_102.html\" rel=\"follow\" target=\"_self\" title=\"El Bar\u00e7a suma su primer rev\u00e9s en la 'operaci\u00f3n rebaja salarial' con Christensen y Kessi\u00e9\"> the true is that the refusal of the marfile\u00f1o to reduce his emolumentos<\/a> could finish opening him the doors of exit. And it is that you offer they will not be missing him during the summer and <strong>the Series To is the league that more interest has in &#8216;repatriate&#8217; to the midfield player.<\/strong><\/p>  <h2>The Juventus entr\u00e1 in scene<\/h2>  <p>Clubs like Inter of Milan and AC Milan are very attentive to his situation, although a new information from Italy sustains that<strong> the Juventus would have gone in of full in the career to hire him.<\/strong> The &#8216;vecchia signora&#8217; has had a marked campaign by the irregularities and <strong>would have planned to give off of Leandro Walls,<\/strong> what would leave a vacancy that can occupy the African to perfection.<\/p>  <p><a data-external=\"0\" data-intl-links-en=\"https:\/\/www.fcbarcelonanoticias.com\/en\/transfers\/barcelona-now-opens-the-door-for-sale-of-kessie_291728_102.html\" data-intl-links-es=\"https:\/\/www.fcbarcelonanoticias.com\/fichajes\/fc-barcelona-ahora-si-abre-puerta-venta-de-kessie_291728_102.html\" href=\"https:\/\/www.fcbarcelonanoticias.com\/en\/transfers\/barcelona-now-opens-the-door-for-sale-of-kessie_291728_102.html\" rel=\"follow\" target=\"_self\" title=\"El FC Barcelona ahora s\u00ed abre la puerta a la venta&nbsp;de&nbsp;Kessi\u00e9\">In the dispatches of the Bar\u00e7a prioritise a traspaso pure and hard<\/a> that leave a good r\u00e9dito economic in the arks when treating of an entirely amortised signing, <strong>although the posture of the &#8216;bianconeri&#8217; would go through a barter of footballers that would emulate the proposal of the Inter with Marcelo Brozovic.<\/strong> To day of today there is not at all established but the Barcelona will listen offers taking into account that <strong>they can ensure the signing of Ilkay G\u00fcndogan to cost zero<\/strong> and also the renewal of Sergio Busquets.<\/p>  <h2>Xavi could evaluate a barter<\/h2>  <p>If both stages fulfil ,<strong> Kessi\u00e9 will not have space in the medullary and the best for all the parts is that it find a new destination that offer him minutes of quality.<\/strong> In Barcelona need to reduce the mass salarial and the option of an alone exchange will be contemplated if deportivamente is interesting for Xavi Hern\u00e1ndez.<\/p> ","protected":false},"excerpt":{"rendered":"<p>Information from Italy assures that Juventus in Turin is following in the footsteps of Franck Kessi\u00e9 to strengthen its midfield in the summer ahead of the next season The continuity of Franck Kessi\u00e9 in the FC Barcelona keeps in cloth of trial of face to the next season. The cul\u00e9s have to reduce his mass [&hellip;]<\/p>\n","protected":false},"author":0,"featured_media":129340,"comment_status":"closed","ping_status":"open","sticky":false,"template":"","format":"standard","meta":{"_acf_changed":false,"inline_featured_image":false,"_nextfly_llmd_date_locked":false,"footnotes":""},"categories":[449,106],"tags":[305,100,105],"class_list":["post-129338","post","type-post","status-publish","format-standard","has-post-thumbnail","hentry","category-transfers-2","category-transfers","tag-frank-kessie","tag-inter-milan","tag-juventus"],"acf":[],"yoast_head":"<!-- This site is optimized with the Yoast SEO plugin v27.3 - https:\/\/yoast.com\/product\/yoast-seo-wordpress\/ -->\n<title>Juventus joins Inter and Milan in the bid for Kessi\u00e9<\/title>\n<meta name=\"description\" content=\"Information from Italy assures that Juventus in Turin is following in the footsteps of Franck Kessi\u00e9 to strengthen its midfield in the summer ahead of the next season\" \/>\n<meta name=\"robots\" content=\"index, follow, max-snippet:-1, max-image-preview:large, max-video-preview:-1\" \/>\n<link rel=\"canonical\" href=\"https:\/\/www.fcbarcelonanoticias.com\/en\/transfers\/juventus-joins-inter-milan-in-bid-for-kessie_291856_102.html\" \/>\n<meta property=\"og:locale\" content=\"en_US\" \/>\n<meta property=\"og:type\" content=\"article\" \/>\n<meta property=\"og:title\" content=\"Juventus joins Inter and Milan in the bid for Kessi\u00e9\" \/>\n<meta property=\"og:description\" content=\"Information from Italy assures that Juventus in Turin is following in the footsteps of Franck Kessi\u00e9 to strengthen its midfield in the summer ahead of the next season\" \/>\n<meta property=\"og:url\" content=\"https:\/\/www.fcbarcelonanoticias.com\/en\/transfers\/juventus-joins-inter-milan-in-bid-for-kessie_291856_102.html\" \/>\n<meta property=\"og:site_name\" content=\"EN - FC Barcelona Noticias\" \/>\n<meta property=\"article:published_time\" content=\"2023-04-26T11:08:00+00:00\" \/>\n<meta property=\"og:image\" content=\"https:\/\/www.fcbarcelonanoticias.com\/en\/wp-content\/uploads\/sites\/2\/2023\/04\/franck-kessie-centrocampista-del-barc-a-1.jpeg\" \/>\n\t<meta property=\"og:image:width\" content=\"1200\" \/>\n\t<meta property=\"og:image:height\" content=\"675\" \/>\n\t<meta property=\"og:image:type\" content=\"image\/jpeg\" \/>\n<meta name=\"twitter:card\" content=\"summary_large_image\" \/>\n<meta name=\"twitter:label1\" content=\"Est. reading time\" \/>\n\t<meta name=\"twitter:data1\" content=\"2 minutes\" \/>\n<script type=\"application\/ld+json\" class=\"yoast-schema-graph\">{\"@context\":\"https:\\\/\\\/schema.org\",\"@graph\":[{\"@type\":\"Article\",\"@id\":\"https:\\\/\\\/www.fcbarcelonanoticias.com\\\/en\\\/transfers\\\/juventus-joins-inter-milan-in-bid-for-kessie_291856_102.html#article\",\"isPartOf\":{\"@id\":\"https:\\\/\\\/www.fcbarcelonanoticias.com\\\/en\\\/transfers\\\/juventus-joins-inter-milan-in-bid-for-kessie_291856_102.html\"},\"author\":{\"name\":\"\",\"@id\":\"\"},\"headline\":\"Juventus joins Inter and Milan in the bid for Kessi\u00e9\",\"datePublished\":\"2023-04-26T11:08:00+00:00\",\"mainEntityOfPage\":{\"@id\":\"https:\\\/\\\/www.fcbarcelonanoticias.com\\\/en\\\/transfers\\\/juventus-joins-inter-milan-in-bid-for-kessie_291856_102.html\"},\"wordCount\":399,\"image\":{\"@id\":\"https:\\\/\\\/www.fcbarcelonanoticias.com\\\/en\\\/transfers\\\/juventus-joins-inter-milan-in-bid-for-kessie_291856_102.html#primaryimage\"},\"thumbnailUrl\":\"https:\\\/\\\/www.fcbarcelonanoticias.com\\\/en\\\/wp-content\\\/uploads\\\/sites\\\/2\\\/2023\\\/04\\\/franck-kessie-centrocampista-del-barc-a-1.jpeg\",\"keywords\":[\"Frank Kessi\u00e9\",\"Inter Milan\",\"Juventus\"],\"articleSection\":[\"Transfers\",\"Transfers\"],\"inLanguage\":\"en-US\"},{\"@type\":\"WebPage\",\"@id\":\"https:\\\/\\\/www.fcbarcelonanoticias.com\\\/en\\\/transfers\\\/juventus-joins-inter-milan-in-bid-for-kessie_291856_102.html\",\"url\":\"https:\\\/\\\/www.fcbarcelonanoticias.com\\\/en\\\/transfers\\\/juventus-joins-inter-milan-in-bid-for-kessie_291856_102.html\",\"name\":\"Juventus joins Inter and Milan in the bid for Kessi\u00e9\",\"isPartOf\":{\"@id\":\"https:\\\/\\\/www.fcbarcelonanoticias.com\\\/en\\\/#website\"},\"primaryImageOfPage\":{\"@id\":\"https:\\\/\\\/www.fcbarcelonanoticias.com\\\/en\\\/transfers\\\/juventus-joins-inter-milan-in-bid-for-kessie_291856_102.html#primaryimage\"},\"image\":{\"@id\":\"https:\\\/\\\/www.fcbarcelonanoticias.com\\\/en\\\/transfers\\\/juventus-joins-inter-milan-in-bid-for-kessie_291856_102.html#primaryimage\"},\"thumbnailUrl\":\"https:\\\/\\\/www.fcbarcelonanoticias.com\\\/en\\\/wp-content\\\/uploads\\\/sites\\\/2\\\/2023\\\/04\\\/franck-kessie-centrocampista-del-barc-a-1.jpeg\",\"datePublished\":\"2023-04-26T11:08:00+00:00\",\"author\":{\"@id\":\"\"},\"description\":\"Information from Italy assures that Juventus in Turin is following in the footsteps of Franck Kessi\u00e9 to strengthen its midfield in the summer ahead of the next season\",\"breadcrumb\":{\"@id\":\"https:\\\/\\\/www.fcbarcelonanoticias.com\\\/en\\\/transfers\\\/juventus-joins-inter-milan-in-bid-for-kessie_291856_102.html#breadcrumb\"},\"inLanguage\":\"en-US\",\"potentialAction\":[{\"@type\":\"ReadAction\",\"target\":[\"https:\\\/\\\/www.fcbarcelonanoticias.com\\\/en\\\/transfers\\\/juventus-joins-inter-milan-in-bid-for-kessie_291856_102.html\"]}]},{\"@type\":\"ImageObject\",\"inLanguage\":\"en-US\",\"@id\":\"https:\\\/\\\/www.fcbarcelonanoticias.com\\\/en\\\/transfers\\\/juventus-joins-inter-milan-in-bid-for-kessie_291856_102.html#primaryimage\",\"url\":\"https:\\\/\\\/www.fcbarcelonanoticias.com\\\/en\\\/wp-content\\\/uploads\\\/sites\\\/2\\\/2023\\\/04\\\/franck-kessie-centrocampista-del-barc-a-1.jpeg\",\"contentUrl\":\"https:\\\/\\\/www.fcbarcelonanoticias.com\\\/en\\\/wp-content\\\/uploads\\\/sites\\\/2\\\/2023\\\/04\\\/franck-kessie-centrocampista-del-barc-a-1.jpeg\",\"width\":1200,\"height\":675},{\"@type\":\"BreadcrumbList\",\"@id\":\"https:\\\/\\\/www.fcbarcelonanoticias.com\\\/en\\\/transfers\\\/juventus-joins-inter-milan-in-bid-for-kessie_291856_102.html#breadcrumb\",\"itemListElement\":[{\"@type\":\"ListItem\",\"position\":1,\"name\":\"Portada\",\"item\":\"https:\\\/\\\/www.fcbarcelonanoticias.com\\\/en\\\/\"},{\"@type\":\"ListItem\",\"position\":2,\"name\":\"Juventus joins Inter and Milan in the bid for Kessi\u00e9\"}]},{\"@type\":\"WebSite\",\"@id\":\"https:\\\/\\\/www.fcbarcelonanoticias.com\\\/en\\\/#website\",\"url\":\"https:\\\/\\\/www.fcbarcelonanoticias.com\\\/en\\\/\",\"name\":\"EN - FC Barcelona Noticias\",\"description\":\"\",\"potentialAction\":[{\"@type\":\"SearchAction\",\"target\":{\"@type\":\"EntryPoint\",\"urlTemplate\":\"https:\\\/\\\/www.fcbarcelonanoticias.com\\\/en\\\/?s={search_term_string}\"},\"query-input\":{\"@type\":\"PropertyValueSpecification\",\"valueRequired\":true,\"valueName\":\"search_term_string\"}}],\"inLanguage\":\"en-US\"}]}<\/script>\n<!-- \/ Yoast SEO plugin. -->","yoast_head_json":{"title":"Juventus joins Inter and Milan in the bid for Kessi\u00e9","description":"Information from Italy assures that Juventus in Turin is following in the footsteps of Franck Kessi\u00e9 to strengthen its midfield in the summer ahead of the next season","robots":{"index":"index","follow":"follow","max-snippet":"max-snippet:-1","max-image-preview":"max-image-preview:large","max-video-preview":"max-video-preview:-1"},"canonical":"https:\/\/www.fcbarcelonanoticias.com\/en\/transfers\/juventus-joins-inter-milan-in-bid-for-kessie_291856_102.html","og_locale":"en_US","og_type":"article","og_title":"Juventus joins Inter and Milan in the bid for Kessi\u00e9","og_description":"Information from Italy assures that Juventus in Turin is following in the footsteps of Franck Kessi\u00e9 to strengthen its midfield in the summer ahead of the next season","og_url":"https:\/\/www.fcbarcelonanoticias.com\/en\/transfers\/juventus-joins-inter-milan-in-bid-for-kessie_291856_102.html","og_site_name":"EN - FC Barcelona Noticias","article_published_time":"2023-04-26T11:08:00+00:00","og_image":[{"width":1200,"height":675,"url":"https:\/\/www.fcbarcelonanoticias.com\/en\/wp-content\/uploads\/sites\/2\/2023\/04\/franck-kessie-centrocampista-del-barc-a-1.jpeg","type":"image\/jpeg"}],"twitter_card":"summary_large_image","twitter_misc":{"Est. reading time":"2 minutes"},"schema":{"@context":"https:\/\/schema.org","@graph":[{"@type":"Article","@id":"https:\/\/www.fcbarcelonanoticias.com\/en\/transfers\/juventus-joins-inter-milan-in-bid-for-kessie_291856_102.html#article","isPartOf":{"@id":"https:\/\/www.fcbarcelonanoticias.com\/en\/transfers\/juventus-joins-inter-milan-in-bid-for-kessie_291856_102.html"},"author":{"name":"","@id":""},"headline":"Juventus joins Inter and Milan in the bid for Kessi\u00e9","datePublished":"2023-04-26T11:08:00+00:00","mainEntityOfPage":{"@id":"https:\/\/www.fcbarcelonanoticias.com\/en\/transfers\/juventus-joins-inter-milan-in-bid-for-kessie_291856_102.html"},"wordCount":399,"image":{"@id":"https:\/\/www.fcbarcelonanoticias.com\/en\/transfers\/juventus-joins-inter-milan-in-bid-for-kessie_291856_102.html#primaryimage"},"thumbnailUrl":"https:\/\/www.fcbarcelonanoticias.com\/en\/wp-content\/uploads\/sites\/2\/2023\/04\/franck-kessie-centrocampista-del-barc-a-1.jpeg","keywords":["Frank Kessi\u00e9","Inter Milan","Juventus"],"articleSection":["Transfers","Transfers"],"inLanguage":"en-US"},{"@type":"WebPage","@id":"https:\/\/www.fcbarcelonanoticias.com\/en\/transfers\/juventus-joins-inter-milan-in-bid-for-kessie_291856_102.html","url":"https:\/\/www.fcbarcelonanoticias.com\/en\/transfers\/juventus-joins-inter-milan-in-bid-for-kessie_291856_102.html","name":"Juventus joins Inter and Milan in the bid for Kessi\u00e9","isPartOf":{"@id":"https:\/\/www.fcbarcelonanoticias.com\/en\/#website"},"primaryImageOfPage":{"@id":"https:\/\/www.fcbarcelonanoticias.com\/en\/transfers\/juventus-joins-inter-milan-in-bid-for-kessie_291856_102.html#primaryimage"},"image":{"@id":"https:\/\/www.fcbarcelonanoticias.com\/en\/transfers\/juventus-joins-inter-milan-in-bid-for-kessie_291856_102.html#primaryimage"},"thumbnailUrl":"https:\/\/www.fcbarcelonanoticias.com\/en\/wp-content\/uploads\/sites\/2\/2023\/04\/franck-kessie-centrocampista-del-barc-a-1.jpeg","datePublished":"2023-04-26T11:08:00+00:00","author":{"@id":""},"description":"Information from Italy assures that Juventus in Turin is following in the footsteps of Franck Kessi\u00e9 to strengthen its midfield in the summer ahead of the next season","breadcrumb":{"@id":"https:\/\/www.fcbarcelonanoticias.com\/en\/transfers\/juventus-joins-inter-milan-in-bid-for-kessie_291856_102.html#breadcrumb"},"inLanguage":"en-US","potentialAction":[{"@type":"ReadAction","target":["https:\/\/www.fcbarcelonanoticias.com\/en\/transfers\/juventus-joins-inter-milan-in-bid-for-kessie_291856_102.html"]}]},{"@type":"ImageObject","inLanguage":"en-US","@id":"https:\/\/www.fcbarcelonanoticias.com\/en\/transfers\/juventus-joins-inter-milan-in-bid-for-kessie_291856_102.html#primaryimage","url":"https:\/\/www.fcbarcelonanoticias.com\/en\/wp-content\/uploads\/sites\/2\/2023\/04\/franck-kessie-centrocampista-del-barc-a-1.jpeg","contentUrl":"https:\/\/www.fcbarcelonanoticias.com\/en\/wp-content\/uploads\/sites\/2\/2023\/04\/franck-kessie-centrocampista-del-barc-a-1.jpeg","width":1200,"height":675},{"@type":"BreadcrumbList","@id":"https:\/\/www.fcbarcelonanoticias.com\/en\/transfers\/juventus-joins-inter-milan-in-bid-for-kessie_291856_102.html#breadcrumb","itemListElement":[{"@type":"ListItem","position":1,"name":"Portada","item":"https:\/\/www.fcbarcelonanoticias.com\/en\/"},{"@type":"ListItem","position":2,"name":"Juventus joins Inter and Milan in the bid for Kessi\u00e9"}]},{"@type":"WebSite","@id":"https:\/\/www.fcbarcelonanoticias.com\/en\/#website","url":"https:\/\/www.fcbarcelonanoticias.com\/en\/","name":"EN - FC Barcelona Noticias","description":"","potentialAction":[{"@type":"SearchAction","target":{"@type":"EntryPoint","urlTemplate":"https:\/\/www.fcbarcelonanoticias.com\/en\/?s={search_term_string}"},"query-input":{"@type":"PropertyValueSpecification","valueRequired":true,"valueName":"search_term_string"}}],"inLanguage":"en-US"}]}},"_links":{"self":[{"href":"https:\/\/www.fcbarcelonanoticias.com\/en\/wp-json\/wp\/v2\/posts\/129338","targetHints":{"allow":["GET"]}}],"collection":[{"href":"https:\/\/www.fcbarcelonanoticias.com\/en\/wp-json\/wp\/v2\/posts"}],"about":[{"href":"https:\/\/www.fcbarcelonanoticias.com\/en\/wp-json\/wp\/v2\/types\/post"}],"replies":[{"embeddable":true,"href":"https:\/\/www.fcbarcelonanoticias.com\/en\/wp-json\/wp\/v2\/comments?post=129338"}],"version-history":[{"count":1,"href":"https:\/\/www.fcbarcelonanoticias.com\/en\/wp-json\/wp\/v2\/posts\/129338\/revisions"}],"predecessor-version":[{"id":152041,"href":"https:\/\/www.fcbarcelonanoticias.com\/en\/wp-json\/wp\/v2\/posts\/129338\/revisions\/152041"}],"wp:featuredmedia":[{"embeddable":true,"href":"https:\/\/www.fcbarcelonanoticias.com\/en\/wp-json\/wp\/v2\/media\/129340"}],"wp:attachment":[{"href":"https:\/\/www.fcbarcelonanoticias.com\/en\/wp-json\/wp\/v2\/media?parent=129338"}],"wp:term":[{"taxonomy":"category","embeddable":true,"href":"https:\/\/www.fcbarcelonanoticias.com\/en\/wp-json\/wp\/v2\/categories?post=129338"},{"taxonomy":"post_tag","embeddable":true,"href":"https:\/\/www.fcbarcelonanoticias.com\/en\/wp-json\/wp\/v2\/tags?post=129338"}],"curies":[{"name":"wp","href":"https:\/\/api.w.org\/{rel}","templated":true}]}}