{"id":129457,"date":"2022-11-27T20:00:00","date_gmt":"2022-11-27T19:00:00","guid":{"rendered":"https:\/\/weisetech.dev\/fc-barcelona-noticias\/en\/good-moment-asensio-could-affect-future-brahim-diaz_287030_102\/"},"modified":"2022-11-27T20:00:00","modified_gmt":"2022-11-27T19:00:00","slug":"good-moment-asensio-could-affect-future-brahim-diaz_287030_102","status":"publish","type":"post","link":"https:\/\/www.fcbarcelonanoticias.com\/en\/transfers\/good-moment-asensio-could-affect-future-brahim-diaz_287030_102.html","title":{"rendered":"The good moment of Asensio could affect the future of Brahim D\u00edaz"},"content":{"rendered":"<h2 class=\"wp-block-heading\">If Real Madrid decides to extend Asensio&#8217;s contract, Brahim D\u00edaz would be left without a place in the White House. This scenario would be used by Milan, where they want to continue counting on the man from Malaga<\/h2>  \r\n<div class=\"article-addons\">\r\n    <a href=\"https:\/\/www.fcbarcelonanoticias.com\/en\/calendar-fc-barcelona.html\"\r\n       target=\"_self\"\r\n       title=\"Calendar of FC Barcelona\"\r\n       class=\"blue-gredient-btn\">\r\n       \r\n        Calendar of FC Barcelona    <\/a>\r\n<\/div>   <p>Marco Asensio crosses his best moment of the season. The big performance the Balearic has achieved him a gap in the eleven headline of <a data-external=\"0\" data-intl-links-en=\"https:\/\/www.fcbarcelonanoticias.com\/en\/tags\/luis-enrique\" data-intl-links-es=\"https:\/\/www.fcbarcelonanoticias.com\/tags\/luis-enrique\" href=\"https:\/\/www.fcbarcelonanoticias.com\/en\/tags\/luis-enrique.html\" rel=\"follow\" target=\"_self\" title=\"Luis Enrique\">Luis Enrique<\/a> in the Spanish selection, where already shines in Qatar. In his premi\u00e8re in the new edition of the Glass of the World, <strong>the attacker achieved to join to the list of scorers in the goleada of the &#8216;Red&#8217; to Costa Rica with a big shot that put the 2-0 momentary<\/strong>. The Asturian trusts fully in him and the international appointment presents like a big opportunity to consecrate again like one of the greater Iberian talents.<\/p>  <p>In the meantime, his future keeps on being an inc\u00f3gnita. <strong>The agreement of the forward with <a data-external=\"0\" data-intl-links-en=\"https:\/\/www.fcbarcelonanoticias.com\/en\/real-madrid\" data-intl-links-es=\"https:\/\/www.fcbarcelonanoticias.com\/real-madrid\" href=\"https:\/\/www.fcbarcelonanoticias.com\/en\/football-soccer\/real-madrid.html\" rel=\"follow\" target=\"_self\" title=\"Real Madrid\">the Real Madrid<\/a> expires the next 30 June and still follows without negotiating the extension of the same<\/strong>. Carlo Ancelotti him releg\u00f3 to the ostracism during the principle of the present season, but the footballer has known to win a place in the team of the Italian, with those who has annotated 3 goals and has delivered 3 assistances in the 426 minutes that has awarded him his trainer until the moments.<\/p>  <p>Now, <strong>his big present could end in the renewal of his link with the entity merengue<\/strong>, which is the greater wish of the Majorcan. However, this situation could have a big affected. Such is the case of Brahim D\u00edaz, yielded in the AC Milan and whose index card belongs to the madridistas. The malague\u00f1o is important part of the diagram of Andrea Pioli, the one who is his big valedor in a team in which the Spanish has celebrated 4 so many and 1 assistance in 17 parties of this campaign.<\/p>  <p>For this reason, the entity &#8216;lombarda&#8217; has taken a decision regarding his future. As &#8216;The Gazzetta dello Sport&#8217;,<strong> the transalpinos would be loved to follow having the player if the Real Madrid decides finally give off of him<\/strong>. The Hispanic-Moroccan crosses his third season in Saint Siro, where could incorporate it definitively to his rows in return of 22 million euros. By his part, the vikingos would have an option repurchases valued in 27 &#8216;kilos&#8217;.<\/p>  <h3>In Milan want to renegotiate his signing<\/h3>  <p>In spite of this, from the dispatches of the AC Milan would want to abaratar his operation. Like this it has informed it the previously quoted source,<strong> where ensure that Paolo Maldini would be by the work to renegotiate the economic conditions of his signing<\/strong>. Like this the things, the alternative that Brahim keep yielded by a season more in the group &#8216;rossonero&#8217; is not descartada, to the equal that a possible discount in the final figure of the traspaso. It will remain for seeing that sucede in the weeks to come.<\/p> ","protected":false},"excerpt":{"rendered":"<p>If Real Madrid decides to extend Asensio&#8217;s contract, Brahim D\u00edaz would be left without a place in the White House. This scenario would be used by Milan, where they want to continue counting on the man from Malaga Marco Asensio crosses his best moment of the season. The big performance the Balearic has achieved him [&hellip;]<\/p>\n","protected":false},"author":358,"featured_media":129460,"comment_status":"closed","ping_status":"open","sticky":false,"template":"","format":"standard","meta":{"_acf_changed":false,"inline_featured_image":false,"_nextfly_llmd_date_locked":false,"footnotes":""},"categories":[106,449],"tags":[],"class_list":["post-129457","post","type-post","status-publish","format-standard","has-post-thumbnail","hentry","category-transfers","category-transfers-2"],"acf":[],"yoast_head":"<!-- This site is optimized with the Yoast SEO plugin v27.3 - https:\/\/yoast.com\/product\/yoast-seo-wordpress\/ -->\n<title>The good moment of Asensio could affect the future of Br...<\/title>\n<meta name=\"description\" content=\"If the Real Madrid decides to extend the agreement of Asensio, Brahim D\u00edaz would remain without place in the White House. This stage would be taken advantage of by the Milan,...\" \/>\n<meta name=\"robots\" content=\"index, follow, max-snippet:-1, max-image-preview:large, max-video-preview:-1\" \/>\n<link rel=\"canonical\" href=\"https:\/\/www.fcbarcelonanoticias.com\/en\/transfers\/good-moment-asensio-could-affect-future-brahim-diaz_287030_102.html\" \/>\n<meta property=\"og:locale\" content=\"en_US\" \/>\n<meta property=\"og:type\" content=\"article\" \/>\n<meta property=\"og:title\" content=\"The good moment of Asensio could affect the future of Br...\" \/>\n<meta property=\"og:description\" content=\"If the Real Madrid decides to extend the agreement of Asensio, Brahim D\u00edaz would remain without place in the White House. This stage would be taken advantage of by the Milan,...\" \/>\n<meta property=\"og:url\" content=\"https:\/\/www.fcbarcelonanoticias.com\/en\/transfers\/good-moment-asensio-could-affect-future-brahim-diaz_287030_102.html\" \/>\n<meta property=\"og:site_name\" content=\"EN - FC Barcelona Noticias\" \/>\n<meta property=\"article:published_time\" content=\"2022-11-27T19:00:00+00:00\" \/>\n<meta property=\"og:image\" content=\"https:\/\/www.fcbarcelonanoticias.com\/en\/wp-content\/uploads\/sites\/2\/2022\/11\/hellas-verona-v-ac-milan-serie-a-1.jpeg\" \/>\n\t<meta property=\"og:image:width\" content=\"1200\" \/>\n\t<meta property=\"og:image:height\" content=\"743\" \/>\n\t<meta property=\"og:image:type\" content=\"image\/jpeg\" \/>\n<meta name=\"author\" content=\"Juan Pablo Berdugo\" \/>\n<meta name=\"twitter:card\" content=\"summary_large_image\" \/>\n<meta name=\"twitter:label1\" content=\"Written by\" \/>\n\t<meta name=\"twitter:data1\" content=\"Juan Pablo Berdugo\" \/>\n\t<meta name=\"twitter:label2\" content=\"Est. reading time\" \/>\n\t<meta name=\"twitter:data2\" content=\"2 minutes\" \/>\n<script type=\"application\/ld+json\" class=\"yoast-schema-graph\">{\"@context\":\"https:\\\/\\\/schema.org\",\"@graph\":[{\"@type\":\"Article\",\"@id\":\"https:\\\/\\\/www.fcbarcelonanoticias.com\\\/en\\\/transfers\\\/good-moment-asensio-could-affect-future-brahim-diaz_287030_102.html#article\",\"isPartOf\":{\"@id\":\"https:\\\/\\\/www.fcbarcelonanoticias.com\\\/en\\\/transfers\\\/good-moment-asensio-could-affect-future-brahim-diaz_287030_102.html\"},\"author\":{\"name\":\"Juan Pablo Berdugo\",\"@id\":\"https:\\\/\\\/www.fcbarcelonanoticias.com\\\/en\\\/#\\\/schema\\\/person\\\/88d756918a0a1ae9fa593b5edddd1815\"},\"headline\":\"The good moment of Asensio could affect the future of Brahim D\u00edaz\",\"datePublished\":\"2022-11-27T19:00:00+00:00\",\"mainEntityOfPage\":{\"@id\":\"https:\\\/\\\/www.fcbarcelonanoticias.com\\\/en\\\/transfers\\\/good-moment-asensio-could-affect-future-brahim-diaz_287030_102.html\"},\"wordCount\":502,\"image\":{\"@id\":\"https:\\\/\\\/www.fcbarcelonanoticias.com\\\/en\\\/transfers\\\/good-moment-asensio-could-affect-future-brahim-diaz_287030_102.html#primaryimage\"},\"thumbnailUrl\":\"https:\\\/\\\/www.fcbarcelonanoticias.com\\\/en\\\/wp-content\\\/uploads\\\/sites\\\/2\\\/2022\\\/11\\\/hellas-verona-v-ac-milan-serie-a-1.jpeg\",\"articleSection\":[\"Transfers\",\"Transfers\"],\"inLanguage\":\"en-US\"},{\"@type\":\"WebPage\",\"@id\":\"https:\\\/\\\/www.fcbarcelonanoticias.com\\\/en\\\/transfers\\\/good-moment-asensio-could-affect-future-brahim-diaz_287030_102.html\",\"url\":\"https:\\\/\\\/www.fcbarcelonanoticias.com\\\/en\\\/transfers\\\/good-moment-asensio-could-affect-future-brahim-diaz_287030_102.html\",\"name\":\"The good moment of Asensio could affect the future of Br...\",\"isPartOf\":{\"@id\":\"https:\\\/\\\/www.fcbarcelonanoticias.com\\\/en\\\/#website\"},\"primaryImageOfPage\":{\"@id\":\"https:\\\/\\\/www.fcbarcelonanoticias.com\\\/en\\\/transfers\\\/good-moment-asensio-could-affect-future-brahim-diaz_287030_102.html#primaryimage\"},\"image\":{\"@id\":\"https:\\\/\\\/www.fcbarcelonanoticias.com\\\/en\\\/transfers\\\/good-moment-asensio-could-affect-future-brahim-diaz_287030_102.html#primaryimage\"},\"thumbnailUrl\":\"https:\\\/\\\/www.fcbarcelonanoticias.com\\\/en\\\/wp-content\\\/uploads\\\/sites\\\/2\\\/2022\\\/11\\\/hellas-verona-v-ac-milan-serie-a-1.jpeg\",\"datePublished\":\"2022-11-27T19:00:00+00:00\",\"author\":{\"@id\":\"https:\\\/\\\/www.fcbarcelonanoticias.com\\\/en\\\/#\\\/schema\\\/person\\\/88d756918a0a1ae9fa593b5edddd1815\"},\"description\":\"If the Real Madrid decides to extend the agreement of Asensio, Brahim D\u00edaz would remain without place in the White House. This stage would be taken advantage of by the Milan,...\",\"breadcrumb\":{\"@id\":\"https:\\\/\\\/www.fcbarcelonanoticias.com\\\/en\\\/transfers\\\/good-moment-asensio-could-affect-future-brahim-diaz_287030_102.html#breadcrumb\"},\"inLanguage\":\"en-US\",\"potentialAction\":[{\"@type\":\"ReadAction\",\"target\":[\"https:\\\/\\\/www.fcbarcelonanoticias.com\\\/en\\\/transfers\\\/good-moment-asensio-could-affect-future-brahim-diaz_287030_102.html\"]}]},{\"@type\":\"ImageObject\",\"inLanguage\":\"en-US\",\"@id\":\"https:\\\/\\\/www.fcbarcelonanoticias.com\\\/en\\\/transfers\\\/good-moment-asensio-could-affect-future-brahim-diaz_287030_102.html#primaryimage\",\"url\":\"https:\\\/\\\/www.fcbarcelonanoticias.com\\\/en\\\/wp-content\\\/uploads\\\/sites\\\/2\\\/2022\\\/11\\\/hellas-verona-v-ac-milan-serie-a-1.jpeg\",\"contentUrl\":\"https:\\\/\\\/www.fcbarcelonanoticias.com\\\/en\\\/wp-content\\\/uploads\\\/sites\\\/2\\\/2022\\\/11\\\/hellas-verona-v-ac-milan-serie-a-1.jpeg\",\"width\":1200,\"height\":743},{\"@type\":\"BreadcrumbList\",\"@id\":\"https:\\\/\\\/www.fcbarcelonanoticias.com\\\/en\\\/transfers\\\/good-moment-asensio-could-affect-future-brahim-diaz_287030_102.html#breadcrumb\",\"itemListElement\":[{\"@type\":\"ListItem\",\"position\":1,\"name\":\"Portada\",\"item\":\"https:\\\/\\\/www.fcbarcelonanoticias.com\\\/en\\\/\"},{\"@type\":\"ListItem\",\"position\":2,\"name\":\"The good moment of Asensio could affect the future of Brahim D\u00edaz\"}]},{\"@type\":\"WebSite\",\"@id\":\"https:\\\/\\\/www.fcbarcelonanoticias.com\\\/en\\\/#website\",\"url\":\"https:\\\/\\\/www.fcbarcelonanoticias.com\\\/en\\\/\",\"name\":\"EN - FC Barcelona Noticias\",\"description\":\"\",\"potentialAction\":[{\"@type\":\"SearchAction\",\"target\":{\"@type\":\"EntryPoint\",\"urlTemplate\":\"https:\\\/\\\/www.fcbarcelonanoticias.com\\\/en\\\/?s={search_term_string}\"},\"query-input\":{\"@type\":\"PropertyValueSpecification\",\"valueRequired\":true,\"valueName\":\"search_term_string\"}}],\"inLanguage\":\"en-US\"},{\"@type\":\"Person\",\"@id\":\"https:\\\/\\\/www.fcbarcelonanoticias.com\\\/en\\\/#\\\/schema\\\/person\\\/88d756918a0a1ae9fa593b5edddd1815\",\"name\":\"Juan Pablo Berdugo\",\"image\":{\"@type\":\"ImageObject\",\"inLanguage\":\"en-US\",\"@id\":\"https:\\\/\\\/secure.gravatar.com\\\/avatar\\\/?s=96&d=mm&r=g\",\"url\":\"https:\\\/\\\/secure.gravatar.com\\\/avatar\\\/?s=96&d=mm&r=g\",\"contentUrl\":\"https:\\\/\\\/secure.gravatar.com\\\/avatar\\\/?s=96&d=mm&r=g\",\"caption\":\"Juan Pablo Berdugo\"},\"description\":\"Juan Pablo Berdugo es graduado en Periodismo. Colabora con FCBN como especialista en informaci\u00f3n del primer equipo del FC Barcelona, f\u00fatbol internacional y mercado de fichajes. Destaca por su enfoque anal\u00edtico, su rigor informativo y su capacidad para detectar tendencias emergentes en el f\u00fatbol global.\",\"url\":\"https:\\\/\\\/www.fcbarcelonanoticias.com\\\/en\\\/fc-barcelona\\\/juan-pablo-berdugo_18_115.html\"}]}<\/script>\n<!-- \/ Yoast SEO plugin. -->","yoast_head_json":{"title":"The good moment of Asensio could affect the future of Br...","description":"If the Real Madrid decides to extend the agreement of Asensio, Brahim D\u00edaz would remain without place in the White House. This stage would be taken advantage of by the Milan,...","robots":{"index":"index","follow":"follow","max-snippet":"max-snippet:-1","max-image-preview":"max-image-preview:large","max-video-preview":"max-video-preview:-1"},"canonical":"https:\/\/www.fcbarcelonanoticias.com\/en\/transfers\/good-moment-asensio-could-affect-future-brahim-diaz_287030_102.html","og_locale":"en_US","og_type":"article","og_title":"The good moment of Asensio could affect the future of Br...","og_description":"If the Real Madrid decides to extend the agreement of Asensio, Brahim D\u00edaz would remain without place in the White House. This stage would be taken advantage of by the Milan,...","og_url":"https:\/\/www.fcbarcelonanoticias.com\/en\/transfers\/good-moment-asensio-could-affect-future-brahim-diaz_287030_102.html","og_site_name":"EN - FC Barcelona Noticias","article_published_time":"2022-11-27T19:00:00+00:00","og_image":[{"width":1200,"height":743,"url":"https:\/\/www.fcbarcelonanoticias.com\/en\/wp-content\/uploads\/sites\/2\/2022\/11\/hellas-verona-v-ac-milan-serie-a-1.jpeg","type":"image\/jpeg"}],"author":"Juan Pablo Berdugo","twitter_card":"summary_large_image","twitter_misc":{"Written by":"Juan Pablo Berdugo","Est. reading time":"2 minutes"},"schema":{"@context":"https:\/\/schema.org","@graph":[{"@type":"Article","@id":"https:\/\/www.fcbarcelonanoticias.com\/en\/transfers\/good-moment-asensio-could-affect-future-brahim-diaz_287030_102.html#article","isPartOf":{"@id":"https:\/\/www.fcbarcelonanoticias.com\/en\/transfers\/good-moment-asensio-could-affect-future-brahim-diaz_287030_102.html"},"author":{"name":"Juan Pablo Berdugo","@id":"https:\/\/www.fcbarcelonanoticias.com\/en\/#\/schema\/person\/88d756918a0a1ae9fa593b5edddd1815"},"headline":"The good moment of Asensio could affect the future of Brahim D\u00edaz","datePublished":"2022-11-27T19:00:00+00:00","mainEntityOfPage":{"@id":"https:\/\/www.fcbarcelonanoticias.com\/en\/transfers\/good-moment-asensio-could-affect-future-brahim-diaz_287030_102.html"},"wordCount":502,"image":{"@id":"https:\/\/www.fcbarcelonanoticias.com\/en\/transfers\/good-moment-asensio-could-affect-future-brahim-diaz_287030_102.html#primaryimage"},"thumbnailUrl":"https:\/\/www.fcbarcelonanoticias.com\/en\/wp-content\/uploads\/sites\/2\/2022\/11\/hellas-verona-v-ac-milan-serie-a-1.jpeg","articleSection":["Transfers","Transfers"],"inLanguage":"en-US"},{"@type":"WebPage","@id":"https:\/\/www.fcbarcelonanoticias.com\/en\/transfers\/good-moment-asensio-could-affect-future-brahim-diaz_287030_102.html","url":"https:\/\/www.fcbarcelonanoticias.com\/en\/transfers\/good-moment-asensio-could-affect-future-brahim-diaz_287030_102.html","name":"The good moment of Asensio could affect the future of Br...","isPartOf":{"@id":"https:\/\/www.fcbarcelonanoticias.com\/en\/#website"},"primaryImageOfPage":{"@id":"https:\/\/www.fcbarcelonanoticias.com\/en\/transfers\/good-moment-asensio-could-affect-future-brahim-diaz_287030_102.html#primaryimage"},"image":{"@id":"https:\/\/www.fcbarcelonanoticias.com\/en\/transfers\/good-moment-asensio-could-affect-future-brahim-diaz_287030_102.html#primaryimage"},"thumbnailUrl":"https:\/\/www.fcbarcelonanoticias.com\/en\/wp-content\/uploads\/sites\/2\/2022\/11\/hellas-verona-v-ac-milan-serie-a-1.jpeg","datePublished":"2022-11-27T19:00:00+00:00","author":{"@id":"https:\/\/www.fcbarcelonanoticias.com\/en\/#\/schema\/person\/88d756918a0a1ae9fa593b5edddd1815"},"description":"If the Real Madrid decides to extend the agreement of Asensio, Brahim D\u00edaz would remain without place in the White House. This stage would be taken advantage of by the Milan,...","breadcrumb":{"@id":"https:\/\/www.fcbarcelonanoticias.com\/en\/transfers\/good-moment-asensio-could-affect-future-brahim-diaz_287030_102.html#breadcrumb"},"inLanguage":"en-US","potentialAction":[{"@type":"ReadAction","target":["https:\/\/www.fcbarcelonanoticias.com\/en\/transfers\/good-moment-asensio-could-affect-future-brahim-diaz_287030_102.html"]}]},{"@type":"ImageObject","inLanguage":"en-US","@id":"https:\/\/www.fcbarcelonanoticias.com\/en\/transfers\/good-moment-asensio-could-affect-future-brahim-diaz_287030_102.html#primaryimage","url":"https:\/\/www.fcbarcelonanoticias.com\/en\/wp-content\/uploads\/sites\/2\/2022\/11\/hellas-verona-v-ac-milan-serie-a-1.jpeg","contentUrl":"https:\/\/www.fcbarcelonanoticias.com\/en\/wp-content\/uploads\/sites\/2\/2022\/11\/hellas-verona-v-ac-milan-serie-a-1.jpeg","width":1200,"height":743},{"@type":"BreadcrumbList","@id":"https:\/\/www.fcbarcelonanoticias.com\/en\/transfers\/good-moment-asensio-could-affect-future-brahim-diaz_287030_102.html#breadcrumb","itemListElement":[{"@type":"ListItem","position":1,"name":"Portada","item":"https:\/\/www.fcbarcelonanoticias.com\/en\/"},{"@type":"ListItem","position":2,"name":"The good moment of Asensio could affect the future of Brahim D\u00edaz"}]},{"@type":"WebSite","@id":"https:\/\/www.fcbarcelonanoticias.com\/en\/#website","url":"https:\/\/www.fcbarcelonanoticias.com\/en\/","name":"EN - FC Barcelona Noticias","description":"","potentialAction":[{"@type":"SearchAction","target":{"@type":"EntryPoint","urlTemplate":"https:\/\/www.fcbarcelonanoticias.com\/en\/?s={search_term_string}"},"query-input":{"@type":"PropertyValueSpecification","valueRequired":true,"valueName":"search_term_string"}}],"inLanguage":"en-US"},{"@type":"Person","@id":"https:\/\/www.fcbarcelonanoticias.com\/en\/#\/schema\/person\/88d756918a0a1ae9fa593b5edddd1815","name":"Juan Pablo Berdugo","image":{"@type":"ImageObject","inLanguage":"en-US","@id":"https:\/\/secure.gravatar.com\/avatar\/?s=96&d=mm&r=g","url":"https:\/\/secure.gravatar.com\/avatar\/?s=96&d=mm&r=g","contentUrl":"https:\/\/secure.gravatar.com\/avatar\/?s=96&d=mm&r=g","caption":"Juan Pablo Berdugo"},"description":"Juan Pablo Berdugo es graduado en Periodismo. Colabora con FCBN como especialista en informaci\u00f3n del primer equipo del FC Barcelona, f\u00fatbol internacional y mercado de fichajes. Destaca por su enfoque anal\u00edtico, su rigor informativo y su capacidad para detectar tendencias emergentes en el f\u00fatbol global.","url":"https:\/\/www.fcbarcelonanoticias.com\/en\/fc-barcelona\/juan-pablo-berdugo_18_115.html"}]}},"_links":{"self":[{"href":"https:\/\/www.fcbarcelonanoticias.com\/en\/wp-json\/wp\/v2\/posts\/129457","targetHints":{"allow":["GET"]}}],"collection":[{"href":"https:\/\/www.fcbarcelonanoticias.com\/en\/wp-json\/wp\/v2\/posts"}],"about":[{"href":"https:\/\/www.fcbarcelonanoticias.com\/en\/wp-json\/wp\/v2\/types\/post"}],"author":[{"embeddable":true,"href":"https:\/\/www.fcbarcelonanoticias.com\/en\/wp-json\/wp\/v2\/users\/358"}],"replies":[{"embeddable":true,"href":"https:\/\/www.fcbarcelonanoticias.com\/en\/wp-json\/wp\/v2\/comments?post=129457"}],"version-history":[{"count":1,"href":"https:\/\/www.fcbarcelonanoticias.com\/en\/wp-json\/wp\/v2\/posts\/129457\/revisions"}],"predecessor-version":[{"id":151566,"href":"https:\/\/www.fcbarcelonanoticias.com\/en\/wp-json\/wp\/v2\/posts\/129457\/revisions\/151566"}],"wp:featuredmedia":[{"embeddable":true,"href":"https:\/\/www.fcbarcelonanoticias.com\/en\/wp-json\/wp\/v2\/media\/129460"}],"wp:attachment":[{"href":"https:\/\/www.fcbarcelonanoticias.com\/en\/wp-json\/wp\/v2\/media?parent=129457"}],"wp:term":[{"taxonomy":"category","embeddable":true,"href":"https:\/\/www.fcbarcelonanoticias.com\/en\/wp-json\/wp\/v2\/categories?post=129457"},{"taxonomy":"post_tag","embeddable":true,"href":"https:\/\/www.fcbarcelonanoticias.com\/en\/wp-json\/wp\/v2\/tags?post=129457"}],"curies":[{"name":"wp","href":"https:\/\/api.w.org\/{rel}","templated":true}]}}