{"id":129491,"date":"2024-12-17T00:17:00","date_gmt":"2024-12-16T23:17:00","guid":{"rendered":"https:\/\/weisetech.dev\/fc-barcelona-noticias\/en\/girona-accelerates-to-sign-barca-major-discard-this-winter_309383_102\/"},"modified":"2024-12-17T00:17:00","modified_gmt":"2024-12-16T23:17:00","slug":"girona-accelerates-to-sign-barca-major-discard-this-winter_309383_102","status":"publish","type":"post","link":"https:\/\/www.fcbarcelonanoticias.com\/en\/transfers\/girona-accelerates-to-sign-barca-major-discard-this-winter_309383_102.html","title":{"rendered":"Girona accelerates to sign Bar\u00e7a&#8217;s major discard this winter"},"content":{"rendered":"<h2 class=\"wp-block-heading\">Girona insists on the return of Eric Garc\u00eda to Montilivi. The albirrojos will do everything possible to bring the center-back in the winter market<\/h2>  \r\n<div class=\"article-addons\">\r\n    <a href=\"https:\/\/www.fcbarcelonanoticias.com\/en\/calendar-fc-barcelona.html\"\r\n       target=\"_self\"\r\n       title=\"Calendar of FC Barcelona\"\r\n       class=\"blue-gredient-btn\">\r\n       \r\n        Calendar of FC Barcelona    <\/a>\r\n<\/div>   <p><strong>Eric Garc\u00eda<\/strong> has limited time left at <strong>FC Barcelona<\/strong>. The return of <strong>Ronald Ara\u00fajo<\/strong> and the swift recovery of <strong>Andreas Christensen<\/strong>, who would return to the first team\u2019s discipline in early 2025, creates an &#8216;overbooking&#8217; situation in the center of defense and <a data-external=\"0\" data-intl-links-en=\"https:\/\/www.fcbarcelonanoticias.com\/en\/fc-barcelona-squad.html\" data-intl-links-es=\"https:\/\/www.fcbarcelonanoticias.com\/jugadores-fcbarcelona.html\" href=\"https:\/\/www.fcbarcelonanoticias.com\/en\/fc-barcelona-squad.html\" rel=\"follow\" target=\"_self\" title=\"FC Barcelona Squad\">the academy player would be the &#8216;sacrificed&#8217; one for the club to lighten the squad and gain salary margin<\/a>.<\/p>  <p>Injuries and his unconvincing performance have doomed the return of the &#8217;24&#8217; Catalan to the ranks of <strong>Hansi Flick<\/strong>&#8216;s team after being loaned to Girona last season. The duo <strong>Cubars\u00ed-I\u00f1igo Mart\u00ednez<\/strong> is extremely solidified, and the emergence of <strong>Marc Casad\u00f3<\/strong> has left him without a place in the midfield, making his role minimal.<\/p>  <h3>Girona wants Eric back<\/h3>  <p>For this reason, from <strong>Can Bar\u00e7a<\/strong>, they have opened the exit door in the winter transfer market, and according to &#8216;Relevo&#8217;, it would be the &#8216;gironins&#8217; themselves who would be most insisting on signing the defender, as <strong>M\u00edchel<\/strong> is a great admirer of the player.<\/p>  <p>Last season, <strong>Eric<\/strong> played 31 matches wearing the jersey and left very good impressions, which is why the Catalan neighbors would try to finalize his return in January. The operation will depend on several factors, and clubs like <strong>Real Sociedad<\/strong> or <strong>Betis<\/strong> are also lurking, so nothing is defined yet. However, in Montilivi, they have the lead in the bidding, and as of today, <strong>Garc\u00eda<\/strong>&#8216;s future would be on the other side of Catalunya.<\/p> ","protected":false},"excerpt":{"rendered":"<p>Girona insists on the return of Eric Garc\u00eda to Montilivi. The albirrojos will do everything possible to bring the center-back in the winter market Eric Garc\u00eda has limited time left at FC Barcelona. The return of Ronald Ara\u00fajo and the swift recovery of Andreas Christensen, who would return to the first team\u2019s discipline in early [&hellip;]<\/p>\n","protected":false},"author":358,"featured_media":129494,"comment_status":"closed","ping_status":"open","sticky":false,"template":"","format":"standard","meta":{"_acf_changed":false,"inline_featured_image":false,"_nextfly_llmd_date_locked":false,"footnotes":""},"categories":[106,449],"tags":[50],"class_list":["post-129491","post","type-post","status-publish","format-standard","has-post-thumbnail","hentry","category-transfers","category-transfers-2","tag-girona"],"acf":[],"yoast_head":"<!-- This site is optimized with the Yoast SEO plugin v27.3 - https:\/\/yoast.com\/product\/yoast-seo-wordpress\/ -->\n<title>Girona accelerates to sign Bar\u00e7a&#039;s major discard this winter<\/title>\n<meta name=\"description\" content=\"Girona insists on the return of Eric Garc\u00eda to Montilivi. The albirrojos will do everything possible to bring the center-back in the winter market\" \/>\n<meta name=\"robots\" content=\"index, follow, max-snippet:-1, max-image-preview:large, max-video-preview:-1\" \/>\n<link rel=\"canonical\" href=\"https:\/\/www.fcbarcelonanoticias.com\/en\/transfers\/girona-accelerates-to-sign-barca-major-discard-this-winter_309383_102.html\" \/>\n<meta property=\"og:locale\" content=\"en_US\" \/>\n<meta property=\"og:type\" content=\"article\" \/>\n<meta property=\"og:title\" content=\"Girona accelerates to sign Bar\u00e7a&#039;s major discard this winter\" \/>\n<meta property=\"og:description\" content=\"Girona insists on the return of Eric Garc\u00eda to Montilivi. The albirrojos will do everything possible to bring the center-back in the winter market\" \/>\n<meta property=\"og:url\" content=\"https:\/\/www.fcbarcelonanoticias.com\/en\/transfers\/girona-accelerates-to-sign-barca-major-discard-this-winter_309383_102.html\" \/>\n<meta property=\"og:site_name\" content=\"EN - FC Barcelona Noticias\" \/>\n<meta property=\"article:published_time\" content=\"2024-12-16T23:17:00+00:00\" \/>\n<meta property=\"og:image\" content=\"https:\/\/www.fcbarcelonanoticias.com\/en\/wp-content\/uploads\/sites\/2\/2024\/12\/eric-garcia-calentando-1.jpeg\" \/>\n\t<meta property=\"og:image:width\" content=\"1200\" \/>\n\t<meta property=\"og:image:height\" content=\"675\" \/>\n\t<meta property=\"og:image:type\" content=\"image\/jpeg\" \/>\n<meta name=\"author\" content=\"Juan Pablo Berdugo\" \/>\n<meta name=\"twitter:card\" content=\"summary_large_image\" \/>\n<meta name=\"twitter:label1\" content=\"Written by\" \/>\n\t<meta name=\"twitter:data1\" content=\"Juan Pablo Berdugo\" \/>\n\t<meta name=\"twitter:label2\" content=\"Est. reading time\" \/>\n\t<meta name=\"twitter:data2\" content=\"1 minute\" \/>\n<script type=\"application\/ld+json\" class=\"yoast-schema-graph\">{\"@context\":\"https:\\\/\\\/schema.org\",\"@graph\":[{\"@type\":\"Article\",\"@id\":\"https:\\\/\\\/www.fcbarcelonanoticias.com\\\/en\\\/transfers\\\/girona-accelerates-to-sign-barca-major-discard-this-winter_309383_102.html#article\",\"isPartOf\":{\"@id\":\"https:\\\/\\\/www.fcbarcelonanoticias.com\\\/en\\\/transfers\\\/girona-accelerates-to-sign-barca-major-discard-this-winter_309383_102.html\"},\"author\":{\"name\":\"Juan Pablo Berdugo\",\"@id\":\"https:\\\/\\\/www.fcbarcelonanoticias.com\\\/en\\\/#\\\/schema\\\/person\\\/88d756918a0a1ae9fa593b5edddd1815\"},\"headline\":\"Girona accelerates to sign Bar\u00e7a&#8217;s major discard this winter\",\"datePublished\":\"2024-12-16T23:17:00+00:00\",\"mainEntityOfPage\":{\"@id\":\"https:\\\/\\\/www.fcbarcelonanoticias.com\\\/en\\\/transfers\\\/girona-accelerates-to-sign-barca-major-discard-this-winter_309383_102.html\"},\"wordCount\":281,\"image\":{\"@id\":\"https:\\\/\\\/www.fcbarcelonanoticias.com\\\/en\\\/transfers\\\/girona-accelerates-to-sign-barca-major-discard-this-winter_309383_102.html#primaryimage\"},\"thumbnailUrl\":\"https:\\\/\\\/www.fcbarcelonanoticias.com\\\/en\\\/wp-content\\\/uploads\\\/sites\\\/2\\\/2024\\\/12\\\/eric-garcia-calentando-1.jpeg\",\"keywords\":[\"Girona\"],\"articleSection\":[\"Transfers\",\"Transfers\"],\"inLanguage\":\"en-US\"},{\"@type\":\"WebPage\",\"@id\":\"https:\\\/\\\/www.fcbarcelonanoticias.com\\\/en\\\/transfers\\\/girona-accelerates-to-sign-barca-major-discard-this-winter_309383_102.html\",\"url\":\"https:\\\/\\\/www.fcbarcelonanoticias.com\\\/en\\\/transfers\\\/girona-accelerates-to-sign-barca-major-discard-this-winter_309383_102.html\",\"name\":\"Girona accelerates to sign Bar\u00e7a's major discard this winter\",\"isPartOf\":{\"@id\":\"https:\\\/\\\/www.fcbarcelonanoticias.com\\\/en\\\/#website\"},\"primaryImageOfPage\":{\"@id\":\"https:\\\/\\\/www.fcbarcelonanoticias.com\\\/en\\\/transfers\\\/girona-accelerates-to-sign-barca-major-discard-this-winter_309383_102.html#primaryimage\"},\"image\":{\"@id\":\"https:\\\/\\\/www.fcbarcelonanoticias.com\\\/en\\\/transfers\\\/girona-accelerates-to-sign-barca-major-discard-this-winter_309383_102.html#primaryimage\"},\"thumbnailUrl\":\"https:\\\/\\\/www.fcbarcelonanoticias.com\\\/en\\\/wp-content\\\/uploads\\\/sites\\\/2\\\/2024\\\/12\\\/eric-garcia-calentando-1.jpeg\",\"datePublished\":\"2024-12-16T23:17:00+00:00\",\"author\":{\"@id\":\"https:\\\/\\\/www.fcbarcelonanoticias.com\\\/en\\\/#\\\/schema\\\/person\\\/88d756918a0a1ae9fa593b5edddd1815\"},\"description\":\"Girona insists on the return of Eric Garc\u00eda to Montilivi. The albirrojos will do everything possible to bring the center-back in the winter market\",\"breadcrumb\":{\"@id\":\"https:\\\/\\\/www.fcbarcelonanoticias.com\\\/en\\\/transfers\\\/girona-accelerates-to-sign-barca-major-discard-this-winter_309383_102.html#breadcrumb\"},\"inLanguage\":\"en-US\",\"potentialAction\":[{\"@type\":\"ReadAction\",\"target\":[\"https:\\\/\\\/www.fcbarcelonanoticias.com\\\/en\\\/transfers\\\/girona-accelerates-to-sign-barca-major-discard-this-winter_309383_102.html\"]}]},{\"@type\":\"ImageObject\",\"inLanguage\":\"en-US\",\"@id\":\"https:\\\/\\\/www.fcbarcelonanoticias.com\\\/en\\\/transfers\\\/girona-accelerates-to-sign-barca-major-discard-this-winter_309383_102.html#primaryimage\",\"url\":\"https:\\\/\\\/www.fcbarcelonanoticias.com\\\/en\\\/wp-content\\\/uploads\\\/sites\\\/2\\\/2024\\\/12\\\/eric-garcia-calentando-1.jpeg\",\"contentUrl\":\"https:\\\/\\\/www.fcbarcelonanoticias.com\\\/en\\\/wp-content\\\/uploads\\\/sites\\\/2\\\/2024\\\/12\\\/eric-garcia-calentando-1.jpeg\",\"width\":1200,\"height\":675},{\"@type\":\"BreadcrumbList\",\"@id\":\"https:\\\/\\\/www.fcbarcelonanoticias.com\\\/en\\\/transfers\\\/girona-accelerates-to-sign-barca-major-discard-this-winter_309383_102.html#breadcrumb\",\"itemListElement\":[{\"@type\":\"ListItem\",\"position\":1,\"name\":\"Portada\",\"item\":\"https:\\\/\\\/www.fcbarcelonanoticias.com\\\/en\\\/\"},{\"@type\":\"ListItem\",\"position\":2,\"name\":\"Girona accelerates to sign Bar\u00e7a&#8217;s major discard this winter\"}]},{\"@type\":\"WebSite\",\"@id\":\"https:\\\/\\\/www.fcbarcelonanoticias.com\\\/en\\\/#website\",\"url\":\"https:\\\/\\\/www.fcbarcelonanoticias.com\\\/en\\\/\",\"name\":\"EN - FC Barcelona Noticias\",\"description\":\"\",\"potentialAction\":[{\"@type\":\"SearchAction\",\"target\":{\"@type\":\"EntryPoint\",\"urlTemplate\":\"https:\\\/\\\/www.fcbarcelonanoticias.com\\\/en\\\/?s={search_term_string}\"},\"query-input\":{\"@type\":\"PropertyValueSpecification\",\"valueRequired\":true,\"valueName\":\"search_term_string\"}}],\"inLanguage\":\"en-US\"},{\"@type\":\"Person\",\"@id\":\"https:\\\/\\\/www.fcbarcelonanoticias.com\\\/en\\\/#\\\/schema\\\/person\\\/88d756918a0a1ae9fa593b5edddd1815\",\"name\":\"Juan Pablo Berdugo\",\"image\":{\"@type\":\"ImageObject\",\"inLanguage\":\"en-US\",\"@id\":\"https:\\\/\\\/secure.gravatar.com\\\/avatar\\\/?s=96&d=mm&r=g\",\"url\":\"https:\\\/\\\/secure.gravatar.com\\\/avatar\\\/?s=96&d=mm&r=g\",\"contentUrl\":\"https:\\\/\\\/secure.gravatar.com\\\/avatar\\\/?s=96&d=mm&r=g\",\"caption\":\"Juan Pablo Berdugo\"},\"description\":\"Juan Pablo Berdugo es graduado en Periodismo. Colabora con FCBN como especialista en informaci\u00f3n del primer equipo del FC Barcelona, f\u00fatbol internacional y mercado de fichajes. Destaca por su enfoque anal\u00edtico, su rigor informativo y su capacidad para detectar tendencias emergentes en el f\u00fatbol global.\",\"url\":\"https:\\\/\\\/www.fcbarcelonanoticias.com\\\/en\\\/fc-barcelona\\\/juan-pablo-berdugo_18_115.html\"}]}<\/script>\n<!-- \/ Yoast SEO plugin. -->","yoast_head_json":{"title":"Girona accelerates to sign Bar\u00e7a's major discard this winter","description":"Girona insists on the return of Eric Garc\u00eda to Montilivi. The albirrojos will do everything possible to bring the center-back in the winter market","robots":{"index":"index","follow":"follow","max-snippet":"max-snippet:-1","max-image-preview":"max-image-preview:large","max-video-preview":"max-video-preview:-1"},"canonical":"https:\/\/www.fcbarcelonanoticias.com\/en\/transfers\/girona-accelerates-to-sign-barca-major-discard-this-winter_309383_102.html","og_locale":"en_US","og_type":"article","og_title":"Girona accelerates to sign Bar\u00e7a's major discard this winter","og_description":"Girona insists on the return of Eric Garc\u00eda to Montilivi. The albirrojos will do everything possible to bring the center-back in the winter market","og_url":"https:\/\/www.fcbarcelonanoticias.com\/en\/transfers\/girona-accelerates-to-sign-barca-major-discard-this-winter_309383_102.html","og_site_name":"EN - FC Barcelona Noticias","article_published_time":"2024-12-16T23:17:00+00:00","og_image":[{"width":1200,"height":675,"url":"https:\/\/www.fcbarcelonanoticias.com\/en\/wp-content\/uploads\/sites\/2\/2024\/12\/eric-garcia-calentando-1.jpeg","type":"image\/jpeg"}],"author":"Juan Pablo Berdugo","twitter_card":"summary_large_image","twitter_misc":{"Written by":"Juan Pablo Berdugo","Est. reading time":"1 minute"},"schema":{"@context":"https:\/\/schema.org","@graph":[{"@type":"Article","@id":"https:\/\/www.fcbarcelonanoticias.com\/en\/transfers\/girona-accelerates-to-sign-barca-major-discard-this-winter_309383_102.html#article","isPartOf":{"@id":"https:\/\/www.fcbarcelonanoticias.com\/en\/transfers\/girona-accelerates-to-sign-barca-major-discard-this-winter_309383_102.html"},"author":{"name":"Juan Pablo Berdugo","@id":"https:\/\/www.fcbarcelonanoticias.com\/en\/#\/schema\/person\/88d756918a0a1ae9fa593b5edddd1815"},"headline":"Girona accelerates to sign Bar\u00e7a&#8217;s major discard this winter","datePublished":"2024-12-16T23:17:00+00:00","mainEntityOfPage":{"@id":"https:\/\/www.fcbarcelonanoticias.com\/en\/transfers\/girona-accelerates-to-sign-barca-major-discard-this-winter_309383_102.html"},"wordCount":281,"image":{"@id":"https:\/\/www.fcbarcelonanoticias.com\/en\/transfers\/girona-accelerates-to-sign-barca-major-discard-this-winter_309383_102.html#primaryimage"},"thumbnailUrl":"https:\/\/www.fcbarcelonanoticias.com\/en\/wp-content\/uploads\/sites\/2\/2024\/12\/eric-garcia-calentando-1.jpeg","keywords":["Girona"],"articleSection":["Transfers","Transfers"],"inLanguage":"en-US"},{"@type":"WebPage","@id":"https:\/\/www.fcbarcelonanoticias.com\/en\/transfers\/girona-accelerates-to-sign-barca-major-discard-this-winter_309383_102.html","url":"https:\/\/www.fcbarcelonanoticias.com\/en\/transfers\/girona-accelerates-to-sign-barca-major-discard-this-winter_309383_102.html","name":"Girona accelerates to sign Bar\u00e7a's major discard this winter","isPartOf":{"@id":"https:\/\/www.fcbarcelonanoticias.com\/en\/#website"},"primaryImageOfPage":{"@id":"https:\/\/www.fcbarcelonanoticias.com\/en\/transfers\/girona-accelerates-to-sign-barca-major-discard-this-winter_309383_102.html#primaryimage"},"image":{"@id":"https:\/\/www.fcbarcelonanoticias.com\/en\/transfers\/girona-accelerates-to-sign-barca-major-discard-this-winter_309383_102.html#primaryimage"},"thumbnailUrl":"https:\/\/www.fcbarcelonanoticias.com\/en\/wp-content\/uploads\/sites\/2\/2024\/12\/eric-garcia-calentando-1.jpeg","datePublished":"2024-12-16T23:17:00+00:00","author":{"@id":"https:\/\/www.fcbarcelonanoticias.com\/en\/#\/schema\/person\/88d756918a0a1ae9fa593b5edddd1815"},"description":"Girona insists on the return of Eric Garc\u00eda to Montilivi. The albirrojos will do everything possible to bring the center-back in the winter market","breadcrumb":{"@id":"https:\/\/www.fcbarcelonanoticias.com\/en\/transfers\/girona-accelerates-to-sign-barca-major-discard-this-winter_309383_102.html#breadcrumb"},"inLanguage":"en-US","potentialAction":[{"@type":"ReadAction","target":["https:\/\/www.fcbarcelonanoticias.com\/en\/transfers\/girona-accelerates-to-sign-barca-major-discard-this-winter_309383_102.html"]}]},{"@type":"ImageObject","inLanguage":"en-US","@id":"https:\/\/www.fcbarcelonanoticias.com\/en\/transfers\/girona-accelerates-to-sign-barca-major-discard-this-winter_309383_102.html#primaryimage","url":"https:\/\/www.fcbarcelonanoticias.com\/en\/wp-content\/uploads\/sites\/2\/2024\/12\/eric-garcia-calentando-1.jpeg","contentUrl":"https:\/\/www.fcbarcelonanoticias.com\/en\/wp-content\/uploads\/sites\/2\/2024\/12\/eric-garcia-calentando-1.jpeg","width":1200,"height":675},{"@type":"BreadcrumbList","@id":"https:\/\/www.fcbarcelonanoticias.com\/en\/transfers\/girona-accelerates-to-sign-barca-major-discard-this-winter_309383_102.html#breadcrumb","itemListElement":[{"@type":"ListItem","position":1,"name":"Portada","item":"https:\/\/www.fcbarcelonanoticias.com\/en\/"},{"@type":"ListItem","position":2,"name":"Girona accelerates to sign Bar\u00e7a&#8217;s major discard this winter"}]},{"@type":"WebSite","@id":"https:\/\/www.fcbarcelonanoticias.com\/en\/#website","url":"https:\/\/www.fcbarcelonanoticias.com\/en\/","name":"EN - FC Barcelona Noticias","description":"","potentialAction":[{"@type":"SearchAction","target":{"@type":"EntryPoint","urlTemplate":"https:\/\/www.fcbarcelonanoticias.com\/en\/?s={search_term_string}"},"query-input":{"@type":"PropertyValueSpecification","valueRequired":true,"valueName":"search_term_string"}}],"inLanguage":"en-US"},{"@type":"Person","@id":"https:\/\/www.fcbarcelonanoticias.com\/en\/#\/schema\/person\/88d756918a0a1ae9fa593b5edddd1815","name":"Juan Pablo Berdugo","image":{"@type":"ImageObject","inLanguage":"en-US","@id":"https:\/\/secure.gravatar.com\/avatar\/?s=96&d=mm&r=g","url":"https:\/\/secure.gravatar.com\/avatar\/?s=96&d=mm&r=g","contentUrl":"https:\/\/secure.gravatar.com\/avatar\/?s=96&d=mm&r=g","caption":"Juan Pablo Berdugo"},"description":"Juan Pablo Berdugo es graduado en Periodismo. Colabora con FCBN como especialista en informaci\u00f3n del primer equipo del FC Barcelona, f\u00fatbol internacional y mercado de fichajes. Destaca por su enfoque anal\u00edtico, su rigor informativo y su capacidad para detectar tendencias emergentes en el f\u00fatbol global.","url":"https:\/\/www.fcbarcelonanoticias.com\/en\/fc-barcelona\/juan-pablo-berdugo_18_115.html"}]}},"_links":{"self":[{"href":"https:\/\/www.fcbarcelonanoticias.com\/en\/wp-json\/wp\/v2\/posts\/129491","targetHints":{"allow":["GET"]}}],"collection":[{"href":"https:\/\/www.fcbarcelonanoticias.com\/en\/wp-json\/wp\/v2\/posts"}],"about":[{"href":"https:\/\/www.fcbarcelonanoticias.com\/en\/wp-json\/wp\/v2\/types\/post"}],"author":[{"embeddable":true,"href":"https:\/\/www.fcbarcelonanoticias.com\/en\/wp-json\/wp\/v2\/users\/358"}],"replies":[{"embeddable":true,"href":"https:\/\/www.fcbarcelonanoticias.com\/en\/wp-json\/wp\/v2\/comments?post=129491"}],"version-history":[{"count":1,"href":"https:\/\/www.fcbarcelonanoticias.com\/en\/wp-json\/wp\/v2\/posts\/129491\/revisions"}],"predecessor-version":[{"id":151561,"href":"https:\/\/www.fcbarcelonanoticias.com\/en\/wp-json\/wp\/v2\/posts\/129491\/revisions\/151561"}],"wp:featuredmedia":[{"embeddable":true,"href":"https:\/\/www.fcbarcelonanoticias.com\/en\/wp-json\/wp\/v2\/media\/129494"}],"wp:attachment":[{"href":"https:\/\/www.fcbarcelonanoticias.com\/en\/wp-json\/wp\/v2\/media?parent=129491"}],"wp:term":[{"taxonomy":"category","embeddable":true,"href":"https:\/\/www.fcbarcelonanoticias.com\/en\/wp-json\/wp\/v2\/categories?post=129491"},{"taxonomy":"post_tag","embeddable":true,"href":"https:\/\/www.fcbarcelonanoticias.com\/en\/wp-json\/wp\/v2\/tags?post=129491"}],"curies":[{"name":"wp","href":"https:\/\/api.w.org\/{rel}","templated":true}]}}