{"id":129551,"date":"2024-01-10T13:04:00","date_gmt":"2024-01-10T12:04:00","guid":{"rendered":"https:\/\/weisetech.dev\/fc-barcelona-noticias\/en\/girona-confirms-how-much-barca-will-have-to-pay-to-sign-aleix-garcia_299772_102\/"},"modified":"2024-01-10T13:04:00","modified_gmt":"2024-01-10T12:04:00","slug":"girona-confirms-how-much-barca-will-have-to-pay-to-sign-aleix-garcia_299772_102","status":"publish","type":"post","link":"https:\/\/www.fcbarcelonanoticias.com\/en\/transfers\/girona-confirms-how-much-barca-will-have-to-pay-to-sign-aleix-garcia_299772_102.html","title":{"rendered":"Girona confirms how much Bar\u00e7a will have to pay to sign Aleix Garc\u00eda"},"content":{"rendered":"<h2 class=\"wp-block-heading\">Aleix Garc\u00eda is the midfielder that Xavi wants for his FC Barcelona this January, but his signing seems more than complicated. Girona insists on its price and the cul\u00e9s find it difficult to pay it at the moment<\/h2>  \r\n<div class=\"article-addons\">\r\n    <a href=\"https:\/\/www.fcbarcelonanoticias.com\/en\/calendar-fc-barcelona.html\"\r\n       target=\"_self\"\r\n       title=\"Calendar of FC Barcelona\"\r\n       class=\"blue-gredient-btn\">\r\n       \r\n        Calendar of FC Barcelona    <\/a>\r\n<\/div>   <p>The FC Barcelona is working for fichar a mediocentro in this market of winter, but if it does not achieve to sell 10% of Bar\u00e7a Vision that went to buy Free.<strong> Without these 40 million euros, the cul\u00e9s have almost impossible to reinforce the midfield now<\/strong>. Besides, in case it was little with this, the player preferred by Xavi Hern\u00e1ndez seems that it goes out totally of budget.<\/p>  <p>Aleix Garc\u00eda, that is being the best pivote of what goes of League, is the footballer that want the Barcelona to play after <strong><a data-external=\"0\" data-intl-links-en=\"https:\/\/www.fcbarcelonanoticias.com\/en\/tags\/de-jong\" data-intl-links-es=\"https:\/\/www.fcbarcelonanoticias.com\/tags\/de-jong\" href=\"https:\/\/www.fcbarcelonanoticias.com\/en\/tags\/de-jong.html\" rel=\"follow\" target=\"_self\" title=\"Frenkie de Jong\">Frenkie of Jong<\/a><\/strong>, G\u00fcndogan or Pedri. However, <strong>the Girona does not want to disassemble his team going col\u00edderes and aspiring seriously to the title suspender belt<\/strong>. It is therefore by what the &#8216;gironins&#8217; will not recess an alone euro the price of the Catalan, that is not another that his clause of rescission.<\/p>  <p>In &#8216;Sportive World&#8217; leave clear that <strong>from Montilivi insist in that the freedom of the of Ulldecona costs 20 million euros<\/strong>. In the Bar\u00e7a carry weeks thinking that his clause is of 14 &#8216;kilos&#8217;, but the rojiblancos ensure that it is of 6 millions more. Although it is not confirmed neither a price neither the another, right now gives the feeling that the arrival of the Spanish to Montju\u00efc is more far that never.<\/p>  <h2>The signing of Romeu gives hopes to the Bar\u00e7a with Aleix<\/h2>  <p>Nevertheless, in the Barcelona do not lose of the all the hope, since <strong>in summer also said that the clause <a data-external=\"0\" data-intl-links-en=\"https:\/\/www.fcbarcelonanoticias.com\/en\/tags\/oriol-romeu\" data-intl-links-es=\"https:\/\/www.fcbarcelonanoticias.com\/tags\/oriol-romeu\" href=\"https:\/\/www.fcbarcelonanoticias.com\/en\/tags\/oriol-romeu.html\" rel=\"follow\" target=\"_self\" title=\"Oriol Romeu\">of Oriol Romeu<\/a> was elder of what finished being at the end<\/strong>. The blaugrana attained ficharle much cheaper of the expected when it began the negotiation and therefore they think that with Aleix could suceder something alike. In Arabia there will be a meeting between Xavi, Deco, Rafa Yuste and can that until Joan Laporta to speak on the subject, although until not having the &#8216;cash&#8217; that went to earn by Free seems that the cul\u00e9s are &#8216;tied hand and foot&#8217;.<\/p> ","protected":false},"excerpt":{"rendered":"<p>Aleix Garc\u00eda is the midfielder that Xavi wants for his FC Barcelona this January, but his signing seems more than complicated. Girona insists on its price and the cul\u00e9s find it difficult to pay it at the moment The FC Barcelona is working for fichar a mediocentro in this market of winter, but if it [&hellip;]<\/p>\n","protected":false},"author":359,"featured_media":129553,"comment_status":"closed","ping_status":"open","sticky":false,"template":"","format":"standard","meta":{"_acf_changed":false,"inline_featured_image":false,"_nextfly_llmd_date_locked":false,"footnotes":""},"categories":[106,449],"tags":[50],"class_list":["post-129551","post","type-post","status-publish","format-standard","has-post-thumbnail","hentry","category-transfers","category-transfers-2","tag-girona"],"acf":[],"yoast_head":"<!-- This site is optimized with the Yoast SEO plugin v27.3 - https:\/\/yoast.com\/product\/yoast-seo-wordpress\/ -->\n<title>Girona confirms how much Bar\u00e7a will have to pay to sign Aleix Garc\u00eda<\/title>\n<meta name=\"description\" content=\"Aleix Garc\u00eda is the mediocentro that Xavi wants for his FC Barcelona in this month of January, but his signing seems more than complicated. The Girona insists in his price and the cul\u00e9s have difficult can pay it in these moments\" \/>\n<meta name=\"robots\" content=\"index, follow, max-snippet:-1, max-image-preview:large, max-video-preview:-1\" \/>\n<link rel=\"canonical\" href=\"https:\/\/www.fcbarcelonanoticias.com\/en\/transfers\/girona-confirms-how-much-barca-will-have-to-pay-to-sign-aleix-garcia_299772_102.html\" \/>\n<meta property=\"og:locale\" content=\"en_US\" \/>\n<meta property=\"og:type\" content=\"article\" \/>\n<meta property=\"og:title\" content=\"Girona confirms how much Bar\u00e7a will have to pay to sign Aleix Garc\u00eda\" \/>\n<meta property=\"og:description\" content=\"Aleix Garc\u00eda is the mediocentro that Xavi wants for his FC Barcelona in this month of January, but his signing seems more than complicated. The Girona insists in his price and the cul\u00e9s have difficult can pay it in these moments\" \/>\n<meta property=\"og:url\" content=\"https:\/\/www.fcbarcelonanoticias.com\/en\/transfers\/girona-confirms-how-much-barca-will-have-to-pay-to-sign-aleix-garcia_299772_102.html\" \/>\n<meta property=\"og:site_name\" content=\"EN - FC Barcelona Noticias\" \/>\n<meta property=\"article:published_time\" content=\"2024-01-10T12:04:00+00:00\" \/>\n<meta property=\"og:image\" content=\"https:\/\/www.fcbarcelonanoticias.com\/en\/wp-content\/uploads\/sites\/2\/2024\/01\/aleix-garcia-en-un-partido-del-girona.jpeg\" \/>\n\t<meta property=\"og:image:width\" content=\"1200\" \/>\n\t<meta property=\"og:image:height\" content=\"675\" \/>\n\t<meta property=\"og:image:type\" content=\"image\/jpeg\" \/>\n<meta name=\"author\" content=\"Eduardo Mart\u00edn Santos\" \/>\n<meta name=\"twitter:card\" content=\"summary_large_image\" \/>\n<meta name=\"twitter:label1\" content=\"Written by\" \/>\n\t<meta name=\"twitter:data1\" content=\"Eduardo Mart\u00edn Santos\" \/>\n\t<meta name=\"twitter:label2\" content=\"Est. reading time\" \/>\n\t<meta name=\"twitter:data2\" content=\"2 minutes\" \/>\n<script type=\"application\/ld+json\" class=\"yoast-schema-graph\">{\"@context\":\"https:\\\/\\\/schema.org\",\"@graph\":[{\"@type\":\"Article\",\"@id\":\"https:\\\/\\\/www.fcbarcelonanoticias.com\\\/en\\\/transfers\\\/girona-confirms-how-much-barca-will-have-to-pay-to-sign-aleix-garcia_299772_102.html#article\",\"isPartOf\":{\"@id\":\"https:\\\/\\\/www.fcbarcelonanoticias.com\\\/en\\\/transfers\\\/girona-confirms-how-much-barca-will-have-to-pay-to-sign-aleix-garcia_299772_102.html\"},\"author\":{\"name\":\"Eduardo Mart\u00edn Santos\",\"@id\":\"https:\\\/\\\/www.fcbarcelonanoticias.com\\\/en\\\/#\\\/schema\\\/person\\\/4bdbc782ba6060d3f7005b61e97fb753\"},\"headline\":\"Girona confirms how much Bar\u00e7a will have to pay to sign Aleix Garc\u00eda\",\"datePublished\":\"2024-01-10T12:04:00+00:00\",\"mainEntityOfPage\":{\"@id\":\"https:\\\/\\\/www.fcbarcelonanoticias.com\\\/en\\\/transfers\\\/girona-confirms-how-much-barca-will-have-to-pay-to-sign-aleix-garcia_299772_102.html\"},\"wordCount\":390,\"image\":{\"@id\":\"https:\\\/\\\/www.fcbarcelonanoticias.com\\\/en\\\/transfers\\\/girona-confirms-how-much-barca-will-have-to-pay-to-sign-aleix-garcia_299772_102.html#primaryimage\"},\"thumbnailUrl\":\"https:\\\/\\\/www.fcbarcelonanoticias.com\\\/en\\\/wp-content\\\/uploads\\\/sites\\\/2\\\/2024\\\/01\\\/aleix-garcia-en-un-partido-del-girona.jpeg\",\"keywords\":[\"Girona\"],\"articleSection\":[\"Transfers\",\"Transfers\"],\"inLanguage\":\"en-US\"},{\"@type\":\"WebPage\",\"@id\":\"https:\\\/\\\/www.fcbarcelonanoticias.com\\\/en\\\/transfers\\\/girona-confirms-how-much-barca-will-have-to-pay-to-sign-aleix-garcia_299772_102.html\",\"url\":\"https:\\\/\\\/www.fcbarcelonanoticias.com\\\/en\\\/transfers\\\/girona-confirms-how-much-barca-will-have-to-pay-to-sign-aleix-garcia_299772_102.html\",\"name\":\"Girona confirms how much Bar\u00e7a will have to pay to sign Aleix Garc\u00eda\",\"isPartOf\":{\"@id\":\"https:\\\/\\\/www.fcbarcelonanoticias.com\\\/en\\\/#website\"},\"primaryImageOfPage\":{\"@id\":\"https:\\\/\\\/www.fcbarcelonanoticias.com\\\/en\\\/transfers\\\/girona-confirms-how-much-barca-will-have-to-pay-to-sign-aleix-garcia_299772_102.html#primaryimage\"},\"image\":{\"@id\":\"https:\\\/\\\/www.fcbarcelonanoticias.com\\\/en\\\/transfers\\\/girona-confirms-how-much-barca-will-have-to-pay-to-sign-aleix-garcia_299772_102.html#primaryimage\"},\"thumbnailUrl\":\"https:\\\/\\\/www.fcbarcelonanoticias.com\\\/en\\\/wp-content\\\/uploads\\\/sites\\\/2\\\/2024\\\/01\\\/aleix-garcia-en-un-partido-del-girona.jpeg\",\"datePublished\":\"2024-01-10T12:04:00+00:00\",\"author\":{\"@id\":\"https:\\\/\\\/www.fcbarcelonanoticias.com\\\/en\\\/#\\\/schema\\\/person\\\/4bdbc782ba6060d3f7005b61e97fb753\"},\"description\":\"Aleix Garc\u00eda is the mediocentro that Xavi wants for his FC Barcelona in this month of January, but his signing seems more than complicated. The Girona insists in his price and the cul\u00e9s have difficult can pay it in these moments\",\"breadcrumb\":{\"@id\":\"https:\\\/\\\/www.fcbarcelonanoticias.com\\\/en\\\/transfers\\\/girona-confirms-how-much-barca-will-have-to-pay-to-sign-aleix-garcia_299772_102.html#breadcrumb\"},\"inLanguage\":\"en-US\",\"potentialAction\":[{\"@type\":\"ReadAction\",\"target\":[\"https:\\\/\\\/www.fcbarcelonanoticias.com\\\/en\\\/transfers\\\/girona-confirms-how-much-barca-will-have-to-pay-to-sign-aleix-garcia_299772_102.html\"]}]},{\"@type\":\"ImageObject\",\"inLanguage\":\"en-US\",\"@id\":\"https:\\\/\\\/www.fcbarcelonanoticias.com\\\/en\\\/transfers\\\/girona-confirms-how-much-barca-will-have-to-pay-to-sign-aleix-garcia_299772_102.html#primaryimage\",\"url\":\"https:\\\/\\\/www.fcbarcelonanoticias.com\\\/en\\\/wp-content\\\/uploads\\\/sites\\\/2\\\/2024\\\/01\\\/aleix-garcia-en-un-partido-del-girona.jpeg\",\"contentUrl\":\"https:\\\/\\\/www.fcbarcelonanoticias.com\\\/en\\\/wp-content\\\/uploads\\\/sites\\\/2\\\/2024\\\/01\\\/aleix-garcia-en-un-partido-del-girona.jpeg\",\"width\":1200,\"height\":675},{\"@type\":\"BreadcrumbList\",\"@id\":\"https:\\\/\\\/www.fcbarcelonanoticias.com\\\/en\\\/transfers\\\/girona-confirms-how-much-barca-will-have-to-pay-to-sign-aleix-garcia_299772_102.html#breadcrumb\",\"itemListElement\":[{\"@type\":\"ListItem\",\"position\":1,\"name\":\"Portada\",\"item\":\"https:\\\/\\\/www.fcbarcelonanoticias.com\\\/en\\\/\"},{\"@type\":\"ListItem\",\"position\":2,\"name\":\"Girona confirms how much Bar\u00e7a will have to pay to sign Aleix Garc\u00eda\"}]},{\"@type\":\"WebSite\",\"@id\":\"https:\\\/\\\/www.fcbarcelonanoticias.com\\\/en\\\/#website\",\"url\":\"https:\\\/\\\/www.fcbarcelonanoticias.com\\\/en\\\/\",\"name\":\"EN - FC Barcelona Noticias\",\"description\":\"\",\"potentialAction\":[{\"@type\":\"SearchAction\",\"target\":{\"@type\":\"EntryPoint\",\"urlTemplate\":\"https:\\\/\\\/www.fcbarcelonanoticias.com\\\/en\\\/?s={search_term_string}\"},\"query-input\":{\"@type\":\"PropertyValueSpecification\",\"valueRequired\":true,\"valueName\":\"search_term_string\"}}],\"inLanguage\":\"en-US\"},{\"@type\":\"Person\",\"@id\":\"https:\\\/\\\/www.fcbarcelonanoticias.com\\\/en\\\/#\\\/schema\\\/person\\\/4bdbc782ba6060d3f7005b61e97fb753\",\"name\":\"Eduardo Mart\u00edn Santos\",\"image\":{\"@type\":\"ImageObject\",\"inLanguage\":\"en-US\",\"@id\":\"https:\\\/\\\/secure.gravatar.com\\\/avatar\\\/?s=96&d=mm&r=g\",\"url\":\"https:\\\/\\\/secure.gravatar.com\\\/avatar\\\/?s=96&d=mm&r=g\",\"contentUrl\":\"https:\\\/\\\/secure.gravatar.com\\\/avatar\\\/?s=96&d=mm&r=g\",\"caption\":\"Eduardo Mart\u00edn Santos\"},\"url\":\"https:\\\/\\\/www.fcbarcelonanoticias.com\\\/en\\\/eduardo-martin_3_115.html\"}]}<\/script>\n<!-- \/ Yoast SEO plugin. -->","yoast_head_json":{"title":"Girona confirms how much Bar\u00e7a will have to pay to sign Aleix Garc\u00eda","description":"Aleix Garc\u00eda is the mediocentro that Xavi wants for his FC Barcelona in this month of January, but his signing seems more than complicated. The Girona insists in his price and the cul\u00e9s have difficult can pay it in these moments","robots":{"index":"index","follow":"follow","max-snippet":"max-snippet:-1","max-image-preview":"max-image-preview:large","max-video-preview":"max-video-preview:-1"},"canonical":"https:\/\/www.fcbarcelonanoticias.com\/en\/transfers\/girona-confirms-how-much-barca-will-have-to-pay-to-sign-aleix-garcia_299772_102.html","og_locale":"en_US","og_type":"article","og_title":"Girona confirms how much Bar\u00e7a will have to pay to sign Aleix Garc\u00eda","og_description":"Aleix Garc\u00eda is the mediocentro that Xavi wants for his FC Barcelona in this month of January, but his signing seems more than complicated. The Girona insists in his price and the cul\u00e9s have difficult can pay it in these moments","og_url":"https:\/\/www.fcbarcelonanoticias.com\/en\/transfers\/girona-confirms-how-much-barca-will-have-to-pay-to-sign-aleix-garcia_299772_102.html","og_site_name":"EN - FC Barcelona Noticias","article_published_time":"2024-01-10T12:04:00+00:00","og_image":[{"width":1200,"height":675,"url":"https:\/\/www.fcbarcelonanoticias.com\/en\/wp-content\/uploads\/sites\/2\/2024\/01\/aleix-garcia-en-un-partido-del-girona.jpeg","type":"image\/jpeg"}],"author":"Eduardo Mart\u00edn Santos","twitter_card":"summary_large_image","twitter_misc":{"Written by":"Eduardo Mart\u00edn Santos","Est. reading time":"2 minutes"},"schema":{"@context":"https:\/\/schema.org","@graph":[{"@type":"Article","@id":"https:\/\/www.fcbarcelonanoticias.com\/en\/transfers\/girona-confirms-how-much-barca-will-have-to-pay-to-sign-aleix-garcia_299772_102.html#article","isPartOf":{"@id":"https:\/\/www.fcbarcelonanoticias.com\/en\/transfers\/girona-confirms-how-much-barca-will-have-to-pay-to-sign-aleix-garcia_299772_102.html"},"author":{"name":"Eduardo Mart\u00edn Santos","@id":"https:\/\/www.fcbarcelonanoticias.com\/en\/#\/schema\/person\/4bdbc782ba6060d3f7005b61e97fb753"},"headline":"Girona confirms how much Bar\u00e7a will have to pay to sign Aleix Garc\u00eda","datePublished":"2024-01-10T12:04:00+00:00","mainEntityOfPage":{"@id":"https:\/\/www.fcbarcelonanoticias.com\/en\/transfers\/girona-confirms-how-much-barca-will-have-to-pay-to-sign-aleix-garcia_299772_102.html"},"wordCount":390,"image":{"@id":"https:\/\/www.fcbarcelonanoticias.com\/en\/transfers\/girona-confirms-how-much-barca-will-have-to-pay-to-sign-aleix-garcia_299772_102.html#primaryimage"},"thumbnailUrl":"https:\/\/www.fcbarcelonanoticias.com\/en\/wp-content\/uploads\/sites\/2\/2024\/01\/aleix-garcia-en-un-partido-del-girona.jpeg","keywords":["Girona"],"articleSection":["Transfers","Transfers"],"inLanguage":"en-US"},{"@type":"WebPage","@id":"https:\/\/www.fcbarcelonanoticias.com\/en\/transfers\/girona-confirms-how-much-barca-will-have-to-pay-to-sign-aleix-garcia_299772_102.html","url":"https:\/\/www.fcbarcelonanoticias.com\/en\/transfers\/girona-confirms-how-much-barca-will-have-to-pay-to-sign-aleix-garcia_299772_102.html","name":"Girona confirms how much Bar\u00e7a will have to pay to sign Aleix Garc\u00eda","isPartOf":{"@id":"https:\/\/www.fcbarcelonanoticias.com\/en\/#website"},"primaryImageOfPage":{"@id":"https:\/\/www.fcbarcelonanoticias.com\/en\/transfers\/girona-confirms-how-much-barca-will-have-to-pay-to-sign-aleix-garcia_299772_102.html#primaryimage"},"image":{"@id":"https:\/\/www.fcbarcelonanoticias.com\/en\/transfers\/girona-confirms-how-much-barca-will-have-to-pay-to-sign-aleix-garcia_299772_102.html#primaryimage"},"thumbnailUrl":"https:\/\/www.fcbarcelonanoticias.com\/en\/wp-content\/uploads\/sites\/2\/2024\/01\/aleix-garcia-en-un-partido-del-girona.jpeg","datePublished":"2024-01-10T12:04:00+00:00","author":{"@id":"https:\/\/www.fcbarcelonanoticias.com\/en\/#\/schema\/person\/4bdbc782ba6060d3f7005b61e97fb753"},"description":"Aleix Garc\u00eda is the mediocentro that Xavi wants for his FC Barcelona in this month of January, but his signing seems more than complicated. The Girona insists in his price and the cul\u00e9s have difficult can pay it in these moments","breadcrumb":{"@id":"https:\/\/www.fcbarcelonanoticias.com\/en\/transfers\/girona-confirms-how-much-barca-will-have-to-pay-to-sign-aleix-garcia_299772_102.html#breadcrumb"},"inLanguage":"en-US","potentialAction":[{"@type":"ReadAction","target":["https:\/\/www.fcbarcelonanoticias.com\/en\/transfers\/girona-confirms-how-much-barca-will-have-to-pay-to-sign-aleix-garcia_299772_102.html"]}]},{"@type":"ImageObject","inLanguage":"en-US","@id":"https:\/\/www.fcbarcelonanoticias.com\/en\/transfers\/girona-confirms-how-much-barca-will-have-to-pay-to-sign-aleix-garcia_299772_102.html#primaryimage","url":"https:\/\/www.fcbarcelonanoticias.com\/en\/wp-content\/uploads\/sites\/2\/2024\/01\/aleix-garcia-en-un-partido-del-girona.jpeg","contentUrl":"https:\/\/www.fcbarcelonanoticias.com\/en\/wp-content\/uploads\/sites\/2\/2024\/01\/aleix-garcia-en-un-partido-del-girona.jpeg","width":1200,"height":675},{"@type":"BreadcrumbList","@id":"https:\/\/www.fcbarcelonanoticias.com\/en\/transfers\/girona-confirms-how-much-barca-will-have-to-pay-to-sign-aleix-garcia_299772_102.html#breadcrumb","itemListElement":[{"@type":"ListItem","position":1,"name":"Portada","item":"https:\/\/www.fcbarcelonanoticias.com\/en\/"},{"@type":"ListItem","position":2,"name":"Girona confirms how much Bar\u00e7a will have to pay to sign Aleix Garc\u00eda"}]},{"@type":"WebSite","@id":"https:\/\/www.fcbarcelonanoticias.com\/en\/#website","url":"https:\/\/www.fcbarcelonanoticias.com\/en\/","name":"EN - FC Barcelona Noticias","description":"","potentialAction":[{"@type":"SearchAction","target":{"@type":"EntryPoint","urlTemplate":"https:\/\/www.fcbarcelonanoticias.com\/en\/?s={search_term_string}"},"query-input":{"@type":"PropertyValueSpecification","valueRequired":true,"valueName":"search_term_string"}}],"inLanguage":"en-US"},{"@type":"Person","@id":"https:\/\/www.fcbarcelonanoticias.com\/en\/#\/schema\/person\/4bdbc782ba6060d3f7005b61e97fb753","name":"Eduardo Mart\u00edn Santos","image":{"@type":"ImageObject","inLanguage":"en-US","@id":"https:\/\/secure.gravatar.com\/avatar\/?s=96&d=mm&r=g","url":"https:\/\/secure.gravatar.com\/avatar\/?s=96&d=mm&r=g","contentUrl":"https:\/\/secure.gravatar.com\/avatar\/?s=96&d=mm&r=g","caption":"Eduardo Mart\u00edn Santos"},"url":"https:\/\/www.fcbarcelonanoticias.com\/en\/eduardo-martin_3_115.html"}]}},"_links":{"self":[{"href":"https:\/\/www.fcbarcelonanoticias.com\/en\/wp-json\/wp\/v2\/posts\/129551","targetHints":{"allow":["GET"]}}],"collection":[{"href":"https:\/\/www.fcbarcelonanoticias.com\/en\/wp-json\/wp\/v2\/posts"}],"about":[{"href":"https:\/\/www.fcbarcelonanoticias.com\/en\/wp-json\/wp\/v2\/types\/post"}],"author":[{"embeddable":true,"href":"https:\/\/www.fcbarcelonanoticias.com\/en\/wp-json\/wp\/v2\/users\/359"}],"replies":[{"embeddable":true,"href":"https:\/\/www.fcbarcelonanoticias.com\/en\/wp-json\/wp\/v2\/comments?post=129551"}],"version-history":[{"count":1,"href":"https:\/\/www.fcbarcelonanoticias.com\/en\/wp-json\/wp\/v2\/posts\/129551\/revisions"}],"predecessor-version":[{"id":151583,"href":"https:\/\/www.fcbarcelonanoticias.com\/en\/wp-json\/wp\/v2\/posts\/129551\/revisions\/151583"}],"wp:featuredmedia":[{"embeddable":true,"href":"https:\/\/www.fcbarcelonanoticias.com\/en\/wp-json\/wp\/v2\/media\/129553"}],"wp:attachment":[{"href":"https:\/\/www.fcbarcelonanoticias.com\/en\/wp-json\/wp\/v2\/media?parent=129551"}],"wp:term":[{"taxonomy":"category","embeddable":true,"href":"https:\/\/www.fcbarcelonanoticias.com\/en\/wp-json\/wp\/v2\/categories?post=129551"},{"taxonomy":"post_tag","embeddable":true,"href":"https:\/\/www.fcbarcelonanoticias.com\/en\/wp-json\/wp\/v2\/tags?post=129551"}],"curies":[{"name":"wp","href":"https:\/\/api.w.org\/{rel}","templated":true}]}}