{"id":129581,"date":"2023-04-30T09:36:00","date_gmt":"2023-04-30T07:36:00","guid":{"rendered":"https:\/\/weisetech.dev\/fc-barcelona-noticias\/en\/kessie-ferran-torres-ansu-fati-sales-tendria-planned-barcelona_291968_102\/"},"modified":"2023-04-30T14:21:00","modified_gmt":"2023-04-30T12:21:00","slug":"kessie-ferran-torres-ansu-fati-sales-tendria-planned-barcelona_291968_102","status":"publish","type":"post","link":"https:\/\/www.fcbarcelonanoticias.com\/en\/transfers\/kessie-ferran-torres-ansu-fati-sales-tendria-planned-barcelona_291968_102.html","title":{"rendered":"Kessi\u00e9, Ferran Torres and Ansu Fati, the sales that Bar\u00e7a would have planned"},"content":{"rendered":"<h2 class=\"wp-block-heading\">The FC Barcelona board of directors continues to refine details on its roadmap for the next market. With the priority of lowering the salary mass to be able to sign, the club already has several indicated as possible &#8216;discards&#8217; for the summer<\/h2>  \r\n<div class=\"article-addons\">\r\n    <a href=\"https:\/\/www.fcbarcelonanoticias.com\/en\/calendar-fc-barcelona.html\"\r\n       target=\"_self\"\r\n       title=\"Calendar of FC Barcelona\"\r\n       class=\"blue-gredient-btn\">\r\n       \r\n        Calendar of FC Barcelona    <\/a>\r\n<\/div>   <p>The FC Barcelona will have a lot of work in summer to define the one who will be the staff of the first team in the 2023\/24. <strong>The technical body and the directive <a data-external=\"0\" data-intl-links-en=\"https:\/\/www.fcbarcelonanoticias.com\/en\/transfers\/several-indicated-fc-barcelona-without-route-sheet-its-exit-operation_291936_102.html\" data-intl-links-es=\"https:\/\/www.fcbarcelonanoticias.com\/fichajes\/varios-senalados-fc-barcelona-sin-hoja-ruta-su-operacion-salida_291936_102.html\" href=\"https:\/\/www.fcbarcelonanoticias.com\/en\/fc-barcelona\/transfers\/several-indicated-fc-barcelona-without-route-sheet-its-exit-operation_291936_102.html\" rel=\"follow\" target=\"_self\" title=\"\u00a1Varios se\u00f1alados! El Bar\u00e7a, sin hoja de ruta para su 'operaci\u00f3n salida'\">already have several names on the table<\/a> in what to signings and exits refers <\/strong>, splitting of the need to go down mass salarial to adjust to what demands the Fair Play financial of LaLiga. In this sense, there are three players of the staff with the poster of transferibles those who, hardly, can change his situation of here at the end of the season.<\/p>  <p><strong>These are the cases of Franck Kessi\u00e9, Ferran Torres and Ansu Fati<\/strong>, by whose traspasos the Bar\u00e7a could ingresar around 100 million euros if they concretise his respective sales. <strong>The two forwards have agreement until 2027 and the marfile\u00f1o would go out free a year before<\/strong>, but the need to do box and the few minutes of which have enjoyed in the last weeks anticipates the exit of the three footballers in summer.<\/p>  <h2>Ansu And Ferran, practically sentenced<\/h2>  <p>The &#8217;10&#8217; has almost safe his course after the brutal &#8216;rajada&#8217; of his father against the directive, complaining by his fault of minutes during all the season. <strong>The one of Bissau great 7 goals and 3 assistances in 45 official apparitions (1.611 minutes)<\/strong>, but only has been headline in two of the last days of LaLiga, where grieve contributed a so much. Not even the injuries of Pedri and Ousmane Demb\u00e9l\u00e9, together with the course of Memphis Depay in January, were sufficient so that Ansu recover the confidence.<\/p>  <p>The own has sucedido with Ferran. Xavi always has defended publicly to the of Foios, but his numbers in the 2022\/23 are really toneless. <strong>7 goals and 2 assistances in 40 parties (1.747 minutes)<\/strong> summary his season. Unlike Ansu, Torres had more opportunities like titling during the last two months (seven times was in the XI initial in League), but hardly contributed a pair of so many in the last 12 days ligueras.<\/p>  <h2>With Kessi\u00e9 there are more doubts<\/h2>  <p>In the case of Franck Kessi\u00e9, the marfile\u00f1o still generates more doubts in the technical body on his future. Although it has not attained to settle like titling, <strong>his contribution like revulsivo and in parties &#8216;big&#8217; in League and Glass left sample of his delivery and capacity to contribute in attack<\/strong> like mediocentro offensive. This, added to the doubts of Xavi to configure the half of the field in the 2023\/24 do that the club do not see clear his exit.<\/p>  <p>Claro is, this can change of hit if it arrives a good offer by him. Franck arrived free the past summer and if the Bar\u00e7a could invoice a mount near to the 30 million euros by his traspaso, probably the directive would give green light to his traspaso. <strong>This season, the one of Ouragahio great 3 goals and 3 assistances in 29 official apparitions (1.602 minutes)<\/strong>, acceptable statistics for a player that has been acting almost all the course.<\/p>  <h2>The accounts of the Bar\u00e7a to sell in summer<\/h2>  <p>The mount that it would leave Kessi\u00e9 in box (between 25 and 30 &#8216;kilos&#8217;) <a data-external=\"0\" data-intl-links-en=\"https:\/\/www.fcbarcelonanoticias.com\/en\/transfers\/figure-for-barcelona-sold-ferran-torres-this-summer_291815_102.html\" data-intl-links-es=\"https:\/\/www.fcbarcelonanoticias.com\/fichajes\/cifra-por-barcelona-venderia-ferran-torres-este-verano_291815_102.html\" href=\"https:\/\/www.fcbarcelonanoticias.com\/en\/transfers\/figure-for-barcelona-sold-ferran-torres-this-summer_291815_102.html\" rel=\"follow\" target=\"_self\" title=\"La cifra por la que el Bar\u00e7a vender\u00eda a Ferran Torres este verano\">would be similar to the that could leave the sale of Ferran Torres<\/a>. Instead, Ansu would duplicate without problems this quantity, as the Bar\u00e7a neither is had to give him. The &#8217;10&#8217; would go out by some 50 or 60 million euros, with which <strong>the Bar\u00e7a could invoice near of 100 &#8216;kilos&#8217; by these three footballers<\/strong>, with those who the priority aims to close sales, no cessions.<\/p>  <p>The aim is to go down \u20ac200m in mass salarial, by what, maybe, these traspasos are not sufficient. Thus, <strong>the Barcelona could see forced to sell another more expensive and valuable player for the plans of Xavi<\/strong>. This would be the case of <a data-external=\"0\" data-intl-links-en=\"https:\/\/www.fcbarcelonanoticias.com\/en\/transfers\/raphinha-plants-22-dreams-with-succeeding-in-boat-refuses-to-leave_291861_102.html\" data-intl-links-es=\"https:\/\/www.fcbarcelonanoticias.com\/fichajes\/raphinha-se-planta-22-suena-con-triunfar-en-barca-rechaza-salir_291861_102.html\" href=\"https:\/\/www.fcbarcelonanoticias.com\/en\/transfers\/raphinha-plants-22-dreams-with-succeeding-in-boat-refuses-to-leave_291861_102.html\" rel=\"follow\" target=\"_self\" title=\"\u00a1Raphinha se 'planta'! El '22' sue\u00f1a con triunfar en el Bar\u00e7a y rechaza salir\">Raphinha, by the one who the Newcastle would be had to offer some 70 &#8216;kilos&#8217;<\/a>. Different is the situation of <strong>Jordi Alba and Eric Garc\u00eda<\/strong>, players by those who will be difficult to receive offers this summer.<\/p> ","protected":false},"excerpt":{"rendered":"<p>The FC Barcelona board of directors continues to refine details on its roadmap for the next market. With the priority of lowering the salary mass to be able to sign, the club already has several indicated as possible &#8216;discards&#8217; for the summer The FC Barcelona will have a lot of work in summer to define [&hellip;]<\/p>\n","protected":false},"author":347,"featured_media":129583,"comment_status":"closed","ping_status":"open","sticky":false,"template":"","format":"standard","meta":{"_acf_changed":false,"inline_featured_image":false,"_nextfly_llmd_date_locked":false,"footnotes":""},"categories":[106,449],"tags":[305],"class_list":["post-129581","post","type-post","status-publish","format-standard","has-post-thumbnail","hentry","category-transfers","category-transfers-2","tag-frank-kessie"],"acf":[],"yoast_head":"<!-- This site is optimized with the Yoast SEO plugin v27.3 - https:\/\/yoast.com\/product\/yoast-seo-wordpress\/ -->\n<title>Kessi\u00e9, Ferran Torres and Ansu Fati, the sales that Bar\u00e7a would have planned<\/title>\n<meta name=\"description\" content=\"The FC Barcelona board of directors continues to refine details on its roadmap for the next market. With the priority of lowering the salary mass to be able to sign, the club already has several indicated as possible &#039;discards&#039; for the summer\" \/>\n<meta name=\"robots\" content=\"index, follow, max-snippet:-1, max-image-preview:large, max-video-preview:-1\" \/>\n<link rel=\"canonical\" href=\"https:\/\/www.fcbarcelonanoticias.com\/en\/transfers\/kessie-ferran-torres-ansu-fati-sales-tendria-planned-barcelona_291968_102.html\" \/>\n<meta property=\"og:locale\" content=\"en_US\" \/>\n<meta property=\"og:type\" content=\"article\" \/>\n<meta property=\"og:title\" content=\"Kessi\u00e9, Ferran Torres and Ansu Fati, the sales that Bar\u00e7a would have planned\" \/>\n<meta property=\"og:description\" content=\"The FC Barcelona board of directors continues to refine details on its roadmap for the next market. With the priority of lowering the salary mass to be able to sign, the club already has several indicated as possible &#039;discards&#039; for the summer\" \/>\n<meta property=\"og:url\" content=\"https:\/\/www.fcbarcelonanoticias.com\/en\/transfers\/kessie-ferran-torres-ansu-fati-sales-tendria-planned-barcelona_291968_102.html\" \/>\n<meta property=\"og:site_name\" content=\"EN - FC Barcelona Noticias\" \/>\n<meta property=\"article:published_time\" content=\"2023-04-30T07:36:00+00:00\" \/>\n<meta property=\"article:modified_time\" content=\"2023-04-30T12:21:00+00:00\" \/>\n<meta property=\"og:image\" content=\"https:\/\/www.fcbarcelonanoticias.com\/en\/wp-content\/uploads\/sites\/2\/2023\/04\/ansu-fati-franck-kessie-fc-barcelona.jpeg\" \/>\n\t<meta property=\"og:image:width\" content=\"1300\" \/>\n\t<meta property=\"og:image:height\" content=\"732\" \/>\n\t<meta property=\"og:image:type\" content=\"image\/jpeg\" \/>\n<meta name=\"author\" content=\"Andr\u00e9s Quiroz\" \/>\n<meta name=\"twitter:card\" content=\"summary_large_image\" \/>\n<meta name=\"twitter:label1\" content=\"Written by\" \/>\n\t<meta name=\"twitter:data1\" content=\"Andr\u00e9s Quiroz\" \/>\n\t<meta name=\"twitter:label2\" content=\"Est. reading time\" \/>\n\t<meta name=\"twitter:data2\" content=\"4 minutes\" \/>\n<script type=\"application\/ld+json\" class=\"yoast-schema-graph\">{\"@context\":\"https:\\\/\\\/schema.org\",\"@graph\":[{\"@type\":\"Article\",\"@id\":\"https:\\\/\\\/www.fcbarcelonanoticias.com\\\/en\\\/transfers\\\/kessie-ferran-torres-ansu-fati-sales-tendria-planned-barcelona_291968_102.html#article\",\"isPartOf\":{\"@id\":\"https:\\\/\\\/www.fcbarcelonanoticias.com\\\/en\\\/transfers\\\/kessie-ferran-torres-ansu-fati-sales-tendria-planned-barcelona_291968_102.html\"},\"author\":{\"name\":\"Andr\u00e9s Quiroz\",\"@id\":\"https:\\\/\\\/www.fcbarcelonanoticias.com\\\/en\\\/#\\\/schema\\\/person\\\/c2cd9f6fa1af5c0d0eccd0fefa575c88\"},\"headline\":\"Kessi\u00e9, Ferran Torres and Ansu Fati, the sales that Bar\u00e7a would have planned\",\"datePublished\":\"2023-04-30T07:36:00+00:00\",\"dateModified\":\"2023-04-30T12:21:00+00:00\",\"mainEntityOfPage\":{\"@id\":\"https:\\\/\\\/www.fcbarcelonanoticias.com\\\/en\\\/transfers\\\/kessie-ferran-torres-ansu-fati-sales-tendria-planned-barcelona_291968_102.html\"},\"wordCount\":710,\"image\":{\"@id\":\"https:\\\/\\\/www.fcbarcelonanoticias.com\\\/en\\\/transfers\\\/kessie-ferran-torres-ansu-fati-sales-tendria-planned-barcelona_291968_102.html#primaryimage\"},\"thumbnailUrl\":\"https:\\\/\\\/www.fcbarcelonanoticias.com\\\/en\\\/wp-content\\\/uploads\\\/sites\\\/2\\\/2023\\\/04\\\/ansu-fati-franck-kessie-fc-barcelona.jpeg\",\"keywords\":[\"Frank Kessi\u00e9\"],\"articleSection\":[\"Transfers\",\"Transfers\"],\"inLanguage\":\"en-US\"},{\"@type\":\"WebPage\",\"@id\":\"https:\\\/\\\/www.fcbarcelonanoticias.com\\\/en\\\/transfers\\\/kessie-ferran-torres-ansu-fati-sales-tendria-planned-barcelona_291968_102.html\",\"url\":\"https:\\\/\\\/www.fcbarcelonanoticias.com\\\/en\\\/transfers\\\/kessie-ferran-torres-ansu-fati-sales-tendria-planned-barcelona_291968_102.html\",\"name\":\"Kessi\u00e9, Ferran Torres and Ansu Fati, the sales that Bar\u00e7a would have planned\",\"isPartOf\":{\"@id\":\"https:\\\/\\\/www.fcbarcelonanoticias.com\\\/en\\\/#website\"},\"primaryImageOfPage\":{\"@id\":\"https:\\\/\\\/www.fcbarcelonanoticias.com\\\/en\\\/transfers\\\/kessie-ferran-torres-ansu-fati-sales-tendria-planned-barcelona_291968_102.html#primaryimage\"},\"image\":{\"@id\":\"https:\\\/\\\/www.fcbarcelonanoticias.com\\\/en\\\/transfers\\\/kessie-ferran-torres-ansu-fati-sales-tendria-planned-barcelona_291968_102.html#primaryimage\"},\"thumbnailUrl\":\"https:\\\/\\\/www.fcbarcelonanoticias.com\\\/en\\\/wp-content\\\/uploads\\\/sites\\\/2\\\/2023\\\/04\\\/ansu-fati-franck-kessie-fc-barcelona.jpeg\",\"datePublished\":\"2023-04-30T07:36:00+00:00\",\"dateModified\":\"2023-04-30T12:21:00+00:00\",\"author\":{\"@id\":\"https:\\\/\\\/www.fcbarcelonanoticias.com\\\/en\\\/#\\\/schema\\\/person\\\/c2cd9f6fa1af5c0d0eccd0fefa575c88\"},\"description\":\"The FC Barcelona board of directors continues to refine details on its roadmap for the next market. With the priority of lowering the salary mass to be able to sign, the club already has several indicated as possible 'discards' for the summer\",\"breadcrumb\":{\"@id\":\"https:\\\/\\\/www.fcbarcelonanoticias.com\\\/en\\\/transfers\\\/kessie-ferran-torres-ansu-fati-sales-tendria-planned-barcelona_291968_102.html#breadcrumb\"},\"inLanguage\":\"en-US\",\"potentialAction\":[{\"@type\":\"ReadAction\",\"target\":[\"https:\\\/\\\/www.fcbarcelonanoticias.com\\\/en\\\/transfers\\\/kessie-ferran-torres-ansu-fati-sales-tendria-planned-barcelona_291968_102.html\"]}]},{\"@type\":\"ImageObject\",\"inLanguage\":\"en-US\",\"@id\":\"https:\\\/\\\/www.fcbarcelonanoticias.com\\\/en\\\/transfers\\\/kessie-ferran-torres-ansu-fati-sales-tendria-planned-barcelona_291968_102.html#primaryimage\",\"url\":\"https:\\\/\\\/www.fcbarcelonanoticias.com\\\/en\\\/wp-content\\\/uploads\\\/sites\\\/2\\\/2023\\\/04\\\/ansu-fati-franck-kessie-fc-barcelona.jpeg\",\"contentUrl\":\"https:\\\/\\\/www.fcbarcelonanoticias.com\\\/en\\\/wp-content\\\/uploads\\\/sites\\\/2\\\/2023\\\/04\\\/ansu-fati-franck-kessie-fc-barcelona.jpeg\",\"width\":1300,\"height\":732},{\"@type\":\"BreadcrumbList\",\"@id\":\"https:\\\/\\\/www.fcbarcelonanoticias.com\\\/en\\\/transfers\\\/kessie-ferran-torres-ansu-fati-sales-tendria-planned-barcelona_291968_102.html#breadcrumb\",\"itemListElement\":[{\"@type\":\"ListItem\",\"position\":1,\"name\":\"Portada\",\"item\":\"https:\\\/\\\/www.fcbarcelonanoticias.com\\\/en\\\/\"},{\"@type\":\"ListItem\",\"position\":2,\"name\":\"Kessi\u00e9, Ferran Torres and Ansu Fati, the sales that Bar\u00e7a would have planned\"}]},{\"@type\":\"WebSite\",\"@id\":\"https:\\\/\\\/www.fcbarcelonanoticias.com\\\/en\\\/#website\",\"url\":\"https:\\\/\\\/www.fcbarcelonanoticias.com\\\/en\\\/\",\"name\":\"EN - FC Barcelona Noticias\",\"description\":\"\",\"potentialAction\":[{\"@type\":\"SearchAction\",\"target\":{\"@type\":\"EntryPoint\",\"urlTemplate\":\"https:\\\/\\\/www.fcbarcelonanoticias.com\\\/en\\\/?s={search_term_string}\"},\"query-input\":{\"@type\":\"PropertyValueSpecification\",\"valueRequired\":true,\"valueName\":\"search_term_string\"}}],\"inLanguage\":\"en-US\"},{\"@type\":\"Person\",\"@id\":\"https:\\\/\\\/www.fcbarcelonanoticias.com\\\/en\\\/#\\\/schema\\\/person\\\/c2cd9f6fa1af5c0d0eccd0fefa575c88\",\"name\":\"Andr\u00e9s Quiroz\",\"image\":{\"@type\":\"ImageObject\",\"inLanguage\":\"en-US\",\"@id\":\"https:\\\/\\\/secure.gravatar.com\\\/avatar\\\/?s=96&d=mm&r=g\",\"url\":\"https:\\\/\\\/secure.gravatar.com\\\/avatar\\\/?s=96&d=mm&r=g\",\"contentUrl\":\"https:\\\/\\\/secure.gravatar.com\\\/avatar\\\/?s=96&d=mm&r=g\",\"caption\":\"Andr\u00e9s Quiroz\"},\"description\":\"Licenciado en Periodismo por la Universidad de los Andes. Me encargo de analizar y compartir los contenidos m\u00e1s destacados de la\u00a0actualidad del F\u00fatbol Club Barcelona, Mercado de Fichajes y F\u00fatbol Internacional en FCBN. La informaci\u00f3n es poder, pero tambi\u00e9n conocimiento.\",\"url\":\"https:\\\/\\\/www.fcbarcelonanoticias.com\\\/en\\\/fc-barcelona\\\/andres-quiroz_17_115.html\"}]}<\/script>\n<!-- \/ Yoast SEO plugin. -->","yoast_head_json":{"title":"Kessi\u00e9, Ferran Torres and Ansu Fati, the sales that Bar\u00e7a would have planned","description":"The FC Barcelona board of directors continues to refine details on its roadmap for the next market. With the priority of lowering the salary mass to be able to sign, the club already has several indicated as possible 'discards' for the summer","robots":{"index":"index","follow":"follow","max-snippet":"max-snippet:-1","max-image-preview":"max-image-preview:large","max-video-preview":"max-video-preview:-1"},"canonical":"https:\/\/www.fcbarcelonanoticias.com\/en\/transfers\/kessie-ferran-torres-ansu-fati-sales-tendria-planned-barcelona_291968_102.html","og_locale":"en_US","og_type":"article","og_title":"Kessi\u00e9, Ferran Torres and Ansu Fati, the sales that Bar\u00e7a would have planned","og_description":"The FC Barcelona board of directors continues to refine details on its roadmap for the next market. With the priority of lowering the salary mass to be able to sign, the club already has several indicated as possible 'discards' for the summer","og_url":"https:\/\/www.fcbarcelonanoticias.com\/en\/transfers\/kessie-ferran-torres-ansu-fati-sales-tendria-planned-barcelona_291968_102.html","og_site_name":"EN - FC Barcelona Noticias","article_published_time":"2023-04-30T07:36:00+00:00","article_modified_time":"2023-04-30T12:21:00+00:00","og_image":[{"width":1300,"height":732,"url":"https:\/\/www.fcbarcelonanoticias.com\/en\/wp-content\/uploads\/sites\/2\/2023\/04\/ansu-fati-franck-kessie-fc-barcelona.jpeg","type":"image\/jpeg"}],"author":"Andr\u00e9s Quiroz","twitter_card":"summary_large_image","twitter_misc":{"Written by":"Andr\u00e9s Quiroz","Est. reading time":"4 minutes"},"schema":{"@context":"https:\/\/schema.org","@graph":[{"@type":"Article","@id":"https:\/\/www.fcbarcelonanoticias.com\/en\/transfers\/kessie-ferran-torres-ansu-fati-sales-tendria-planned-barcelona_291968_102.html#article","isPartOf":{"@id":"https:\/\/www.fcbarcelonanoticias.com\/en\/transfers\/kessie-ferran-torres-ansu-fati-sales-tendria-planned-barcelona_291968_102.html"},"author":{"name":"Andr\u00e9s Quiroz","@id":"https:\/\/www.fcbarcelonanoticias.com\/en\/#\/schema\/person\/c2cd9f6fa1af5c0d0eccd0fefa575c88"},"headline":"Kessi\u00e9, Ferran Torres and Ansu Fati, the sales that Bar\u00e7a would have planned","datePublished":"2023-04-30T07:36:00+00:00","dateModified":"2023-04-30T12:21:00+00:00","mainEntityOfPage":{"@id":"https:\/\/www.fcbarcelonanoticias.com\/en\/transfers\/kessie-ferran-torres-ansu-fati-sales-tendria-planned-barcelona_291968_102.html"},"wordCount":710,"image":{"@id":"https:\/\/www.fcbarcelonanoticias.com\/en\/transfers\/kessie-ferran-torres-ansu-fati-sales-tendria-planned-barcelona_291968_102.html#primaryimage"},"thumbnailUrl":"https:\/\/www.fcbarcelonanoticias.com\/en\/wp-content\/uploads\/sites\/2\/2023\/04\/ansu-fati-franck-kessie-fc-barcelona.jpeg","keywords":["Frank Kessi\u00e9"],"articleSection":["Transfers","Transfers"],"inLanguage":"en-US"},{"@type":"WebPage","@id":"https:\/\/www.fcbarcelonanoticias.com\/en\/transfers\/kessie-ferran-torres-ansu-fati-sales-tendria-planned-barcelona_291968_102.html","url":"https:\/\/www.fcbarcelonanoticias.com\/en\/transfers\/kessie-ferran-torres-ansu-fati-sales-tendria-planned-barcelona_291968_102.html","name":"Kessi\u00e9, Ferran Torres and Ansu Fati, the sales that Bar\u00e7a would have planned","isPartOf":{"@id":"https:\/\/www.fcbarcelonanoticias.com\/en\/#website"},"primaryImageOfPage":{"@id":"https:\/\/www.fcbarcelonanoticias.com\/en\/transfers\/kessie-ferran-torres-ansu-fati-sales-tendria-planned-barcelona_291968_102.html#primaryimage"},"image":{"@id":"https:\/\/www.fcbarcelonanoticias.com\/en\/transfers\/kessie-ferran-torres-ansu-fati-sales-tendria-planned-barcelona_291968_102.html#primaryimage"},"thumbnailUrl":"https:\/\/www.fcbarcelonanoticias.com\/en\/wp-content\/uploads\/sites\/2\/2023\/04\/ansu-fati-franck-kessie-fc-barcelona.jpeg","datePublished":"2023-04-30T07:36:00+00:00","dateModified":"2023-04-30T12:21:00+00:00","author":{"@id":"https:\/\/www.fcbarcelonanoticias.com\/en\/#\/schema\/person\/c2cd9f6fa1af5c0d0eccd0fefa575c88"},"description":"The FC Barcelona board of directors continues to refine details on its roadmap for the next market. With the priority of lowering the salary mass to be able to sign, the club already has several indicated as possible 'discards' for the summer","breadcrumb":{"@id":"https:\/\/www.fcbarcelonanoticias.com\/en\/transfers\/kessie-ferran-torres-ansu-fati-sales-tendria-planned-barcelona_291968_102.html#breadcrumb"},"inLanguage":"en-US","potentialAction":[{"@type":"ReadAction","target":["https:\/\/www.fcbarcelonanoticias.com\/en\/transfers\/kessie-ferran-torres-ansu-fati-sales-tendria-planned-barcelona_291968_102.html"]}]},{"@type":"ImageObject","inLanguage":"en-US","@id":"https:\/\/www.fcbarcelonanoticias.com\/en\/transfers\/kessie-ferran-torres-ansu-fati-sales-tendria-planned-barcelona_291968_102.html#primaryimage","url":"https:\/\/www.fcbarcelonanoticias.com\/en\/wp-content\/uploads\/sites\/2\/2023\/04\/ansu-fati-franck-kessie-fc-barcelona.jpeg","contentUrl":"https:\/\/www.fcbarcelonanoticias.com\/en\/wp-content\/uploads\/sites\/2\/2023\/04\/ansu-fati-franck-kessie-fc-barcelona.jpeg","width":1300,"height":732},{"@type":"BreadcrumbList","@id":"https:\/\/www.fcbarcelonanoticias.com\/en\/transfers\/kessie-ferran-torres-ansu-fati-sales-tendria-planned-barcelona_291968_102.html#breadcrumb","itemListElement":[{"@type":"ListItem","position":1,"name":"Portada","item":"https:\/\/www.fcbarcelonanoticias.com\/en\/"},{"@type":"ListItem","position":2,"name":"Kessi\u00e9, Ferran Torres and Ansu Fati, the sales that Bar\u00e7a would have planned"}]},{"@type":"WebSite","@id":"https:\/\/www.fcbarcelonanoticias.com\/en\/#website","url":"https:\/\/www.fcbarcelonanoticias.com\/en\/","name":"EN - FC Barcelona Noticias","description":"","potentialAction":[{"@type":"SearchAction","target":{"@type":"EntryPoint","urlTemplate":"https:\/\/www.fcbarcelonanoticias.com\/en\/?s={search_term_string}"},"query-input":{"@type":"PropertyValueSpecification","valueRequired":true,"valueName":"search_term_string"}}],"inLanguage":"en-US"},{"@type":"Person","@id":"https:\/\/www.fcbarcelonanoticias.com\/en\/#\/schema\/person\/c2cd9f6fa1af5c0d0eccd0fefa575c88","name":"Andr\u00e9s Quiroz","image":{"@type":"ImageObject","inLanguage":"en-US","@id":"https:\/\/secure.gravatar.com\/avatar\/?s=96&d=mm&r=g","url":"https:\/\/secure.gravatar.com\/avatar\/?s=96&d=mm&r=g","contentUrl":"https:\/\/secure.gravatar.com\/avatar\/?s=96&d=mm&r=g","caption":"Andr\u00e9s Quiroz"},"description":"Licenciado en Periodismo por la Universidad de los Andes. Me encargo de analizar y compartir los contenidos m\u00e1s destacados de la\u00a0actualidad del F\u00fatbol Club Barcelona, Mercado de Fichajes y F\u00fatbol Internacional en FCBN. La informaci\u00f3n es poder, pero tambi\u00e9n conocimiento.","url":"https:\/\/www.fcbarcelonanoticias.com\/en\/fc-barcelona\/andres-quiroz_17_115.html"}]}},"_links":{"self":[{"href":"https:\/\/www.fcbarcelonanoticias.com\/en\/wp-json\/wp\/v2\/posts\/129581","targetHints":{"allow":["GET"]}}],"collection":[{"href":"https:\/\/www.fcbarcelonanoticias.com\/en\/wp-json\/wp\/v2\/posts"}],"about":[{"href":"https:\/\/www.fcbarcelonanoticias.com\/en\/wp-json\/wp\/v2\/types\/post"}],"author":[{"embeddable":true,"href":"https:\/\/www.fcbarcelonanoticias.com\/en\/wp-json\/wp\/v2\/users\/347"}],"replies":[{"embeddable":true,"href":"https:\/\/www.fcbarcelonanoticias.com\/en\/wp-json\/wp\/v2\/comments?post=129581"}],"version-history":[{"count":1,"href":"https:\/\/www.fcbarcelonanoticias.com\/en\/wp-json\/wp\/v2\/posts\/129581\/revisions"}],"predecessor-version":[{"id":152085,"href":"https:\/\/www.fcbarcelonanoticias.com\/en\/wp-json\/wp\/v2\/posts\/129581\/revisions\/152085"}],"wp:featuredmedia":[{"embeddable":true,"href":"https:\/\/www.fcbarcelonanoticias.com\/en\/wp-json\/wp\/v2\/media\/129583"}],"wp:attachment":[{"href":"https:\/\/www.fcbarcelonanoticias.com\/en\/wp-json\/wp\/v2\/media?parent=129581"}],"wp:term":[{"taxonomy":"category","embeddable":true,"href":"https:\/\/www.fcbarcelonanoticias.com\/en\/wp-json\/wp\/v2\/categories?post=129581"},{"taxonomy":"post_tag","embeddable":true,"href":"https:\/\/www.fcbarcelonanoticias.com\/en\/wp-json\/wp\/v2\/tags?post=129581"}],"curies":[{"name":"wp","href":"https:\/\/api.w.org\/{rel}","templated":true}]}}