{"id":129652,"date":"2025-10-17T00:14:00","date_gmt":"2025-10-16T22:14:00","guid":{"rendered":"https:\/\/weisetech.dev\/fc-barcelona-noticias\/en\/dusan-vlahovic-offered-to-barcelona-will-9-arrive-in-laliga_315032_102\/"},"modified":"2026-03-27T11:36:08","modified_gmt":"2026-03-27T10:36:08","slug":"dusan-vlahovic-offered-to-barcelona-will-9-arrive-in-laliga_315032_102","status":"publish","type":"post","link":"https:\/\/www.fcbarcelonanoticias.com\/en\/transfers\/dusan-vlahovic-offered-to-barcelona-will-9-arrive-in-laliga_315032_102.html","title":{"rendered":"Barcelona activates Vlahovic option: Is a &#8216;low cost&#8217; signing on the way?"},"content":{"rendered":"<h2 class=\"wp-block-heading\">Dusan Vlahovic is one of the forwards on Bar\u00e7a&#8217;s radar for the summer of 2026. The Serbian&#8217;s contract with Juventus ends in June, and in Italy, they claim that Deco has already contacted him<\/h2>  \r\n<div class=\"article-addons\">\r\n    <a href=\"https:\/\/www.fcbarcelonanoticias.com\/en\/calendar-fc-barcelona.html\"\r\n       target=\"_self\"\r\n       title=\"Calendar of FC Barcelona\"\r\n       class=\"blue-gredient-btn\">\r\n       \r\n        Calendar of FC Barcelona    <\/a>\r\n<\/div>   <p><strong>FC Barcelona<\/strong> has the signing of a &#8216;9&#8217; as a priority for the summer market of 2026. Beyond what happens with <strong><a data-external=\"0\" data-intl-links-en=\"https:\/\/www.fcbarcelonanoticias.com\/en\/fc-barcelona\/lewandowski-registers-his-worst-start-to-season-with-barcelona_314957_102.html\" data-intl-links-es=\"https:\/\/www.fcbarcelonanoticias.com\/fc-barcelona\/robert-lewandowski-registra-peor-comienzo-temporada-con-barcelona_314957_102.html\" href=\"https:\/\/www.fcbarcelonanoticias.com\/en\/fc-barcelona\/lewandowski-registers-his-worst-start-to-season-with-barcelona_314957_102.html\" rel=\"follow\" target=\"_self\" title=\"Robert Lewandowski registra su peor comienzo de temporada con el Bar\u00e7a\">Robert Lewandowski<\/a><\/strong> and the good form that <a data-external=\"0\" data-intl-links-en=\"https:\/\/www.fcbarcelonanoticias.com\/en\/fc-barcelona\/ferran-torres-goalscoring-start-25-26-and-future-renewal_314793_102.html\" data-intl-links-es=\"https:\/\/www.fcbarcelonanoticias.com\/fc-barcelona\/ferran-torres-renovacion-barcelona-base-goles_314793_102.html\" href=\"https:\/\/www.fcbarcelonanoticias.com\/en\/fc-barcelona\/ferran-torres-goalscoring-start-25-26-and-future-renewal_314793_102.html\" rel=\"follow\" target=\"_self\" title=\"Pichichi cul\u00e9: Ferran Torres se gana la renovaci\u00f3n a a base de goles\">Ferran Torres<\/a> is going through, the team needs to go for another goalscorer to give more depth to Hansi Flick&#8217;s rotation plan and avoid dependence on the goalscoring production of a single striker.<\/p>  <p>In that sense, one of the &#8216;low cost&#8217; alternatives that the Bar\u00e7a board is considering is <strong>Dusan Vlahovic<\/strong>. The Serbian, although he earns a high salary (<strong>almost 20 million net per year<\/strong>), his contract expires in 2026 and, for the moment, he does not seem to have any intention of renewing with <strong>Juventus<\/strong>.<\/p>  <p>In this regard, the Italian newspaper &#8216;Tuttosport&#8217; assures that <strong>Deco<\/strong> and the Serbian forward&#8217;s agent, <strong>Darko Ristic<\/strong>, have held contacts in recent months, since the Serbian is very interested in a possible offer from Bar\u00e7a. The Blaugrana team, for now, has his name on the table, but not as a priority.<\/p>  <h2>Bar\u00e7a has Vlahovic as an alternative, but not as a primary option<\/h2>  <p>The thing is, <strong>Joan Laporta<\/strong> knows that, with an eye on the summer of 2026, he must make a splash in the market with a &#8216;top&#8217; goalscorer. <a data-external=\"0\" data-intl-links-en=\"https:\/\/www.fcbarcelonanoticias.com\/en\/transfers\/julian-alvarez-is-not-comfortable-at-atletico-barca-attentive_314813_102.html\" data-intl-links-es=\"https:\/\/www.fcbarcelonanoticias.com\/fichajes\/juian-alvarez-incomodo-atletico-barca-atento_314813_102.html\" href=\"https:\/\/www.fcbarcelonanoticias.com\/en\/transfers\/julian-alvarez-is-not-comfortable-at-atletico-barca-attentive_314813_102.html\" rel=\"follow\" target=\"_self\" title=\"Juli\u00e1n \u00c1lvarez no encaja en el Atl\u00e9tico y su futuro apunta al Bar\u00e7a\">Juli\u00e1n \u00c1lvarez<\/a> and <a data-external=\"0\" data-intl-links-en=\"https:\/\/www.fcbarcelonanoticias.com\/en\/transfers\/barcelona-does-not-forget-about-haaland-despite-julian-alvarez_313913_102.html\" data-intl-links-es=\"https:\/\/www.fcbarcelonanoticias.com\/fichajes\/barcelona-no-se-olvida-erling-haaland-pesar-julian-alvarez_313913_102.html\" href=\"https:\/\/www.fcbarcelonanoticias.com\/en\/transfers\/barcelona-does-not-forget-about-haaland-despite-julian-alvarez_313913_102.html\" rel=\"follow\" target=\"_self\" title=\"El Bar\u00e7a no se olvida de Erling Haaland, a pesar de Juli\u00e1n \u00c1lvarez\">Erling Haaland<\/a> are the main options, but due to transfer fees and salaries, they are very complicated alternatives while the club does not operate under the 1:1 rule.<\/p>  <p>The return to the <a data-external=\"0\" data-intl-links-en=\"https:\/\/www.fcbarcelonanoticias.com\/en\/fc-barcelona\/this-is-how-the-works-on-the-side-of-spotify-camp-nou-are-progressing_315030_102.html\" data-intl-links-es=\"https:\/\/www.fcbarcelonanoticias.com\/fc-barcelona\/lateral-spotify-camp-nou-va-tomando-forma-asi-avanzan-obras_315030_102.html\" href=\"https:\/\/www.fcbarcelonanoticias.com\/en\/fc-barcelona\/this-is-how-the-works-on-the-side-of-spotify-camp-nou-are-progressing_315030_102.html\" rel=\"follow\" target=\"_self\" title=\"El lateral del Spotify Camp Nou va tomando forma: as\u00ed avanzan las obras\">Spotify Camp Nou<\/a>, in principle, will allow the club to operate with sufficient &#8216;fair play&#8217; next summer, but without a major sale, it will be very difficult to amortize a transfer in the order of 100 million euros. Therefore, names like Vlahovic are gaining ground on the Bar\u00e7a radar, especially when it comes to a young player (25 years old) with very interesting records.<\/p>  <p>During his time in Serie A (Fiorentina and Juventus), <strong>the Serbian has scored 111 goals in 161 official matches<\/strong>. Juve paid a net 75 million for his transfer in 2022, and although his market value has fallen to 35 &#8216;kilos&#8217;,<\/p>  <p><strong>Dusan has 4 goals and 1 assist in 8 matches this season<\/strong>. These records are gradually generating greater interest in signing him next year, especially due to the issue that most interests Bar\u00e7a: the financial aspect.<\/p>  <h2>How much would it cost Barcelona to sign Dusan Vlahovic?<\/h2>  <div class=\"media media-image\" data-ck-asset-wrapper=\"\"> <div class=\"media-item\"> <img loading=\"lazy\" decoding=\"async\" alt=\"Dusan Vlahovic in a match with Juventus\" data-id=\"1467867\" data-resize=\"9\" height=\"563\" src=\"https:\/\/www.fcbarcelonanoticias.com\/wp-content\/uploads\/sites\/2\/2025\/10\/fcbn-1271c187a8290af6666dc712c3afd897.jpeg\" title=\"Dusan Vlahovic in a match with Juventus\" width=\"1000\"><div class=\"media-title\">Dusan Vlahovic in a match with Juventus<\/div> <\/div> <\/div>  <p>The thing is, since he&#8217;s a footballer whose contract ends in June 2026, any club can sign him as a free agent starting next January 1. In other words, <strong>Barcelona would only have to negotiate his salary and a signing bonus<\/strong> to secure his incorporation.<\/p>  <p>However, if Vlahovic wants to have a chance to join the <a data-external=\"0\" data-intl-links-en=\"https:\/\/www.fcbarcelonanoticias.com\/en\/fc-barcelona-squad.html\" data-intl-links-es=\"https:\/\/www.fcbarcelonanoticias.com\/jugadores-fcbarcelona.html\" href=\"https:\/\/www.fcbarcelonanoticias.com\/en\/fc-barcelona-squad.html\" rel=\"follow\" target=\"_self\" title=\"Plantilla del FC Barcelona 2025-26\">Bar\u00e7a squad<\/a>, he could only do so by adjusting his salary to no more than <strong>12-15 million net per year<\/strong>. The almost \u20ac20M he currently earns in Turin would only be reserved for a contract for a mega star, as would be the case with the arrival of Juli\u00e1n \u00c1lvarez in Catalonia.<\/p>  <p><strong>The Argentinian is, for the moment, the &#8216;9&#8217; in the best form in LaLiga along with Kylian Mbapp\u00e9<\/strong>, but Atl\u00e9tico will not facilitate, much less, his departure, with the &#8216;Spider&#8217; under contract until 2030 and a market value of 100 &#8216;kilos&#8217;.<\/p>  <p>In any case, the first thing Bar\u00e7a must do is get its accounts in order. <strong>Lewandowski<\/strong> turned 37 in August and still receives the highest salary in the squad (\u20ac26M). His departure will free up significant space, but the club is not ruling out renewing him for another year with a significant adjustment to his fee, provided the Pole approaches his records from the previous year (42 goals).<\/p>  <p>Will Dusan Vlahovic be Barcelona&#8217;s next &#8216;9&#8217;? The Belgrade native, for now, continues to score goals with a Juventus that also hasn&#8217;t given up on him. <strong>The &#8216;Vecchia Signora&#8217; intends to renew his contract<\/strong> in order to recover part of the very high investment (exceeding 80 &#8216;kilos&#8217; including variables) that his signing involved and the limited returns, in terms of trophies, that the Serbian has left in Turin.<\/p>  <p>Juve hasn&#8217;t won the Italian league since 2020, and Vlahovic, in three and a half seasons, <strong>has only won one Coppa Italia as a &#8216;bianconeri&#8217;<\/strong>. A very poor record for someone who, in 21\/22, was awarded MVP of Serie A.<\/p>  <ul> <li><strong>\ud83d\udc49Don&#8217;t miss the latest rumors from the FC Barcelona and LaLiga market in our <a data-external=\"0\" data-intl-links-en=\"https:\/\/www.fcbarcelonanoticias.com\/en\/transfers\" data-intl-links-es=\"https:\/\/www.fcbarcelonanoticias.com\/fichajes\" href=\"https:\/\/www.fcbarcelonanoticias.com\/en\/fc-barcelona\/transfers.html\" rel=\"follow\" target=\"_self\" title=\"Fichajes\">TRANSFERS<\/a> section.<\/strong><\/li> <\/ul> ","protected":false},"excerpt":{"rendered":"<p>Dusan Vlahovic is one of the forwards on Bar\u00e7a&#8217;s radar for the summer of 2026. The Serbian&#8217;s contract with Juventus ends in June, and in Italy, they claim that Deco has already contacted him FC Barcelona has the signing of a &#8216;9&#8217; as a priority for the summer market of 2026. Beyond what happens with [&hellip;]<\/p>\n","protected":false},"author":347,"featured_media":129654,"comment_status":"closed","ping_status":"open","sticky":false,"template":"","format":"standard","meta":{"_acf_changed":false,"inline_featured_image":false,"_nextfly_llmd_date_locked":false,"footnotes":""},"categories":[449,106],"tags":[105,261],"class_list":["post-129652","post","type-post","status-publish","format-standard","has-post-thumbnail","hentry","category-transfers-2","category-transfers","tag-juventus","tag-football-transfer-rumors"],"acf":[],"yoast_head":"<!-- This site is optimized with the Yoast SEO plugin v27.3 - https:\/\/yoast.com\/product\/yoast-seo-wordpress\/ -->\n<title>Dusan Vlahovic Offered to Bar\u00e7a: Will the &#039;9&#039; Arrive in LaLiga?<\/title>\n<meta name=\"description\" content=\"Dusan Vlahovic&#039;s contract with Juventus ends in June, and in Italy, they claim that Deco has already contacted him. Will Bar\u00e7a sign him in 2026?\" \/>\n<meta name=\"robots\" content=\"index, follow, max-snippet:-1, max-image-preview:large, max-video-preview:-1\" \/>\n<link rel=\"canonical\" href=\"https:\/\/www.fcbarcelonanoticias.com\/en\/transfers\/dusan-vlahovic-offered-to-barcelona-will-9-arrive-in-laliga_315032_102.html\" \/>\n<meta property=\"og:locale\" content=\"en_US\" \/>\n<meta property=\"og:type\" content=\"article\" \/>\n<meta property=\"og:title\" content=\"Dusan Vlahovic Offered to Bar\u00e7a: Will the &#039;9&#039; Arrive in LaLiga?\" \/>\n<meta property=\"og:description\" content=\"Dusan Vlahovic&#039;s contract with Juventus ends in June, and in Italy, they claim that Deco has already contacted him. Will Bar\u00e7a sign him in 2026?\" \/>\n<meta property=\"og:url\" content=\"https:\/\/www.fcbarcelonanoticias.com\/en\/transfers\/dusan-vlahovic-offered-to-barcelona-will-9-arrive-in-laliga_315032_102.html\" \/>\n<meta property=\"og:site_name\" content=\"EN - FC Barcelona Noticias\" \/>\n<meta property=\"article:published_time\" content=\"2025-10-16T22:14:00+00:00\" \/>\n<meta property=\"article:modified_time\" content=\"2026-03-27T10:36:08+00:00\" \/>\n<meta property=\"og:image\" content=\"https:\/\/www.fcbarcelonanoticias.com\/en\/wp-content\/uploads\/sites\/2\/2025\/10\/dusan-vlahovic-v-borussia-dortmund-champions.webp\" \/>\n\t<meta property=\"og:image:width\" content=\"1200\" \/>\n\t<meta property=\"og:image:height\" content=\"675\" \/>\n\t<meta property=\"og:image:type\" content=\"image\/webp\" \/>\n<meta name=\"author\" content=\"Andr\u00e9s Quiroz\" \/>\n<meta name=\"twitter:card\" content=\"summary_large_image\" \/>\n<meta name=\"twitter:label1\" content=\"Written by\" \/>\n\t<meta name=\"twitter:data1\" content=\"Andr\u00e9s Quiroz\" \/>\n\t<meta name=\"twitter:label2\" content=\"Est. reading time\" \/>\n\t<meta name=\"twitter:data2\" content=\"4 minutes\" \/>\n<script type=\"application\/ld+json\" class=\"yoast-schema-graph\">{\"@context\":\"https:\\\/\\\/schema.org\",\"@graph\":[{\"@type\":\"Article\",\"@id\":\"https:\\\/\\\/www.fcbarcelonanoticias.com\\\/en\\\/transfers\\\/dusan-vlahovic-offered-to-barcelona-will-9-arrive-in-laliga_315032_102.html#article\",\"isPartOf\":{\"@id\":\"https:\\\/\\\/www.fcbarcelonanoticias.com\\\/en\\\/transfers\\\/dusan-vlahovic-offered-to-barcelona-will-9-arrive-in-laliga_315032_102.html\"},\"author\":{\"name\":\"Andr\u00e9s Quiroz\",\"@id\":\"https:\\\/\\\/www.fcbarcelonanoticias.com\\\/en\\\/#\\\/schema\\\/person\\\/c2cd9f6fa1af5c0d0eccd0fefa575c88\"},\"headline\":\"Barcelona activates Vlahovic option: Is a &#8216;low cost&#8217; signing on the way?\",\"datePublished\":\"2025-10-16T22:14:00+00:00\",\"dateModified\":\"2026-03-27T10:36:08+00:00\",\"mainEntityOfPage\":{\"@id\":\"https:\\\/\\\/www.fcbarcelonanoticias.com\\\/en\\\/transfers\\\/dusan-vlahovic-offered-to-barcelona-will-9-arrive-in-laliga_315032_102.html\"},\"wordCount\":775,\"image\":{\"@id\":\"https:\\\/\\\/www.fcbarcelonanoticias.com\\\/en\\\/transfers\\\/dusan-vlahovic-offered-to-barcelona-will-9-arrive-in-laliga_315032_102.html#primaryimage\"},\"thumbnailUrl\":\"https:\\\/\\\/www.fcbarcelonanoticias.com\\\/en\\\/wp-content\\\/uploads\\\/sites\\\/2\\\/2025\\\/10\\\/dusan-vlahovic-v-borussia-dortmund-champions.webp\",\"keywords\":[\"Juventus\",\"Transfer Rumors\"],\"articleSection\":[\"Transfers\",\"Transfers\"],\"inLanguage\":\"en-US\"},{\"@type\":\"WebPage\",\"@id\":\"https:\\\/\\\/www.fcbarcelonanoticias.com\\\/en\\\/transfers\\\/dusan-vlahovic-offered-to-barcelona-will-9-arrive-in-laliga_315032_102.html\",\"url\":\"https:\\\/\\\/www.fcbarcelonanoticias.com\\\/en\\\/transfers\\\/dusan-vlahovic-offered-to-barcelona-will-9-arrive-in-laliga_315032_102.html\",\"name\":\"Dusan Vlahovic Offered to Bar\u00e7a: Will the '9' Arrive in LaLiga?\",\"isPartOf\":{\"@id\":\"https:\\\/\\\/www.fcbarcelonanoticias.com\\\/en\\\/#website\"},\"primaryImageOfPage\":{\"@id\":\"https:\\\/\\\/www.fcbarcelonanoticias.com\\\/en\\\/transfers\\\/dusan-vlahovic-offered-to-barcelona-will-9-arrive-in-laliga_315032_102.html#primaryimage\"},\"image\":{\"@id\":\"https:\\\/\\\/www.fcbarcelonanoticias.com\\\/en\\\/transfers\\\/dusan-vlahovic-offered-to-barcelona-will-9-arrive-in-laliga_315032_102.html#primaryimage\"},\"thumbnailUrl\":\"https:\\\/\\\/www.fcbarcelonanoticias.com\\\/en\\\/wp-content\\\/uploads\\\/sites\\\/2\\\/2025\\\/10\\\/dusan-vlahovic-v-borussia-dortmund-champions.webp\",\"datePublished\":\"2025-10-16T22:14:00+00:00\",\"dateModified\":\"2026-03-27T10:36:08+00:00\",\"author\":{\"@id\":\"https:\\\/\\\/www.fcbarcelonanoticias.com\\\/en\\\/#\\\/schema\\\/person\\\/c2cd9f6fa1af5c0d0eccd0fefa575c88\"},\"description\":\"Dusan Vlahovic's contract with Juventus ends in June, and in Italy, they claim that Deco has already contacted him. Will Bar\u00e7a sign him in 2026?\",\"breadcrumb\":{\"@id\":\"https:\\\/\\\/www.fcbarcelonanoticias.com\\\/en\\\/transfers\\\/dusan-vlahovic-offered-to-barcelona-will-9-arrive-in-laliga_315032_102.html#breadcrumb\"},\"inLanguage\":\"en-US\",\"potentialAction\":[{\"@type\":\"ReadAction\",\"target\":[\"https:\\\/\\\/www.fcbarcelonanoticias.com\\\/en\\\/transfers\\\/dusan-vlahovic-offered-to-barcelona-will-9-arrive-in-laliga_315032_102.html\"]}]},{\"@type\":\"ImageObject\",\"inLanguage\":\"en-US\",\"@id\":\"https:\\\/\\\/www.fcbarcelonanoticias.com\\\/en\\\/transfers\\\/dusan-vlahovic-offered-to-barcelona-will-9-arrive-in-laliga_315032_102.html#primaryimage\",\"url\":\"https:\\\/\\\/www.fcbarcelonanoticias.com\\\/en\\\/wp-content\\\/uploads\\\/sites\\\/2\\\/2025\\\/10\\\/dusan-vlahovic-v-borussia-dortmund-champions.webp\",\"contentUrl\":\"https:\\\/\\\/www.fcbarcelonanoticias.com\\\/en\\\/wp-content\\\/uploads\\\/sites\\\/2\\\/2025\\\/10\\\/dusan-vlahovic-v-borussia-dortmund-champions.webp\",\"width\":1200,\"height\":675},{\"@type\":\"BreadcrumbList\",\"@id\":\"https:\\\/\\\/www.fcbarcelonanoticias.com\\\/en\\\/transfers\\\/dusan-vlahovic-offered-to-barcelona-will-9-arrive-in-laliga_315032_102.html#breadcrumb\",\"itemListElement\":[{\"@type\":\"ListItem\",\"position\":1,\"name\":\"Portada\",\"item\":\"https:\\\/\\\/www.fcbarcelonanoticias.com\\\/en\\\/\"},{\"@type\":\"ListItem\",\"position\":2,\"name\":\"Barcelona activates Vlahovic option: Is a &#8216;low cost&#8217; signing on the way?\"}]},{\"@type\":\"WebSite\",\"@id\":\"https:\\\/\\\/www.fcbarcelonanoticias.com\\\/en\\\/#website\",\"url\":\"https:\\\/\\\/www.fcbarcelonanoticias.com\\\/en\\\/\",\"name\":\"EN - FC Barcelona Noticias\",\"description\":\"\",\"potentialAction\":[{\"@type\":\"SearchAction\",\"target\":{\"@type\":\"EntryPoint\",\"urlTemplate\":\"https:\\\/\\\/www.fcbarcelonanoticias.com\\\/en\\\/?s={search_term_string}\"},\"query-input\":{\"@type\":\"PropertyValueSpecification\",\"valueRequired\":true,\"valueName\":\"search_term_string\"}}],\"inLanguage\":\"en-US\"},{\"@type\":\"Person\",\"@id\":\"https:\\\/\\\/www.fcbarcelonanoticias.com\\\/en\\\/#\\\/schema\\\/person\\\/c2cd9f6fa1af5c0d0eccd0fefa575c88\",\"name\":\"Andr\u00e9s Quiroz\",\"image\":{\"@type\":\"ImageObject\",\"inLanguage\":\"en-US\",\"@id\":\"https:\\\/\\\/secure.gravatar.com\\\/avatar\\\/?s=96&d=mm&r=g\",\"url\":\"https:\\\/\\\/secure.gravatar.com\\\/avatar\\\/?s=96&d=mm&r=g\",\"contentUrl\":\"https:\\\/\\\/secure.gravatar.com\\\/avatar\\\/?s=96&d=mm&r=g\",\"caption\":\"Andr\u00e9s Quiroz\"},\"description\":\"Licenciado en Periodismo por la Universidad de los Andes. Me encargo de analizar y compartir los contenidos m\u00e1s destacados de la\u00a0actualidad del F\u00fatbol Club Barcelona, Mercado de Fichajes y F\u00fatbol Internacional en FCBN. La informaci\u00f3n es poder, pero tambi\u00e9n conocimiento.\",\"url\":\"https:\\\/\\\/www.fcbarcelonanoticias.com\\\/en\\\/fc-barcelona\\\/andres-quiroz_17_115.html\"}]}<\/script>\n<!-- \/ Yoast SEO plugin. -->","yoast_head_json":{"title":"Dusan Vlahovic Offered to Bar\u00e7a: Will the '9' Arrive in LaLiga?","description":"Dusan Vlahovic's contract with Juventus ends in June, and in Italy, they claim that Deco has already contacted him. Will Bar\u00e7a sign him in 2026?","robots":{"index":"index","follow":"follow","max-snippet":"max-snippet:-1","max-image-preview":"max-image-preview:large","max-video-preview":"max-video-preview:-1"},"canonical":"https:\/\/www.fcbarcelonanoticias.com\/en\/transfers\/dusan-vlahovic-offered-to-barcelona-will-9-arrive-in-laliga_315032_102.html","og_locale":"en_US","og_type":"article","og_title":"Dusan Vlahovic Offered to Bar\u00e7a: Will the '9' Arrive in LaLiga?","og_description":"Dusan Vlahovic's contract with Juventus ends in June, and in Italy, they claim that Deco has already contacted him. Will Bar\u00e7a sign him in 2026?","og_url":"https:\/\/www.fcbarcelonanoticias.com\/en\/transfers\/dusan-vlahovic-offered-to-barcelona-will-9-arrive-in-laliga_315032_102.html","og_site_name":"EN - FC Barcelona Noticias","article_published_time":"2025-10-16T22:14:00+00:00","article_modified_time":"2026-03-27T10:36:08+00:00","og_image":[{"width":1200,"height":675,"url":"https:\/\/www.fcbarcelonanoticias.com\/en\/wp-content\/uploads\/sites\/2\/2025\/10\/dusan-vlahovic-v-borussia-dortmund-champions.webp","type":"image\/webp"}],"author":"Andr\u00e9s Quiroz","twitter_card":"summary_large_image","twitter_misc":{"Written by":"Andr\u00e9s Quiroz","Est. reading time":"4 minutes"},"schema":{"@context":"https:\/\/schema.org","@graph":[{"@type":"Article","@id":"https:\/\/www.fcbarcelonanoticias.com\/en\/transfers\/dusan-vlahovic-offered-to-barcelona-will-9-arrive-in-laliga_315032_102.html#article","isPartOf":{"@id":"https:\/\/www.fcbarcelonanoticias.com\/en\/transfers\/dusan-vlahovic-offered-to-barcelona-will-9-arrive-in-laliga_315032_102.html"},"author":{"name":"Andr\u00e9s Quiroz","@id":"https:\/\/www.fcbarcelonanoticias.com\/en\/#\/schema\/person\/c2cd9f6fa1af5c0d0eccd0fefa575c88"},"headline":"Barcelona activates Vlahovic option: Is a &#8216;low cost&#8217; signing on the way?","datePublished":"2025-10-16T22:14:00+00:00","dateModified":"2026-03-27T10:36:08+00:00","mainEntityOfPage":{"@id":"https:\/\/www.fcbarcelonanoticias.com\/en\/transfers\/dusan-vlahovic-offered-to-barcelona-will-9-arrive-in-laliga_315032_102.html"},"wordCount":775,"image":{"@id":"https:\/\/www.fcbarcelonanoticias.com\/en\/transfers\/dusan-vlahovic-offered-to-barcelona-will-9-arrive-in-laliga_315032_102.html#primaryimage"},"thumbnailUrl":"https:\/\/www.fcbarcelonanoticias.com\/en\/wp-content\/uploads\/sites\/2\/2025\/10\/dusan-vlahovic-v-borussia-dortmund-champions.webp","keywords":["Juventus","Transfer Rumors"],"articleSection":["Transfers","Transfers"],"inLanguage":"en-US"},{"@type":"WebPage","@id":"https:\/\/www.fcbarcelonanoticias.com\/en\/transfers\/dusan-vlahovic-offered-to-barcelona-will-9-arrive-in-laliga_315032_102.html","url":"https:\/\/www.fcbarcelonanoticias.com\/en\/transfers\/dusan-vlahovic-offered-to-barcelona-will-9-arrive-in-laliga_315032_102.html","name":"Dusan Vlahovic Offered to Bar\u00e7a: Will the '9' Arrive in LaLiga?","isPartOf":{"@id":"https:\/\/www.fcbarcelonanoticias.com\/en\/#website"},"primaryImageOfPage":{"@id":"https:\/\/www.fcbarcelonanoticias.com\/en\/transfers\/dusan-vlahovic-offered-to-barcelona-will-9-arrive-in-laliga_315032_102.html#primaryimage"},"image":{"@id":"https:\/\/www.fcbarcelonanoticias.com\/en\/transfers\/dusan-vlahovic-offered-to-barcelona-will-9-arrive-in-laliga_315032_102.html#primaryimage"},"thumbnailUrl":"https:\/\/www.fcbarcelonanoticias.com\/en\/wp-content\/uploads\/sites\/2\/2025\/10\/dusan-vlahovic-v-borussia-dortmund-champions.webp","datePublished":"2025-10-16T22:14:00+00:00","dateModified":"2026-03-27T10:36:08+00:00","author":{"@id":"https:\/\/www.fcbarcelonanoticias.com\/en\/#\/schema\/person\/c2cd9f6fa1af5c0d0eccd0fefa575c88"},"description":"Dusan Vlahovic's contract with Juventus ends in June, and in Italy, they claim that Deco has already contacted him. Will Bar\u00e7a sign him in 2026?","breadcrumb":{"@id":"https:\/\/www.fcbarcelonanoticias.com\/en\/transfers\/dusan-vlahovic-offered-to-barcelona-will-9-arrive-in-laliga_315032_102.html#breadcrumb"},"inLanguage":"en-US","potentialAction":[{"@type":"ReadAction","target":["https:\/\/www.fcbarcelonanoticias.com\/en\/transfers\/dusan-vlahovic-offered-to-barcelona-will-9-arrive-in-laliga_315032_102.html"]}]},{"@type":"ImageObject","inLanguage":"en-US","@id":"https:\/\/www.fcbarcelonanoticias.com\/en\/transfers\/dusan-vlahovic-offered-to-barcelona-will-9-arrive-in-laliga_315032_102.html#primaryimage","url":"https:\/\/www.fcbarcelonanoticias.com\/en\/wp-content\/uploads\/sites\/2\/2025\/10\/dusan-vlahovic-v-borussia-dortmund-champions.webp","contentUrl":"https:\/\/www.fcbarcelonanoticias.com\/en\/wp-content\/uploads\/sites\/2\/2025\/10\/dusan-vlahovic-v-borussia-dortmund-champions.webp","width":1200,"height":675},{"@type":"BreadcrumbList","@id":"https:\/\/www.fcbarcelonanoticias.com\/en\/transfers\/dusan-vlahovic-offered-to-barcelona-will-9-arrive-in-laliga_315032_102.html#breadcrumb","itemListElement":[{"@type":"ListItem","position":1,"name":"Portada","item":"https:\/\/www.fcbarcelonanoticias.com\/en\/"},{"@type":"ListItem","position":2,"name":"Barcelona activates Vlahovic option: Is a &#8216;low cost&#8217; signing on the way?"}]},{"@type":"WebSite","@id":"https:\/\/www.fcbarcelonanoticias.com\/en\/#website","url":"https:\/\/www.fcbarcelonanoticias.com\/en\/","name":"EN - FC Barcelona Noticias","description":"","potentialAction":[{"@type":"SearchAction","target":{"@type":"EntryPoint","urlTemplate":"https:\/\/www.fcbarcelonanoticias.com\/en\/?s={search_term_string}"},"query-input":{"@type":"PropertyValueSpecification","valueRequired":true,"valueName":"search_term_string"}}],"inLanguage":"en-US"},{"@type":"Person","@id":"https:\/\/www.fcbarcelonanoticias.com\/en\/#\/schema\/person\/c2cd9f6fa1af5c0d0eccd0fefa575c88","name":"Andr\u00e9s Quiroz","image":{"@type":"ImageObject","inLanguage":"en-US","@id":"https:\/\/secure.gravatar.com\/avatar\/?s=96&d=mm&r=g","url":"https:\/\/secure.gravatar.com\/avatar\/?s=96&d=mm&r=g","contentUrl":"https:\/\/secure.gravatar.com\/avatar\/?s=96&d=mm&r=g","caption":"Andr\u00e9s Quiroz"},"description":"Licenciado en Periodismo por la Universidad de los Andes. Me encargo de analizar y compartir los contenidos m\u00e1s destacados de la\u00a0actualidad del F\u00fatbol Club Barcelona, Mercado de Fichajes y F\u00fatbol Internacional en FCBN. La informaci\u00f3n es poder, pero tambi\u00e9n conocimiento.","url":"https:\/\/www.fcbarcelonanoticias.com\/en\/fc-barcelona\/andres-quiroz_17_115.html"}]}},"_links":{"self":[{"href":"https:\/\/www.fcbarcelonanoticias.com\/en\/wp-json\/wp\/v2\/posts\/129652","targetHints":{"allow":["GET"]}}],"collection":[{"href":"https:\/\/www.fcbarcelonanoticias.com\/en\/wp-json\/wp\/v2\/posts"}],"about":[{"href":"https:\/\/www.fcbarcelonanoticias.com\/en\/wp-json\/wp\/v2\/types\/post"}],"author":[{"embeddable":true,"href":"https:\/\/www.fcbarcelonanoticias.com\/en\/wp-json\/wp\/v2\/users\/347"}],"replies":[{"embeddable":true,"href":"https:\/\/www.fcbarcelonanoticias.com\/en\/wp-json\/wp\/v2\/comments?post=129652"}],"version-history":[{"count":2,"href":"https:\/\/www.fcbarcelonanoticias.com\/en\/wp-json\/wp\/v2\/posts\/129652\/revisions"}],"predecessor-version":[{"id":160035,"href":"https:\/\/www.fcbarcelonanoticias.com\/en\/wp-json\/wp\/v2\/posts\/129652\/revisions\/160035"}],"wp:featuredmedia":[{"embeddable":true,"href":"https:\/\/www.fcbarcelonanoticias.com\/en\/wp-json\/wp\/v2\/media\/129654"}],"wp:attachment":[{"href":"https:\/\/www.fcbarcelonanoticias.com\/en\/wp-json\/wp\/v2\/media?parent=129652"}],"wp:term":[{"taxonomy":"category","embeddable":true,"href":"https:\/\/www.fcbarcelonanoticias.com\/en\/wp-json\/wp\/v2\/categories?post=129652"},{"taxonomy":"post_tag","embeddable":true,"href":"https:\/\/www.fcbarcelonanoticias.com\/en\/wp-json\/wp\/v2\/tags?post=129652"}],"curies":[{"name":"wp","href":"https:\/\/api.w.org\/{rel}","templated":true}]}}