{"id":129662,"date":"2026-01-18T00:42:00","date_gmt":"2026-01-17T23:42:00","guid":{"rendered":"https:\/\/weisetech.dev\/fc-barcelona-noticias\/en\/girona-also-wants-to-negotiate-loan-of-marc-bernal_315777_102\/"},"modified":"2026-01-18T00:43:00","modified_gmt":"2026-01-17T23:43:00","slug":"girona-also-wants-to-negotiate-loan-of-marc-bernal_315777_102","status":"publish","type":"post","link":"https:\/\/www.fcbarcelonanoticias.com\/en\/transfers\/girona-also-wants-to-negotiate-loan-of-marc-bernal_315777_102.html","title":{"rendered":"Marc Bernal: no intentions of leaving, but with winter offers"},"content":{"rendered":"<h2 class=\"wp-block-heading\">Marc Bernal could follow Ter Stegen&#8217;s footsteps with a six-month loan. However, unlike the captain, the academy player has no intention of leaving, for now<\/h2>  \r\n<div class=\"article-addons\">\r\n    <a href=\"https:\/\/www.fcbarcelonanoticias.com\/en\/calendar-fc-barcelona.html\"\r\n       target=\"_self\"\r\n       title=\"Calendar of FC Barcelona\"\r\n       class=\"blue-gredient-btn\">\r\n       \r\n        Calendar of FC Barcelona    <\/a>\r\n<\/div>   <p><strong>FC Barcelona<\/strong> has a decision to make regarding <strong>Marc Bernal<\/strong>&#8216;s future in the final two weeks of the winter transfer window. The 18-year-old midfielder is still working to return to his best form after recovering from a serious knee injury, and although he has barely accumulated 273 minutes of action in 25\/26, <strong>Hansi Flick<\/strong> still considers him an important piece of the squad.<\/p>  <p>Bernal recently completed almost an hour of play (58&#8242;) at El Sardinero <a data-external=\"0\" data-intl-links-en=\"https:\/\/www.fcbarcelonanoticias.com\/en\/copa-del-rey\/racing-0-2-barcelona-copa-del-rey-2025-26-summary_315763_102.html\" data-intl-links-es=\"https:\/\/www.fcbarcelonanoticias.com\/copa-del-rey\/resumen-racing-santander-0-2-fc-barcelona-copa-del-rey-2025-26_315763_102.html\" href=\"https:\/\/www.fcbarcelonanoticias.com\/en\/copa-del-rey\/racing-0-2-barcelona-copa-del-rey-2025-26-summary_315763_102.html\" rel=\"follow\" target=\"_self\" title=\"Resumen del Racing de Santander 0-2 FC Barcelona - Copa del Rey 2025-26\">against Racing (0-2)<\/a>, so far the first match in which the youth player has played more than 45 minutes in a game this season. The player from Berga saw action in 12 matches, 3 of them as a starter after reappearing with the first team in mid-September<\/p>  <h2>Girona, the main party interested in Bernal&#8217;s loan<\/h2>  <p>For now, Flick insists on carefully managing Marc&#8217;s minutes. A logical decision, given the toll it took on the &#8217;22&#8217; to play 58 minutes in the Copa del Rey round of 16. **The midfielder needs more game time, but he is clearly not yet ready to play 60-70 minutes every three days**<\/p>  <p>In that regard, the board keeps open the option of <strong>negotiating a loan move for Bernal in January<\/strong>. The midfielder will hardly have adequate playing time in the second half of the season with Bar\u00e7a, although the schedule may offer him good opportunities in the League and Cup to accumulate quality minutes in the last four months of the season.<\/p>  <p>In the last few hours, the interest of a **Girona** has emerged, which also has the loan of <a data-external=\"0\" data-intl-links-en=\"https:\/\/www.fcbarcelonanoticias.com\/en\/transfers\/ter-stegen-finalizes-details-of-his-loan-to-girona_315776_102.html\" data-intl-links-es=\"https:\/\/www.fcbarcelonanoticias.com\/fichajes\/ter-stegen-ultima-detalles-cesion-girona_315776_102.html\" href=\"https:\/\/www.fcbarcelonanoticias.com\/en\/transfers\/ter-stegen-finalizes-details-of-his-loan-to-girona_315776_102.html\" rel=\"follow\" target=\"_self\" title=\"Ter Stegen ultima los detalles de su cesi\u00f3n al Girona\">Marc-Andr\u00e9 ter Stegen<\/a> until the end of the season very advanced. In Montilivi, Marc would have less pressure and more opportunities to play in La Liga, although for the moment neither the player nor Hansi Flick look favorably upon this option<\/p>  <h2>Hansi Flick closes the exit door for Marc Bernal<\/h2>  <p>In the press conference prior to the visit to Real Sociedad, the manager made his stance clear regarding the possible loan of Marc Bernal. The imminent transfer of &#8216;Dro&#8217; Fern\u00e1ndez to Paris Saint-Germain did not please the German coach at all, who has been particularly careful with the management of young talent.<\/p>  <p>The one from Berga, in fact, made him debut as a starting pivot in 24\/25, before the youth player tore his left knee at the beginning of the season. &#8220;<strong>I hope he continues. If it were my decision, it would be very clear. But in football, you never know<\/strong>. He&#8217;s here and adapting after the injury. We want to help him improve his level. He has a lot of potential,&#8221; he argued about Marc.<\/p>  <p>The 18-year-old player <a data-external=\"0\" data-intl-links-en=\"https:\/\/www.fcbarcelonanoticias.com\/en\/transfers\/marc-bernal-renews-with-barcelona-best-is-yet-to-come_314878_102.html\" data-intl-links-es=\"https:\/\/www.fcbarcelonanoticias.com\/fichajes\/marc-bernal-feliz-renovar-con-barcelona-mejor-esta-por-venir_314878_102.html\" est=\"\" href=\"https:\/\/www.fcbarcelonanoticias.com\/en\/transfers\/marc-bernal-renews-with-barcelona-best-is-yet-to-come_314878_102.html\" lo=\"\" mejor=\"\" rel=\"follow\" target=\"_self\" title=\"Marc Bernal, feliz tras renovar con el Bar\u00e7a: \">recently renewed until 2029<\/a> with a first-team contract. Although the board may consider loaning him out, this would not jeopardize the midfielder&#8217;s future, whom the club considers a very valuable asset in the medium and long term.&nbsp;<\/p> ","protected":false},"excerpt":{"rendered":"<p>Marc Bernal could follow Ter Stegen&#8217;s footsteps with a six-month loan. However, unlike the captain, the academy player has no intention of leaving, for now FC Barcelona has a decision to make regarding Marc Bernal&#8216;s future in the final two weeks of the winter transfer window. The 18-year-old midfielder is still working to return to [&hellip;]<\/p>\n","protected":false},"author":347,"featured_media":129665,"comment_status":"closed","ping_status":"open","sticky":false,"template":"","format":"standard","meta":{"_acf_changed":false,"inline_featured_image":false,"_nextfly_llmd_date_locked":false,"footnotes":""},"categories":[106,449],"tags":[87,459,388,261],"class_list":["post-129662","post","type-post","status-publish","format-standard","has-post-thumbnail","hentry","category-transfers","category-transfers-2","tag-hansi-flick","tag-marc-bernal-2","tag-marc-bernal","tag-football-transfer-rumors"],"acf":[],"yoast_head":"<!-- This site is optimized with the Yoast SEO plugin v27.3 - https:\/\/yoast.com\/product\/yoast-seo-wordpress\/ -->\n<title>Girona also wants to negotiate the loan of Marc Bernal<\/title>\n<meta name=\"description\" content=\"Marc Bernal could follow Ter Stegen&#039;s footsteps with a 6-month loan. Girona wants the midfielder, but the club doesn&#039;t see his departure clearly\" \/>\n<meta name=\"robots\" content=\"index, follow, max-snippet:-1, max-image-preview:large, max-video-preview:-1\" \/>\n<link rel=\"canonical\" href=\"https:\/\/www.fcbarcelonanoticias.com\/en\/transfers\/girona-also-wants-to-negotiate-loan-of-marc-bernal_315777_102.html\" \/>\n<meta property=\"og:locale\" content=\"en_US\" \/>\n<meta property=\"og:type\" content=\"article\" \/>\n<meta property=\"og:title\" content=\"Girona also wants to negotiate the loan of Marc Bernal\" \/>\n<meta property=\"og:description\" content=\"Marc Bernal could follow Ter Stegen&#039;s footsteps with a 6-month loan. Girona wants the midfielder, but the club doesn&#039;t see his departure clearly\" \/>\n<meta property=\"og:url\" content=\"https:\/\/www.fcbarcelonanoticias.com\/en\/transfers\/girona-also-wants-to-negotiate-loan-of-marc-bernal_315777_102.html\" \/>\n<meta property=\"og:site_name\" content=\"EN - FC Barcelona Noticias\" \/>\n<meta property=\"article:published_time\" content=\"2026-01-17T23:42:00+00:00\" \/>\n<meta property=\"article:modified_time\" content=\"2026-01-17T23:43:00+00:00\" \/>\n<meta property=\"og:image\" content=\"https:\/\/www.fcbarcelonanoticias.com\/en\/wp-content\/uploads\/sites\/2\/2026\/01\/marc-bernal-v-racing-santander.jpeg\" \/>\n\t<meta property=\"og:image:width\" content=\"1300\" \/>\n\t<meta property=\"og:image:height\" content=\"732\" \/>\n\t<meta property=\"og:image:type\" content=\"image\/jpeg\" \/>\n<meta name=\"author\" content=\"Andr\u00e9s Quiroz\" \/>\n<meta name=\"twitter:card\" content=\"summary_large_image\" \/>\n<meta name=\"twitter:label1\" content=\"Written by\" \/>\n\t<meta name=\"twitter:data1\" content=\"Andr\u00e9s Quiroz\" \/>\n\t<meta name=\"twitter:label2\" content=\"Est. reading time\" \/>\n\t<meta name=\"twitter:data2\" content=\"2 minutes\" \/>\n<script type=\"application\/ld+json\" class=\"yoast-schema-graph\">{\"@context\":\"https:\\\/\\\/schema.org\",\"@graph\":[{\"@type\":\"Article\",\"@id\":\"https:\\\/\\\/www.fcbarcelonanoticias.com\\\/en\\\/transfers\\\/girona-also-wants-to-negotiate-loan-of-marc-bernal_315777_102.html#article\",\"isPartOf\":{\"@id\":\"https:\\\/\\\/www.fcbarcelonanoticias.com\\\/en\\\/transfers\\\/girona-also-wants-to-negotiate-loan-of-marc-bernal_315777_102.html\"},\"author\":{\"name\":\"Andr\u00e9s Quiroz\",\"@id\":\"https:\\\/\\\/www.fcbarcelonanoticias.com\\\/en\\\/#\\\/schema\\\/person\\\/c2cd9f6fa1af5c0d0eccd0fefa575c88\"},\"headline\":\"Marc Bernal: no intentions of leaving, but with winter offers\",\"datePublished\":\"2026-01-17T23:42:00+00:00\",\"dateModified\":\"2026-01-17T23:43:00+00:00\",\"mainEntityOfPage\":{\"@id\":\"https:\\\/\\\/www.fcbarcelonanoticias.com\\\/en\\\/transfers\\\/girona-also-wants-to-negotiate-loan-of-marc-bernal_315777_102.html\"},\"wordCount\":509,\"image\":{\"@id\":\"https:\\\/\\\/www.fcbarcelonanoticias.com\\\/en\\\/transfers\\\/girona-also-wants-to-negotiate-loan-of-marc-bernal_315777_102.html#primaryimage\"},\"thumbnailUrl\":\"https:\\\/\\\/www.fcbarcelonanoticias.com\\\/en\\\/wp-content\\\/uploads\\\/sites\\\/2\\\/2026\\\/01\\\/marc-bernal-v-racing-santander.jpeg\",\"keywords\":[\"Hansi Flick\",\"Marc Bernal\",\"Marc Bernal\",\"Transfer Rumors\"],\"articleSection\":[\"Transfers\",\"Transfers\"],\"inLanguage\":\"en-US\"},{\"@type\":\"WebPage\",\"@id\":\"https:\\\/\\\/www.fcbarcelonanoticias.com\\\/en\\\/transfers\\\/girona-also-wants-to-negotiate-loan-of-marc-bernal_315777_102.html\",\"url\":\"https:\\\/\\\/www.fcbarcelonanoticias.com\\\/en\\\/transfers\\\/girona-also-wants-to-negotiate-loan-of-marc-bernal_315777_102.html\",\"name\":\"Girona also wants to negotiate the loan of Marc Bernal\",\"isPartOf\":{\"@id\":\"https:\\\/\\\/www.fcbarcelonanoticias.com\\\/en\\\/#website\"},\"primaryImageOfPage\":{\"@id\":\"https:\\\/\\\/www.fcbarcelonanoticias.com\\\/en\\\/transfers\\\/girona-also-wants-to-negotiate-loan-of-marc-bernal_315777_102.html#primaryimage\"},\"image\":{\"@id\":\"https:\\\/\\\/www.fcbarcelonanoticias.com\\\/en\\\/transfers\\\/girona-also-wants-to-negotiate-loan-of-marc-bernal_315777_102.html#primaryimage\"},\"thumbnailUrl\":\"https:\\\/\\\/www.fcbarcelonanoticias.com\\\/en\\\/wp-content\\\/uploads\\\/sites\\\/2\\\/2026\\\/01\\\/marc-bernal-v-racing-santander.jpeg\",\"datePublished\":\"2026-01-17T23:42:00+00:00\",\"dateModified\":\"2026-01-17T23:43:00+00:00\",\"author\":{\"@id\":\"https:\\\/\\\/www.fcbarcelonanoticias.com\\\/en\\\/#\\\/schema\\\/person\\\/c2cd9f6fa1af5c0d0eccd0fefa575c88\"},\"description\":\"Marc Bernal could follow Ter Stegen's footsteps with a 6-month loan. Girona wants the midfielder, but the club doesn't see his departure clearly\",\"breadcrumb\":{\"@id\":\"https:\\\/\\\/www.fcbarcelonanoticias.com\\\/en\\\/transfers\\\/girona-also-wants-to-negotiate-loan-of-marc-bernal_315777_102.html#breadcrumb\"},\"inLanguage\":\"en-US\",\"potentialAction\":[{\"@type\":\"ReadAction\",\"target\":[\"https:\\\/\\\/www.fcbarcelonanoticias.com\\\/en\\\/transfers\\\/girona-also-wants-to-negotiate-loan-of-marc-bernal_315777_102.html\"]}]},{\"@type\":\"ImageObject\",\"inLanguage\":\"en-US\",\"@id\":\"https:\\\/\\\/www.fcbarcelonanoticias.com\\\/en\\\/transfers\\\/girona-also-wants-to-negotiate-loan-of-marc-bernal_315777_102.html#primaryimage\",\"url\":\"https:\\\/\\\/www.fcbarcelonanoticias.com\\\/en\\\/wp-content\\\/uploads\\\/sites\\\/2\\\/2026\\\/01\\\/marc-bernal-v-racing-santander.jpeg\",\"contentUrl\":\"https:\\\/\\\/www.fcbarcelonanoticias.com\\\/en\\\/wp-content\\\/uploads\\\/sites\\\/2\\\/2026\\\/01\\\/marc-bernal-v-racing-santander.jpeg\",\"width\":1300,\"height\":732},{\"@type\":\"BreadcrumbList\",\"@id\":\"https:\\\/\\\/www.fcbarcelonanoticias.com\\\/en\\\/transfers\\\/girona-also-wants-to-negotiate-loan-of-marc-bernal_315777_102.html#breadcrumb\",\"itemListElement\":[{\"@type\":\"ListItem\",\"position\":1,\"name\":\"Portada\",\"item\":\"https:\\\/\\\/www.fcbarcelonanoticias.com\\\/en\\\/\"},{\"@type\":\"ListItem\",\"position\":2,\"name\":\"Marc Bernal: no intentions of leaving, but with winter offers\"}]},{\"@type\":\"WebSite\",\"@id\":\"https:\\\/\\\/www.fcbarcelonanoticias.com\\\/en\\\/#website\",\"url\":\"https:\\\/\\\/www.fcbarcelonanoticias.com\\\/en\\\/\",\"name\":\"EN - FC Barcelona Noticias\",\"description\":\"\",\"potentialAction\":[{\"@type\":\"SearchAction\",\"target\":{\"@type\":\"EntryPoint\",\"urlTemplate\":\"https:\\\/\\\/www.fcbarcelonanoticias.com\\\/en\\\/?s={search_term_string}\"},\"query-input\":{\"@type\":\"PropertyValueSpecification\",\"valueRequired\":true,\"valueName\":\"search_term_string\"}}],\"inLanguage\":\"en-US\"},{\"@type\":\"Person\",\"@id\":\"https:\\\/\\\/www.fcbarcelonanoticias.com\\\/en\\\/#\\\/schema\\\/person\\\/c2cd9f6fa1af5c0d0eccd0fefa575c88\",\"name\":\"Andr\u00e9s Quiroz\",\"image\":{\"@type\":\"ImageObject\",\"inLanguage\":\"en-US\",\"@id\":\"https:\\\/\\\/secure.gravatar.com\\\/avatar\\\/?s=96&d=mm&r=g\",\"url\":\"https:\\\/\\\/secure.gravatar.com\\\/avatar\\\/?s=96&d=mm&r=g\",\"contentUrl\":\"https:\\\/\\\/secure.gravatar.com\\\/avatar\\\/?s=96&d=mm&r=g\",\"caption\":\"Andr\u00e9s Quiroz\"},\"description\":\"Licenciado en Periodismo por la Universidad de los Andes. Me encargo de analizar y compartir los contenidos m\u00e1s destacados de la\u00a0actualidad del F\u00fatbol Club Barcelona, Mercado de Fichajes y F\u00fatbol Internacional en FCBN. La informaci\u00f3n es poder, pero tambi\u00e9n conocimiento.\",\"url\":\"https:\\\/\\\/www.fcbarcelonanoticias.com\\\/en\\\/fc-barcelona\\\/andres-quiroz_17_115.html\"}]}<\/script>\n<!-- \/ Yoast SEO plugin. -->","yoast_head_json":{"title":"Girona also wants to negotiate the loan of Marc Bernal","description":"Marc Bernal could follow Ter Stegen's footsteps with a 6-month loan. Girona wants the midfielder, but the club doesn't see his departure clearly","robots":{"index":"index","follow":"follow","max-snippet":"max-snippet:-1","max-image-preview":"max-image-preview:large","max-video-preview":"max-video-preview:-1"},"canonical":"https:\/\/www.fcbarcelonanoticias.com\/en\/transfers\/girona-also-wants-to-negotiate-loan-of-marc-bernal_315777_102.html","og_locale":"en_US","og_type":"article","og_title":"Girona also wants to negotiate the loan of Marc Bernal","og_description":"Marc Bernal could follow Ter Stegen's footsteps with a 6-month loan. Girona wants the midfielder, but the club doesn't see his departure clearly","og_url":"https:\/\/www.fcbarcelonanoticias.com\/en\/transfers\/girona-also-wants-to-negotiate-loan-of-marc-bernal_315777_102.html","og_site_name":"EN - FC Barcelona Noticias","article_published_time":"2026-01-17T23:42:00+00:00","article_modified_time":"2026-01-17T23:43:00+00:00","og_image":[{"width":1300,"height":732,"url":"https:\/\/www.fcbarcelonanoticias.com\/en\/wp-content\/uploads\/sites\/2\/2026\/01\/marc-bernal-v-racing-santander.jpeg","type":"image\/jpeg"}],"author":"Andr\u00e9s Quiroz","twitter_card":"summary_large_image","twitter_misc":{"Written by":"Andr\u00e9s Quiroz","Est. reading time":"2 minutes"},"schema":{"@context":"https:\/\/schema.org","@graph":[{"@type":"Article","@id":"https:\/\/www.fcbarcelonanoticias.com\/en\/transfers\/girona-also-wants-to-negotiate-loan-of-marc-bernal_315777_102.html#article","isPartOf":{"@id":"https:\/\/www.fcbarcelonanoticias.com\/en\/transfers\/girona-also-wants-to-negotiate-loan-of-marc-bernal_315777_102.html"},"author":{"name":"Andr\u00e9s Quiroz","@id":"https:\/\/www.fcbarcelonanoticias.com\/en\/#\/schema\/person\/c2cd9f6fa1af5c0d0eccd0fefa575c88"},"headline":"Marc Bernal: no intentions of leaving, but with winter offers","datePublished":"2026-01-17T23:42:00+00:00","dateModified":"2026-01-17T23:43:00+00:00","mainEntityOfPage":{"@id":"https:\/\/www.fcbarcelonanoticias.com\/en\/transfers\/girona-also-wants-to-negotiate-loan-of-marc-bernal_315777_102.html"},"wordCount":509,"image":{"@id":"https:\/\/www.fcbarcelonanoticias.com\/en\/transfers\/girona-also-wants-to-negotiate-loan-of-marc-bernal_315777_102.html#primaryimage"},"thumbnailUrl":"https:\/\/www.fcbarcelonanoticias.com\/en\/wp-content\/uploads\/sites\/2\/2026\/01\/marc-bernal-v-racing-santander.jpeg","keywords":["Hansi Flick","Marc Bernal","Marc Bernal","Transfer Rumors"],"articleSection":["Transfers","Transfers"],"inLanguage":"en-US"},{"@type":"WebPage","@id":"https:\/\/www.fcbarcelonanoticias.com\/en\/transfers\/girona-also-wants-to-negotiate-loan-of-marc-bernal_315777_102.html","url":"https:\/\/www.fcbarcelonanoticias.com\/en\/transfers\/girona-also-wants-to-negotiate-loan-of-marc-bernal_315777_102.html","name":"Girona also wants to negotiate the loan of Marc Bernal","isPartOf":{"@id":"https:\/\/www.fcbarcelonanoticias.com\/en\/#website"},"primaryImageOfPage":{"@id":"https:\/\/www.fcbarcelonanoticias.com\/en\/transfers\/girona-also-wants-to-negotiate-loan-of-marc-bernal_315777_102.html#primaryimage"},"image":{"@id":"https:\/\/www.fcbarcelonanoticias.com\/en\/transfers\/girona-also-wants-to-negotiate-loan-of-marc-bernal_315777_102.html#primaryimage"},"thumbnailUrl":"https:\/\/www.fcbarcelonanoticias.com\/en\/wp-content\/uploads\/sites\/2\/2026\/01\/marc-bernal-v-racing-santander.jpeg","datePublished":"2026-01-17T23:42:00+00:00","dateModified":"2026-01-17T23:43:00+00:00","author":{"@id":"https:\/\/www.fcbarcelonanoticias.com\/en\/#\/schema\/person\/c2cd9f6fa1af5c0d0eccd0fefa575c88"},"description":"Marc Bernal could follow Ter Stegen's footsteps with a 6-month loan. Girona wants the midfielder, but the club doesn't see his departure clearly","breadcrumb":{"@id":"https:\/\/www.fcbarcelonanoticias.com\/en\/transfers\/girona-also-wants-to-negotiate-loan-of-marc-bernal_315777_102.html#breadcrumb"},"inLanguage":"en-US","potentialAction":[{"@type":"ReadAction","target":["https:\/\/www.fcbarcelonanoticias.com\/en\/transfers\/girona-also-wants-to-negotiate-loan-of-marc-bernal_315777_102.html"]}]},{"@type":"ImageObject","inLanguage":"en-US","@id":"https:\/\/www.fcbarcelonanoticias.com\/en\/transfers\/girona-also-wants-to-negotiate-loan-of-marc-bernal_315777_102.html#primaryimage","url":"https:\/\/www.fcbarcelonanoticias.com\/en\/wp-content\/uploads\/sites\/2\/2026\/01\/marc-bernal-v-racing-santander.jpeg","contentUrl":"https:\/\/www.fcbarcelonanoticias.com\/en\/wp-content\/uploads\/sites\/2\/2026\/01\/marc-bernal-v-racing-santander.jpeg","width":1300,"height":732},{"@type":"BreadcrumbList","@id":"https:\/\/www.fcbarcelonanoticias.com\/en\/transfers\/girona-also-wants-to-negotiate-loan-of-marc-bernal_315777_102.html#breadcrumb","itemListElement":[{"@type":"ListItem","position":1,"name":"Portada","item":"https:\/\/www.fcbarcelonanoticias.com\/en\/"},{"@type":"ListItem","position":2,"name":"Marc Bernal: no intentions of leaving, but with winter offers"}]},{"@type":"WebSite","@id":"https:\/\/www.fcbarcelonanoticias.com\/en\/#website","url":"https:\/\/www.fcbarcelonanoticias.com\/en\/","name":"EN - FC Barcelona Noticias","description":"","potentialAction":[{"@type":"SearchAction","target":{"@type":"EntryPoint","urlTemplate":"https:\/\/www.fcbarcelonanoticias.com\/en\/?s={search_term_string}"},"query-input":{"@type":"PropertyValueSpecification","valueRequired":true,"valueName":"search_term_string"}}],"inLanguage":"en-US"},{"@type":"Person","@id":"https:\/\/www.fcbarcelonanoticias.com\/en\/#\/schema\/person\/c2cd9f6fa1af5c0d0eccd0fefa575c88","name":"Andr\u00e9s Quiroz","image":{"@type":"ImageObject","inLanguage":"en-US","@id":"https:\/\/secure.gravatar.com\/avatar\/?s=96&d=mm&r=g","url":"https:\/\/secure.gravatar.com\/avatar\/?s=96&d=mm&r=g","contentUrl":"https:\/\/secure.gravatar.com\/avatar\/?s=96&d=mm&r=g","caption":"Andr\u00e9s Quiroz"},"description":"Licenciado en Periodismo por la Universidad de los Andes. Me encargo de analizar y compartir los contenidos m\u00e1s destacados de la\u00a0actualidad del F\u00fatbol Club Barcelona, Mercado de Fichajes y F\u00fatbol Internacional en FCBN. La informaci\u00f3n es poder, pero tambi\u00e9n conocimiento.","url":"https:\/\/www.fcbarcelonanoticias.com\/en\/fc-barcelona\/andres-quiroz_17_115.html"}]}},"_links":{"self":[{"href":"https:\/\/www.fcbarcelonanoticias.com\/en\/wp-json\/wp\/v2\/posts\/129662","targetHints":{"allow":["GET"]}}],"collection":[{"href":"https:\/\/www.fcbarcelonanoticias.com\/en\/wp-json\/wp\/v2\/posts"}],"about":[{"href":"https:\/\/www.fcbarcelonanoticias.com\/en\/wp-json\/wp\/v2\/types\/post"}],"author":[{"embeddable":true,"href":"https:\/\/www.fcbarcelonanoticias.com\/en\/wp-json\/wp\/v2\/users\/347"}],"replies":[{"embeddable":true,"href":"https:\/\/www.fcbarcelonanoticias.com\/en\/wp-json\/wp\/v2\/comments?post=129662"}],"version-history":[{"count":1,"href":"https:\/\/www.fcbarcelonanoticias.com\/en\/wp-json\/wp\/v2\/posts\/129662\/revisions"}],"predecessor-version":[{"id":151554,"href":"https:\/\/www.fcbarcelonanoticias.com\/en\/wp-json\/wp\/v2\/posts\/129662\/revisions\/151554"}],"wp:featuredmedia":[{"embeddable":true,"href":"https:\/\/www.fcbarcelonanoticias.com\/en\/wp-json\/wp\/v2\/media\/129665"}],"wp:attachment":[{"href":"https:\/\/www.fcbarcelonanoticias.com\/en\/wp-json\/wp\/v2\/media?parent=129662"}],"wp:term":[{"taxonomy":"category","embeddable":true,"href":"https:\/\/www.fcbarcelonanoticias.com\/en\/wp-json\/wp\/v2\/categories?post=129662"},{"taxonomy":"post_tag","embeddable":true,"href":"https:\/\/www.fcbarcelonanoticias.com\/en\/wp-json\/wp\/v2\/tags?post=129662"}],"curies":[{"name":"wp","href":"https:\/\/api.w.org\/{rel}","templated":true}]}}