{"id":129857,"date":"2025-07-21T23:48:00","date_gmt":"2025-07-21T21:48:00","guid":{"rendered":"https:\/\/weisetech.dev\/fc-barcelona-noticias\/en\/kounde-in-city-sights-but-closer-and-closer-to-renewing-with-barca_313647_102\/"},"modified":"2026-03-27T11:42:23","modified_gmt":"2026-03-27T10:42:23","slug":"kounde-in-city-sights-but-closer-and-closer-to-renewing-with-barca_313647_102","status":"publish","type":"post","link":"https:\/\/www.fcbarcelonanoticias.com\/en\/transfers\/kounde-in-city-sights-but-closer-and-closer-to-renewing-with-barca_313647_102.html","title":{"rendered":"Kound\u00e9, in City&#8217;s sights, but closer and closer to renewing with Bar\u00e7a"},"content":{"rendered":"<h2 class=\"wp-block-heading\">Manchester City inquired about Jules Kound\u00e9, but Bar\u00e7a is clear: renewal in progress and no intention to sell<\/h2>  \r\n<div class=\"article-addons\">\r\n    <a href=\"https:\/\/www.fcbarcelonanoticias.com\/en\/calendar-fc-barcelona.html\"\r\n       target=\"_self\"\r\n       title=\"Calendar of FC Barcelona\"\r\n       class=\"blue-gredient-btn\">\r\n       \r\n        Calendar of FC Barcelona    <\/a>\r\n<\/div>   <p><strong>FC Barcelona<\/strong> has in <strong>Jules Kound\u00e9<\/strong> one of the best right-backs in the world. The Parisian, despite not being a natural right-sided marker, managed to adapt to that demarcation and become a determining piece for <strong>Hansi Flick<\/strong>&#8216;s scheme in the 2024\/25 season, adding 53 games played, with four goals and eight assists.<\/p>  <h2>City were interested in Kound\u00e9: What did Barcelona say about it?<\/h2>  <p>A season that has positioned him again in the orbit of great European teams, which do not rule out their options of being able to sign him in this summer market. According to journalist Fabrice Hawkins of <em>RMC Sport<\/em>, the <strong>Manchester City<\/strong> and another top team on the European scene inquired about the situation of the 26-year-old French defender.<\/p>  <p>However, the aforementioned source highlights that the attempt by the <em>citizens<\/em> would not have had greater significance. The reason? The Azulgrana team considers <strong>Jules Kound\u00e9<\/strong> one of the best players in the world in his position and, therefore, wants to continue counting on his services as a key piece of <strong>Hansi Flick<\/strong>&#8216;s sports project.<\/p>  <h2>Total optimism at Bar\u00e7a to close Jules&#8217; renewal<\/h2>  <p>Under this premise, it should not be overlooked that <strong>Barcelona<\/strong> is already working to renew the former Sevilla player, with a contract at the club until June 30, 2027. The Catalan team has already held several <a data-external=\"0\" data-intl-links-en=\"https:\/\/www.fcbarcelonanoticias.com\/en\/transfers\/shielding-on-the-way-deco-is-already-moving-for-kounde-renewal_313543_102.html\" data-intl-links-es=\"https:\/\/www.fcbarcelonanoticias.com\/fichajes\/barcelona-reunion-deco-agente-kounde-renovacion_313543_102.html\" href=\"https:\/\/www.fcbarcelonanoticias.com\/en\/transfers\/shielding-on-the-way-deco-is-already-moving-for-kounde-renewal_313543_102.html\" rel=\"follow\" target=\"_self\" title=\"Shielding on the way? Deco is already moving for Kound\u00e9's renewal\">meetings with the agent of the French international<\/a>, <strong>Jonathan Kebe<\/strong>, to make clear <strong>Bar\u00e7a<\/strong>&#8216;s desire to extend <strong>Kound\u00e9<\/strong>&#8216;s stay in the Condal City and, of course, to specify the relevant details of the agreement.<\/p>  <p>An agreement that the Catalan team wants to close before the end of the 2025\/26 summer market. But this operation is subject to the fact that the Blaugrana team can start operating under the 1:1 rule promptly and manage to <a data-external=\"0\" data-intl-links-en=\"https:\/\/www.fcbarcelonanoticias.com\/en\/transfers\/ter-stegen-absence-key-to-registering-joan-garcia_313618_102.html\" data-intl-links-es=\"https:\/\/www.fcbarcelonanoticias.com\/fichajes\/barcelona-puede-aprovechar-baja-ter-stegen-inscribir-joan-garcia_313618_102.html\" href=\"https:\/\/www.fcbarcelonanoticias.com\/en\/transfers\/ter-stegen-absence-key-to-registering-joan-garcia_313618_102.html\" rel=\"follow\" target=\"_self\" title=\"Bar\u00e7a can take advantage of Ter Stegen's absence to register Joan Garc\u00eda\">resolve cases such as the registration of Joan Garc\u00eda<\/a> and, presumably, that of <strong>Marcus Rashford<\/strong>. Hence, once these issues and the most pressing renewals due to deadlines are resolved &#8211; such as that of <strong>Frenkie de Jong<\/strong> &#8211; the Catalan team will be able to meditate in depth on the case of the Frenchman.<\/p>  <div class=\"media media-image\" data-ck-asset-wrapper=\"\"> <div class=\"media-item\"> <img loading=\"lazy\" decoding=\"async\" alt=\"Jules Kound\u00e9 in the match between FC Barcelona and Atl\u00e9tico de Madrid in LaLiga EA Sports 2024-25\" data-id=\"1471558\" data-resize=\"9\" height=\"563\" src=\"https:\/\/www.fcbarcelonanoticias.com\/wp-content\/uploads\/sites\/2\/2025\/07\/fcbn-5d9ab97089a02e592d32ea1ae85cdddd.webp\" title=\"Jules Kound\u00e9 in the match between FC Barcelona and Atl\u00e9tico de Madrid in LaLiga EA Sports 2024-25\" width=\"1000\"><div class=\"media-title\">Jules Kound\u00e9 in the match between FC Barcelona and Atl\u00e9tico de Madrid in LaLiga EA Sports 2024-25<\/div> <\/div> <\/div>  <p>Whatever the case, from <strong>Barcelona<\/strong>, after recent conversations with <strong>Jules Kound\u00e9<\/strong>&#8216;s entourage, they are certain that the renewal, sooner or later, will come to fruition due to the existing predisposition among all parties. Ending, with this, to scare away any existing interest &#8211; whether from <strong>Manchester City<\/strong> or another team &#8211; in acquiring his services in this summer market.<\/p> ","protected":false},"excerpt":{"rendered":"<p>Manchester City inquired about Jules Kound\u00e9, but Bar\u00e7a is clear: renewal in progress and no intention to sell FC Barcelona has in Jules Kound\u00e9 one of the best right-backs in the world. The Parisian, despite not being a natural right-sided marker, managed to adapt to that demarcation and become a determining piece for Hansi Flick&#8216;s [&hellip;]<\/p>\n","protected":false},"author":355,"featured_media":129861,"comment_status":"closed","ping_status":"open","sticky":false,"template":"","format":"standard","meta":{"_acf_changed":false,"inline_featured_image":false,"_nextfly_llmd_date_locked":false,"footnotes":""},"categories":[449,106],"tags":[248,97],"class_list":["post-129857","post","type-post","status-publish","format-standard","has-post-thumbnail","hentry","category-transfers-2","category-transfers","tag-jules-kounde","tag-manchester-city"],"acf":[],"yoast_head":"<!-- This site is optimized with the Yoast SEO plugin v27.3 - https:\/\/yoast.com\/product\/yoast-seo-wordpress\/ -->\n<title>Kound\u00e9, in City&#039;s sights, but closer and closer to renewing with Bar\u00e7a<\/title>\n<meta name=\"description\" content=\"Manchester City inquired about Jules Kound\u00e9, but Bar\u00e7a is clear: renewal in progress and no intention to sell\" \/>\n<meta name=\"robots\" content=\"index, follow, max-snippet:-1, max-image-preview:large, max-video-preview:-1\" \/>\n<link rel=\"canonical\" href=\"https:\/\/www.fcbarcelonanoticias.com\/en\/transfers\/kounde-in-city-sights-but-closer-and-closer-to-renewing-with-barca_313647_102.html\" \/>\n<meta property=\"og:locale\" content=\"en_US\" \/>\n<meta property=\"og:type\" content=\"article\" \/>\n<meta property=\"og:title\" content=\"Kound\u00e9, in City&#039;s sights, but closer and closer to renewing with Bar\u00e7a\" \/>\n<meta property=\"og:description\" content=\"Manchester City inquired about Jules Kound\u00e9, but Bar\u00e7a is clear: renewal in progress and no intention to sell\" \/>\n<meta property=\"og:url\" content=\"https:\/\/www.fcbarcelonanoticias.com\/en\/transfers\/kounde-in-city-sights-but-closer-and-closer-to-renewing-with-barca_313647_102.html\" \/>\n<meta property=\"og:site_name\" content=\"EN - FC Barcelona Noticias\" \/>\n<meta property=\"article:published_time\" content=\"2025-07-21T21:48:00+00:00\" \/>\n<meta property=\"article:modified_time\" content=\"2026-03-27T10:42:23+00:00\" \/>\n<meta property=\"og:image\" content=\"https:\/\/www.fcbarcelonanoticias.com\/en\/wp-content\/uploads\/sites\/2\/2025\/07\/kounde-en-la-mira-del-city-pero-cada-vez-mas-cerca-de-renovar-con-el-barca.jpeg\" \/>\n\t<meta property=\"og:image:width\" content=\"1200\" \/>\n\t<meta property=\"og:image:height\" content=\"675\" \/>\n\t<meta property=\"og:image:type\" content=\"image\/jpeg\" \/>\n<meta name=\"author\" content=\"Kevin G\u00f3mez\" \/>\n<meta name=\"twitter:card\" content=\"summary_large_image\" \/>\n<meta name=\"twitter:label1\" content=\"Written by\" \/>\n\t<meta name=\"twitter:data1\" content=\"Kevin G\u00f3mez\" \/>\n\t<meta name=\"twitter:label2\" content=\"Est. reading time\" \/>\n\t<meta name=\"twitter:data2\" content=\"2 minutes\" \/>\n<script type=\"application\/ld+json\" class=\"yoast-schema-graph\">{\"@context\":\"https:\\\/\\\/schema.org\",\"@graph\":[{\"@type\":\"Article\",\"@id\":\"https:\\\/\\\/www.fcbarcelonanoticias.com\\\/en\\\/transfers\\\/kounde-in-city-sights-but-closer-and-closer-to-renewing-with-barca_313647_102.html#article\",\"isPartOf\":{\"@id\":\"https:\\\/\\\/www.fcbarcelonanoticias.com\\\/en\\\/transfers\\\/kounde-in-city-sights-but-closer-and-closer-to-renewing-with-barca_313647_102.html\"},\"author\":{\"name\":\"Kevin G\u00f3mez\",\"@id\":\"https:\\\/\\\/www.fcbarcelonanoticias.com\\\/en\\\/#\\\/schema\\\/person\\\/991443f134df9a64c6874f96ff984c9d\"},\"headline\":\"Kound\u00e9, in City&#8217;s sights, but closer and closer to renewing with Bar\u00e7a\",\"datePublished\":\"2025-07-21T21:48:00+00:00\",\"dateModified\":\"2026-03-27T10:42:23+00:00\",\"mainEntityOfPage\":{\"@id\":\"https:\\\/\\\/www.fcbarcelonanoticias.com\\\/en\\\/transfers\\\/kounde-in-city-sights-but-closer-and-closer-to-renewing-with-barca_313647_102.html\"},\"wordCount\":460,\"image\":{\"@id\":\"https:\\\/\\\/www.fcbarcelonanoticias.com\\\/en\\\/transfers\\\/kounde-in-city-sights-but-closer-and-closer-to-renewing-with-barca_313647_102.html#primaryimage\"},\"thumbnailUrl\":\"https:\\\/\\\/www.fcbarcelonanoticias.com\\\/en\\\/wp-content\\\/uploads\\\/sites\\\/2\\\/2025\\\/07\\\/kounde-en-la-mira-del-city-pero-cada-vez-mas-cerca-de-renovar-con-el-barca.jpeg\",\"keywords\":[\"Jules Kound\u00e9\",\"Manchester City\"],\"articleSection\":[\"Transfers\",\"Transfers\"],\"inLanguage\":\"en-US\"},{\"@type\":\"WebPage\",\"@id\":\"https:\\\/\\\/www.fcbarcelonanoticias.com\\\/en\\\/transfers\\\/kounde-in-city-sights-but-closer-and-closer-to-renewing-with-barca_313647_102.html\",\"url\":\"https:\\\/\\\/www.fcbarcelonanoticias.com\\\/en\\\/transfers\\\/kounde-in-city-sights-but-closer-and-closer-to-renewing-with-barca_313647_102.html\",\"name\":\"Kound\u00e9, in City's sights, but closer and closer to renewing with Bar\u00e7a\",\"isPartOf\":{\"@id\":\"https:\\\/\\\/www.fcbarcelonanoticias.com\\\/en\\\/#website\"},\"primaryImageOfPage\":{\"@id\":\"https:\\\/\\\/www.fcbarcelonanoticias.com\\\/en\\\/transfers\\\/kounde-in-city-sights-but-closer-and-closer-to-renewing-with-barca_313647_102.html#primaryimage\"},\"image\":{\"@id\":\"https:\\\/\\\/www.fcbarcelonanoticias.com\\\/en\\\/transfers\\\/kounde-in-city-sights-but-closer-and-closer-to-renewing-with-barca_313647_102.html#primaryimage\"},\"thumbnailUrl\":\"https:\\\/\\\/www.fcbarcelonanoticias.com\\\/en\\\/wp-content\\\/uploads\\\/sites\\\/2\\\/2025\\\/07\\\/kounde-en-la-mira-del-city-pero-cada-vez-mas-cerca-de-renovar-con-el-barca.jpeg\",\"datePublished\":\"2025-07-21T21:48:00+00:00\",\"dateModified\":\"2026-03-27T10:42:23+00:00\",\"author\":{\"@id\":\"https:\\\/\\\/www.fcbarcelonanoticias.com\\\/en\\\/#\\\/schema\\\/person\\\/991443f134df9a64c6874f96ff984c9d\"},\"description\":\"Manchester City inquired about Jules Kound\u00e9, but Bar\u00e7a is clear: renewal in progress and no intention to sell\",\"breadcrumb\":{\"@id\":\"https:\\\/\\\/www.fcbarcelonanoticias.com\\\/en\\\/transfers\\\/kounde-in-city-sights-but-closer-and-closer-to-renewing-with-barca_313647_102.html#breadcrumb\"},\"inLanguage\":\"en-US\",\"potentialAction\":[{\"@type\":\"ReadAction\",\"target\":[\"https:\\\/\\\/www.fcbarcelonanoticias.com\\\/en\\\/transfers\\\/kounde-in-city-sights-but-closer-and-closer-to-renewing-with-barca_313647_102.html\"]}]},{\"@type\":\"ImageObject\",\"inLanguage\":\"en-US\",\"@id\":\"https:\\\/\\\/www.fcbarcelonanoticias.com\\\/en\\\/transfers\\\/kounde-in-city-sights-but-closer-and-closer-to-renewing-with-barca_313647_102.html#primaryimage\",\"url\":\"https:\\\/\\\/www.fcbarcelonanoticias.com\\\/en\\\/wp-content\\\/uploads\\\/sites\\\/2\\\/2025\\\/07\\\/kounde-en-la-mira-del-city-pero-cada-vez-mas-cerca-de-renovar-con-el-barca.jpeg\",\"contentUrl\":\"https:\\\/\\\/www.fcbarcelonanoticias.com\\\/en\\\/wp-content\\\/uploads\\\/sites\\\/2\\\/2025\\\/07\\\/kounde-en-la-mira-del-city-pero-cada-vez-mas-cerca-de-renovar-con-el-barca.jpeg\",\"width\":1200,\"height\":675},{\"@type\":\"BreadcrumbList\",\"@id\":\"https:\\\/\\\/www.fcbarcelonanoticias.com\\\/en\\\/transfers\\\/kounde-in-city-sights-but-closer-and-closer-to-renewing-with-barca_313647_102.html#breadcrumb\",\"itemListElement\":[{\"@type\":\"ListItem\",\"position\":1,\"name\":\"Portada\",\"item\":\"https:\\\/\\\/www.fcbarcelonanoticias.com\\\/en\\\/\"},{\"@type\":\"ListItem\",\"position\":2,\"name\":\"Kound\u00e9, in City&#8217;s sights, but closer and closer to renewing with Bar\u00e7a\"}]},{\"@type\":\"WebSite\",\"@id\":\"https:\\\/\\\/www.fcbarcelonanoticias.com\\\/en\\\/#website\",\"url\":\"https:\\\/\\\/www.fcbarcelonanoticias.com\\\/en\\\/\",\"name\":\"EN - FC Barcelona Noticias\",\"description\":\"\",\"potentialAction\":[{\"@type\":\"SearchAction\",\"target\":{\"@type\":\"EntryPoint\",\"urlTemplate\":\"https:\\\/\\\/www.fcbarcelonanoticias.com\\\/en\\\/?s={search_term_string}\"},\"query-input\":{\"@type\":\"PropertyValueSpecification\",\"valueRequired\":true,\"valueName\":\"search_term_string\"}}],\"inLanguage\":\"en-US\"},{\"@type\":\"Person\",\"@id\":\"https:\\\/\\\/www.fcbarcelonanoticias.com\\\/en\\\/#\\\/schema\\\/person\\\/991443f134df9a64c6874f96ff984c9d\",\"name\":\"Kevin G\u00f3mez\",\"image\":{\"@type\":\"ImageObject\",\"inLanguage\":\"en-US\",\"@id\":\"https:\\\/\\\/secure.gravatar.com\\\/avatar\\\/?s=96&d=mm&r=g\",\"url\":\"https:\\\/\\\/secure.gravatar.com\\\/avatar\\\/?s=96&d=mm&r=g\",\"contentUrl\":\"https:\\\/\\\/secure.gravatar.com\\\/avatar\\\/?s=96&d=mm&r=g\",\"caption\":\"Kevin G\u00f3mez\"},\"description\":\"Licenciado\u00a0en Periodismo y Comunicaci\u00f3n Audiovisual. Redactor en FCBN responsable de cubrir toda\u00a0la informaci\u00f3n del FC Barcelona y las principales competiciones de\u00a0f\u00fatbol.\",\"url\":\"https:\\\/\\\/www.fcbarcelonanoticias.com\\\/en\\\/jugadores\\\/kevin-gomez_23_115.html\"}]}<\/script>\n<!-- \/ Yoast SEO plugin. -->","yoast_head_json":{"title":"Kound\u00e9, in City's sights, but closer and closer to renewing with Bar\u00e7a","description":"Manchester City inquired about Jules Kound\u00e9, but Bar\u00e7a is clear: renewal in progress and no intention to sell","robots":{"index":"index","follow":"follow","max-snippet":"max-snippet:-1","max-image-preview":"max-image-preview:large","max-video-preview":"max-video-preview:-1"},"canonical":"https:\/\/www.fcbarcelonanoticias.com\/en\/transfers\/kounde-in-city-sights-but-closer-and-closer-to-renewing-with-barca_313647_102.html","og_locale":"en_US","og_type":"article","og_title":"Kound\u00e9, in City's sights, but closer and closer to renewing with Bar\u00e7a","og_description":"Manchester City inquired about Jules Kound\u00e9, but Bar\u00e7a is clear: renewal in progress and no intention to sell","og_url":"https:\/\/www.fcbarcelonanoticias.com\/en\/transfers\/kounde-in-city-sights-but-closer-and-closer-to-renewing-with-barca_313647_102.html","og_site_name":"EN - FC Barcelona Noticias","article_published_time":"2025-07-21T21:48:00+00:00","article_modified_time":"2026-03-27T10:42:23+00:00","og_image":[{"width":1200,"height":675,"url":"https:\/\/www.fcbarcelonanoticias.com\/en\/wp-content\/uploads\/sites\/2\/2025\/07\/kounde-en-la-mira-del-city-pero-cada-vez-mas-cerca-de-renovar-con-el-barca.jpeg","type":"image\/jpeg"}],"author":"Kevin G\u00f3mez","twitter_card":"summary_large_image","twitter_misc":{"Written by":"Kevin G\u00f3mez","Est. reading time":"2 minutes"},"schema":{"@context":"https:\/\/schema.org","@graph":[{"@type":"Article","@id":"https:\/\/www.fcbarcelonanoticias.com\/en\/transfers\/kounde-in-city-sights-but-closer-and-closer-to-renewing-with-barca_313647_102.html#article","isPartOf":{"@id":"https:\/\/www.fcbarcelonanoticias.com\/en\/transfers\/kounde-in-city-sights-but-closer-and-closer-to-renewing-with-barca_313647_102.html"},"author":{"name":"Kevin G\u00f3mez","@id":"https:\/\/www.fcbarcelonanoticias.com\/en\/#\/schema\/person\/991443f134df9a64c6874f96ff984c9d"},"headline":"Kound\u00e9, in City&#8217;s sights, but closer and closer to renewing with Bar\u00e7a","datePublished":"2025-07-21T21:48:00+00:00","dateModified":"2026-03-27T10:42:23+00:00","mainEntityOfPage":{"@id":"https:\/\/www.fcbarcelonanoticias.com\/en\/transfers\/kounde-in-city-sights-but-closer-and-closer-to-renewing-with-barca_313647_102.html"},"wordCount":460,"image":{"@id":"https:\/\/www.fcbarcelonanoticias.com\/en\/transfers\/kounde-in-city-sights-but-closer-and-closer-to-renewing-with-barca_313647_102.html#primaryimage"},"thumbnailUrl":"https:\/\/www.fcbarcelonanoticias.com\/en\/wp-content\/uploads\/sites\/2\/2025\/07\/kounde-en-la-mira-del-city-pero-cada-vez-mas-cerca-de-renovar-con-el-barca.jpeg","keywords":["Jules Kound\u00e9","Manchester City"],"articleSection":["Transfers","Transfers"],"inLanguage":"en-US"},{"@type":"WebPage","@id":"https:\/\/www.fcbarcelonanoticias.com\/en\/transfers\/kounde-in-city-sights-but-closer-and-closer-to-renewing-with-barca_313647_102.html","url":"https:\/\/www.fcbarcelonanoticias.com\/en\/transfers\/kounde-in-city-sights-but-closer-and-closer-to-renewing-with-barca_313647_102.html","name":"Kound\u00e9, in City's sights, but closer and closer to renewing with Bar\u00e7a","isPartOf":{"@id":"https:\/\/www.fcbarcelonanoticias.com\/en\/#website"},"primaryImageOfPage":{"@id":"https:\/\/www.fcbarcelonanoticias.com\/en\/transfers\/kounde-in-city-sights-but-closer-and-closer-to-renewing-with-barca_313647_102.html#primaryimage"},"image":{"@id":"https:\/\/www.fcbarcelonanoticias.com\/en\/transfers\/kounde-in-city-sights-but-closer-and-closer-to-renewing-with-barca_313647_102.html#primaryimage"},"thumbnailUrl":"https:\/\/www.fcbarcelonanoticias.com\/en\/wp-content\/uploads\/sites\/2\/2025\/07\/kounde-en-la-mira-del-city-pero-cada-vez-mas-cerca-de-renovar-con-el-barca.jpeg","datePublished":"2025-07-21T21:48:00+00:00","dateModified":"2026-03-27T10:42:23+00:00","author":{"@id":"https:\/\/www.fcbarcelonanoticias.com\/en\/#\/schema\/person\/991443f134df9a64c6874f96ff984c9d"},"description":"Manchester City inquired about Jules Kound\u00e9, but Bar\u00e7a is clear: renewal in progress and no intention to sell","breadcrumb":{"@id":"https:\/\/www.fcbarcelonanoticias.com\/en\/transfers\/kounde-in-city-sights-but-closer-and-closer-to-renewing-with-barca_313647_102.html#breadcrumb"},"inLanguage":"en-US","potentialAction":[{"@type":"ReadAction","target":["https:\/\/www.fcbarcelonanoticias.com\/en\/transfers\/kounde-in-city-sights-but-closer-and-closer-to-renewing-with-barca_313647_102.html"]}]},{"@type":"ImageObject","inLanguage":"en-US","@id":"https:\/\/www.fcbarcelonanoticias.com\/en\/transfers\/kounde-in-city-sights-but-closer-and-closer-to-renewing-with-barca_313647_102.html#primaryimage","url":"https:\/\/www.fcbarcelonanoticias.com\/en\/wp-content\/uploads\/sites\/2\/2025\/07\/kounde-en-la-mira-del-city-pero-cada-vez-mas-cerca-de-renovar-con-el-barca.jpeg","contentUrl":"https:\/\/www.fcbarcelonanoticias.com\/en\/wp-content\/uploads\/sites\/2\/2025\/07\/kounde-en-la-mira-del-city-pero-cada-vez-mas-cerca-de-renovar-con-el-barca.jpeg","width":1200,"height":675},{"@type":"BreadcrumbList","@id":"https:\/\/www.fcbarcelonanoticias.com\/en\/transfers\/kounde-in-city-sights-but-closer-and-closer-to-renewing-with-barca_313647_102.html#breadcrumb","itemListElement":[{"@type":"ListItem","position":1,"name":"Portada","item":"https:\/\/www.fcbarcelonanoticias.com\/en\/"},{"@type":"ListItem","position":2,"name":"Kound\u00e9, in City&#8217;s sights, but closer and closer to renewing with Bar\u00e7a"}]},{"@type":"WebSite","@id":"https:\/\/www.fcbarcelonanoticias.com\/en\/#website","url":"https:\/\/www.fcbarcelonanoticias.com\/en\/","name":"EN - FC Barcelona Noticias","description":"","potentialAction":[{"@type":"SearchAction","target":{"@type":"EntryPoint","urlTemplate":"https:\/\/www.fcbarcelonanoticias.com\/en\/?s={search_term_string}"},"query-input":{"@type":"PropertyValueSpecification","valueRequired":true,"valueName":"search_term_string"}}],"inLanguage":"en-US"},{"@type":"Person","@id":"https:\/\/www.fcbarcelonanoticias.com\/en\/#\/schema\/person\/991443f134df9a64c6874f96ff984c9d","name":"Kevin G\u00f3mez","image":{"@type":"ImageObject","inLanguage":"en-US","@id":"https:\/\/secure.gravatar.com\/avatar\/?s=96&d=mm&r=g","url":"https:\/\/secure.gravatar.com\/avatar\/?s=96&d=mm&r=g","contentUrl":"https:\/\/secure.gravatar.com\/avatar\/?s=96&d=mm&r=g","caption":"Kevin G\u00f3mez"},"description":"Licenciado\u00a0en Periodismo y Comunicaci\u00f3n Audiovisual. Redactor en FCBN responsable de cubrir toda\u00a0la informaci\u00f3n del FC Barcelona y las principales competiciones de\u00a0f\u00fatbol.","url":"https:\/\/www.fcbarcelonanoticias.com\/en\/jugadores\/kevin-gomez_23_115.html"}]}},"_links":{"self":[{"href":"https:\/\/www.fcbarcelonanoticias.com\/en\/wp-json\/wp\/v2\/posts\/129857","targetHints":{"allow":["GET"]}}],"collection":[{"href":"https:\/\/www.fcbarcelonanoticias.com\/en\/wp-json\/wp\/v2\/posts"}],"about":[{"href":"https:\/\/www.fcbarcelonanoticias.com\/en\/wp-json\/wp\/v2\/types\/post"}],"author":[{"embeddable":true,"href":"https:\/\/www.fcbarcelonanoticias.com\/en\/wp-json\/wp\/v2\/users\/355"}],"replies":[{"embeddable":true,"href":"https:\/\/www.fcbarcelonanoticias.com\/en\/wp-json\/wp\/v2\/comments?post=129857"}],"version-history":[{"count":2,"href":"https:\/\/www.fcbarcelonanoticias.com\/en\/wp-json\/wp\/v2\/posts\/129857\/revisions"}],"predecessor-version":[{"id":161720,"href":"https:\/\/www.fcbarcelonanoticias.com\/en\/wp-json\/wp\/v2\/posts\/129857\/revisions\/161720"}],"wp:featuredmedia":[{"embeddable":true,"href":"https:\/\/www.fcbarcelonanoticias.com\/en\/wp-json\/wp\/v2\/media\/129861"}],"wp:attachment":[{"href":"https:\/\/www.fcbarcelonanoticias.com\/en\/wp-json\/wp\/v2\/media?parent=129857"}],"wp:term":[{"taxonomy":"category","embeddable":true,"href":"https:\/\/www.fcbarcelonanoticias.com\/en\/wp-json\/wp\/v2\/categories?post=129857"},{"taxonomy":"post_tag","embeddable":true,"href":"https:\/\/www.fcbarcelonanoticias.com\/en\/wp-json\/wp\/v2\/tags?post=129857"}],"curies":[{"name":"wp","href":"https:\/\/api.w.org\/{rel}","templated":true}]}}