{"id":129869,"date":"2022-05-08T13:55:00","date_gmt":"2022-05-08T11:55:00","guid":{"rendered":"https:\/\/weisetech.dev\/fc-barcelona-noticias\/en\/good-news-for-the-barca-gerrard-confirms-his-wish_280100_102\/"},"modified":"2022-05-08T17:48:00","modified_gmt":"2022-05-08T15:48:00","slug":"good-news-for-the-barca-gerrard-confirms-his-wish_280100_102","status":"publish","type":"post","link":"https:\/\/www.fcbarcelonanoticias.com\/en\/transfers\/good-news-for-the-barca-gerrard-confirms-his-wish_280100_102.html","title":{"rendered":"Good news for Bar\u00e7a! Gerrard confirms his desire to buy Coutinho"},"content":{"rendered":"<h2 class=\"wp-block-heading\">Philippe Coutinho will have to return to FC Barcelona in July, as long as Aston Villa does not execute the purchase option that includes his loan for six months. For Steven Gerrard, coach of the &#8216;villains&#8217;, the priority is for the Brazilian to stay<\/h2>  \r\n<div class=\"article-addons\">\r\n    <a href=\"https:\/\/www.fcbarcelonanoticias.com\/en\/calendar-fc-barcelona.html\"\r\n       target=\"_self\"\r\n       title=\"Calendar of FC Barcelona\"\r\n       class=\"blue-gredient-btn\">\r\n       \r\n        Calendar of FC Barcelona    <\/a>\r\n<\/div>   <p>The FC Barcelona needs to resolve the contractual situation of several players of his staff to resolve his problems with the limit salarial of face to the 2022-23. One of the most urgent cases is the one of Philippe Coutnho, since <strong>the Brazilian will have to return to Catalonia in July if the Aston Villa declines the option of purchase no compulsory by 40 million euros that includes his cession<\/strong>. In this sense, Steven Gerrard, technician of the &#8216;peasant&#8217;, did not doubt in &#8216;wet&#8217; on the continuity of the midfield player.<\/p>  <p><strong>&#8220;Philippe has understood it. It has played a lot of parties followed. We want to Coutinho here&#8221;<\/strong>, said the ex captain and legend of the Liverpool in the press conference post party of the Saturday in front of the Burnley (victory 1-3). The one of Rio de Janeiro was acting in Turf Moor and only played 11 minutes, second suplencia since it returned to England in January. <strong>The only time that the &#8217;23&#8217; had not been headline in the semester was on 15 January in his debut in front of the <a data-external=\"0\" data-intl-links-en=\"https:\/\/www.fcbarcelonanoticias.com\/en\/international-football\/humillante-the-brigton-golea-to-the-united-and-leaves-him-without-cha_280088_102.html\" data-intl-links-es=\"https:\/\/www.fcbarcelonanoticias.com\/futbol-internacional\/humillante-brigton-golea-united-deja-sin-champions-4-0_280088_102.html\" href=\"https:\/\/www.fcbarcelonanoticias.com\/en\/international-football\/humillante-the-brigton-golea-to-the-united-and-leaves-him-without-cha_280088_102.html\" rel=\"follow\" target=\"_self\" title=\"\u00a1Humillante! El Brigton golea al United y le deja sin Champions (4-0)\">Manchester United<\/a> (2-2)<\/strong>, day in that it annotated his first goal with the T-shirt of the Aston.<\/p>  <p><strong>In 1.088 minutes on the field in the Premier League, the player of 29 years adds 4 goals and 3 assistances<\/strong>, all they registered in his first 8 parties with the club of Birmingham. Further to have mermado his contribution goleador in the last days, the game of the ones of Gerrard follows depending to a large extent of the Brazilian, the one who has seem to have recovered the confidence and the physical state that characterised him in his stage with the Liverpool (2013-2018).<\/p>  <p>The &#8216;reds&#8217; will be the next rival of an Aston Villa that, although it no longer plays by at all (ensured the permanence and does not have opportunity to go in in European glasses) will try amargar to the ones of Anfield in his fight by the title. This will be the first time that Coutinho confront to the Liverpool with the T-shirt of an English club, after his course to the Bar\u00e7a in January of 2018. <strong>The Brazilian has agreement with <\/strong><a data-external=\"0\" data-intl-links-en=\"https:\/\/www.fcbarcelonanoticias.com\/en\/fc-barcelona\/jordi-alba-ensures-that-the-barca-of-xavi-could-have-him-ga_280095_102.html\" data-intl-links-es=\"https:\/\/www.fcbarcelonanoticias.com\/fc-barcelona\/jordi-alba-asegura-barcelona-xavi-podria-haberle-ganado-laliga-madrid_280095_102.html\" href=\"https:\/\/www.fcbarcelonanoticias.com\/en\/fc-barcelona\/jordi-alba-ensures-that-the-barca-of-xavi-could-have-him-ga_280095_102.html\" rel=\"follow\" target=\"_self\" title=\"Jordi Alba asegura que el Bar\u00e7a de Xavi podr\u00eda haberle ganado LaLiga al Madrid\">the Bar\u00e7a<\/a><strong> until June of 2023 <\/strong>and a clause of rescission of 400 million euros.<\/p>  <h3>The index card of Coutinho, the main obstacle of the Aston Villa<\/h3>  <p>Further of the wish of Gerrard, the things will not be easy for the Aston Villa from the financial point of view with the &#8216;case Coutinho&#8217;. If the club wants to remain with the Brazilian will have to pay the 40 &#8216;kilos&#8217; that demands the Bar\u00e7a and do charge of the whole of the index card of the player. In this semester, <strong>the group &#8216;peasant&#8217; only has paid 50% of the wage of the midfield player, which reaches the 16 million net euros by season<\/strong>.<\/p>  <p>Thus, the directive of the Aston probably will try to convince him to go down his wage from August, an option that maybe Philippe was not had to accept. <strong>The another alternative is the Newcastle. The &#8216;urracas&#8217; himself have spare money to pay his signing and wage<\/strong>, but further of the interest filtered by the newspaper &#8216;The Sun&#8217;, for the moment the club has not had any approach with the managerial blaugrana by the player.<\/p> ","protected":false},"excerpt":{"rendered":"<p>Philippe Coutinho will have to return to FC Barcelona in July, as long as Aston Villa does not execute the purchase option that includes his loan for six months. For Steven Gerrard, coach of the &#8216;villains&#8217;, the priority is for the Brazilian to stay The FC Barcelona needs to resolve the contractual situation of several [&hellip;]<\/p>\n","protected":false},"author":347,"featured_media":129873,"comment_status":"closed","ping_status":"open","sticky":false,"template":"","format":"standard","meta":{"_acf_changed":false,"inline_featured_image":false,"_nextfly_llmd_date_locked":false,"footnotes":""},"categories":[449,106],"tags":[268],"class_list":["post-129869","post","type-post","status-publish","format-standard","has-post-thumbnail","hentry","category-transfers-2","category-transfers","tag-coutinho"],"acf":[],"yoast_head":"<!-- This site is optimized with the Yoast SEO plugin v27.3 - https:\/\/yoast.com\/product\/yoast-seo-wordpress\/ -->\n<title>Good news for Bar\u00e7a! Gerrard confirms his desire to buy Coutinho<\/title>\n<meta name=\"description\" content=\"Philippe Coutinho will have to return to the FC Barcelona in July, as long as the Aston Villa do not execute the option of purchase that includes his cession by six month...\" \/>\n<meta name=\"robots\" content=\"index, follow, max-snippet:-1, max-image-preview:large, max-video-preview:-1\" \/>\n<link rel=\"canonical\" href=\"https:\/\/www.fcbarcelonanoticias.com\/en\/transfers\/good-news-for-the-barca-gerrard-confirms-his-wish_280100_102.html\" \/>\n<meta property=\"og:locale\" content=\"en_US\" \/>\n<meta property=\"og:type\" content=\"article\" \/>\n<meta property=\"og:title\" content=\"Good news for Bar\u00e7a! Gerrard confirms his desire to buy Coutinho\" \/>\n<meta property=\"og:description\" content=\"Philippe Coutinho will have to return to the FC Barcelona in July, as long as the Aston Villa do not execute the option of purchase that includes his cession by six month...\" \/>\n<meta property=\"og:url\" content=\"https:\/\/www.fcbarcelonanoticias.com\/en\/transfers\/good-news-for-the-barca-gerrard-confirms-his-wish_280100_102.html\" \/>\n<meta property=\"og:site_name\" content=\"EN - FC Barcelona Noticias\" \/>\n<meta property=\"article:published_time\" content=\"2022-05-08T11:55:00+00:00\" \/>\n<meta property=\"article:modified_time\" content=\"2022-05-08T15:48:00+00:00\" \/>\n<meta property=\"og:image\" content=\"https:\/\/www.fcbarcelonanoticias.com\/en\/wp-content\/uploads\/sites\/2\/2022\/05\/aston-villa-v-southampton-premier-league-1.jpeg\" \/>\n\t<meta property=\"og:image:width\" content=\"1200\" \/>\n\t<meta property=\"og:image:height\" content=\"739\" \/>\n\t<meta property=\"og:image:type\" content=\"image\/jpeg\" \/>\n<meta name=\"author\" content=\"Andr\u00e9s Quiroz\" \/>\n<meta name=\"twitter:card\" content=\"summary_large_image\" \/>\n<meta name=\"twitter:label1\" content=\"Written by\" \/>\n\t<meta name=\"twitter:data1\" content=\"Andr\u00e9s Quiroz\" \/>\n\t<meta name=\"twitter:label2\" content=\"Est. reading time\" \/>\n\t<meta name=\"twitter:data2\" content=\"3 minutes\" \/>\n<script type=\"application\/ld+json\" class=\"yoast-schema-graph\">{\"@context\":\"https:\\\/\\\/schema.org\",\"@graph\":[{\"@type\":\"Article\",\"@id\":\"https:\\\/\\\/www.fcbarcelonanoticias.com\\\/en\\\/transfers\\\/good-news-for-the-barca-gerrard-confirms-his-wish_280100_102.html#article\",\"isPartOf\":{\"@id\":\"https:\\\/\\\/www.fcbarcelonanoticias.com\\\/en\\\/transfers\\\/good-news-for-the-barca-gerrard-confirms-his-wish_280100_102.html\"},\"author\":{\"name\":\"Andr\u00e9s Quiroz\",\"@id\":\"https:\\\/\\\/www.fcbarcelonanoticias.com\\\/en\\\/#\\\/schema\\\/person\\\/c2cd9f6fa1af5c0d0eccd0fefa575c88\"},\"headline\":\"Good news for Bar\u00e7a! Gerrard confirms his desire to buy Coutinho\",\"datePublished\":\"2022-05-08T11:55:00+00:00\",\"dateModified\":\"2022-05-08T15:48:00+00:00\",\"mainEntityOfPage\":{\"@id\":\"https:\\\/\\\/www.fcbarcelonanoticias.com\\\/en\\\/transfers\\\/good-news-for-the-barca-gerrard-confirms-his-wish_280100_102.html\"},\"wordCount\":597,\"image\":{\"@id\":\"https:\\\/\\\/www.fcbarcelonanoticias.com\\\/en\\\/transfers\\\/good-news-for-the-barca-gerrard-confirms-his-wish_280100_102.html#primaryimage\"},\"thumbnailUrl\":\"https:\\\/\\\/www.fcbarcelonanoticias.com\\\/en\\\/wp-content\\\/uploads\\\/sites\\\/2\\\/2022\\\/05\\\/aston-villa-v-southampton-premier-league-1.jpeg\",\"keywords\":[\"Coutinho\"],\"articleSection\":[\"Transfers\",\"Transfers\"],\"inLanguage\":\"en-US\"},{\"@type\":\"WebPage\",\"@id\":\"https:\\\/\\\/www.fcbarcelonanoticias.com\\\/en\\\/transfers\\\/good-news-for-the-barca-gerrard-confirms-his-wish_280100_102.html\",\"url\":\"https:\\\/\\\/www.fcbarcelonanoticias.com\\\/en\\\/transfers\\\/good-news-for-the-barca-gerrard-confirms-his-wish_280100_102.html\",\"name\":\"Good news for Bar\u00e7a! Gerrard confirms his desire to buy Coutinho\",\"isPartOf\":{\"@id\":\"https:\\\/\\\/www.fcbarcelonanoticias.com\\\/en\\\/#website\"},\"primaryImageOfPage\":{\"@id\":\"https:\\\/\\\/www.fcbarcelonanoticias.com\\\/en\\\/transfers\\\/good-news-for-the-barca-gerrard-confirms-his-wish_280100_102.html#primaryimage\"},\"image\":{\"@id\":\"https:\\\/\\\/www.fcbarcelonanoticias.com\\\/en\\\/transfers\\\/good-news-for-the-barca-gerrard-confirms-his-wish_280100_102.html#primaryimage\"},\"thumbnailUrl\":\"https:\\\/\\\/www.fcbarcelonanoticias.com\\\/en\\\/wp-content\\\/uploads\\\/sites\\\/2\\\/2022\\\/05\\\/aston-villa-v-southampton-premier-league-1.jpeg\",\"datePublished\":\"2022-05-08T11:55:00+00:00\",\"dateModified\":\"2022-05-08T15:48:00+00:00\",\"author\":{\"@id\":\"https:\\\/\\\/www.fcbarcelonanoticias.com\\\/en\\\/#\\\/schema\\\/person\\\/c2cd9f6fa1af5c0d0eccd0fefa575c88\"},\"description\":\"Philippe Coutinho will have to return to the FC Barcelona in July, as long as the Aston Villa do not execute the option of purchase that includes his cession by six month...\",\"breadcrumb\":{\"@id\":\"https:\\\/\\\/www.fcbarcelonanoticias.com\\\/en\\\/transfers\\\/good-news-for-the-barca-gerrard-confirms-his-wish_280100_102.html#breadcrumb\"},\"inLanguage\":\"en-US\",\"potentialAction\":[{\"@type\":\"ReadAction\",\"target\":[\"https:\\\/\\\/www.fcbarcelonanoticias.com\\\/en\\\/transfers\\\/good-news-for-the-barca-gerrard-confirms-his-wish_280100_102.html\"]}]},{\"@type\":\"ImageObject\",\"inLanguage\":\"en-US\",\"@id\":\"https:\\\/\\\/www.fcbarcelonanoticias.com\\\/en\\\/transfers\\\/good-news-for-the-barca-gerrard-confirms-his-wish_280100_102.html#primaryimage\",\"url\":\"https:\\\/\\\/www.fcbarcelonanoticias.com\\\/en\\\/wp-content\\\/uploads\\\/sites\\\/2\\\/2022\\\/05\\\/aston-villa-v-southampton-premier-league-1.jpeg\",\"contentUrl\":\"https:\\\/\\\/www.fcbarcelonanoticias.com\\\/en\\\/wp-content\\\/uploads\\\/sites\\\/2\\\/2022\\\/05\\\/aston-villa-v-southampton-premier-league-1.jpeg\",\"width\":1200,\"height\":739},{\"@type\":\"BreadcrumbList\",\"@id\":\"https:\\\/\\\/www.fcbarcelonanoticias.com\\\/en\\\/transfers\\\/good-news-for-the-barca-gerrard-confirms-his-wish_280100_102.html#breadcrumb\",\"itemListElement\":[{\"@type\":\"ListItem\",\"position\":1,\"name\":\"Portada\",\"item\":\"https:\\\/\\\/www.fcbarcelonanoticias.com\\\/en\\\/\"},{\"@type\":\"ListItem\",\"position\":2,\"name\":\"Good news for Bar\u00e7a! Gerrard confirms his desire to buy Coutinho\"}]},{\"@type\":\"WebSite\",\"@id\":\"https:\\\/\\\/www.fcbarcelonanoticias.com\\\/en\\\/#website\",\"url\":\"https:\\\/\\\/www.fcbarcelonanoticias.com\\\/en\\\/\",\"name\":\"EN - FC Barcelona Noticias\",\"description\":\"\",\"potentialAction\":[{\"@type\":\"SearchAction\",\"target\":{\"@type\":\"EntryPoint\",\"urlTemplate\":\"https:\\\/\\\/www.fcbarcelonanoticias.com\\\/en\\\/?s={search_term_string}\"},\"query-input\":{\"@type\":\"PropertyValueSpecification\",\"valueRequired\":true,\"valueName\":\"search_term_string\"}}],\"inLanguage\":\"en-US\"},{\"@type\":\"Person\",\"@id\":\"https:\\\/\\\/www.fcbarcelonanoticias.com\\\/en\\\/#\\\/schema\\\/person\\\/c2cd9f6fa1af5c0d0eccd0fefa575c88\",\"name\":\"Andr\u00e9s Quiroz\",\"image\":{\"@type\":\"ImageObject\",\"inLanguage\":\"en-US\",\"@id\":\"https:\\\/\\\/secure.gravatar.com\\\/avatar\\\/?s=96&d=mm&r=g\",\"url\":\"https:\\\/\\\/secure.gravatar.com\\\/avatar\\\/?s=96&d=mm&r=g\",\"contentUrl\":\"https:\\\/\\\/secure.gravatar.com\\\/avatar\\\/?s=96&d=mm&r=g\",\"caption\":\"Andr\u00e9s Quiroz\"},\"description\":\"Licenciado en Periodismo por la Universidad de los Andes. Me encargo de analizar y compartir los contenidos m\u00e1s destacados de la\u00a0actualidad del F\u00fatbol Club Barcelona, Mercado de Fichajes y F\u00fatbol Internacional en FCBN. La informaci\u00f3n es poder, pero tambi\u00e9n conocimiento.\",\"url\":\"https:\\\/\\\/www.fcbarcelonanoticias.com\\\/en\\\/fc-barcelona\\\/andres-quiroz_17_115.html\"}]}<\/script>\n<!-- \/ Yoast SEO plugin. -->","yoast_head_json":{"title":"Good news for Bar\u00e7a! Gerrard confirms his desire to buy Coutinho","description":"Philippe Coutinho will have to return to the FC Barcelona in July, as long as the Aston Villa do not execute the option of purchase that includes his cession by six month...","robots":{"index":"index","follow":"follow","max-snippet":"max-snippet:-1","max-image-preview":"max-image-preview:large","max-video-preview":"max-video-preview:-1"},"canonical":"https:\/\/www.fcbarcelonanoticias.com\/en\/transfers\/good-news-for-the-barca-gerrard-confirms-his-wish_280100_102.html","og_locale":"en_US","og_type":"article","og_title":"Good news for Bar\u00e7a! Gerrard confirms his desire to buy Coutinho","og_description":"Philippe Coutinho will have to return to the FC Barcelona in July, as long as the Aston Villa do not execute the option of purchase that includes his cession by six month...","og_url":"https:\/\/www.fcbarcelonanoticias.com\/en\/transfers\/good-news-for-the-barca-gerrard-confirms-his-wish_280100_102.html","og_site_name":"EN - FC Barcelona Noticias","article_published_time":"2022-05-08T11:55:00+00:00","article_modified_time":"2022-05-08T15:48:00+00:00","og_image":[{"width":1200,"height":739,"url":"https:\/\/www.fcbarcelonanoticias.com\/en\/wp-content\/uploads\/sites\/2\/2022\/05\/aston-villa-v-southampton-premier-league-1.jpeg","type":"image\/jpeg"}],"author":"Andr\u00e9s Quiroz","twitter_card":"summary_large_image","twitter_misc":{"Written by":"Andr\u00e9s Quiroz","Est. reading time":"3 minutes"},"schema":{"@context":"https:\/\/schema.org","@graph":[{"@type":"Article","@id":"https:\/\/www.fcbarcelonanoticias.com\/en\/transfers\/good-news-for-the-barca-gerrard-confirms-his-wish_280100_102.html#article","isPartOf":{"@id":"https:\/\/www.fcbarcelonanoticias.com\/en\/transfers\/good-news-for-the-barca-gerrard-confirms-his-wish_280100_102.html"},"author":{"name":"Andr\u00e9s Quiroz","@id":"https:\/\/www.fcbarcelonanoticias.com\/en\/#\/schema\/person\/c2cd9f6fa1af5c0d0eccd0fefa575c88"},"headline":"Good news for Bar\u00e7a! Gerrard confirms his desire to buy Coutinho","datePublished":"2022-05-08T11:55:00+00:00","dateModified":"2022-05-08T15:48:00+00:00","mainEntityOfPage":{"@id":"https:\/\/www.fcbarcelonanoticias.com\/en\/transfers\/good-news-for-the-barca-gerrard-confirms-his-wish_280100_102.html"},"wordCount":597,"image":{"@id":"https:\/\/www.fcbarcelonanoticias.com\/en\/transfers\/good-news-for-the-barca-gerrard-confirms-his-wish_280100_102.html#primaryimage"},"thumbnailUrl":"https:\/\/www.fcbarcelonanoticias.com\/en\/wp-content\/uploads\/sites\/2\/2022\/05\/aston-villa-v-southampton-premier-league-1.jpeg","keywords":["Coutinho"],"articleSection":["Transfers","Transfers"],"inLanguage":"en-US"},{"@type":"WebPage","@id":"https:\/\/www.fcbarcelonanoticias.com\/en\/transfers\/good-news-for-the-barca-gerrard-confirms-his-wish_280100_102.html","url":"https:\/\/www.fcbarcelonanoticias.com\/en\/transfers\/good-news-for-the-barca-gerrard-confirms-his-wish_280100_102.html","name":"Good news for Bar\u00e7a! Gerrard confirms his desire to buy Coutinho","isPartOf":{"@id":"https:\/\/www.fcbarcelonanoticias.com\/en\/#website"},"primaryImageOfPage":{"@id":"https:\/\/www.fcbarcelonanoticias.com\/en\/transfers\/good-news-for-the-barca-gerrard-confirms-his-wish_280100_102.html#primaryimage"},"image":{"@id":"https:\/\/www.fcbarcelonanoticias.com\/en\/transfers\/good-news-for-the-barca-gerrard-confirms-his-wish_280100_102.html#primaryimage"},"thumbnailUrl":"https:\/\/www.fcbarcelonanoticias.com\/en\/wp-content\/uploads\/sites\/2\/2022\/05\/aston-villa-v-southampton-premier-league-1.jpeg","datePublished":"2022-05-08T11:55:00+00:00","dateModified":"2022-05-08T15:48:00+00:00","author":{"@id":"https:\/\/www.fcbarcelonanoticias.com\/en\/#\/schema\/person\/c2cd9f6fa1af5c0d0eccd0fefa575c88"},"description":"Philippe Coutinho will have to return to the FC Barcelona in July, as long as the Aston Villa do not execute the option of purchase that includes his cession by six month...","breadcrumb":{"@id":"https:\/\/www.fcbarcelonanoticias.com\/en\/transfers\/good-news-for-the-barca-gerrard-confirms-his-wish_280100_102.html#breadcrumb"},"inLanguage":"en-US","potentialAction":[{"@type":"ReadAction","target":["https:\/\/www.fcbarcelonanoticias.com\/en\/transfers\/good-news-for-the-barca-gerrard-confirms-his-wish_280100_102.html"]}]},{"@type":"ImageObject","inLanguage":"en-US","@id":"https:\/\/www.fcbarcelonanoticias.com\/en\/transfers\/good-news-for-the-barca-gerrard-confirms-his-wish_280100_102.html#primaryimage","url":"https:\/\/www.fcbarcelonanoticias.com\/en\/wp-content\/uploads\/sites\/2\/2022\/05\/aston-villa-v-southampton-premier-league-1.jpeg","contentUrl":"https:\/\/www.fcbarcelonanoticias.com\/en\/wp-content\/uploads\/sites\/2\/2022\/05\/aston-villa-v-southampton-premier-league-1.jpeg","width":1200,"height":739},{"@type":"BreadcrumbList","@id":"https:\/\/www.fcbarcelonanoticias.com\/en\/transfers\/good-news-for-the-barca-gerrard-confirms-his-wish_280100_102.html#breadcrumb","itemListElement":[{"@type":"ListItem","position":1,"name":"Portada","item":"https:\/\/www.fcbarcelonanoticias.com\/en\/"},{"@type":"ListItem","position":2,"name":"Good news for Bar\u00e7a! Gerrard confirms his desire to buy Coutinho"}]},{"@type":"WebSite","@id":"https:\/\/www.fcbarcelonanoticias.com\/en\/#website","url":"https:\/\/www.fcbarcelonanoticias.com\/en\/","name":"EN - FC Barcelona Noticias","description":"","potentialAction":[{"@type":"SearchAction","target":{"@type":"EntryPoint","urlTemplate":"https:\/\/www.fcbarcelonanoticias.com\/en\/?s={search_term_string}"},"query-input":{"@type":"PropertyValueSpecification","valueRequired":true,"valueName":"search_term_string"}}],"inLanguage":"en-US"},{"@type":"Person","@id":"https:\/\/www.fcbarcelonanoticias.com\/en\/#\/schema\/person\/c2cd9f6fa1af5c0d0eccd0fefa575c88","name":"Andr\u00e9s Quiroz","image":{"@type":"ImageObject","inLanguage":"en-US","@id":"https:\/\/secure.gravatar.com\/avatar\/?s=96&d=mm&r=g","url":"https:\/\/secure.gravatar.com\/avatar\/?s=96&d=mm&r=g","contentUrl":"https:\/\/secure.gravatar.com\/avatar\/?s=96&d=mm&r=g","caption":"Andr\u00e9s Quiroz"},"description":"Licenciado en Periodismo por la Universidad de los Andes. Me encargo de analizar y compartir los contenidos m\u00e1s destacados de la\u00a0actualidad del F\u00fatbol Club Barcelona, Mercado de Fichajes y F\u00fatbol Internacional en FCBN. La informaci\u00f3n es poder, pero tambi\u00e9n conocimiento.","url":"https:\/\/www.fcbarcelonanoticias.com\/en\/fc-barcelona\/andres-quiroz_17_115.html"}]}},"_links":{"self":[{"href":"https:\/\/www.fcbarcelonanoticias.com\/en\/wp-json\/wp\/v2\/posts\/129869","targetHints":{"allow":["GET"]}}],"collection":[{"href":"https:\/\/www.fcbarcelonanoticias.com\/en\/wp-json\/wp\/v2\/posts"}],"about":[{"href":"https:\/\/www.fcbarcelonanoticias.com\/en\/wp-json\/wp\/v2\/types\/post"}],"author":[{"embeddable":true,"href":"https:\/\/www.fcbarcelonanoticias.com\/en\/wp-json\/wp\/v2\/users\/347"}],"replies":[{"embeddable":true,"href":"https:\/\/www.fcbarcelonanoticias.com\/en\/wp-json\/wp\/v2\/comments?post=129869"}],"version-history":[{"count":1,"href":"https:\/\/www.fcbarcelonanoticias.com\/en\/wp-json\/wp\/v2\/posts\/129869\/revisions"}],"predecessor-version":[{"id":151597,"href":"https:\/\/www.fcbarcelonanoticias.com\/en\/wp-json\/wp\/v2\/posts\/129869\/revisions\/151597"}],"wp:featuredmedia":[{"embeddable":true,"href":"https:\/\/www.fcbarcelonanoticias.com\/en\/wp-json\/wp\/v2\/media\/129873"}],"wp:attachment":[{"href":"https:\/\/www.fcbarcelonanoticias.com\/en\/wp-json\/wp\/v2\/media?parent=129869"}],"wp:term":[{"taxonomy":"category","embeddable":true,"href":"https:\/\/www.fcbarcelonanoticias.com\/en\/wp-json\/wp\/v2\/categories?post=129869"},{"taxonomy":"post_tag","embeddable":true,"href":"https:\/\/www.fcbarcelonanoticias.com\/en\/wp-json\/wp\/v2\/tags?post=129869"}],"curies":[{"name":"wp","href":"https:\/\/api.w.org\/{rel}","templated":true}]}}