{"id":129899,"date":"2023-07-07T13:26:00","date_gmt":"2023-07-07T11:26:00","guid":{"rendered":"https:\/\/weisetech.dev\/fc-barcelona-noticias\/en\/koeman-raja-against-laporta-puts-in-doubt-transfers-barca_293871_102\/"},"modified":"2023-07-07T13:26:00","modified_gmt":"2023-07-07T11:26:00","slug":"koeman-raja-against-laporta-puts-in-doubt-transfers-barca_293871_102","status":"publish","type":"post","link":"https:\/\/www.fcbarcelonanoticias.com\/en\/transfers\/koeman-raja-against-laporta-puts-in-doubt-transfers-barca_293871_102.html","title":{"rendered":"Koeman &#8216;cracks&#8217; against Laporta and questions the signings of Bar\u00e7a"},"content":{"rendered":"<h2 class=\"wp-block-heading\">The former Bar\u00e7a coach, Ronald Koeman, has offered some statements to the press in which he spoke about the current situation of the club and the treatment that Joan Laporta had with him a couple of seasons ago<\/h2>  \r\n<div class=\"article-addons\">\r\n    <a href=\"https:\/\/www.fcbarcelonanoticias.com\/en\/calendar-fc-barcelona.html\"\r\n       target=\"_self\"\r\n       title=\"Calendar of FC Barcelona\"\r\n       class=\"blue-gredient-btn\">\r\n       \r\n        Calendar of FC Barcelona    <\/a>\r\n<\/div>   <p>Ronald Koeman, ancient trainer of the FC Barcelona and current technician of the Low Countries,<strong> has appeared in front of the media in the &#8216;Ronald Koeman Cup by Foundation Sportium&#8217;.<\/strong> In his words spoke of the movements of market that are doing the Barcelona and also took advantage of to remember his relation with Joan Laporta.<\/p>  <h2>Koeman &#8216;Fear&#8217; by the future of the Bar\u00e7a<\/h2>  <p>It began leaving clear his posture on the signings that is doing the club. &#8220;I think that the signings can argue on the years of the players.<strong> From out, neither economically neither futbol\u00edsticamente are working for the future. <\/strong>There are young people and the structure of the club has to be for the next years&#8221;, aimed.<\/p>  <p>On the same line, it stood out the signings of Ilkay G\u00fcndogan and Robert Lewandowski. &#8220;<a data-external=\"0\" data-intl-links-en=\"https:\/\/www.fcbarcelonanoticias.com\/en\/transfers\/laporta-raises-chest-by-plante-gundogan-city-arriving-by-boat_293657_102.html\" data-intl-links-es=\"https:\/\/www.fcbarcelonanoticias.com\/fichajes\/laporta-saca-pecho-por-plante-gundogan-city-llegar-barca_293657_102.html\" href=\"https:\/\/www.fcbarcelonanoticias.com\/en\/transfers\/laporta-raises-chest-by-plante-gundogan-city-arriving-by-boat_293657_102.html\" rel=\"follow\" target=\"_self\" title=\"Laporta saca pecho por el 'plante' de G\u00fcndogan al City para llegar al Bar\u00e7a\">It does not be necessary to argue a signing like G\u00fcndogan<\/a>. It is a big player and a big professional like Lewandowski, <strong>but is by little time because have one some age.<\/strong> It can not fichar each season two or three players of this type, it is necessary to work for the future.<strong> A signing of a player of 22 years is better that one of 33 or 34<\/strong>&#8220;, affirmed Koeman.<\/p>  <p>Added to this, reflexion\u00f3 about the economy of the Bar\u00e7a and the importance to bet by the youngest. &#8220;<strong>The Bar\u00e7a has young people that has come of the basic football or have fichado with few years. This yes is future.<\/strong> Always it is necessary to look first home. At the end, you have to win things and does not depend on the age of the players, because what asks are titles. <strong>I think that in two years, as far as say you, the press, the Bar\u00e7a still will be in the bad economic situation that does two campaigns<\/strong>&#8220;, ensured the m\u00edster.<\/p>  <h2>&#8216;Rajada&#8217; Against Laporta<\/h2>  <p>Finally, &#8216;raj\u00f3&#8217; against Joan Laporta after his exit of the Barcelona in November of 2021. &#8220;<strong>I know that there is a risk like technician when the things do not go well. <\/strong>Can throw to a trainer, do not have any problem, is not the first time that has happened me.<strong> It is the way to treat to somebody, to an important person for the club. It has not been an honest deal and therefore have my thoughts.<\/strong> The deal to me is not how have showed they&#8221;, concluded the Dutch.<\/p> ","protected":false},"excerpt":{"rendered":"<p>The former Bar\u00e7a coach, Ronald Koeman, has offered some statements to the press in which he spoke about the current situation of the club and the treatment that Joan Laporta had with him a couple of seasons ago Ronald Koeman, ancient trainer of the FC Barcelona and current technician of the Low Countries, has appeared [&hellip;]<\/p>\n","protected":false},"author":0,"featured_media":129902,"comment_status":"closed","ping_status":"open","sticky":false,"template":"","format":"standard","meta":{"_acf_changed":false,"inline_featured_image":false,"_nextfly_llmd_date_locked":false,"footnotes":""},"categories":[449,106],"tags":[158,209],"class_list":["post-129899","post","type-post","status-publish","format-standard","has-post-thumbnail","hentry","category-transfers-2","category-transfers","tag-joan-laporta","tag-ronald-koeman"],"acf":[],"yoast_head":"<!-- This site is optimized with the Yoast SEO plugin v27.3 - https:\/\/yoast.com\/product\/yoast-seo-wordpress\/ -->\n<title>Koeman &#039;cracks&#039; against Laporta and questions the signings of Bar\u00e7a<\/title>\n<meta name=\"description\" content=\"The former Bar\u00e7a coach, Ronald Koeman, has offered some statements to the press in which he spoke about the current situation of the club and the treatment that Joan Laporta had with him a couple of seasons ago\" \/>\n<meta name=\"robots\" content=\"index, follow, max-snippet:-1, max-image-preview:large, max-video-preview:-1\" \/>\n<link rel=\"canonical\" href=\"https:\/\/www.fcbarcelonanoticias.com\/en\/transfers\/koeman-raja-against-laporta-puts-in-doubt-transfers-barca_293871_102.html\" \/>\n<meta property=\"og:locale\" content=\"en_US\" \/>\n<meta property=\"og:type\" content=\"article\" \/>\n<meta property=\"og:title\" content=\"Koeman &#039;cracks&#039; against Laporta and questions the signings of Bar\u00e7a\" \/>\n<meta property=\"og:description\" content=\"The former Bar\u00e7a coach, Ronald Koeman, has offered some statements to the press in which he spoke about the current situation of the club and the treatment that Joan Laporta had with him a couple of seasons ago\" \/>\n<meta property=\"og:url\" content=\"https:\/\/www.fcbarcelonanoticias.com\/en\/transfers\/koeman-raja-against-laporta-puts-in-doubt-transfers-barca_293871_102.html\" \/>\n<meta property=\"og:site_name\" content=\"EN - FC Barcelona Noticias\" \/>\n<meta property=\"article:published_time\" content=\"2023-07-07T11:26:00+00:00\" \/>\n<meta property=\"og:image\" content=\"https:\/\/www.fcbarcelonanoticias.com\/en\/wp-content\/uploads\/sites\/2\/2023\/07\/koeman-nueva-derrota.jpeg\" \/>\n\t<meta property=\"og:image:width\" content=\"1200\" \/>\n\t<meta property=\"og:image:height\" content=\"700\" \/>\n\t<meta property=\"og:image:type\" content=\"image\/jpeg\" \/>\n<meta name=\"twitter:card\" content=\"summary_large_image\" \/>\n<meta name=\"twitter:label1\" content=\"Est. reading time\" \/>\n\t<meta name=\"twitter:data1\" content=\"2 minutes\" \/>\n<script type=\"application\/ld+json\" class=\"yoast-schema-graph\">{\"@context\":\"https:\\\/\\\/schema.org\",\"@graph\":[{\"@type\":\"Article\",\"@id\":\"https:\\\/\\\/www.fcbarcelonanoticias.com\\\/en\\\/transfers\\\/koeman-raja-against-laporta-puts-in-doubt-transfers-barca_293871_102.html#article\",\"isPartOf\":{\"@id\":\"https:\\\/\\\/www.fcbarcelonanoticias.com\\\/en\\\/transfers\\\/koeman-raja-against-laporta-puts-in-doubt-transfers-barca_293871_102.html\"},\"author\":{\"name\":\"\",\"@id\":\"\"},\"headline\":\"Koeman &#8216;cracks&#8217; against Laporta and questions the signings of Bar\u00e7a\",\"datePublished\":\"2023-07-07T11:26:00+00:00\",\"mainEntityOfPage\":{\"@id\":\"https:\\\/\\\/www.fcbarcelonanoticias.com\\\/en\\\/transfers\\\/koeman-raja-against-laporta-puts-in-doubt-transfers-barca_293871_102.html\"},\"wordCount\":454,\"image\":{\"@id\":\"https:\\\/\\\/www.fcbarcelonanoticias.com\\\/en\\\/transfers\\\/koeman-raja-against-laporta-puts-in-doubt-transfers-barca_293871_102.html#primaryimage\"},\"thumbnailUrl\":\"https:\\\/\\\/www.fcbarcelonanoticias.com\\\/en\\\/wp-content\\\/uploads\\\/sites\\\/2\\\/2023\\\/07\\\/koeman-nueva-derrota.jpeg\",\"keywords\":[\"Joan Laporta\",\"Ronald Koeman\"],\"articleSection\":[\"Transfers\",\"Transfers\"],\"inLanguage\":\"en-US\"},{\"@type\":\"WebPage\",\"@id\":\"https:\\\/\\\/www.fcbarcelonanoticias.com\\\/en\\\/transfers\\\/koeman-raja-against-laporta-puts-in-doubt-transfers-barca_293871_102.html\",\"url\":\"https:\\\/\\\/www.fcbarcelonanoticias.com\\\/en\\\/transfers\\\/koeman-raja-against-laporta-puts-in-doubt-transfers-barca_293871_102.html\",\"name\":\"Koeman 'cracks' against Laporta and questions the signings of Bar\u00e7a\",\"isPartOf\":{\"@id\":\"https:\\\/\\\/www.fcbarcelonanoticias.com\\\/en\\\/#website\"},\"primaryImageOfPage\":{\"@id\":\"https:\\\/\\\/www.fcbarcelonanoticias.com\\\/en\\\/transfers\\\/koeman-raja-against-laporta-puts-in-doubt-transfers-barca_293871_102.html#primaryimage\"},\"image\":{\"@id\":\"https:\\\/\\\/www.fcbarcelonanoticias.com\\\/en\\\/transfers\\\/koeman-raja-against-laporta-puts-in-doubt-transfers-barca_293871_102.html#primaryimage\"},\"thumbnailUrl\":\"https:\\\/\\\/www.fcbarcelonanoticias.com\\\/en\\\/wp-content\\\/uploads\\\/sites\\\/2\\\/2023\\\/07\\\/koeman-nueva-derrota.jpeg\",\"datePublished\":\"2023-07-07T11:26:00+00:00\",\"author\":{\"@id\":\"\"},\"description\":\"The former Bar\u00e7a coach, Ronald Koeman, has offered some statements to the press in which he spoke about the current situation of the club and the treatment that Joan Laporta had with him a couple of seasons ago\",\"breadcrumb\":{\"@id\":\"https:\\\/\\\/www.fcbarcelonanoticias.com\\\/en\\\/transfers\\\/koeman-raja-against-laporta-puts-in-doubt-transfers-barca_293871_102.html#breadcrumb\"},\"inLanguage\":\"en-US\",\"potentialAction\":[{\"@type\":\"ReadAction\",\"target\":[\"https:\\\/\\\/www.fcbarcelonanoticias.com\\\/en\\\/transfers\\\/koeman-raja-against-laporta-puts-in-doubt-transfers-barca_293871_102.html\"]}]},{\"@type\":\"ImageObject\",\"inLanguage\":\"en-US\",\"@id\":\"https:\\\/\\\/www.fcbarcelonanoticias.com\\\/en\\\/transfers\\\/koeman-raja-against-laporta-puts-in-doubt-transfers-barca_293871_102.html#primaryimage\",\"url\":\"https:\\\/\\\/www.fcbarcelonanoticias.com\\\/en\\\/wp-content\\\/uploads\\\/sites\\\/2\\\/2023\\\/07\\\/koeman-nueva-derrota.jpeg\",\"contentUrl\":\"https:\\\/\\\/www.fcbarcelonanoticias.com\\\/en\\\/wp-content\\\/uploads\\\/sites\\\/2\\\/2023\\\/07\\\/koeman-nueva-derrota.jpeg\",\"width\":1200,\"height\":700},{\"@type\":\"BreadcrumbList\",\"@id\":\"https:\\\/\\\/www.fcbarcelonanoticias.com\\\/en\\\/transfers\\\/koeman-raja-against-laporta-puts-in-doubt-transfers-barca_293871_102.html#breadcrumb\",\"itemListElement\":[{\"@type\":\"ListItem\",\"position\":1,\"name\":\"Portada\",\"item\":\"https:\\\/\\\/www.fcbarcelonanoticias.com\\\/en\\\/\"},{\"@type\":\"ListItem\",\"position\":2,\"name\":\"Koeman &#8216;cracks&#8217; against Laporta and questions the signings of Bar\u00e7a\"}]},{\"@type\":\"WebSite\",\"@id\":\"https:\\\/\\\/www.fcbarcelonanoticias.com\\\/en\\\/#website\",\"url\":\"https:\\\/\\\/www.fcbarcelonanoticias.com\\\/en\\\/\",\"name\":\"EN - FC Barcelona Noticias\",\"description\":\"\",\"potentialAction\":[{\"@type\":\"SearchAction\",\"target\":{\"@type\":\"EntryPoint\",\"urlTemplate\":\"https:\\\/\\\/www.fcbarcelonanoticias.com\\\/en\\\/?s={search_term_string}\"},\"query-input\":{\"@type\":\"PropertyValueSpecification\",\"valueRequired\":true,\"valueName\":\"search_term_string\"}}],\"inLanguage\":\"en-US\"}]}<\/script>\n<!-- \/ Yoast SEO plugin. -->","yoast_head_json":{"title":"Koeman 'cracks' against Laporta and questions the signings of Bar\u00e7a","description":"The former Bar\u00e7a coach, Ronald Koeman, has offered some statements to the press in which he spoke about the current situation of the club and the treatment that Joan Laporta had with him a couple of seasons ago","robots":{"index":"index","follow":"follow","max-snippet":"max-snippet:-1","max-image-preview":"max-image-preview:large","max-video-preview":"max-video-preview:-1"},"canonical":"https:\/\/www.fcbarcelonanoticias.com\/en\/transfers\/koeman-raja-against-laporta-puts-in-doubt-transfers-barca_293871_102.html","og_locale":"en_US","og_type":"article","og_title":"Koeman 'cracks' against Laporta and questions the signings of Bar\u00e7a","og_description":"The former Bar\u00e7a coach, Ronald Koeman, has offered some statements to the press in which he spoke about the current situation of the club and the treatment that Joan Laporta had with him a couple of seasons ago","og_url":"https:\/\/www.fcbarcelonanoticias.com\/en\/transfers\/koeman-raja-against-laporta-puts-in-doubt-transfers-barca_293871_102.html","og_site_name":"EN - FC Barcelona Noticias","article_published_time":"2023-07-07T11:26:00+00:00","og_image":[{"width":1200,"height":700,"url":"https:\/\/www.fcbarcelonanoticias.com\/en\/wp-content\/uploads\/sites\/2\/2023\/07\/koeman-nueva-derrota.jpeg","type":"image\/jpeg"}],"twitter_card":"summary_large_image","twitter_misc":{"Est. reading time":"2 minutes"},"schema":{"@context":"https:\/\/schema.org","@graph":[{"@type":"Article","@id":"https:\/\/www.fcbarcelonanoticias.com\/en\/transfers\/koeman-raja-against-laporta-puts-in-doubt-transfers-barca_293871_102.html#article","isPartOf":{"@id":"https:\/\/www.fcbarcelonanoticias.com\/en\/transfers\/koeman-raja-against-laporta-puts-in-doubt-transfers-barca_293871_102.html"},"author":{"name":"","@id":""},"headline":"Koeman &#8216;cracks&#8217; against Laporta and questions the signings of Bar\u00e7a","datePublished":"2023-07-07T11:26:00+00:00","mainEntityOfPage":{"@id":"https:\/\/www.fcbarcelonanoticias.com\/en\/transfers\/koeman-raja-against-laporta-puts-in-doubt-transfers-barca_293871_102.html"},"wordCount":454,"image":{"@id":"https:\/\/www.fcbarcelonanoticias.com\/en\/transfers\/koeman-raja-against-laporta-puts-in-doubt-transfers-barca_293871_102.html#primaryimage"},"thumbnailUrl":"https:\/\/www.fcbarcelonanoticias.com\/en\/wp-content\/uploads\/sites\/2\/2023\/07\/koeman-nueva-derrota.jpeg","keywords":["Joan Laporta","Ronald Koeman"],"articleSection":["Transfers","Transfers"],"inLanguage":"en-US"},{"@type":"WebPage","@id":"https:\/\/www.fcbarcelonanoticias.com\/en\/transfers\/koeman-raja-against-laporta-puts-in-doubt-transfers-barca_293871_102.html","url":"https:\/\/www.fcbarcelonanoticias.com\/en\/transfers\/koeman-raja-against-laporta-puts-in-doubt-transfers-barca_293871_102.html","name":"Koeman 'cracks' against Laporta and questions the signings of Bar\u00e7a","isPartOf":{"@id":"https:\/\/www.fcbarcelonanoticias.com\/en\/#website"},"primaryImageOfPage":{"@id":"https:\/\/www.fcbarcelonanoticias.com\/en\/transfers\/koeman-raja-against-laporta-puts-in-doubt-transfers-barca_293871_102.html#primaryimage"},"image":{"@id":"https:\/\/www.fcbarcelonanoticias.com\/en\/transfers\/koeman-raja-against-laporta-puts-in-doubt-transfers-barca_293871_102.html#primaryimage"},"thumbnailUrl":"https:\/\/www.fcbarcelonanoticias.com\/en\/wp-content\/uploads\/sites\/2\/2023\/07\/koeman-nueva-derrota.jpeg","datePublished":"2023-07-07T11:26:00+00:00","author":{"@id":""},"description":"The former Bar\u00e7a coach, Ronald Koeman, has offered some statements to the press in which he spoke about the current situation of the club and the treatment that Joan Laporta had with him a couple of seasons ago","breadcrumb":{"@id":"https:\/\/www.fcbarcelonanoticias.com\/en\/transfers\/koeman-raja-against-laporta-puts-in-doubt-transfers-barca_293871_102.html#breadcrumb"},"inLanguage":"en-US","potentialAction":[{"@type":"ReadAction","target":["https:\/\/www.fcbarcelonanoticias.com\/en\/transfers\/koeman-raja-against-laporta-puts-in-doubt-transfers-barca_293871_102.html"]}]},{"@type":"ImageObject","inLanguage":"en-US","@id":"https:\/\/www.fcbarcelonanoticias.com\/en\/transfers\/koeman-raja-against-laporta-puts-in-doubt-transfers-barca_293871_102.html#primaryimage","url":"https:\/\/www.fcbarcelonanoticias.com\/en\/wp-content\/uploads\/sites\/2\/2023\/07\/koeman-nueva-derrota.jpeg","contentUrl":"https:\/\/www.fcbarcelonanoticias.com\/en\/wp-content\/uploads\/sites\/2\/2023\/07\/koeman-nueva-derrota.jpeg","width":1200,"height":700},{"@type":"BreadcrumbList","@id":"https:\/\/www.fcbarcelonanoticias.com\/en\/transfers\/koeman-raja-against-laporta-puts-in-doubt-transfers-barca_293871_102.html#breadcrumb","itemListElement":[{"@type":"ListItem","position":1,"name":"Portada","item":"https:\/\/www.fcbarcelonanoticias.com\/en\/"},{"@type":"ListItem","position":2,"name":"Koeman &#8216;cracks&#8217; against Laporta and questions the signings of Bar\u00e7a"}]},{"@type":"WebSite","@id":"https:\/\/www.fcbarcelonanoticias.com\/en\/#website","url":"https:\/\/www.fcbarcelonanoticias.com\/en\/","name":"EN - FC Barcelona Noticias","description":"","potentialAction":[{"@type":"SearchAction","target":{"@type":"EntryPoint","urlTemplate":"https:\/\/www.fcbarcelonanoticias.com\/en\/?s={search_term_string}"},"query-input":{"@type":"PropertyValueSpecification","valueRequired":true,"valueName":"search_term_string"}}],"inLanguage":"en-US"}]}},"_links":{"self":[{"href":"https:\/\/www.fcbarcelonanoticias.com\/en\/wp-json\/wp\/v2\/posts\/129899","targetHints":{"allow":["GET"]}}],"collection":[{"href":"https:\/\/www.fcbarcelonanoticias.com\/en\/wp-json\/wp\/v2\/posts"}],"about":[{"href":"https:\/\/www.fcbarcelonanoticias.com\/en\/wp-json\/wp\/v2\/types\/post"}],"replies":[{"embeddable":true,"href":"https:\/\/www.fcbarcelonanoticias.com\/en\/wp-json\/wp\/v2\/comments?post=129899"}],"version-history":[{"count":1,"href":"https:\/\/www.fcbarcelonanoticias.com\/en\/wp-json\/wp\/v2\/posts\/129899\/revisions"}],"predecessor-version":[{"id":152244,"href":"https:\/\/www.fcbarcelonanoticias.com\/en\/wp-json\/wp\/v2\/posts\/129899\/revisions\/152244"}],"wp:featuredmedia":[{"embeddable":true,"href":"https:\/\/www.fcbarcelonanoticias.com\/en\/wp-json\/wp\/v2\/media\/129902"}],"wp:attachment":[{"href":"https:\/\/www.fcbarcelonanoticias.com\/en\/wp-json\/wp\/v2\/media?parent=129899"}],"wp:term":[{"taxonomy":"category","embeddable":true,"href":"https:\/\/www.fcbarcelonanoticias.com\/en\/wp-json\/wp\/v2\/categories?post=129899"},{"taxonomy":"post_tag","embeddable":true,"href":"https:\/\/www.fcbarcelonanoticias.com\/en\/wp-json\/wp\/v2\/tags?post=129899"}],"curies":[{"name":"wp","href":"https:\/\/api.w.org\/{rel}","templated":true}]}}