{"id":129935,"date":"2025-05-22T02:39:00","date_gmt":"2025-05-22T00:39:00","guid":{"rendered":"https:\/\/weisetech.dev\/fc-barcelona-noticias\/en\/end-of-cycle-pep-guardiola-ultimatum-to-manchester-city-board_312737_102\/"},"modified":"2025-05-22T02:39:00","modified_gmt":"2025-05-22T00:39:00","slug":"end-of-cycle-pep-guardiola-ultimatum-to-manchester-city-board_312737_102","status":"publish","type":"post","link":"https:\/\/www.fcbarcelonanoticias.com\/en\/transfers\/end-of-cycle-pep-guardiola-ultimatum-to-manchester-city-board_312737_102.html","title":{"rendered":"End of cycle? Pep Guardiola&#8217;s ultimatum to the Manchester City board"},"content":{"rendered":"<h2 class=\"wp-block-heading\">Pep Guardiola surprised by threatening City with leaving at the end of 24\/25. What is the reason for the Catalan coach&#8217;s ultimatum?<\/h2>  \r\n<div class=\"article-addons\">\r\n    <a href=\"https:\/\/www.fcbarcelonanoticias.com\/en\/calendar-fc-barcelona.html\"\r\n       target=\"_self\"\r\n       title=\"Calendar of FC Barcelona\"\r\n       class=\"blue-gredient-btn\">\r\n       \r\n        Calendar of FC Barcelona    <\/a>\r\n<\/div>   <p>Manchester City&#8217;s victory against Bournemouth (2-0), beyond calming the waters in the &#8216;sky blue&#8217; team by directing the classification to the next Champions League, <strong>set off all the alarms at the Etihad Stadium<\/strong>. In the post-match press conference, Pep Guardiola, for the first time in what has undoubtedly been his worst season in England, threatened to leave this summer.<\/p>  <p>The Catalan coach expressed his anger at <strong>the making of the &#8216;cityzen&#8217; squad, which he considers too large<\/strong> despite the multiple injury losses suffered throughout the campaign. For Pep, having to leave five or six players out of the squad each day is unsustainable for the future.<\/p>  <p>&#8220;<strong>I don&#8217;t want that. I&#8217;ll leave. If they make a shorter squad, I&#8217;ll stay<\/strong>&#8220;, said the Santpedor native. At the moment, the Mancunian team has 28 players registered in the first team squad. Of these, at least six or seven players should leave so that the coach can optimally manage the team and the reserve team players.<\/p>  <h2>City could do without several of their latest reinforcements<\/h2>  <p>In the last winter market, City spent more than 200 million euros on the signings of <strong>Omar Marmoush<\/strong>, <strong>Nico Gonzalez<\/strong>, <strong>Abdukodir Khusanov<\/strong> and <strong>Vitor Reis<\/strong>. None of the five reinforcements was a stellar reinforcement for the team, with the case of Reis (37 &#8216;kilos&#8217;) being the most striking.<\/p>  <p>The 19-year-old centre-back barely played a couple of FA Cup matches in his first semester in England. Continuing with the defenders, <strong>Khusanov (40 M\u20ac) was not too fortunate either<\/strong> in the 6 Premier League matches played so far.<\/p>  <p>In attack, the performance of Omar Marmoush (75 M\u20ac) was not convincing either, with the Egyptian being the main target after <a data-external=\"0\" data-intl-links-en=\"https:\/\/www.fcbarcelonanoticias.com\/en\/football\/guardiola-city-disaster-without-fa-cup-and-nothing-plete_312675_102.html\" data-intl-links-es=\"https:\/\/www.fcbarcelonanoticias.com\/futbol\/nuevo-batacazo-city-guardiola-sin-fa-cup-nadaplete-consumado_312675_102.html\" href=\"https:\/\/www.fcbarcelonanoticias.com\/en\/football\/guardiola-city-disaster-without-fa-cup-and-nothing-plete_312675_102.html\" rel=\"follow\" target=\"_self\" title=\"Nuevo batacazo del City del Guardiola: sin FA Cup y 'nadaplete' consumado\">the defeat in the FA Cup final<\/a> for missing a penalty in the first half. Of the summer incorporations, <strong>Savinho <\/strong>(25 M\u20ac) was the one who accumulated the most filming, but his 2 goals and 12 assists were below the expected level.<\/p>  <p>Hence, in addition to <a data-external=\"0\" data-intl-links-en=\"https:\/\/www.fcbarcelonanoticias.com\/en\/transfers\/surprise-bruyne-leaves-city-will-he-join-barcelona-in-an-unexpected-signing_311955_102.html\" data-intl-links-es=\"https:\/\/www.fcbarcelonanoticias.com\/fichajes\/bombazo-bruyne-deja-city-es-barcelona-su-proximo-destino_311955_102.html\" href=\"https:\/\/www.fcbarcelonanoticias.com\/en\/transfers\/surprise-bruyne-leaves-city-will-he-join-barcelona-in-an-unexpected-signing_311955_102.html\" rel=\"follow\" target=\"_self\" title=\"\u00a1Bombazo! De Bruyne deja el City: \u00bfEs el Bar\u00e7a su pr\u00f3ximo destino?\">the confirmed departure of Kevin De Bruyne<\/a>, City could suffer around a dozen casualties, waiting for at least two or three &#8216;top&#8217; incorporations in the summer that will help the club recover its lost prestige.<\/p>  <h3>Possible City discards for 25\/26:<\/h3>  <ol> <li>Scott Carson (goalkeeper)<\/li> \t<li>John Stones (centre-back)<\/li> \t<li>Vitor Reis (centre-back)<\/li> \t<li>Matteus Nunes (midfielder)<\/li> \t<li>Mateo Kovacic (midfielder)<\/li> \t<li>Nico O&#8217;Reilly (attacking midfielder)<\/li> \t<li>Claudio Echeverry (attacking midfielder)<\/li> \t<li>Jack Grealish (winger)<\/li> \t<li>Savinho (winger)<\/li> \t<li>Oscar Bobb (striker)<\/li> <\/ol> ","protected":false},"excerpt":{"rendered":"<p>Pep Guardiola surprised by threatening City with leaving at the end of 24\/25. What is the reason for the Catalan coach&#8217;s ultimatum? Manchester City&#8217;s victory against Bournemouth (2-0), beyond calming the waters in the &#8216;sky blue&#8217; team by directing the classification to the next Champions League, set off all the alarms at the Etihad Stadium. [&hellip;]<\/p>\n","protected":false},"author":347,"featured_media":129938,"comment_status":"closed","ping_status":"open","sticky":false,"template":"","format":"standard","meta":{"_acf_changed":false,"inline_featured_image":false,"_nextfly_llmd_date_locked":false,"footnotes":""},"categories":[449,106],"tags":[97,178,261],"class_list":["post-129935","post","type-post","status-publish","format-standard","has-post-thumbnail","hentry","category-transfers-2","category-transfers","tag-manchester-city","tag-pep-guardiola","tag-football-transfer-rumors"],"acf":[],"yoast_head":"<!-- This site is optimized with the Yoast SEO plugin v27.3 - https:\/\/yoast.com\/product\/yoast-seo-wordpress\/ -->\n<title>End of cycle? Pep Guardiola&#039;s ultimatum to the Manchester City board<\/title>\n<meta name=\"description\" content=\"Pep Guardiola surprised by threatening City with leaving at the end of 24\/25. What is the reason for the Catalan coach&#039;s ultimatum?\" \/>\n<meta name=\"robots\" content=\"index, follow, max-snippet:-1, max-image-preview:large, max-video-preview:-1\" \/>\n<link rel=\"canonical\" href=\"https:\/\/www.fcbarcelonanoticias.com\/en\/transfers\/end-of-cycle-pep-guardiola-ultimatum-to-manchester-city-board_312737_102.html\" \/>\n<meta property=\"og:locale\" content=\"en_US\" \/>\n<meta property=\"og:type\" content=\"article\" \/>\n<meta property=\"og:title\" content=\"End of cycle? Pep Guardiola&#039;s ultimatum to the Manchester City board\" \/>\n<meta property=\"og:description\" content=\"Pep Guardiola surprised by threatening City with leaving at the end of 24\/25. What is the reason for the Catalan coach&#039;s ultimatum?\" \/>\n<meta property=\"og:url\" content=\"https:\/\/www.fcbarcelonanoticias.com\/en\/transfers\/end-of-cycle-pep-guardiola-ultimatum-to-manchester-city-board_312737_102.html\" \/>\n<meta property=\"og:site_name\" content=\"EN - FC Barcelona Noticias\" \/>\n<meta property=\"article:published_time\" content=\"2025-05-22T00:39:00+00:00\" \/>\n<meta property=\"og:image\" content=\"https:\/\/www.fcbarcelonanoticias.com\/en\/wp-content\/uploads\/sites\/2\/2025\/05\/pep-guardiola-manchester-city.jpeg\" \/>\n\t<meta property=\"og:image:width\" content=\"1200\" \/>\n\t<meta property=\"og:image:height\" content=\"675\" \/>\n\t<meta property=\"og:image:type\" content=\"image\/jpeg\" \/>\n<meta name=\"author\" content=\"Andr\u00e9s Quiroz\" \/>\n<meta name=\"twitter:card\" content=\"summary_large_image\" \/>\n<meta name=\"twitter:label1\" content=\"Written by\" \/>\n\t<meta name=\"twitter:data1\" content=\"Andr\u00e9s Quiroz\" \/>\n\t<meta name=\"twitter:label2\" content=\"Est. reading time\" \/>\n\t<meta name=\"twitter:data2\" content=\"2 minutes\" \/>\n<script type=\"application\/ld+json\" class=\"yoast-schema-graph\">{\"@context\":\"https:\\\/\\\/schema.org\",\"@graph\":[{\"@type\":\"Article\",\"@id\":\"https:\\\/\\\/www.fcbarcelonanoticias.com\\\/en\\\/transfers\\\/end-of-cycle-pep-guardiola-ultimatum-to-manchester-city-board_312737_102.html#article\",\"isPartOf\":{\"@id\":\"https:\\\/\\\/www.fcbarcelonanoticias.com\\\/en\\\/transfers\\\/end-of-cycle-pep-guardiola-ultimatum-to-manchester-city-board_312737_102.html\"},\"author\":{\"name\":\"Andr\u00e9s Quiroz\",\"@id\":\"https:\\\/\\\/www.fcbarcelonanoticias.com\\\/en\\\/#\\\/schema\\\/person\\\/c2cd9f6fa1af5c0d0eccd0fefa575c88\"},\"headline\":\"End of cycle? Pep Guardiola&#8217;s ultimatum to the Manchester City board\",\"datePublished\":\"2025-05-22T00:39:00+00:00\",\"mainEntityOfPage\":{\"@id\":\"https:\\\/\\\/www.fcbarcelonanoticias.com\\\/en\\\/transfers\\\/end-of-cycle-pep-guardiola-ultimatum-to-manchester-city-board_312737_102.html\"},\"wordCount\":425,\"image\":{\"@id\":\"https:\\\/\\\/www.fcbarcelonanoticias.com\\\/en\\\/transfers\\\/end-of-cycle-pep-guardiola-ultimatum-to-manchester-city-board_312737_102.html#primaryimage\"},\"thumbnailUrl\":\"https:\\\/\\\/www.fcbarcelonanoticias.com\\\/en\\\/wp-content\\\/uploads\\\/sites\\\/2\\\/2025\\\/05\\\/pep-guardiola-manchester-city.jpeg\",\"keywords\":[\"Manchester City\",\"Pep Guardiola\",\"Transfer Rumors\"],\"articleSection\":[\"Transfers\",\"Transfers\"],\"inLanguage\":\"en-US\"},{\"@type\":\"WebPage\",\"@id\":\"https:\\\/\\\/www.fcbarcelonanoticias.com\\\/en\\\/transfers\\\/end-of-cycle-pep-guardiola-ultimatum-to-manchester-city-board_312737_102.html\",\"url\":\"https:\\\/\\\/www.fcbarcelonanoticias.com\\\/en\\\/transfers\\\/end-of-cycle-pep-guardiola-ultimatum-to-manchester-city-board_312737_102.html\",\"name\":\"End of cycle? Pep Guardiola's ultimatum to the Manchester City board\",\"isPartOf\":{\"@id\":\"https:\\\/\\\/www.fcbarcelonanoticias.com\\\/en\\\/#website\"},\"primaryImageOfPage\":{\"@id\":\"https:\\\/\\\/www.fcbarcelonanoticias.com\\\/en\\\/transfers\\\/end-of-cycle-pep-guardiola-ultimatum-to-manchester-city-board_312737_102.html#primaryimage\"},\"image\":{\"@id\":\"https:\\\/\\\/www.fcbarcelonanoticias.com\\\/en\\\/transfers\\\/end-of-cycle-pep-guardiola-ultimatum-to-manchester-city-board_312737_102.html#primaryimage\"},\"thumbnailUrl\":\"https:\\\/\\\/www.fcbarcelonanoticias.com\\\/en\\\/wp-content\\\/uploads\\\/sites\\\/2\\\/2025\\\/05\\\/pep-guardiola-manchester-city.jpeg\",\"datePublished\":\"2025-05-22T00:39:00+00:00\",\"author\":{\"@id\":\"https:\\\/\\\/www.fcbarcelonanoticias.com\\\/en\\\/#\\\/schema\\\/person\\\/c2cd9f6fa1af5c0d0eccd0fefa575c88\"},\"description\":\"Pep Guardiola surprised by threatening City with leaving at the end of 24\\\/25. What is the reason for the Catalan coach's ultimatum?\",\"breadcrumb\":{\"@id\":\"https:\\\/\\\/www.fcbarcelonanoticias.com\\\/en\\\/transfers\\\/end-of-cycle-pep-guardiola-ultimatum-to-manchester-city-board_312737_102.html#breadcrumb\"},\"inLanguage\":\"en-US\",\"potentialAction\":[{\"@type\":\"ReadAction\",\"target\":[\"https:\\\/\\\/www.fcbarcelonanoticias.com\\\/en\\\/transfers\\\/end-of-cycle-pep-guardiola-ultimatum-to-manchester-city-board_312737_102.html\"]}]},{\"@type\":\"ImageObject\",\"inLanguage\":\"en-US\",\"@id\":\"https:\\\/\\\/www.fcbarcelonanoticias.com\\\/en\\\/transfers\\\/end-of-cycle-pep-guardiola-ultimatum-to-manchester-city-board_312737_102.html#primaryimage\",\"url\":\"https:\\\/\\\/www.fcbarcelonanoticias.com\\\/en\\\/wp-content\\\/uploads\\\/sites\\\/2\\\/2025\\\/05\\\/pep-guardiola-manchester-city.jpeg\",\"contentUrl\":\"https:\\\/\\\/www.fcbarcelonanoticias.com\\\/en\\\/wp-content\\\/uploads\\\/sites\\\/2\\\/2025\\\/05\\\/pep-guardiola-manchester-city.jpeg\",\"width\":1200,\"height\":675},{\"@type\":\"BreadcrumbList\",\"@id\":\"https:\\\/\\\/www.fcbarcelonanoticias.com\\\/en\\\/transfers\\\/end-of-cycle-pep-guardiola-ultimatum-to-manchester-city-board_312737_102.html#breadcrumb\",\"itemListElement\":[{\"@type\":\"ListItem\",\"position\":1,\"name\":\"Portada\",\"item\":\"https:\\\/\\\/www.fcbarcelonanoticias.com\\\/en\\\/\"},{\"@type\":\"ListItem\",\"position\":2,\"name\":\"End of cycle? Pep Guardiola&#8217;s ultimatum to the Manchester City board\"}]},{\"@type\":\"WebSite\",\"@id\":\"https:\\\/\\\/www.fcbarcelonanoticias.com\\\/en\\\/#website\",\"url\":\"https:\\\/\\\/www.fcbarcelonanoticias.com\\\/en\\\/\",\"name\":\"EN - FC Barcelona Noticias\",\"description\":\"\",\"potentialAction\":[{\"@type\":\"SearchAction\",\"target\":{\"@type\":\"EntryPoint\",\"urlTemplate\":\"https:\\\/\\\/www.fcbarcelonanoticias.com\\\/en\\\/?s={search_term_string}\"},\"query-input\":{\"@type\":\"PropertyValueSpecification\",\"valueRequired\":true,\"valueName\":\"search_term_string\"}}],\"inLanguage\":\"en-US\"},{\"@type\":\"Person\",\"@id\":\"https:\\\/\\\/www.fcbarcelonanoticias.com\\\/en\\\/#\\\/schema\\\/person\\\/c2cd9f6fa1af5c0d0eccd0fefa575c88\",\"name\":\"Andr\u00e9s Quiroz\",\"image\":{\"@type\":\"ImageObject\",\"inLanguage\":\"en-US\",\"@id\":\"https:\\\/\\\/secure.gravatar.com\\\/avatar\\\/?s=96&d=mm&r=g\",\"url\":\"https:\\\/\\\/secure.gravatar.com\\\/avatar\\\/?s=96&d=mm&r=g\",\"contentUrl\":\"https:\\\/\\\/secure.gravatar.com\\\/avatar\\\/?s=96&d=mm&r=g\",\"caption\":\"Andr\u00e9s Quiroz\"},\"description\":\"Licenciado en Periodismo por la Universidad de los Andes. Me encargo de analizar y compartir los contenidos m\u00e1s destacados de la\u00a0actualidad del F\u00fatbol Club Barcelona, Mercado de Fichajes y F\u00fatbol Internacional en FCBN. La informaci\u00f3n es poder, pero tambi\u00e9n conocimiento.\",\"url\":\"https:\\\/\\\/www.fcbarcelonanoticias.com\\\/en\\\/fc-barcelona\\\/andres-quiroz_17_115.html\"}]}<\/script>\n<!-- \/ Yoast SEO plugin. -->","yoast_head_json":{"title":"End of cycle? Pep Guardiola's ultimatum to the Manchester City board","description":"Pep Guardiola surprised by threatening City with leaving at the end of 24\/25. What is the reason for the Catalan coach's ultimatum?","robots":{"index":"index","follow":"follow","max-snippet":"max-snippet:-1","max-image-preview":"max-image-preview:large","max-video-preview":"max-video-preview:-1"},"canonical":"https:\/\/www.fcbarcelonanoticias.com\/en\/transfers\/end-of-cycle-pep-guardiola-ultimatum-to-manchester-city-board_312737_102.html","og_locale":"en_US","og_type":"article","og_title":"End of cycle? Pep Guardiola's ultimatum to the Manchester City board","og_description":"Pep Guardiola surprised by threatening City with leaving at the end of 24\/25. What is the reason for the Catalan coach's ultimatum?","og_url":"https:\/\/www.fcbarcelonanoticias.com\/en\/transfers\/end-of-cycle-pep-guardiola-ultimatum-to-manchester-city-board_312737_102.html","og_site_name":"EN - FC Barcelona Noticias","article_published_time":"2025-05-22T00:39:00+00:00","og_image":[{"width":1200,"height":675,"url":"https:\/\/www.fcbarcelonanoticias.com\/en\/wp-content\/uploads\/sites\/2\/2025\/05\/pep-guardiola-manchester-city.jpeg","type":"image\/jpeg"}],"author":"Andr\u00e9s Quiroz","twitter_card":"summary_large_image","twitter_misc":{"Written by":"Andr\u00e9s Quiroz","Est. reading time":"2 minutes"},"schema":{"@context":"https:\/\/schema.org","@graph":[{"@type":"Article","@id":"https:\/\/www.fcbarcelonanoticias.com\/en\/transfers\/end-of-cycle-pep-guardiola-ultimatum-to-manchester-city-board_312737_102.html#article","isPartOf":{"@id":"https:\/\/www.fcbarcelonanoticias.com\/en\/transfers\/end-of-cycle-pep-guardiola-ultimatum-to-manchester-city-board_312737_102.html"},"author":{"name":"Andr\u00e9s Quiroz","@id":"https:\/\/www.fcbarcelonanoticias.com\/en\/#\/schema\/person\/c2cd9f6fa1af5c0d0eccd0fefa575c88"},"headline":"End of cycle? Pep Guardiola&#8217;s ultimatum to the Manchester City board","datePublished":"2025-05-22T00:39:00+00:00","mainEntityOfPage":{"@id":"https:\/\/www.fcbarcelonanoticias.com\/en\/transfers\/end-of-cycle-pep-guardiola-ultimatum-to-manchester-city-board_312737_102.html"},"wordCount":425,"image":{"@id":"https:\/\/www.fcbarcelonanoticias.com\/en\/transfers\/end-of-cycle-pep-guardiola-ultimatum-to-manchester-city-board_312737_102.html#primaryimage"},"thumbnailUrl":"https:\/\/www.fcbarcelonanoticias.com\/en\/wp-content\/uploads\/sites\/2\/2025\/05\/pep-guardiola-manchester-city.jpeg","keywords":["Manchester City","Pep Guardiola","Transfer Rumors"],"articleSection":["Transfers","Transfers"],"inLanguage":"en-US"},{"@type":"WebPage","@id":"https:\/\/www.fcbarcelonanoticias.com\/en\/transfers\/end-of-cycle-pep-guardiola-ultimatum-to-manchester-city-board_312737_102.html","url":"https:\/\/www.fcbarcelonanoticias.com\/en\/transfers\/end-of-cycle-pep-guardiola-ultimatum-to-manchester-city-board_312737_102.html","name":"End of cycle? Pep Guardiola's ultimatum to the Manchester City board","isPartOf":{"@id":"https:\/\/www.fcbarcelonanoticias.com\/en\/#website"},"primaryImageOfPage":{"@id":"https:\/\/www.fcbarcelonanoticias.com\/en\/transfers\/end-of-cycle-pep-guardiola-ultimatum-to-manchester-city-board_312737_102.html#primaryimage"},"image":{"@id":"https:\/\/www.fcbarcelonanoticias.com\/en\/transfers\/end-of-cycle-pep-guardiola-ultimatum-to-manchester-city-board_312737_102.html#primaryimage"},"thumbnailUrl":"https:\/\/www.fcbarcelonanoticias.com\/en\/wp-content\/uploads\/sites\/2\/2025\/05\/pep-guardiola-manchester-city.jpeg","datePublished":"2025-05-22T00:39:00+00:00","author":{"@id":"https:\/\/www.fcbarcelonanoticias.com\/en\/#\/schema\/person\/c2cd9f6fa1af5c0d0eccd0fefa575c88"},"description":"Pep Guardiola surprised by threatening City with leaving at the end of 24\/25. What is the reason for the Catalan coach's ultimatum?","breadcrumb":{"@id":"https:\/\/www.fcbarcelonanoticias.com\/en\/transfers\/end-of-cycle-pep-guardiola-ultimatum-to-manchester-city-board_312737_102.html#breadcrumb"},"inLanguage":"en-US","potentialAction":[{"@type":"ReadAction","target":["https:\/\/www.fcbarcelonanoticias.com\/en\/transfers\/end-of-cycle-pep-guardiola-ultimatum-to-manchester-city-board_312737_102.html"]}]},{"@type":"ImageObject","inLanguage":"en-US","@id":"https:\/\/www.fcbarcelonanoticias.com\/en\/transfers\/end-of-cycle-pep-guardiola-ultimatum-to-manchester-city-board_312737_102.html#primaryimage","url":"https:\/\/www.fcbarcelonanoticias.com\/en\/wp-content\/uploads\/sites\/2\/2025\/05\/pep-guardiola-manchester-city.jpeg","contentUrl":"https:\/\/www.fcbarcelonanoticias.com\/en\/wp-content\/uploads\/sites\/2\/2025\/05\/pep-guardiola-manchester-city.jpeg","width":1200,"height":675},{"@type":"BreadcrumbList","@id":"https:\/\/www.fcbarcelonanoticias.com\/en\/transfers\/end-of-cycle-pep-guardiola-ultimatum-to-manchester-city-board_312737_102.html#breadcrumb","itemListElement":[{"@type":"ListItem","position":1,"name":"Portada","item":"https:\/\/www.fcbarcelonanoticias.com\/en\/"},{"@type":"ListItem","position":2,"name":"End of cycle? Pep Guardiola&#8217;s ultimatum to the Manchester City board"}]},{"@type":"WebSite","@id":"https:\/\/www.fcbarcelonanoticias.com\/en\/#website","url":"https:\/\/www.fcbarcelonanoticias.com\/en\/","name":"EN - FC Barcelona Noticias","description":"","potentialAction":[{"@type":"SearchAction","target":{"@type":"EntryPoint","urlTemplate":"https:\/\/www.fcbarcelonanoticias.com\/en\/?s={search_term_string}"},"query-input":{"@type":"PropertyValueSpecification","valueRequired":true,"valueName":"search_term_string"}}],"inLanguage":"en-US"},{"@type":"Person","@id":"https:\/\/www.fcbarcelonanoticias.com\/en\/#\/schema\/person\/c2cd9f6fa1af5c0d0eccd0fefa575c88","name":"Andr\u00e9s Quiroz","image":{"@type":"ImageObject","inLanguage":"en-US","@id":"https:\/\/secure.gravatar.com\/avatar\/?s=96&d=mm&r=g","url":"https:\/\/secure.gravatar.com\/avatar\/?s=96&d=mm&r=g","contentUrl":"https:\/\/secure.gravatar.com\/avatar\/?s=96&d=mm&r=g","caption":"Andr\u00e9s Quiroz"},"description":"Licenciado en Periodismo por la Universidad de los Andes. Me encargo de analizar y compartir los contenidos m\u00e1s destacados de la\u00a0actualidad del F\u00fatbol Club Barcelona, Mercado de Fichajes y F\u00fatbol Internacional en FCBN. La informaci\u00f3n es poder, pero tambi\u00e9n conocimiento.","url":"https:\/\/www.fcbarcelonanoticias.com\/en\/fc-barcelona\/andres-quiroz_17_115.html"}]}},"_links":{"self":[{"href":"https:\/\/www.fcbarcelonanoticias.com\/en\/wp-json\/wp\/v2\/posts\/129935","targetHints":{"allow":["GET"]}}],"collection":[{"href":"https:\/\/www.fcbarcelonanoticias.com\/en\/wp-json\/wp\/v2\/posts"}],"about":[{"href":"https:\/\/www.fcbarcelonanoticias.com\/en\/wp-json\/wp\/v2\/types\/post"}],"author":[{"embeddable":true,"href":"https:\/\/www.fcbarcelonanoticias.com\/en\/wp-json\/wp\/v2\/users\/347"}],"replies":[{"embeddable":true,"href":"https:\/\/www.fcbarcelonanoticias.com\/en\/wp-json\/wp\/v2\/comments?post=129935"}],"version-history":[{"count":1,"href":"https:\/\/www.fcbarcelonanoticias.com\/en\/wp-json\/wp\/v2\/posts\/129935\/revisions"}],"predecessor-version":[{"id":152527,"href":"https:\/\/www.fcbarcelonanoticias.com\/en\/wp-json\/wp\/v2\/posts\/129935\/revisions\/152527"}],"wp:featuredmedia":[{"embeddable":true,"href":"https:\/\/www.fcbarcelonanoticias.com\/en\/wp-json\/wp\/v2\/media\/129938"}],"wp:attachment":[{"href":"https:\/\/www.fcbarcelonanoticias.com\/en\/wp-json\/wp\/v2\/media?parent=129935"}],"wp:term":[{"taxonomy":"category","embeddable":true,"href":"https:\/\/www.fcbarcelonanoticias.com\/en\/wp-json\/wp\/v2\/categories?post=129935"},{"taxonomy":"post_tag","embeddable":true,"href":"https:\/\/www.fcbarcelonanoticias.com\/en\/wp-json\/wp\/v2\/tags?post=129935"}],"curies":[{"name":"wp","href":"https:\/\/api.w.org\/{rel}","templated":true}]}}