{"id":129945,"date":"2025-08-21T15:40:00","date_gmt":"2025-08-21T13:40:00","guid":{"rendered":"https:\/\/weisetech.dev\/fc-barcelona-noticias\/en\/kounde-signs-his-renewal-with-barca-until-2030-this-was-the-official-ceremony_314282_102\/"},"modified":"2026-04-16T09:22:06","modified_gmt":"2026-04-16T07:22:06","slug":"kounde-signs-his-renewal-with-barca-until-2030-this-was-the-official-ceremony_314282_102","status":"publish","type":"post","link":"https:\/\/www.fcbarcelonanoticias.com\/en\/transfers\/kounde-signs-his-renewal-with-barca-until-2030-this-was-the-official-ceremony_314282_102.html","title":{"rendered":"Kound\u00e9 signs his renewal with Bar\u00e7a until 2030: this is how the official event was"},"content":{"rendered":"<h2 class=\"wp-block-heading\">Kound\u00e9 extends contract with Bar\u00e7a until 2030. This is how the official event and the confessions of the center-back were after signing his link<\/h2>  \r\n<div class=\"article-addons\">\r\n    <a href=\"https:\/\/www.fcbarcelonanoticias.com\/en\/calendar-fc-barcelona.html\"\r\n       target=\"_self\"\r\n       title=\"Calendar of FC Barcelona\"\r\n       class=\"blue-gredient-btn\">\r\n       \r\n        Calendar of FC Barcelona    <\/a>\r\n<\/div>   <p><strong>Jules Kound\u00e9<\/strong> has already made his renewal as a player of <strong>FC Barcelona<\/strong> official. It should be remembered that the agreement for <a data-external=\"0\" data-intl-links-en=\"https:\/\/www.fcbarcelonanoticias.com\/en\/transfers\/official-jules-kounde-will-continue-at-fc-barcelona-until-2030_314137_102.html\" data-intl-links-es=\"https:\/\/www.fcbarcelonanoticias.com\/fichajes\/jules-kounde-seguira-en-fc-barcelona-hasta-2030_314137_102.html\" href=\"https:\/\/www.fcbarcelonanoticias.com\/en\/transfers\/official-jules-kounde-will-continue-at-fc-barcelona-until-2030_314137_102.html\" rel=\"follow\" target=\"_self\" title=\"OFFICIAL: Jules Kound\u00e9 will continue at FC Barcelona until 2030\">the contractual extension of the French defender until 2030<\/a> had been announced days ago; however, for scheduling reasons, the formal event had been postponed.<\/p>  <p>Finally, the signing of the new contract was finalized this Thursday, <strong>August 21<\/strong>. As usual, the event took place in the club&#8217;s offices and was attended by illustrious figures from the Azulgrana board, such as the club&#8217;s president, <strong>Joan Laporta<\/strong>, <strong>Rafa Yuste<\/strong> (sports vice president) and the sports director <strong>Deco<\/strong>.<\/p>  <div data-oembed-url=\"https:\/\/x.com\/FCBarcelona\/status\/1958507184125313033\"> <blockquote align=\"center\" class=\"twitter-tweet\" data-dnt=\"true\"> <p dir=\"ltr\" lang=\"ht\">Jules Kounde 2\u20e30\u20e33\u20e30\u20e3 <a href=\"https:\/\/t.co\/en\/lyeCIOOXFK\">pic.twitter.com\/lyeCIOOXFK<\/a><\/p> \u2014 FC Barcelona (@FCBarcelona) <a href=\"https:\/\/twitter.com\/en\/FCBarcelona\/status\/1958507184125313033?ref_src=twsrc%5Etfw\">August 21, 2025<\/a> <\/blockquote>  <\/div>  <h2>&#8220;The sky is the limit&#8221;: Kound\u00e9 is ambitious after his renewal<\/h2>  <p>Regarding his renewal, <strong>Kound\u00e9<\/strong>, elegant for the occasion, did not hesitate to express his satisfaction: &#8220;I am very happy to renew. It was quite simple. <strong>I am very comfortable and for me and for the club it was easy to reach an agreement<\/strong>,&#8221; he commented after the signing that links him to the Catalan team until <strong>2030<\/strong>.<\/p>  <p>Later, the French defender attended both the club&#8217;s official media and other attendees at the press conference organized in the &#8216;Commercial Office&#8217; (the FCB Store in front of the Palau). From this, he spoke about his objectives: &#8220;The sky is the limit. That is my objective. <strong>We are lucky to be in a club that competes for all the titles.<\/strong> We are going for more to surpass what we did last season.&#8221;<\/p>  <blockquote> <p>&#8220;The sky is the limit. That is my objective.&#8221;<\/p> <\/blockquote>  <p>In turn, the Parisian also highlighted his pride in his career at the Azulgrana team, where he is already one of the French players with the most matches played: &#8220;<strong>It is a pleasure to have played so many matches with Bar\u00e7a<\/strong>. I hope I can surpass <strong>Abidal<\/strong> as the French player with the most matches at Bar\u00e7a.&#8221;<\/p>  <p><strong>TOP 5 FRENCH PLAYERS WITH THE MOST MATCHES IN THE HISTORY OF FC BARCELONA:<\/strong><\/p>  <ol> <li>\u00c9ric Abidal: 193 matches<\/li> \t<li>Ousmane Demb\u00e9l\u00e9: 185 matches<\/li> \t<li>Cl\u00e9ment Lenglet: 160 matches<\/li> \t<li><strong>Jules Kound\u00e9: 142 matches<\/strong><\/li> \t<li>Samuel Umtiti: 133 matches<\/li> <\/ol> <h2>His best moments with Bar\u00e7a: League, Cup and unforgettable goal<\/h2>  <p>When reflecting on his most special moments with the Cul\u00e9 shirt, the former <strong>Sevilla<\/strong> player chose two: &#8220;<strong>Being LaLiga champions against Espanyol was very beautiful in my first season<\/strong>,&#8221; he confessed.<\/p>  <p>And he added another recent memory, the great goal in the 2024\/25 Copa del Rey final against <strong>Real Madrid<\/strong>: &#8220;Especially the Cl\u00e1sico in the Cup final, <strong>a very beautiful match and being able to score the goal in the 116th minute<\/strong>.&#8221;<\/p>  <p>\ud83d\udcfa\ufe0f&nbsp;<a data-external=\"0\" data-intl-links-es=\"https:\/\/www.fcbarcelonanoticias.com\/copa-del-rey\/barcelona-kounde-heroe-copa-rey-2025_312351_102.html\" href=\"https:\/\/www.fcbarcelonanoticias.com\/copa-del-rey\/barcelona-kounde-heroe-copa-rey-2025_312351_102.html\" rel=\"follow\" target=\"_self\" title=\"Kound\u00e9, the hero of the Copa del Rey 2025: A right foot for glory\">RELIVE JULES KOUND\u00c9&#8217;S GREAT GOAL VS. REAL MADRID IN THE 2024\/25 COPA DEL REY:<\/a><\/p>  <p>In addition, <strong>he sent a message to the <em>culers<\/em><\/strong>:<\/p>  <blockquote> <p>&#8220;The affection of the people is incredible. Every time I walk around Barcelona, people are very kind to me. I enjoy it and value it. I hope to give them another joy.&#8221;<\/p> <\/blockquote>  <h2>His role in the Cul\u00e9 team and the internal competition with Eric Garc\u00eda<\/h2>  <p>In a press conference, <strong>Kound\u00e9<\/strong> also spoke about his favorite position: &#8220;I always say that I am a center-back converted into a full-back. <strong>But I am very comfortable playing as a full-back<\/strong>, more and more comfortable. It depends on the coach,&#8221; he said.<\/p>  <p>Regarding <a data-external=\"0\" data-intl-links-en=\"https:\/\/www.fcbarcelonanoticias.com\/en\/fc-barcelona\/reasons-why-kounde-started-25-26-season-as-substitute_314269_102.html\" data-intl-links-es=\"https:\/\/www.fcbarcelonanoticias.com\/fc-barcelona\/motivos-por-que-kounde-inicio-25-26-como-suplente_314269_102.html\" href=\"https:\/\/www.fcbarcelonanoticias.com\/en\/fc-barcelona\/reasons-why-kounde-started-25-26-season-as-substitute_314269_102.html\" rel=\"follow\" target=\"_self\" title=\"Jules Kound\u00e9 to the bench: The surprising reason of Hansi Flick and his reasons\">the competition for that place<\/a>, he praised <strong>Eric Garc\u00eda<\/strong>: &#8220;I see him very well. I like the competition. Eric is a great player. <strong>I am very demanding with myself and I work to improve every year<\/strong>,&#8221; he said.<\/p>  <h2>Champions League objective and the illusion of returning to the Camp Nou<\/h2>  <p>The former Bordeaux player did not hide what the great goal of the season is: winning the Champions League. &#8220;I don&#8217;t see it as dangerous to have that objective. People demand it because they see that we have the material to do it. <strong>People really like this team and the way they play.<\/strong> We notice it on the field, on a walk or on tour. That&#8217;s why I don&#8217;t see it as a danger. The Champions League is our objective, not our danger. We are at Bar\u00e7a. Without obsessing. But it is an objective, of course it is,&#8221; he warned.<\/p>  <blockquote> <p>&#8220;The Champions League is our objective, not our danger. We are at Bar\u00e7a. Without obsessing. But it is an objective, of course it is.&#8221;<\/p> <\/blockquote>  <p>On the subject of the <strong>Champions League<\/strong> he added that: &#8220;<strong>Anything that is not winning it is not a failure, but our objective is to win it, of course.<\/strong> It is the competition that generates the most illusion. Not only at Bar\u00e7a. It is the tournament that generates the most relevance. And we all dream of winning it,&#8221; he emphasized.<\/p>  <table align=\"center\" style=\"width:100%;\"> <caption><strong>JULES KOUND\u00c9&#8217;S NUMBERS AS A PLAYER OF FC BARCELONA<\/strong><\/caption> \t<thead><tr> <th scope=\"col\">MATCHES<\/th> \t\t\t<th scope=\"col\">G<\/th> \t\t\t<th scope=\"col\">A<\/th> \t\t\t<th scope=\"col\">MIN. PLAYED<\/th> \t\t\t<th scope=\"col\">TITLES<\/th> \t\t<\/tr><\/thead> <tbody><tr> <td style=\"text-align: center;\">142<\/td> \t\t\t<td style=\"text-align: center;\">7<\/td> \t\t\t<td style=\"text-align: center;\">18<\/td> \t\t\t<td style=\"text-align: center;\">11.991&#8242;<\/td> \t\t\t<td style=\"text-align: center;\">5: LaLiga Champion (2022\/23 and 2024\/25). Spanish Super Cup Champion (2023 and 2025). Copa del Rey Champion (2024\/25)<\/td> \t\t<\/tr><\/tbody> <\/table> <p>Now, about the return to <strong>Spotify Camp Nou<\/strong>, he was excited: &#8220;We are very excited. <strong>Everything is not fixed, but it is on the right track.<\/strong> Returning to the Camp Nou will be special because it also influences the rivals. It is a historic and very large stadium,&#8221; he pointed out.<\/p>  <h2><strong>Strategic renewal and praise for Lamine Yamal<\/strong><\/h2>  <p><strong>Kound\u00e9<\/strong> also celebrated that his signing has helped in the registration of new additions: &#8220;The club has gone through difficult times. <strong>We are much better in sports and economically.<\/strong> And if my signing has helped any registration, I am delighted. I have not talked about it with my teammates, however,&#8221; he commented.<\/p>  <p>Finally, <strong>Jules<\/strong> spoke about his relationship with the Azulgrana jewel, <strong>Lamine Yamal<\/strong>: &#8220;Harm, impossible, <strong>We have a very good relationship.<\/strong> He is an extraordinary, brilliant player, but, above all, he is a team player. He works for the team. He is not going to defend like one more because he needs this energy to decide up there. <strong>I don&#8217;t mind defending a little more if the guy plays these great games<\/strong>, scoring and assisting.&#8221;<\/p>  <p>Also, about a possible <strong>Ballon d&#8217;Or<\/strong> for the &#8217;10&#8217; cul\u00e9, he preferred not to get too wet: &#8220;You put me in a bind because <strong>Demb\u00e9l\u00e9<\/strong> is also there. <strong>I will only say that Lamine deserves it if he wins it<\/strong>, with other players who have also had a very good season,&#8221; he concluded.<\/p> ","protected":false},"excerpt":{"rendered":"<p>Kound\u00e9 extends contract with Bar\u00e7a until 2030. This is how the official event and the confessions of the center-back were after signing his link Jules Kound\u00e9 has already made his renewal as a player of FC Barcelona official. It should be remembered that the agreement for the contractual extension of the French defender until 2030 [&hellip;]<\/p>\n","protected":false},"author":355,"featured_media":129947,"comment_status":"closed","ping_status":"open","sticky":false,"template":"","format":"standard","meta":{"_acf_changed":false,"inline_featured_image":false,"_nextfly_llmd_date_locked":false,"footnotes":""},"categories":[443,449,106],"tags":[248],"class_list":["post-129945","post","type-post","status-publish","format-standard","has-post-thumbnail","hentry","category-jules-kounde","category-transfers-2","category-transfers","tag-jules-kounde"],"acf":[],"yoast_head":"<!-- This site is optimized with the Yoast SEO plugin v27.3 - https:\/\/yoast.com\/product\/yoast-seo-wordpress\/ -->\n<title>Kound\u00e9 signs his renewal with Bar\u00e7a until 2030: this is how the official event was<\/title>\n<meta name=\"description\" content=\"Kound\u00e9 extends contract with Bar\u00e7a until 2030. This is how the official event and the confessions of the center-back were after signing his link\" \/>\n<meta name=\"robots\" content=\"index, follow, max-snippet:-1, max-image-preview:large, max-video-preview:-1\" \/>\n<link rel=\"canonical\" href=\"https:\/\/www.fcbarcelonanoticias.com\/en\/transfers\/kounde-signs-his-renewal-with-barca-until-2030-this-was-the-official-ceremony_314282_102.html\" \/>\n<meta property=\"og:locale\" content=\"en_US\" \/>\n<meta property=\"og:type\" content=\"article\" \/>\n<meta property=\"og:title\" content=\"Kound\u00e9 signs his renewal with Bar\u00e7a until 2030: this is how the official event was\" \/>\n<meta property=\"og:description\" content=\"Kound\u00e9 extends contract with Bar\u00e7a until 2030. This is how the official event and the confessions of the center-back were after signing his link\" \/>\n<meta property=\"og:url\" content=\"https:\/\/www.fcbarcelonanoticias.com\/en\/transfers\/kounde-signs-his-renewal-with-barca-until-2030-this-was-the-official-ceremony_314282_102.html\" \/>\n<meta property=\"og:site_name\" content=\"EN - FC Barcelona Noticias\" \/>\n<meta property=\"article:published_time\" content=\"2025-08-21T13:40:00+00:00\" \/>\n<meta property=\"article:modified_time\" content=\"2026-04-16T07:22:06+00:00\" \/>\n<meta property=\"og:image\" content=\"https:\/\/www.fcbarcelonanoticias.com\/en\/wp-content\/uploads\/sites\/2\/2025\/08\/oficial-jules-kounde-seguira-en-el-fc-barcelona-hasta-2030-1.webp\" \/>\n\t<meta property=\"og:image:width\" content=\"1200\" \/>\n\t<meta property=\"og:image:height\" content=\"675\" \/>\n\t<meta property=\"og:image:type\" content=\"image\/webp\" \/>\n<meta name=\"author\" content=\"Kevin G\u00f3mez\" \/>\n<meta name=\"twitter:card\" content=\"summary_large_image\" \/>\n<meta name=\"twitter:label1\" content=\"Written by\" \/>\n\t<meta name=\"twitter:data1\" content=\"Kevin G\u00f3mez\" \/>\n\t<meta name=\"twitter:label2\" content=\"Est. reading time\" \/>\n\t<meta name=\"twitter:data2\" content=\"5 minutes\" \/>\n<script type=\"application\/ld+json\" class=\"yoast-schema-graph\">{\"@context\":\"https:\\\/\\\/schema.org\",\"@graph\":[{\"@type\":\"Article\",\"@id\":\"https:\\\/\\\/www.fcbarcelonanoticias.com\\\/en\\\/transfers\\\/kounde-signs-his-renewal-with-barca-until-2030-this-was-the-official-ceremony_314282_102.html#article\",\"isPartOf\":{\"@id\":\"https:\\\/\\\/www.fcbarcelonanoticias.com\\\/en\\\/transfers\\\/kounde-signs-his-renewal-with-barca-until-2030-this-was-the-official-ceremony_314282_102.html\"},\"author\":{\"name\":\"Kevin G\u00f3mez\",\"@id\":\"https:\\\/\\\/www.fcbarcelonanoticias.com\\\/en\\\/#\\\/schema\\\/person\\\/991443f134df9a64c6874f96ff984c9d\"},\"headline\":\"Kound\u00e9 signs his renewal with Bar\u00e7a until 2030: this is how the official event was\",\"datePublished\":\"2025-08-21T13:40:00+00:00\",\"dateModified\":\"2026-04-16T07:22:06+00:00\",\"mainEntityOfPage\":{\"@id\":\"https:\\\/\\\/www.fcbarcelonanoticias.com\\\/en\\\/transfers\\\/kounde-signs-his-renewal-with-barca-until-2030-this-was-the-official-ceremony_314282_102.html\"},\"wordCount\":1088,\"image\":{\"@id\":\"https:\\\/\\\/www.fcbarcelonanoticias.com\\\/en\\\/transfers\\\/kounde-signs-his-renewal-with-barca-until-2030-this-was-the-official-ceremony_314282_102.html#primaryimage\"},\"thumbnailUrl\":\"https:\\\/\\\/www.fcbarcelonanoticias.com\\\/en\\\/wp-content\\\/uploads\\\/sites\\\/2\\\/2025\\\/08\\\/oficial-jules-kounde-seguira-en-el-fc-barcelona-hasta-2030-1.webp\",\"keywords\":[\"Jules Kound\u00e9\"],\"articleSection\":[\"Jules Kound\u00e9\",\"Transfers\",\"Transfers\"],\"inLanguage\":\"en-US\"},{\"@type\":\"WebPage\",\"@id\":\"https:\\\/\\\/www.fcbarcelonanoticias.com\\\/en\\\/transfers\\\/kounde-signs-his-renewal-with-barca-until-2030-this-was-the-official-ceremony_314282_102.html\",\"url\":\"https:\\\/\\\/www.fcbarcelonanoticias.com\\\/en\\\/transfers\\\/kounde-signs-his-renewal-with-barca-until-2030-this-was-the-official-ceremony_314282_102.html\",\"name\":\"Kound\u00e9 signs his renewal with Bar\u00e7a until 2030: this is how the official event was\",\"isPartOf\":{\"@id\":\"https:\\\/\\\/www.fcbarcelonanoticias.com\\\/en\\\/#website\"},\"primaryImageOfPage\":{\"@id\":\"https:\\\/\\\/www.fcbarcelonanoticias.com\\\/en\\\/transfers\\\/kounde-signs-his-renewal-with-barca-until-2030-this-was-the-official-ceremony_314282_102.html#primaryimage\"},\"image\":{\"@id\":\"https:\\\/\\\/www.fcbarcelonanoticias.com\\\/en\\\/transfers\\\/kounde-signs-his-renewal-with-barca-until-2030-this-was-the-official-ceremony_314282_102.html#primaryimage\"},\"thumbnailUrl\":\"https:\\\/\\\/www.fcbarcelonanoticias.com\\\/en\\\/wp-content\\\/uploads\\\/sites\\\/2\\\/2025\\\/08\\\/oficial-jules-kounde-seguira-en-el-fc-barcelona-hasta-2030-1.webp\",\"datePublished\":\"2025-08-21T13:40:00+00:00\",\"dateModified\":\"2026-04-16T07:22:06+00:00\",\"author\":{\"@id\":\"https:\\\/\\\/www.fcbarcelonanoticias.com\\\/en\\\/#\\\/schema\\\/person\\\/991443f134df9a64c6874f96ff984c9d\"},\"description\":\"Kound\u00e9 extends contract with Bar\u00e7a until 2030. This is how the official event and the confessions of the center-back were after signing his link\",\"breadcrumb\":{\"@id\":\"https:\\\/\\\/www.fcbarcelonanoticias.com\\\/en\\\/transfers\\\/kounde-signs-his-renewal-with-barca-until-2030-this-was-the-official-ceremony_314282_102.html#breadcrumb\"},\"inLanguage\":\"en-US\",\"potentialAction\":[{\"@type\":\"ReadAction\",\"target\":[\"https:\\\/\\\/www.fcbarcelonanoticias.com\\\/en\\\/transfers\\\/kounde-signs-his-renewal-with-barca-until-2030-this-was-the-official-ceremony_314282_102.html\"]}]},{\"@type\":\"ImageObject\",\"inLanguage\":\"en-US\",\"@id\":\"https:\\\/\\\/www.fcbarcelonanoticias.com\\\/en\\\/transfers\\\/kounde-signs-his-renewal-with-barca-until-2030-this-was-the-official-ceremony_314282_102.html#primaryimage\",\"url\":\"https:\\\/\\\/www.fcbarcelonanoticias.com\\\/en\\\/wp-content\\\/uploads\\\/sites\\\/2\\\/2025\\\/08\\\/oficial-jules-kounde-seguira-en-el-fc-barcelona-hasta-2030-1.webp\",\"contentUrl\":\"https:\\\/\\\/www.fcbarcelonanoticias.com\\\/en\\\/wp-content\\\/uploads\\\/sites\\\/2\\\/2025\\\/08\\\/oficial-jules-kounde-seguira-en-el-fc-barcelona-hasta-2030-1.webp\",\"width\":1200,\"height\":675},{\"@type\":\"BreadcrumbList\",\"@id\":\"https:\\\/\\\/www.fcbarcelonanoticias.com\\\/en\\\/transfers\\\/kounde-signs-his-renewal-with-barca-until-2030-this-was-the-official-ceremony_314282_102.html#breadcrumb\",\"itemListElement\":[{\"@type\":\"ListItem\",\"position\":1,\"name\":\"Portada\",\"item\":\"https:\\\/\\\/www.fcbarcelonanoticias.com\\\/en\\\/\"},{\"@type\":\"ListItem\",\"position\":2,\"name\":\"Kound\u00e9 signs his renewal with Bar\u00e7a until 2030: this is how the official event was\"}]},{\"@type\":\"WebSite\",\"@id\":\"https:\\\/\\\/www.fcbarcelonanoticias.com\\\/en\\\/#website\",\"url\":\"https:\\\/\\\/www.fcbarcelonanoticias.com\\\/en\\\/\",\"name\":\"EN - FC Barcelona Noticias\",\"description\":\"\",\"potentialAction\":[{\"@type\":\"SearchAction\",\"target\":{\"@type\":\"EntryPoint\",\"urlTemplate\":\"https:\\\/\\\/www.fcbarcelonanoticias.com\\\/en\\\/?s={search_term_string}\"},\"query-input\":{\"@type\":\"PropertyValueSpecification\",\"valueRequired\":true,\"valueName\":\"search_term_string\"}}],\"inLanguage\":\"en-US\"},{\"@type\":\"Person\",\"@id\":\"https:\\\/\\\/www.fcbarcelonanoticias.com\\\/en\\\/#\\\/schema\\\/person\\\/991443f134df9a64c6874f96ff984c9d\",\"name\":\"Kevin G\u00f3mez\",\"image\":{\"@type\":\"ImageObject\",\"inLanguage\":\"en-US\",\"@id\":\"https:\\\/\\\/secure.gravatar.com\\\/avatar\\\/?s=96&d=mm&r=g\",\"url\":\"https:\\\/\\\/secure.gravatar.com\\\/avatar\\\/?s=96&d=mm&r=g\",\"contentUrl\":\"https:\\\/\\\/secure.gravatar.com\\\/avatar\\\/?s=96&d=mm&r=g\",\"caption\":\"Kevin G\u00f3mez\"},\"description\":\"Licenciado\u00a0en Periodismo y Comunicaci\u00f3n Audiovisual. Redactor en FCBN responsable de cubrir toda\u00a0la informaci\u00f3n del FC Barcelona y las principales competiciones de\u00a0f\u00fatbol.\",\"url\":\"https:\\\/\\\/www.fcbarcelonanoticias.com\\\/en\\\/jugadores\\\/kevin-gomez_23_115.html\"}]}<\/script>\n<!-- \/ Yoast SEO plugin. -->","yoast_head_json":{"title":"Kound\u00e9 signs his renewal with Bar\u00e7a until 2030: this is how the official event was","description":"Kound\u00e9 extends contract with Bar\u00e7a until 2030. This is how the official event and the confessions of the center-back were after signing his link","robots":{"index":"index","follow":"follow","max-snippet":"max-snippet:-1","max-image-preview":"max-image-preview:large","max-video-preview":"max-video-preview:-1"},"canonical":"https:\/\/www.fcbarcelonanoticias.com\/en\/transfers\/kounde-signs-his-renewal-with-barca-until-2030-this-was-the-official-ceremony_314282_102.html","og_locale":"en_US","og_type":"article","og_title":"Kound\u00e9 signs his renewal with Bar\u00e7a until 2030: this is how the official event was","og_description":"Kound\u00e9 extends contract with Bar\u00e7a until 2030. This is how the official event and the confessions of the center-back were after signing his link","og_url":"https:\/\/www.fcbarcelonanoticias.com\/en\/transfers\/kounde-signs-his-renewal-with-barca-until-2030-this-was-the-official-ceremony_314282_102.html","og_site_name":"EN - FC Barcelona Noticias","article_published_time":"2025-08-21T13:40:00+00:00","article_modified_time":"2026-04-16T07:22:06+00:00","og_image":[{"width":1200,"height":675,"url":"https:\/\/www.fcbarcelonanoticias.com\/en\/wp-content\/uploads\/sites\/2\/2025\/08\/oficial-jules-kounde-seguira-en-el-fc-barcelona-hasta-2030-1.webp","type":"image\/webp"}],"author":"Kevin G\u00f3mez","twitter_card":"summary_large_image","twitter_misc":{"Written by":"Kevin G\u00f3mez","Est. reading time":"5 minutes"},"schema":{"@context":"https:\/\/schema.org","@graph":[{"@type":"Article","@id":"https:\/\/www.fcbarcelonanoticias.com\/en\/transfers\/kounde-signs-his-renewal-with-barca-until-2030-this-was-the-official-ceremony_314282_102.html#article","isPartOf":{"@id":"https:\/\/www.fcbarcelonanoticias.com\/en\/transfers\/kounde-signs-his-renewal-with-barca-until-2030-this-was-the-official-ceremony_314282_102.html"},"author":{"name":"Kevin G\u00f3mez","@id":"https:\/\/www.fcbarcelonanoticias.com\/en\/#\/schema\/person\/991443f134df9a64c6874f96ff984c9d"},"headline":"Kound\u00e9 signs his renewal with Bar\u00e7a until 2030: this is how the official event was","datePublished":"2025-08-21T13:40:00+00:00","dateModified":"2026-04-16T07:22:06+00:00","mainEntityOfPage":{"@id":"https:\/\/www.fcbarcelonanoticias.com\/en\/transfers\/kounde-signs-his-renewal-with-barca-until-2030-this-was-the-official-ceremony_314282_102.html"},"wordCount":1088,"image":{"@id":"https:\/\/www.fcbarcelonanoticias.com\/en\/transfers\/kounde-signs-his-renewal-with-barca-until-2030-this-was-the-official-ceremony_314282_102.html#primaryimage"},"thumbnailUrl":"https:\/\/www.fcbarcelonanoticias.com\/en\/wp-content\/uploads\/sites\/2\/2025\/08\/oficial-jules-kounde-seguira-en-el-fc-barcelona-hasta-2030-1.webp","keywords":["Jules Kound\u00e9"],"articleSection":["Jules Kound\u00e9","Transfers","Transfers"],"inLanguage":"en-US"},{"@type":"WebPage","@id":"https:\/\/www.fcbarcelonanoticias.com\/en\/transfers\/kounde-signs-his-renewal-with-barca-until-2030-this-was-the-official-ceremony_314282_102.html","url":"https:\/\/www.fcbarcelonanoticias.com\/en\/transfers\/kounde-signs-his-renewal-with-barca-until-2030-this-was-the-official-ceremony_314282_102.html","name":"Kound\u00e9 signs his renewal with Bar\u00e7a until 2030: this is how the official event was","isPartOf":{"@id":"https:\/\/www.fcbarcelonanoticias.com\/en\/#website"},"primaryImageOfPage":{"@id":"https:\/\/www.fcbarcelonanoticias.com\/en\/transfers\/kounde-signs-his-renewal-with-barca-until-2030-this-was-the-official-ceremony_314282_102.html#primaryimage"},"image":{"@id":"https:\/\/www.fcbarcelonanoticias.com\/en\/transfers\/kounde-signs-his-renewal-with-barca-until-2030-this-was-the-official-ceremony_314282_102.html#primaryimage"},"thumbnailUrl":"https:\/\/www.fcbarcelonanoticias.com\/en\/wp-content\/uploads\/sites\/2\/2025\/08\/oficial-jules-kounde-seguira-en-el-fc-barcelona-hasta-2030-1.webp","datePublished":"2025-08-21T13:40:00+00:00","dateModified":"2026-04-16T07:22:06+00:00","author":{"@id":"https:\/\/www.fcbarcelonanoticias.com\/en\/#\/schema\/person\/991443f134df9a64c6874f96ff984c9d"},"description":"Kound\u00e9 extends contract with Bar\u00e7a until 2030. This is how the official event and the confessions of the center-back were after signing his link","breadcrumb":{"@id":"https:\/\/www.fcbarcelonanoticias.com\/en\/transfers\/kounde-signs-his-renewal-with-barca-until-2030-this-was-the-official-ceremony_314282_102.html#breadcrumb"},"inLanguage":"en-US","potentialAction":[{"@type":"ReadAction","target":["https:\/\/www.fcbarcelonanoticias.com\/en\/transfers\/kounde-signs-his-renewal-with-barca-until-2030-this-was-the-official-ceremony_314282_102.html"]}]},{"@type":"ImageObject","inLanguage":"en-US","@id":"https:\/\/www.fcbarcelonanoticias.com\/en\/transfers\/kounde-signs-his-renewal-with-barca-until-2030-this-was-the-official-ceremony_314282_102.html#primaryimage","url":"https:\/\/www.fcbarcelonanoticias.com\/en\/wp-content\/uploads\/sites\/2\/2025\/08\/oficial-jules-kounde-seguira-en-el-fc-barcelona-hasta-2030-1.webp","contentUrl":"https:\/\/www.fcbarcelonanoticias.com\/en\/wp-content\/uploads\/sites\/2\/2025\/08\/oficial-jules-kounde-seguira-en-el-fc-barcelona-hasta-2030-1.webp","width":1200,"height":675},{"@type":"BreadcrumbList","@id":"https:\/\/www.fcbarcelonanoticias.com\/en\/transfers\/kounde-signs-his-renewal-with-barca-until-2030-this-was-the-official-ceremony_314282_102.html#breadcrumb","itemListElement":[{"@type":"ListItem","position":1,"name":"Portada","item":"https:\/\/www.fcbarcelonanoticias.com\/en\/"},{"@type":"ListItem","position":2,"name":"Kound\u00e9 signs his renewal with Bar\u00e7a until 2030: this is how the official event was"}]},{"@type":"WebSite","@id":"https:\/\/www.fcbarcelonanoticias.com\/en\/#website","url":"https:\/\/www.fcbarcelonanoticias.com\/en\/","name":"EN - FC Barcelona Noticias","description":"","potentialAction":[{"@type":"SearchAction","target":{"@type":"EntryPoint","urlTemplate":"https:\/\/www.fcbarcelonanoticias.com\/en\/?s={search_term_string}"},"query-input":{"@type":"PropertyValueSpecification","valueRequired":true,"valueName":"search_term_string"}}],"inLanguage":"en-US"},{"@type":"Person","@id":"https:\/\/www.fcbarcelonanoticias.com\/en\/#\/schema\/person\/991443f134df9a64c6874f96ff984c9d","name":"Kevin G\u00f3mez","image":{"@type":"ImageObject","inLanguage":"en-US","@id":"https:\/\/secure.gravatar.com\/avatar\/?s=96&d=mm&r=g","url":"https:\/\/secure.gravatar.com\/avatar\/?s=96&d=mm&r=g","contentUrl":"https:\/\/secure.gravatar.com\/avatar\/?s=96&d=mm&r=g","caption":"Kevin G\u00f3mez"},"description":"Licenciado\u00a0en Periodismo y Comunicaci\u00f3n Audiovisual. Redactor en FCBN responsable de cubrir toda\u00a0la informaci\u00f3n del FC Barcelona y las principales competiciones de\u00a0f\u00fatbol.","url":"https:\/\/www.fcbarcelonanoticias.com\/en\/jugadores\/kevin-gomez_23_115.html"}]}},"_links":{"self":[{"href":"https:\/\/www.fcbarcelonanoticias.com\/en\/wp-json\/wp\/v2\/posts\/129945","targetHints":{"allow":["GET"]}}],"collection":[{"href":"https:\/\/www.fcbarcelonanoticias.com\/en\/wp-json\/wp\/v2\/posts"}],"about":[{"href":"https:\/\/www.fcbarcelonanoticias.com\/en\/wp-json\/wp\/v2\/types\/post"}],"author":[{"embeddable":true,"href":"https:\/\/www.fcbarcelonanoticias.com\/en\/wp-json\/wp\/v2\/users\/355"}],"replies":[{"embeddable":true,"href":"https:\/\/www.fcbarcelonanoticias.com\/en\/wp-json\/wp\/v2\/comments?post=129945"}],"version-history":[{"count":2,"href":"https:\/\/www.fcbarcelonanoticias.com\/en\/wp-json\/wp\/v2\/posts\/129945\/revisions"}],"predecessor-version":[{"id":173005,"href":"https:\/\/www.fcbarcelonanoticias.com\/en\/wp-json\/wp\/v2\/posts\/129945\/revisions\/173005"}],"wp:featuredmedia":[{"embeddable":true,"href":"https:\/\/www.fcbarcelonanoticias.com\/en\/wp-json\/wp\/v2\/media\/129947"}],"wp:attachment":[{"href":"https:\/\/www.fcbarcelonanoticias.com\/en\/wp-json\/wp\/v2\/media?parent=129945"}],"wp:term":[{"taxonomy":"category","embeddable":true,"href":"https:\/\/www.fcbarcelonanoticias.com\/en\/wp-json\/wp\/v2\/categories?post=129945"},{"taxonomy":"post_tag","embeddable":true,"href":"https:\/\/www.fcbarcelonanoticias.com\/en\/wp-json\/wp\/v2\/tags?post=129945"}],"curies":[{"name":"wp","href":"https:\/\/api.w.org\/{rel}","templated":true}]}}