{"id":129957,"date":"2022-07-05T23:02:00","date_gmt":"2022-07-05T21:02:00","guid":{"rendered":"https:\/\/weisetech.dev\/fc-barcelona-noticias\/en\/kounde-moves-away-of-the-barca-chelsea-wins-terrain-in-the_281919_102\/"},"modified":"2022-07-06T02:17:00","modified_gmt":"2022-07-06T00:17:00","slug":"kounde-moves-away-of-the-barca-chelsea-wins-terrain-in-the_281919_102","status":"publish","type":"post","link":"https:\/\/www.fcbarcelonanoticias.com\/en\/transfers\/kounde-moves-away-of-the-barca-chelsea-wins-terrain-in-the_281919_102.html","title":{"rendered":"Kound\u00e9 moves away from Bar\u00e7a: Chelsea gain ground in the bid for the central defender"},"content":{"rendered":"<h2 class=\"wp-block-heading\">Jules Kound\u00e9 continues his recovery in the United States after undergoing surgery due to his hamstring problems. The central will return to train shortly and, while FC Barcelona looks for money for transfers, Chelsea gains ground<\/h2>  \r\n<div class=\"article-addons\">\r\n    <a href=\"https:\/\/www.fcbarcelonanoticias.com\/en\/calendar-fc-barcelona.html\"\r\n       target=\"_self\"\r\n       title=\"Calendar of FC Barcelona\"\r\n       class=\"blue-gredient-btn\">\r\n       \r\n        Calendar of FC Barcelona    <\/a>\r\n<\/div>   <p>The future of Jules Kound\u00e9 follows opened to the negotiations between the Seville and the club that put more money on the table by his traspaso. In principle, <strong>the Andalusians will not accept less than 60 million euros, a quantity that could reduce including to another player in the operation<\/strong>. That is, for the moment, the most viable alternative for a FC <a data-external=\"0\" data-intl-links-en=\"https:\/\/www.fcbarcelonanoticias.com\/en\/transfers\/imminent-exit-of-the-barca-umtiti-in-france-to-resolve-his-future_281916_102.html\" data-intl-links-es=\"https:\/\/www.fcbarcelonanoticias.com\/fichajes\/salida-inminente-barcelona-umtiti-en-francia-resolver-su-futuro_281916_102.html\" href=\"https:\/\/www.fcbarcelonanoticias.com\/en\/transfers\/imminent-exit-of-the-barca-umtiti-in-france-to-resolve-his-future_281916_102.html\" rel=\"follow\" target=\"_self\" title=\"Salida inminente del Bar\u00e7a: Umtiti, en Francia para resolver su futuro\">Barcelona<\/a> with problems of box that expects to concretise the sale of 15% of the television rights of LaLiga by 25 years to be able to fichar.<\/p>  <p>While the managerial cul\u00e9 works arduously to put his finances in order, clubs like Chelsea win terrain in the &#8216;career&#8217; by the central. As it advances &#8216;SPORT&#8217;, <strong>the ones of Stamford Bridge could benefit of an operation to three bands to go to by Kound\u00e9<\/strong>, the one who to these heights seems determined to leave . For the londinenses, <strong>the arrival of Matthijs of Ligt to the Bayern would open the door to remain with the Frenchman<\/strong>, the one who also is pretended by the Bavarians.<\/p>  <p>Of the same way, Chelsea also is to the earring of the future of Of Ligt, but<strong> between the Dutch and the Frenchman prefer to negotiate by the one of Paris<\/strong>. On monday, Jules shared a brief and enigmatic message in his official account of Twitter.<strong> &#8220;Be you. Do you&#8221; (Are you, do it)<\/strong>, wrote the Frenchman. This sentence, difficult to interpret, could translate in that the player of 23 years already has taken his decision regarding his future, which would aim to the Premier League.<\/p>  <blockquote class=\"twitter-tweet\"> <p dir=\"ltr\" lang=\"en\">Be You. Do you.<\/p> \u2014 Jules Kounde (@jkeey4) <a href=\"https:\/\/twitter.com\/en\/jkeey4\/status\/1544155370364407808?ref_src=twsrc%5Etfw\">July 5, 2022<\/a> <\/blockquote> <p><strong>For the player of 23 years, the option <a data-external=\"0\" data-intl-links-en=\"https:\/\/www.fcbarcelonanoticias.com\/en\/transfers\/barcelona-attentive-future-azpilicueta-will-be-solved-this-week_281914_102.html\" data-intl-links-es=\"https:\/\/www.fcbarcelonanoticias.com\/fichajes\/barcelona-atento-futuro-azpilicueta-se-resolvera-esta-semana_281914_102.html\" href=\"https:\/\/www.fcbarcelonanoticias.com\/en\/transfers\/barcelona-attentive-future-azpilicueta-will-be-solved-this-week_281914_102.html\" rel=\"follow\" target=\"_self\" title=\"El Bar\u00e7a, atento: El futuro de Azpilicueta se resolver\u00e1 esta semana\">of Chelsea<\/a> was the most viable to change of airs does a year<\/strong>. However, the Seville denied to accept the offer of 80 &#8216;kilos&#8217; that the managerial &#8216;blue&#8217; formulated by the defender, considering that his drop would be very sensitive for the 2021-22. Now, the plans have changed and &#8216;Monchi&#8217;, sportive director sevillano, is opened to negotiate by the French, whose agreement finalises in June of 2024.<\/p>  <h3>Monchi Values the interest of the Bar\u00e7a by Kound\u00e9<\/h3>  <p>In an interview with &#8216;Wave Zero&#8217;, &#8216;Monchi&#8217; ensured that <strong>&#8220;Xavi has good taste wanting to joint to Kound\u00e9 with Araujo&#8221;<\/strong>. The Bar\u00e7a is one of the most interested clubs in buying him, but still will happen several days before the directive cul\u00e9 was in conditions to present a formal offer by the defender. For this, Joan Laporta has to close the sale of 15% remaining of the television rights of LaLiga, <strong>an operation that will leave near of 300 million euros in box<\/strong>.<\/p>  <p>With this money, <strong>the Bar\u00e7a expects to resolve the purchase of <a data-external=\"0\" data-intl-links-en=\"https:\/\/www.fcbarcelonanoticias.com\/en\/transfers\/million-dollar-sanctions-bayern-lewandowski-if-he-does-not-show-up-training_281904_102.html\" data-intl-links-es=\"https:\/\/www.fcbarcelonanoticias.com\/fichajes\/sanciones-millonarias-bayern-lewandowski-si-no-se-presenta-entrenar_281904_102.html\" href=\"https:\/\/www.fcbarcelonanoticias.com\/en\/transfers\/million-dollar-sanctions-bayern-lewandowski-if-he-does-not-show-up-training_281904_102.html\" rel=\"follow\" target=\"_self\" title=\"Las sanciones millonarias del Bayern a Lewandowski si no se presenta a entrenar\">Robert Lewandowski<\/a> and go to by Kound\u00e9<\/strong>. Nevertheless, when this suceda maybe was too late, if the &#8216;carambola&#8217; between Juventus, Bayern and Chelsea finishes benefiting the interests of the English. In the meantime, Jules apura his recovery and would be smart to return inside a pair of weeks, perhaps when the Seville was in South Korea, where will contest a friendly in front of the Tottenham the next 16 July.<\/p> ","protected":false},"excerpt":{"rendered":"<p>Jules Kound\u00e9 continues his recovery in the United States after undergoing surgery due to his hamstring problems. The central will return to train shortly and, while FC Barcelona looks for money for transfers, Chelsea gains ground The future of Jules Kound\u00e9 follows opened to the negotiations between the Seville and the club that put more [&hellip;]<\/p>\n","protected":false},"author":347,"featured_media":129959,"comment_status":"closed","ping_status":"open","sticky":false,"template":"","format":"standard","meta":{"_acf_changed":false,"inline_featured_image":false,"_nextfly_llmd_date_locked":false,"footnotes":""},"categories":[449,106],"tags":[74],"class_list":["post-129957","post","type-post","status-publish","format-standard","has-post-thumbnail","hentry","category-transfers-2","category-transfers","tag-sevilla-fc"],"acf":[],"yoast_head":"<!-- This site is optimized with the Yoast SEO plugin v27.3 - https:\/\/yoast.com\/product\/yoast-seo-wordpress\/ -->\n<title>Kound\u00e9 moves away from Bar\u00e7a: Chelsea gain ground in the bid for the central defender<\/title>\n<meta name=\"description\" content=\"Jules Kound\u00e9 continues his recovery in United States after going through the operating theatre because of his problems in the isquiotibiales. The central will go back to go in...\" \/>\n<meta name=\"robots\" content=\"index, follow, max-snippet:-1, max-image-preview:large, max-video-preview:-1\" \/>\n<link rel=\"canonical\" href=\"https:\/\/www.fcbarcelonanoticias.com\/en\/transfers\/kounde-moves-away-of-the-barca-chelsea-wins-terrain-in-the_281919_102.html\" \/>\n<meta property=\"og:locale\" content=\"en_US\" \/>\n<meta property=\"og:type\" content=\"article\" \/>\n<meta property=\"og:title\" content=\"Kound\u00e9 moves away from Bar\u00e7a: Chelsea gain ground in the bid for the central defender\" \/>\n<meta property=\"og:description\" content=\"Jules Kound\u00e9 continues his recovery in United States after going through the operating theatre because of his problems in the isquiotibiales. The central will go back to go in...\" \/>\n<meta property=\"og:url\" content=\"https:\/\/www.fcbarcelonanoticias.com\/en\/transfers\/kounde-moves-away-of-the-barca-chelsea-wins-terrain-in-the_281919_102.html\" \/>\n<meta property=\"og:site_name\" content=\"EN - FC Barcelona Noticias\" \/>\n<meta property=\"article:published_time\" content=\"2022-07-05T21:02:00+00:00\" \/>\n<meta property=\"article:modified_time\" content=\"2022-07-06T00:17:00+00:00\" \/>\n<meta property=\"og:image\" content=\"https:\/\/www.fcbarcelonanoticias.com\/en\/wp-content\/uploads\/sites\/2\/2022\/07\/jules-kounde-sevilla-fc-2.jpeg\" \/>\n\t<meta property=\"og:image:width\" content=\"1300\" \/>\n\t<meta property=\"og:image:height\" content=\"732\" \/>\n\t<meta property=\"og:image:type\" content=\"image\/jpeg\" \/>\n<meta name=\"author\" content=\"Andr\u00e9s Quiroz\" \/>\n<meta name=\"twitter:card\" content=\"summary_large_image\" \/>\n<meta name=\"twitter:label1\" content=\"Written by\" \/>\n\t<meta name=\"twitter:data1\" content=\"Andr\u00e9s Quiroz\" \/>\n\t<meta name=\"twitter:label2\" content=\"Est. reading time\" \/>\n\t<meta name=\"twitter:data2\" content=\"3 minutes\" \/>\n<script type=\"application\/ld+json\" class=\"yoast-schema-graph\">{\"@context\":\"https:\\\/\\\/schema.org\",\"@graph\":[{\"@type\":\"Article\",\"@id\":\"https:\\\/\\\/www.fcbarcelonanoticias.com\\\/en\\\/transfers\\\/kounde-moves-away-of-the-barca-chelsea-wins-terrain-in-the_281919_102.html#article\",\"isPartOf\":{\"@id\":\"https:\\\/\\\/www.fcbarcelonanoticias.com\\\/en\\\/transfers\\\/kounde-moves-away-of-the-barca-chelsea-wins-terrain-in-the_281919_102.html\"},\"author\":{\"name\":\"Andr\u00e9s Quiroz\",\"@id\":\"https:\\\/\\\/www.fcbarcelonanoticias.com\\\/en\\\/#\\\/schema\\\/person\\\/c2cd9f6fa1af5c0d0eccd0fefa575c88\"},\"headline\":\"Kound\u00e9 moves away from Bar\u00e7a: Chelsea gain ground in the bid for the central defender\",\"datePublished\":\"2022-07-05T21:02:00+00:00\",\"dateModified\":\"2022-07-06T00:17:00+00:00\",\"mainEntityOfPage\":{\"@id\":\"https:\\\/\\\/www.fcbarcelonanoticias.com\\\/en\\\/transfers\\\/kounde-moves-away-of-the-barca-chelsea-wins-terrain-in-the_281919_102.html\"},\"wordCount\":561,\"image\":{\"@id\":\"https:\\\/\\\/www.fcbarcelonanoticias.com\\\/en\\\/transfers\\\/kounde-moves-away-of-the-barca-chelsea-wins-terrain-in-the_281919_102.html#primaryimage\"},\"thumbnailUrl\":\"https:\\\/\\\/www.fcbarcelonanoticias.com\\\/en\\\/wp-content\\\/uploads\\\/sites\\\/2\\\/2022\\\/07\\\/jules-kounde-sevilla-fc-2.jpeg\",\"keywords\":[\"Sevilla FC\"],\"articleSection\":[\"Transfers\",\"Transfers\"],\"inLanguage\":\"en-US\"},{\"@type\":\"WebPage\",\"@id\":\"https:\\\/\\\/www.fcbarcelonanoticias.com\\\/en\\\/transfers\\\/kounde-moves-away-of-the-barca-chelsea-wins-terrain-in-the_281919_102.html\",\"url\":\"https:\\\/\\\/www.fcbarcelonanoticias.com\\\/en\\\/transfers\\\/kounde-moves-away-of-the-barca-chelsea-wins-terrain-in-the_281919_102.html\",\"name\":\"Kound\u00e9 moves away from Bar\u00e7a: Chelsea gain ground in the bid for the central defender\",\"isPartOf\":{\"@id\":\"https:\\\/\\\/www.fcbarcelonanoticias.com\\\/en\\\/#website\"},\"primaryImageOfPage\":{\"@id\":\"https:\\\/\\\/www.fcbarcelonanoticias.com\\\/en\\\/transfers\\\/kounde-moves-away-of-the-barca-chelsea-wins-terrain-in-the_281919_102.html#primaryimage\"},\"image\":{\"@id\":\"https:\\\/\\\/www.fcbarcelonanoticias.com\\\/en\\\/transfers\\\/kounde-moves-away-of-the-barca-chelsea-wins-terrain-in-the_281919_102.html#primaryimage\"},\"thumbnailUrl\":\"https:\\\/\\\/www.fcbarcelonanoticias.com\\\/en\\\/wp-content\\\/uploads\\\/sites\\\/2\\\/2022\\\/07\\\/jules-kounde-sevilla-fc-2.jpeg\",\"datePublished\":\"2022-07-05T21:02:00+00:00\",\"dateModified\":\"2022-07-06T00:17:00+00:00\",\"author\":{\"@id\":\"https:\\\/\\\/www.fcbarcelonanoticias.com\\\/en\\\/#\\\/schema\\\/person\\\/c2cd9f6fa1af5c0d0eccd0fefa575c88\"},\"description\":\"Jules Kound\u00e9 continues his recovery in United States after going through the operating theatre because of his problems in the isquiotibiales. The central will go back to go in...\",\"breadcrumb\":{\"@id\":\"https:\\\/\\\/www.fcbarcelonanoticias.com\\\/en\\\/transfers\\\/kounde-moves-away-of-the-barca-chelsea-wins-terrain-in-the_281919_102.html#breadcrumb\"},\"inLanguage\":\"en-US\",\"potentialAction\":[{\"@type\":\"ReadAction\",\"target\":[\"https:\\\/\\\/www.fcbarcelonanoticias.com\\\/en\\\/transfers\\\/kounde-moves-away-of-the-barca-chelsea-wins-terrain-in-the_281919_102.html\"]}]},{\"@type\":\"ImageObject\",\"inLanguage\":\"en-US\",\"@id\":\"https:\\\/\\\/www.fcbarcelonanoticias.com\\\/en\\\/transfers\\\/kounde-moves-away-of-the-barca-chelsea-wins-terrain-in-the_281919_102.html#primaryimage\",\"url\":\"https:\\\/\\\/www.fcbarcelonanoticias.com\\\/en\\\/wp-content\\\/uploads\\\/sites\\\/2\\\/2022\\\/07\\\/jules-kounde-sevilla-fc-2.jpeg\",\"contentUrl\":\"https:\\\/\\\/www.fcbarcelonanoticias.com\\\/en\\\/wp-content\\\/uploads\\\/sites\\\/2\\\/2022\\\/07\\\/jules-kounde-sevilla-fc-2.jpeg\",\"width\":1300,\"height\":732},{\"@type\":\"BreadcrumbList\",\"@id\":\"https:\\\/\\\/www.fcbarcelonanoticias.com\\\/en\\\/transfers\\\/kounde-moves-away-of-the-barca-chelsea-wins-terrain-in-the_281919_102.html#breadcrumb\",\"itemListElement\":[{\"@type\":\"ListItem\",\"position\":1,\"name\":\"Portada\",\"item\":\"https:\\\/\\\/www.fcbarcelonanoticias.com\\\/en\\\/\"},{\"@type\":\"ListItem\",\"position\":2,\"name\":\"Kound\u00e9 moves away from Bar\u00e7a: Chelsea gain ground in the bid for the central defender\"}]},{\"@type\":\"WebSite\",\"@id\":\"https:\\\/\\\/www.fcbarcelonanoticias.com\\\/en\\\/#website\",\"url\":\"https:\\\/\\\/www.fcbarcelonanoticias.com\\\/en\\\/\",\"name\":\"EN - FC Barcelona Noticias\",\"description\":\"\",\"potentialAction\":[{\"@type\":\"SearchAction\",\"target\":{\"@type\":\"EntryPoint\",\"urlTemplate\":\"https:\\\/\\\/www.fcbarcelonanoticias.com\\\/en\\\/?s={search_term_string}\"},\"query-input\":{\"@type\":\"PropertyValueSpecification\",\"valueRequired\":true,\"valueName\":\"search_term_string\"}}],\"inLanguage\":\"en-US\"},{\"@type\":\"Person\",\"@id\":\"https:\\\/\\\/www.fcbarcelonanoticias.com\\\/en\\\/#\\\/schema\\\/person\\\/c2cd9f6fa1af5c0d0eccd0fefa575c88\",\"name\":\"Andr\u00e9s Quiroz\",\"image\":{\"@type\":\"ImageObject\",\"inLanguage\":\"en-US\",\"@id\":\"https:\\\/\\\/secure.gravatar.com\\\/avatar\\\/?s=96&d=mm&r=g\",\"url\":\"https:\\\/\\\/secure.gravatar.com\\\/avatar\\\/?s=96&d=mm&r=g\",\"contentUrl\":\"https:\\\/\\\/secure.gravatar.com\\\/avatar\\\/?s=96&d=mm&r=g\",\"caption\":\"Andr\u00e9s Quiroz\"},\"description\":\"Licenciado en Periodismo por la Universidad de los Andes. Me encargo de analizar y compartir los contenidos m\u00e1s destacados de la\u00a0actualidad del F\u00fatbol Club Barcelona, Mercado de Fichajes y F\u00fatbol Internacional en FCBN. La informaci\u00f3n es poder, pero tambi\u00e9n conocimiento.\",\"url\":\"https:\\\/\\\/www.fcbarcelonanoticias.com\\\/en\\\/fc-barcelona\\\/andres-quiroz_17_115.html\"}]}<\/script>\n<!-- \/ Yoast SEO plugin. -->","yoast_head_json":{"title":"Kound\u00e9 moves away from Bar\u00e7a: Chelsea gain ground in the bid for the central defender","description":"Jules Kound\u00e9 continues his recovery in United States after going through the operating theatre because of his problems in the isquiotibiales. The central will go back to go in...","robots":{"index":"index","follow":"follow","max-snippet":"max-snippet:-1","max-image-preview":"max-image-preview:large","max-video-preview":"max-video-preview:-1"},"canonical":"https:\/\/www.fcbarcelonanoticias.com\/en\/transfers\/kounde-moves-away-of-the-barca-chelsea-wins-terrain-in-the_281919_102.html","og_locale":"en_US","og_type":"article","og_title":"Kound\u00e9 moves away from Bar\u00e7a: Chelsea gain ground in the bid for the central defender","og_description":"Jules Kound\u00e9 continues his recovery in United States after going through the operating theatre because of his problems in the isquiotibiales. The central will go back to go in...","og_url":"https:\/\/www.fcbarcelonanoticias.com\/en\/transfers\/kounde-moves-away-of-the-barca-chelsea-wins-terrain-in-the_281919_102.html","og_site_name":"EN - FC Barcelona Noticias","article_published_time":"2022-07-05T21:02:00+00:00","article_modified_time":"2022-07-06T00:17:00+00:00","og_image":[{"width":1300,"height":732,"url":"https:\/\/www.fcbarcelonanoticias.com\/en\/wp-content\/uploads\/sites\/2\/2022\/07\/jules-kounde-sevilla-fc-2.jpeg","type":"image\/jpeg"}],"author":"Andr\u00e9s Quiroz","twitter_card":"summary_large_image","twitter_misc":{"Written by":"Andr\u00e9s Quiroz","Est. reading time":"3 minutes"},"schema":{"@context":"https:\/\/schema.org","@graph":[{"@type":"Article","@id":"https:\/\/www.fcbarcelonanoticias.com\/en\/transfers\/kounde-moves-away-of-the-barca-chelsea-wins-terrain-in-the_281919_102.html#article","isPartOf":{"@id":"https:\/\/www.fcbarcelonanoticias.com\/en\/transfers\/kounde-moves-away-of-the-barca-chelsea-wins-terrain-in-the_281919_102.html"},"author":{"name":"Andr\u00e9s Quiroz","@id":"https:\/\/www.fcbarcelonanoticias.com\/en\/#\/schema\/person\/c2cd9f6fa1af5c0d0eccd0fefa575c88"},"headline":"Kound\u00e9 moves away from Bar\u00e7a: Chelsea gain ground in the bid for the central defender","datePublished":"2022-07-05T21:02:00+00:00","dateModified":"2022-07-06T00:17:00+00:00","mainEntityOfPage":{"@id":"https:\/\/www.fcbarcelonanoticias.com\/en\/transfers\/kounde-moves-away-of-the-barca-chelsea-wins-terrain-in-the_281919_102.html"},"wordCount":561,"image":{"@id":"https:\/\/www.fcbarcelonanoticias.com\/en\/transfers\/kounde-moves-away-of-the-barca-chelsea-wins-terrain-in-the_281919_102.html#primaryimage"},"thumbnailUrl":"https:\/\/www.fcbarcelonanoticias.com\/en\/wp-content\/uploads\/sites\/2\/2022\/07\/jules-kounde-sevilla-fc-2.jpeg","keywords":["Sevilla FC"],"articleSection":["Transfers","Transfers"],"inLanguage":"en-US"},{"@type":"WebPage","@id":"https:\/\/www.fcbarcelonanoticias.com\/en\/transfers\/kounde-moves-away-of-the-barca-chelsea-wins-terrain-in-the_281919_102.html","url":"https:\/\/www.fcbarcelonanoticias.com\/en\/transfers\/kounde-moves-away-of-the-barca-chelsea-wins-terrain-in-the_281919_102.html","name":"Kound\u00e9 moves away from Bar\u00e7a: Chelsea gain ground in the bid for the central defender","isPartOf":{"@id":"https:\/\/www.fcbarcelonanoticias.com\/en\/#website"},"primaryImageOfPage":{"@id":"https:\/\/www.fcbarcelonanoticias.com\/en\/transfers\/kounde-moves-away-of-the-barca-chelsea-wins-terrain-in-the_281919_102.html#primaryimage"},"image":{"@id":"https:\/\/www.fcbarcelonanoticias.com\/en\/transfers\/kounde-moves-away-of-the-barca-chelsea-wins-terrain-in-the_281919_102.html#primaryimage"},"thumbnailUrl":"https:\/\/www.fcbarcelonanoticias.com\/en\/wp-content\/uploads\/sites\/2\/2022\/07\/jules-kounde-sevilla-fc-2.jpeg","datePublished":"2022-07-05T21:02:00+00:00","dateModified":"2022-07-06T00:17:00+00:00","author":{"@id":"https:\/\/www.fcbarcelonanoticias.com\/en\/#\/schema\/person\/c2cd9f6fa1af5c0d0eccd0fefa575c88"},"description":"Jules Kound\u00e9 continues his recovery in United States after going through the operating theatre because of his problems in the isquiotibiales. The central will go back to go in...","breadcrumb":{"@id":"https:\/\/www.fcbarcelonanoticias.com\/en\/transfers\/kounde-moves-away-of-the-barca-chelsea-wins-terrain-in-the_281919_102.html#breadcrumb"},"inLanguage":"en-US","potentialAction":[{"@type":"ReadAction","target":["https:\/\/www.fcbarcelonanoticias.com\/en\/transfers\/kounde-moves-away-of-the-barca-chelsea-wins-terrain-in-the_281919_102.html"]}]},{"@type":"ImageObject","inLanguage":"en-US","@id":"https:\/\/www.fcbarcelonanoticias.com\/en\/transfers\/kounde-moves-away-of-the-barca-chelsea-wins-terrain-in-the_281919_102.html#primaryimage","url":"https:\/\/www.fcbarcelonanoticias.com\/en\/wp-content\/uploads\/sites\/2\/2022\/07\/jules-kounde-sevilla-fc-2.jpeg","contentUrl":"https:\/\/www.fcbarcelonanoticias.com\/en\/wp-content\/uploads\/sites\/2\/2022\/07\/jules-kounde-sevilla-fc-2.jpeg","width":1300,"height":732},{"@type":"BreadcrumbList","@id":"https:\/\/www.fcbarcelonanoticias.com\/en\/transfers\/kounde-moves-away-of-the-barca-chelsea-wins-terrain-in-the_281919_102.html#breadcrumb","itemListElement":[{"@type":"ListItem","position":1,"name":"Portada","item":"https:\/\/www.fcbarcelonanoticias.com\/en\/"},{"@type":"ListItem","position":2,"name":"Kound\u00e9 moves away from Bar\u00e7a: Chelsea gain ground in the bid for the central defender"}]},{"@type":"WebSite","@id":"https:\/\/www.fcbarcelonanoticias.com\/en\/#website","url":"https:\/\/www.fcbarcelonanoticias.com\/en\/","name":"EN - FC Barcelona Noticias","description":"","potentialAction":[{"@type":"SearchAction","target":{"@type":"EntryPoint","urlTemplate":"https:\/\/www.fcbarcelonanoticias.com\/en\/?s={search_term_string}"},"query-input":{"@type":"PropertyValueSpecification","valueRequired":true,"valueName":"search_term_string"}}],"inLanguage":"en-US"},{"@type":"Person","@id":"https:\/\/www.fcbarcelonanoticias.com\/en\/#\/schema\/person\/c2cd9f6fa1af5c0d0eccd0fefa575c88","name":"Andr\u00e9s Quiroz","image":{"@type":"ImageObject","inLanguage":"en-US","@id":"https:\/\/secure.gravatar.com\/avatar\/?s=96&d=mm&r=g","url":"https:\/\/secure.gravatar.com\/avatar\/?s=96&d=mm&r=g","contentUrl":"https:\/\/secure.gravatar.com\/avatar\/?s=96&d=mm&r=g","caption":"Andr\u00e9s Quiroz"},"description":"Licenciado en Periodismo por la Universidad de los Andes. Me encargo de analizar y compartir los contenidos m\u00e1s destacados de la\u00a0actualidad del F\u00fatbol Club Barcelona, Mercado de Fichajes y F\u00fatbol Internacional en FCBN. La informaci\u00f3n es poder, pero tambi\u00e9n conocimiento.","url":"https:\/\/www.fcbarcelonanoticias.com\/en\/fc-barcelona\/andres-quiroz_17_115.html"}]}},"_links":{"self":[{"href":"https:\/\/www.fcbarcelonanoticias.com\/en\/wp-json\/wp\/v2\/posts\/129957","targetHints":{"allow":["GET"]}}],"collection":[{"href":"https:\/\/www.fcbarcelonanoticias.com\/en\/wp-json\/wp\/v2\/posts"}],"about":[{"href":"https:\/\/www.fcbarcelonanoticias.com\/en\/wp-json\/wp\/v2\/types\/post"}],"author":[{"embeddable":true,"href":"https:\/\/www.fcbarcelonanoticias.com\/en\/wp-json\/wp\/v2\/users\/347"}],"replies":[{"embeddable":true,"href":"https:\/\/www.fcbarcelonanoticias.com\/en\/wp-json\/wp\/v2\/comments?post=129957"}],"version-history":[{"count":1,"href":"https:\/\/www.fcbarcelonanoticias.com\/en\/wp-json\/wp\/v2\/posts\/129957\/revisions"}],"predecessor-version":[{"id":152232,"href":"https:\/\/www.fcbarcelonanoticias.com\/en\/wp-json\/wp\/v2\/posts\/129957\/revisions\/152232"}],"wp:featuredmedia":[{"embeddable":true,"href":"https:\/\/www.fcbarcelonanoticias.com\/en\/wp-json\/wp\/v2\/media\/129959"}],"wp:attachment":[{"href":"https:\/\/www.fcbarcelonanoticias.com\/en\/wp-json\/wp\/v2\/media?parent=129957"}],"wp:term":[{"taxonomy":"category","embeddable":true,"href":"https:\/\/www.fcbarcelonanoticias.com\/en\/wp-json\/wp\/v2\/categories?post=129957"},{"taxonomy":"post_tag","embeddable":true,"href":"https:\/\/www.fcbarcelonanoticias.com\/en\/wp-json\/wp\/v2\/tags?post=129957"}],"curies":[{"name":"wp","href":"https:\/\/api.w.org\/{rel}","templated":true}]}}