{"id":129974,"date":"2025-12-12T03:03:00","date_gmt":"2025-12-12T02:03:00","guid":{"rendered":"https:\/\/weisetech.dev\/fc-barcelona-noticias\/en\/eric-garcia-signs-his-renewal-with-barca-until-2031_315495_102\/"},"modified":"2026-03-27T11:39:27","modified_gmt":"2026-03-27T10:39:27","slug":"eric-garcia-signs-his-renewal-with-barca-until-2031_315495_102","status":"publish","type":"post","link":"https:\/\/www.fcbarcelonanoticias.com\/en\/transfers\/eric-garcia-signs-his-renewal-with-barca-until-2031_315495_102.html","title":{"rendered":"Eric Garcia signs renewal with Bar\u00e7a until 2031"},"content":{"rendered":"<h2 class=\"wp-block-heading\">Eric Garc\u00eda has signed his contract renewal with FC Barcelona until 2031, in a ceremony held at the Spotify Camp Nou offices<\/h2>  \r\n<div class=\"article-addons\">\r\n    <a href=\"https:\/\/www.fcbarcelonanoticias.com\/en\/calendar-fc-barcelona.html\"\r\n       target=\"_self\"\r\n       title=\"Calendar of FC Barcelona\"\r\n       class=\"blue-gredient-btn\">\r\n       \r\n        Calendar of FC Barcelona    <\/a>\r\n<\/div>   <p><strong>Eric Garc\u00eda signed his contract renewal with Futbol Club Barcelona until 2031 this Thursday<\/strong>, in an official ceremony held at the Spotify Camp Nou offices, thus culminating a long-worked-on extension based on his performance on the field. The footballer, who came up through <strong>La Masia<\/strong>, experienced a very special day, surrounded by his family and his agent, and accompanied by the Club&#8217;s sporting leadership.<\/p>  <p>After the first team&#8217;s morning training session, <strong><a data-external=\"0\" data-intl-links-en=\"https:\/\/www.fcbarcelonanoticias.com\/en\/tags\/eric-garcia\" data-intl-links-es=\"https:\/\/www.fcbarcelonanoticias.com\/tags\/eric-garcia\" href=\"https:\/\/www.fcbarcelonanoticias.com\/en\/tags\/eric-garcia.html\" rel=\"follow\" target=\"_self\" title=\"Eric Garc\u00eda Bar\u00e7a - \u00daltimas noticias y estad\u00edsticas\">Eric Garc\u00eda<\/a><\/strong> went to the Club&#8217;s offices to sign his new contract. Representing <strong>FC Barcelona<\/strong> were president <strong>Joan Laporta<\/strong>, first vice-president <strong>Rafa Yuste<\/strong>, football director <strong>Deco<\/strong>, sporting coordinator <strong>Bojan Krki\u0107<\/strong>, and the rest of the members of the Sporting Commission<\/p>  <p>The image of the center-back signing his renewal symbolizes <strong>Bar\u00e7a<\/strong>&#8216;s clear commitment to a profile of footballer identified with the Club&#8217;s model, with a formative DNA and committed to the long-term project.<\/p>  <h2>Eric Garc\u00eda&#8217;s Words: Commitment and Ambition<\/h2>  <div class=\"media media-image\" data-ck-asset-wrapper=\"\"> <div class=\"media-item\"> <img loading=\"lazy\" decoding=\"async\" alt=\"Eric Garcia renews with Barcelona until 2031\" data-id=\"1534619\" data-resize=\"4\" height=\"361\" src=\"https:\/\/www.fcbarcelonanoticias.com\/wp-content\/uploads\/sites\/2\/2025\/12\/fcbn-baeda514ab879cb4556e555c1f8af0b4.jpeg\" title=\"Eric Garcia renews with Barcelona until 2031\" width=\"641\"><div class=\"media-title\">Eric Garcia renews with Barcelona until 2031<\/div> <\/div> <\/div>  <p>After the signing, <strong>Eric Garc\u00eda<\/strong> did not hide his happiness. &#8220;I am very happy to continue for many more years,&#8221; stated the center-back, highlighting that continuing at Bar\u00e7a &#8220;is every player&#8217;s dream&#8221; and, in his case, the opportunity to continue living &#8220;the dream he had always had since he was little.&#8221;<\/p>  <p>The defender recalled that before his move to Manchester he already aspired to establish himself in the first team and that his return allowed him to start again with that objective. &#8220;My aspiration is to be able to play my whole life here,&#8221; he confessed.<\/p>  <blockquote> <p>\u201cI\u2019m living the dream I\u2019ve always had since I was a child, the one of succeeding at Bar\u00e7a and winning many titles\u201d<\/p> <\/blockquote>  <p>Eric also underlined the importance of regularity in his current sporting moment. &#8220;I&#8217;m doing well now, both personally and with the team,&#8221; he explained, although he insisted on the need to maintain consistency: &#8220;one day you can be very good and the next not; when things go wrong, you have to work.&#8221;Regarding his versatility, he was clear: &#8220;I&#8217;ve always been a central defender, but I&#8217;m comfortable at full-back and I&#8217;ve adapted to the &#8216;6&#8217; position. If you want to play for Bar\u00e7a, you have to adapt wherever the coach asks you to.&#8221;<\/p>  <h3>A long future dressed in blaugrana<\/h3>  <p>Looking ahead, Eric Garc\u00eda showed himself to be ambitious but realistic. He acknowledged that there is still much to improve, both individually and collectively, and highlighted the group&#8217;s potential: &#8220;we have a very young team, with room for growth, and years of great success await us.&#8221;Regarding the captaincy, he made it clear that it is not a personal goal, but something that should arise naturally. &#8220;I have always liked helping my teammates,&#8221; he pointed out, reaffirming a mentality that fully aligns with the Club&#8217;s values.<\/p>  <p>With this <strong>renewal until 2031<\/strong>, <strong>FC Barcelona<\/strong> ensures continuity, commitment, and defensive reliability. And <strong>Eric Garc\u00eda<\/strong>, for his part, confirms that his story as a Bar\u00e7a player still has many chapters to be written.<\/p>  <h2>Eric Garc\u00eda: A Key Piece for Hansi Flick&#8217;s Bar\u00e7a<\/h2>  <p>Since <strong>Hansi Flick&#8217;s<\/strong> arrival, <strong>Eric Garc\u00eda<\/strong> has established himself as one of the team&#8217;s most reliable players. His great value lies in his versatility: center-back, right-back, or defensive midfielder. No matter the position, his performance remains consistent and his competitive attitude is always exemplary.<\/p>  <p>The German coach has known how to take advantage of this versatility, using Eric as a tactical solution in different scenarios. His game reading, his ability to anticipate, and his good ball distribution have made him a top-tier wildcard<\/p>  <h3>The Numbers Backing Eric Garc\u00eda&#8217;s Importance<\/h3>  <p>In the 2025\/26 season, Eric Garc\u00eda has already made 22 official appearances&nbsp;for the first team. Beyond his defensive contribution, the number 24&nbsp;has also added to the offensive side, scoring an important goal in the victory against Oviedo at Carlos Tartiere<\/p>  <ol> <li> <strong>Seasons<\/strong>: 5 (21-22, 22-23, 23-24, 24-25, 25-26)<\/li> \t<li> <strong>Matches played<\/strong>: 137<\/li> \t<li> <strong>Goals<\/strong>: 7<\/li> \t<li> <strong>Assists<\/strong>: 6<\/li> \t<li> <strong>Yellow cards<\/strong>: 20<\/li> \t<li> <strong>Red cards<\/strong>: 2<\/li> \t<li> <strong>Minutes played<\/strong>: 11,106<\/li> \t<li> <strong>Titles<\/strong>: 5 (two Leagues, one Copa del Rey, two Spanish Super Cups)<\/li> <\/ol> <p>His best goal-scoring record came last season, when he <strong>scored five goals<\/strong>, several of them decisive and related to key comebacks, such as the memorable one in the Montju\u00efc Cl\u00e1sico. A statistic that reinforces his impact beyond defense.<\/p>  <h3>Blue-Red sentiment and competitive maturity<\/h3>  <p><strong>Eric Garc\u00eda<\/strong> embodies the <em>azulgrana<\/em> spirit like few others. Having trained from a young age at <strong>La Masia<\/strong>, the defender experienced two periods away from Barcelona, first at <strong>Manchester City<\/strong> and later at <strong>Girona<\/strong>, experiences that allowed him to grow, mature, and return to Bar\u00e7a with a more solid mentality.<\/p>  <p>That process has been key to understanding his current evolution. Today, <strong>Eric Garc\u00eda<\/strong> not only competes, but leads with reliability, quiet work, and consistency, qualities highly valued within the locker room.<\/p>  <p><u><strong>ERIC GARC\u00cdA PROFILE<\/strong><\/u><\/p>  <table align=\"center\" border=\"1\" cellpadding=\"1\" cellspacing=\"1\" style=\"width:100%;\"><tbody> <tr> <td><strong>Full name:<\/strong><\/td> \t\t\t<td>&nbsp;Eric Garc\u00eda Martret<\/td> \t\t<\/tr> <tr> <td><strong>Date and place of birth:<\/strong><\/td> \t\t\t<td>&nbsp;01\/09\/2001, Martorell (Barcelona)<\/td> \t\t<\/tr> <tr> <td><strong>Age:&nbsp;<\/strong><\/td> \t\t\t<td>&nbsp;24 years<\/td> \t\t<\/tr> <tr> <td><strong>Nationality:&nbsp;<\/strong><\/td> \t\t\t<td>&nbsp;Spanish<\/td> \t\t<\/tr> <tr> <td><strong>Height\/natural foot<\/strong><\/td> \t\t\t<td>&nbsp;1.82 m\/right<\/td> \t\t<\/tr> <tr> <td><strong>Position:&nbsp;<\/strong><\/td> \t\t\t<td>&nbsp;centre-back \/ right-back \/ defensive midfielder<\/td> \t\t<\/tr> <tr> <td><strong>Club:<\/strong><\/td> \t\t\t<td>&nbsp;FC Barcelona (since 2021)<\/td> \t\t<\/tr> <tr> <td><strong>Contract expires:&nbsp;<\/strong><\/td> \t\t\t<td>&nbsp;30\/06\/2031<\/td> \t\t<\/tr> <tr> <td><strong>Market value:<\/strong><\/td> \t\t\t<td>&nbsp;\u20ac25M<\/td> \t\t<\/tr> <tr> <td><strong>Average net salary:<\/strong><\/td> \t\t\t<td>&nbsp;\u20ac3M<\/td> \t\t<\/tr> <tr> <td><strong>Agent:<\/strong><\/td> \t\t\t<td>&nbsp;Iv\u00e1n de la Pe\u00f1a (Spain)<\/td> \t\t<\/tr> <tr> <td><strong>Career path:<\/strong><\/td> \t\t\t<td>La Masia, Manchester City, FC Barcelona, Girona<\/td> \t\t<\/tr> <tr> <td><strong>International with:<\/strong><\/td> \t\t\t<td>&nbsp;Spain since 2020. Played in Euro 2020 and the 2020 and 2024 Olympic Games, winning silver and gold medals.<\/td> \t\t<\/tr> <\/tbody><\/table> ","protected":false},"excerpt":{"rendered":"<p>Eric Garc\u00eda has signed his contract renewal with FC Barcelona until 2031, in a ceremony held at the Spotify Camp Nou offices Eric Garc\u00eda signed his contract renewal with Futbol Club Barcelona until 2031 this Thursday, in an official ceremony held at the Spotify Camp Nou offices, thus culminating a long-worked-on extension based on his [&hellip;]<\/p>\n","protected":false},"author":353,"featured_media":129981,"comment_status":"closed","ping_status":"open","sticky":false,"template":"","format":"standard","meta":{"_acf_changed":false,"inline_featured_image":false,"_nextfly_llmd_date_locked":false,"footnotes":""},"categories":[449,106],"tags":[335,295,158],"class_list":["post-129974","post","type-post","status-publish","format-standard","has-post-thumbnail","hentry","category-transfers-2","category-transfers","tag-deco","tag-eric-garcia","tag-joan-laporta"],"acf":[],"yoast_head":"<!-- This site is optimized with the Yoast SEO plugin v27.3 - https:\/\/yoast.com\/product\/yoast-seo-wordpress\/ -->\n<title>Eric Garcia signs his renewal with Bar\u00e7a until 2031<\/title>\n<meta name=\"description\" content=\"Eric Garc\u00eda signs his renewal with FC Barcelona until 2031. A key player for Hansi Flick, the defender is experiencing his best moment as a Blaugrana\" \/>\n<meta name=\"robots\" content=\"index, follow, max-snippet:-1, max-image-preview:large, max-video-preview:-1\" \/>\n<link rel=\"canonical\" href=\"https:\/\/www.fcbarcelonanoticias.com\/en\/transfers\/eric-garcia-signs-his-renewal-with-barca-until-2031_315495_102.html\" \/>\n<meta property=\"og:locale\" content=\"en_US\" \/>\n<meta property=\"og:type\" content=\"article\" \/>\n<meta property=\"og:title\" content=\"Eric Garcia signs his renewal with Bar\u00e7a until 2031\" \/>\n<meta property=\"og:description\" content=\"Eric Garc\u00eda signs his renewal with FC Barcelona until 2031. A key player for Hansi Flick, the defender is experiencing his best moment as a Blaugrana\" \/>\n<meta property=\"og:url\" content=\"https:\/\/www.fcbarcelonanoticias.com\/en\/transfers\/eric-garcia-signs-his-renewal-with-barca-until-2031_315495_102.html\" \/>\n<meta property=\"og:site_name\" content=\"EN - FC Barcelona Noticias\" \/>\n<meta property=\"article:published_time\" content=\"2025-12-12T02:03:00+00:00\" \/>\n<meta property=\"article:modified_time\" content=\"2026-03-27T10:39:27+00:00\" \/>\n<meta property=\"og:image\" content=\"https:\/\/www.fcbarcelonanoticias.com\/en\/wp-content\/uploads\/sites\/2\/2025\/12\/eric-garcia-firma-renovacion-fc-barcelona.jpeg\" \/>\n\t<meta property=\"og:image:width\" content=\"1200\" \/>\n\t<meta property=\"og:image:height\" content=\"675\" \/>\n\t<meta property=\"og:image:type\" content=\"image\/jpeg\" \/>\n<meta name=\"author\" content=\"FC Barcelona Noticias\" \/>\n<meta name=\"twitter:card\" content=\"summary_large_image\" \/>\n<meta name=\"twitter:label1\" content=\"Written by\" \/>\n\t<meta name=\"twitter:data1\" content=\"FC Barcelona Noticias\" \/>\n\t<meta name=\"twitter:label2\" content=\"Est. reading time\" \/>\n\t<meta name=\"twitter:data2\" content=\"5 minutes\" \/>\n<script type=\"application\/ld+json\" class=\"yoast-schema-graph\">{\"@context\":\"https:\\\/\\\/schema.org\",\"@graph\":[{\"@type\":\"Article\",\"@id\":\"https:\\\/\\\/www.fcbarcelonanoticias.com\\\/en\\\/transfers\\\/eric-garcia-signs-his-renewal-with-barca-until-2031_315495_102.html#article\",\"isPartOf\":{\"@id\":\"https:\\\/\\\/www.fcbarcelonanoticias.com\\\/en\\\/transfers\\\/eric-garcia-signs-his-renewal-with-barca-until-2031_315495_102.html\"},\"author\":{\"name\":\"FC Barcelona Noticias\",\"@id\":\"https:\\\/\\\/www.fcbarcelonanoticias.com\\\/en\\\/#\\\/schema\\\/person\\\/0f2810101d27606974cdb8edb54fa54b\"},\"headline\":\"Eric Garcia signs renewal with Bar\u00e7a until 2031\",\"datePublished\":\"2025-12-12T02:03:00+00:00\",\"dateModified\":\"2026-03-27T10:39:27+00:00\",\"mainEntityOfPage\":{\"@id\":\"https:\\\/\\\/www.fcbarcelonanoticias.com\\\/en\\\/transfers\\\/eric-garcia-signs-his-renewal-with-barca-until-2031_315495_102.html\"},\"wordCount\":943,\"image\":{\"@id\":\"https:\\\/\\\/www.fcbarcelonanoticias.com\\\/en\\\/transfers\\\/eric-garcia-signs-his-renewal-with-barca-until-2031_315495_102.html#primaryimage\"},\"thumbnailUrl\":\"https:\\\/\\\/www.fcbarcelonanoticias.com\\\/en\\\/wp-content\\\/uploads\\\/sites\\\/2\\\/2025\\\/12\\\/eric-garcia-firma-renovacion-fc-barcelona.jpeg\",\"keywords\":[\"Deco\",\"Eric Garc\u00eda\",\"Joan Laporta\"],\"articleSection\":[\"Transfers\",\"Transfers\"],\"inLanguage\":\"en-US\"},{\"@type\":\"WebPage\",\"@id\":\"https:\\\/\\\/www.fcbarcelonanoticias.com\\\/en\\\/transfers\\\/eric-garcia-signs-his-renewal-with-barca-until-2031_315495_102.html\",\"url\":\"https:\\\/\\\/www.fcbarcelonanoticias.com\\\/en\\\/transfers\\\/eric-garcia-signs-his-renewal-with-barca-until-2031_315495_102.html\",\"name\":\"Eric Garcia signs his renewal with Bar\u00e7a until 2031\",\"isPartOf\":{\"@id\":\"https:\\\/\\\/www.fcbarcelonanoticias.com\\\/en\\\/#website\"},\"primaryImageOfPage\":{\"@id\":\"https:\\\/\\\/www.fcbarcelonanoticias.com\\\/en\\\/transfers\\\/eric-garcia-signs-his-renewal-with-barca-until-2031_315495_102.html#primaryimage\"},\"image\":{\"@id\":\"https:\\\/\\\/www.fcbarcelonanoticias.com\\\/en\\\/transfers\\\/eric-garcia-signs-his-renewal-with-barca-until-2031_315495_102.html#primaryimage\"},\"thumbnailUrl\":\"https:\\\/\\\/www.fcbarcelonanoticias.com\\\/en\\\/wp-content\\\/uploads\\\/sites\\\/2\\\/2025\\\/12\\\/eric-garcia-firma-renovacion-fc-barcelona.jpeg\",\"datePublished\":\"2025-12-12T02:03:00+00:00\",\"dateModified\":\"2026-03-27T10:39:27+00:00\",\"author\":{\"@id\":\"https:\\\/\\\/www.fcbarcelonanoticias.com\\\/en\\\/#\\\/schema\\\/person\\\/0f2810101d27606974cdb8edb54fa54b\"},\"description\":\"Eric Garc\u00eda signs his renewal with FC Barcelona until 2031. A key player for Hansi Flick, the defender is experiencing his best moment as a Blaugrana\",\"breadcrumb\":{\"@id\":\"https:\\\/\\\/www.fcbarcelonanoticias.com\\\/en\\\/transfers\\\/eric-garcia-signs-his-renewal-with-barca-until-2031_315495_102.html#breadcrumb\"},\"inLanguage\":\"en-US\",\"potentialAction\":[{\"@type\":\"ReadAction\",\"target\":[\"https:\\\/\\\/www.fcbarcelonanoticias.com\\\/en\\\/transfers\\\/eric-garcia-signs-his-renewal-with-barca-until-2031_315495_102.html\"]}]},{\"@type\":\"ImageObject\",\"inLanguage\":\"en-US\",\"@id\":\"https:\\\/\\\/www.fcbarcelonanoticias.com\\\/en\\\/transfers\\\/eric-garcia-signs-his-renewal-with-barca-until-2031_315495_102.html#primaryimage\",\"url\":\"https:\\\/\\\/www.fcbarcelonanoticias.com\\\/en\\\/wp-content\\\/uploads\\\/sites\\\/2\\\/2025\\\/12\\\/eric-garcia-firma-renovacion-fc-barcelona.jpeg\",\"contentUrl\":\"https:\\\/\\\/www.fcbarcelonanoticias.com\\\/en\\\/wp-content\\\/uploads\\\/sites\\\/2\\\/2025\\\/12\\\/eric-garcia-firma-renovacion-fc-barcelona.jpeg\",\"width\":1200,\"height\":675},{\"@type\":\"BreadcrumbList\",\"@id\":\"https:\\\/\\\/www.fcbarcelonanoticias.com\\\/en\\\/transfers\\\/eric-garcia-signs-his-renewal-with-barca-until-2031_315495_102.html#breadcrumb\",\"itemListElement\":[{\"@type\":\"ListItem\",\"position\":1,\"name\":\"Portada\",\"item\":\"https:\\\/\\\/www.fcbarcelonanoticias.com\\\/en\\\/\"},{\"@type\":\"ListItem\",\"position\":2,\"name\":\"Eric Garcia signs renewal with Bar\u00e7a until 2031\"}]},{\"@type\":\"WebSite\",\"@id\":\"https:\\\/\\\/www.fcbarcelonanoticias.com\\\/en\\\/#website\",\"url\":\"https:\\\/\\\/www.fcbarcelonanoticias.com\\\/en\\\/\",\"name\":\"EN - FC Barcelona Noticias\",\"description\":\"\",\"potentialAction\":[{\"@type\":\"SearchAction\",\"target\":{\"@type\":\"EntryPoint\",\"urlTemplate\":\"https:\\\/\\\/www.fcbarcelonanoticias.com\\\/en\\\/?s={search_term_string}\"},\"query-input\":{\"@type\":\"PropertyValueSpecification\",\"valueRequired\":true,\"valueName\":\"search_term_string\"}}],\"inLanguage\":\"en-US\"},{\"@type\":\"Person\",\"@id\":\"https:\\\/\\\/www.fcbarcelonanoticias.com\\\/en\\\/#\\\/schema\\\/person\\\/0f2810101d27606974cdb8edb54fa54b\",\"name\":\"FC Barcelona Noticias\",\"image\":{\"@type\":\"ImageObject\",\"inLanguage\":\"en-US\",\"@id\":\"https:\\\/\\\/secure.gravatar.com\\\/avatar\\\/?s=96&d=mm&r=g\",\"url\":\"https:\\\/\\\/secure.gravatar.com\\\/avatar\\\/?s=96&d=mm&r=g\",\"contentUrl\":\"https:\\\/\\\/secure.gravatar.com\\\/avatar\\\/?s=96&d=mm&r=g\",\"caption\":\"FC Barcelona Noticias\"},\"url\":\"https:\\\/\\\/www.fcbarcelonanoticias.com\\\/en\\\/fc-barcelona\\\/fcbn-writing-fc-barcelona-news_6_115.html\"}]}<\/script>\n<!-- \/ Yoast SEO plugin. -->","yoast_head_json":{"title":"Eric Garcia signs his renewal with Bar\u00e7a until 2031","description":"Eric Garc\u00eda signs his renewal with FC Barcelona until 2031. A key player for Hansi Flick, the defender is experiencing his best moment as a Blaugrana","robots":{"index":"index","follow":"follow","max-snippet":"max-snippet:-1","max-image-preview":"max-image-preview:large","max-video-preview":"max-video-preview:-1"},"canonical":"https:\/\/www.fcbarcelonanoticias.com\/en\/transfers\/eric-garcia-signs-his-renewal-with-barca-until-2031_315495_102.html","og_locale":"en_US","og_type":"article","og_title":"Eric Garcia signs his renewal with Bar\u00e7a until 2031","og_description":"Eric Garc\u00eda signs his renewal with FC Barcelona until 2031. A key player for Hansi Flick, the defender is experiencing his best moment as a Blaugrana","og_url":"https:\/\/www.fcbarcelonanoticias.com\/en\/transfers\/eric-garcia-signs-his-renewal-with-barca-until-2031_315495_102.html","og_site_name":"EN - FC Barcelona Noticias","article_published_time":"2025-12-12T02:03:00+00:00","article_modified_time":"2026-03-27T10:39:27+00:00","og_image":[{"width":1200,"height":675,"url":"https:\/\/www.fcbarcelonanoticias.com\/en\/wp-content\/uploads\/sites\/2\/2025\/12\/eric-garcia-firma-renovacion-fc-barcelona.jpeg","type":"image\/jpeg"}],"author":"FC Barcelona Noticias","twitter_card":"summary_large_image","twitter_misc":{"Written by":"FC Barcelona Noticias","Est. reading time":"5 minutes"},"schema":{"@context":"https:\/\/schema.org","@graph":[{"@type":"Article","@id":"https:\/\/www.fcbarcelonanoticias.com\/en\/transfers\/eric-garcia-signs-his-renewal-with-barca-until-2031_315495_102.html#article","isPartOf":{"@id":"https:\/\/www.fcbarcelonanoticias.com\/en\/transfers\/eric-garcia-signs-his-renewal-with-barca-until-2031_315495_102.html"},"author":{"name":"FC Barcelona Noticias","@id":"https:\/\/www.fcbarcelonanoticias.com\/en\/#\/schema\/person\/0f2810101d27606974cdb8edb54fa54b"},"headline":"Eric Garcia signs renewal with Bar\u00e7a until 2031","datePublished":"2025-12-12T02:03:00+00:00","dateModified":"2026-03-27T10:39:27+00:00","mainEntityOfPage":{"@id":"https:\/\/www.fcbarcelonanoticias.com\/en\/transfers\/eric-garcia-signs-his-renewal-with-barca-until-2031_315495_102.html"},"wordCount":943,"image":{"@id":"https:\/\/www.fcbarcelonanoticias.com\/en\/transfers\/eric-garcia-signs-his-renewal-with-barca-until-2031_315495_102.html#primaryimage"},"thumbnailUrl":"https:\/\/www.fcbarcelonanoticias.com\/en\/wp-content\/uploads\/sites\/2\/2025\/12\/eric-garcia-firma-renovacion-fc-barcelona.jpeg","keywords":["Deco","Eric Garc\u00eda","Joan Laporta"],"articleSection":["Transfers","Transfers"],"inLanguage":"en-US"},{"@type":"WebPage","@id":"https:\/\/www.fcbarcelonanoticias.com\/en\/transfers\/eric-garcia-signs-his-renewal-with-barca-until-2031_315495_102.html","url":"https:\/\/www.fcbarcelonanoticias.com\/en\/transfers\/eric-garcia-signs-his-renewal-with-barca-until-2031_315495_102.html","name":"Eric Garcia signs his renewal with Bar\u00e7a until 2031","isPartOf":{"@id":"https:\/\/www.fcbarcelonanoticias.com\/en\/#website"},"primaryImageOfPage":{"@id":"https:\/\/www.fcbarcelonanoticias.com\/en\/transfers\/eric-garcia-signs-his-renewal-with-barca-until-2031_315495_102.html#primaryimage"},"image":{"@id":"https:\/\/www.fcbarcelonanoticias.com\/en\/transfers\/eric-garcia-signs-his-renewal-with-barca-until-2031_315495_102.html#primaryimage"},"thumbnailUrl":"https:\/\/www.fcbarcelonanoticias.com\/en\/wp-content\/uploads\/sites\/2\/2025\/12\/eric-garcia-firma-renovacion-fc-barcelona.jpeg","datePublished":"2025-12-12T02:03:00+00:00","dateModified":"2026-03-27T10:39:27+00:00","author":{"@id":"https:\/\/www.fcbarcelonanoticias.com\/en\/#\/schema\/person\/0f2810101d27606974cdb8edb54fa54b"},"description":"Eric Garc\u00eda signs his renewal with FC Barcelona until 2031. A key player for Hansi Flick, the defender is experiencing his best moment as a Blaugrana","breadcrumb":{"@id":"https:\/\/www.fcbarcelonanoticias.com\/en\/transfers\/eric-garcia-signs-his-renewal-with-barca-until-2031_315495_102.html#breadcrumb"},"inLanguage":"en-US","potentialAction":[{"@type":"ReadAction","target":["https:\/\/www.fcbarcelonanoticias.com\/en\/transfers\/eric-garcia-signs-his-renewal-with-barca-until-2031_315495_102.html"]}]},{"@type":"ImageObject","inLanguage":"en-US","@id":"https:\/\/www.fcbarcelonanoticias.com\/en\/transfers\/eric-garcia-signs-his-renewal-with-barca-until-2031_315495_102.html#primaryimage","url":"https:\/\/www.fcbarcelonanoticias.com\/en\/wp-content\/uploads\/sites\/2\/2025\/12\/eric-garcia-firma-renovacion-fc-barcelona.jpeg","contentUrl":"https:\/\/www.fcbarcelonanoticias.com\/en\/wp-content\/uploads\/sites\/2\/2025\/12\/eric-garcia-firma-renovacion-fc-barcelona.jpeg","width":1200,"height":675},{"@type":"BreadcrumbList","@id":"https:\/\/www.fcbarcelonanoticias.com\/en\/transfers\/eric-garcia-signs-his-renewal-with-barca-until-2031_315495_102.html#breadcrumb","itemListElement":[{"@type":"ListItem","position":1,"name":"Portada","item":"https:\/\/www.fcbarcelonanoticias.com\/en\/"},{"@type":"ListItem","position":2,"name":"Eric Garcia signs renewal with Bar\u00e7a until 2031"}]},{"@type":"WebSite","@id":"https:\/\/www.fcbarcelonanoticias.com\/en\/#website","url":"https:\/\/www.fcbarcelonanoticias.com\/en\/","name":"EN - FC Barcelona Noticias","description":"","potentialAction":[{"@type":"SearchAction","target":{"@type":"EntryPoint","urlTemplate":"https:\/\/www.fcbarcelonanoticias.com\/en\/?s={search_term_string}"},"query-input":{"@type":"PropertyValueSpecification","valueRequired":true,"valueName":"search_term_string"}}],"inLanguage":"en-US"},{"@type":"Person","@id":"https:\/\/www.fcbarcelonanoticias.com\/en\/#\/schema\/person\/0f2810101d27606974cdb8edb54fa54b","name":"FC Barcelona Noticias","image":{"@type":"ImageObject","inLanguage":"en-US","@id":"https:\/\/secure.gravatar.com\/avatar\/?s=96&d=mm&r=g","url":"https:\/\/secure.gravatar.com\/avatar\/?s=96&d=mm&r=g","contentUrl":"https:\/\/secure.gravatar.com\/avatar\/?s=96&d=mm&r=g","caption":"FC Barcelona Noticias"},"url":"https:\/\/www.fcbarcelonanoticias.com\/en\/fc-barcelona\/fcbn-writing-fc-barcelona-news_6_115.html"}]}},"_links":{"self":[{"href":"https:\/\/www.fcbarcelonanoticias.com\/en\/wp-json\/wp\/v2\/posts\/129974","targetHints":{"allow":["GET"]}}],"collection":[{"href":"https:\/\/www.fcbarcelonanoticias.com\/en\/wp-json\/wp\/v2\/posts"}],"about":[{"href":"https:\/\/www.fcbarcelonanoticias.com\/en\/wp-json\/wp\/v2\/types\/post"}],"author":[{"embeddable":true,"href":"https:\/\/www.fcbarcelonanoticias.com\/en\/wp-json\/wp\/v2\/users\/353"}],"replies":[{"embeddable":true,"href":"https:\/\/www.fcbarcelonanoticias.com\/en\/wp-json\/wp\/v2\/comments?post=129974"}],"version-history":[{"count":2,"href":"https:\/\/www.fcbarcelonanoticias.com\/en\/wp-json\/wp\/v2\/posts\/129974\/revisions"}],"predecessor-version":[{"id":160996,"href":"https:\/\/www.fcbarcelonanoticias.com\/en\/wp-json\/wp\/v2\/posts\/129974\/revisions\/160996"}],"wp:featuredmedia":[{"embeddable":true,"href":"https:\/\/www.fcbarcelonanoticias.com\/en\/wp-json\/wp\/v2\/media\/129981"}],"wp:attachment":[{"href":"https:\/\/www.fcbarcelonanoticias.com\/en\/wp-json\/wp\/v2\/media?parent=129974"}],"wp:term":[{"taxonomy":"category","embeddable":true,"href":"https:\/\/www.fcbarcelonanoticias.com\/en\/wp-json\/wp\/v2\/categories?post=129974"},{"taxonomy":"post_tag","embeddable":true,"href":"https:\/\/www.fcbarcelonanoticias.com\/en\/wp-json\/wp\/v2\/tags?post=129974"}],"curies":[{"name":"wp","href":"https:\/\/api.w.org\/{rel}","templated":true}]}}