{"id":130002,"date":"2024-07-09T14:55:00","date_gmt":"2024-07-09T12:55:00","guid":{"rendered":"https:\/\/weisetech.dev\/fc-barcelona-noticias\/en\/eric-garcia-could-be-more-important-for-the-fc-barcelona-of-what-expected_305277_102\/"},"modified":"2024-07-09T14:55:00","modified_gmt":"2024-07-09T12:55:00","slug":"eric-garcia-could-be-more-important-for-the-fc-barcelona-of-what-expected_305277_102","status":"publish","type":"post","link":"https:\/\/www.fcbarcelonanoticias.com\/en\/transfers\/eric-garcia-could-be-more-important-for-the-fc-barcelona-of-what-expected_305277_102.html","title":{"rendered":"Eric Garc\u00eda could be more important for FC Barcelona than expected"},"content":{"rendered":"<h2 class=\"wp-block-heading\">Eric Garc\u00eda could play a more important role than expected at Bar\u00e7a next season. Ara\u00fajo&#8217;s injury and the problems registering I\u00f1igo Mart\u00ednez would change his destiny at the club<\/h2>  \r\n<div class=\"article-addons\">\r\n    <a href=\"https:\/\/www.fcbarcelonanoticias.com\/en\/calendar-fc-barcelona.html\"\r\n       target=\"_self\"\r\n       title=\"Calendar of FC Barcelona\"\r\n       class=\"blue-gredient-btn\">\r\n       \r\n        Calendar of FC Barcelona    <\/a>\r\n<\/div>   <p><strong>The &#8216;overbooking&#8217; of head offices in the staff of Hansi Flick is one of the pending folders of the FC Barcelona for this market of signings<\/strong>. Until seven footballers form split of a demarcation that will see notably modified from 1 August. Pau Cubars\u00ed, Kound\u00e9 and Christensen are &#8216;intocables&#8217; to day of today, <a data-external=\"0\" data-intl-links-en=\"https:\/\/www.fcbarcelonanoticias.com\/en\/transfers\/the-injuries-of-ronald-araujo-and-frenkie-de-jong-leave-fcbarcelona-without-sales-plan_305248_102.html\" data-intl-links-es=\"https:\/\/www.fcbarcelonanoticias.com\/fichajes\/lesiones-ronald-araujo-frenkie-jong-dejan-fc-barcelona-sin-plan-ventas_305248_102.html\" href=\"https:\/\/www.fcbarcelonanoticias.com\/en\/transfers\/the-injuries-of-ronald-araujo-and-frenkie-de-jong-leave-fcbarcelona-without-sales-plan_305248_102.html\" rel=\"follow\" target=\"_self\" title=\"Las lesiones de Ronald Ara\u00fajo y Frenkie de Jong dejan al FC Barcelona sin plan de ventas\">whereas Ronald Ara\u00fajo could be in the dry dam until mediated of September<\/a> by his injury with Uruguay in front of Brazil. By his part, the registration of I\u00f1igo Mart\u00ednez keeps on being an uncertainty and Cl\u00e9ment Lenglet will go out with almost all security of the Camp Nou this summer.<\/p>  <p>This context leaves the future of Eric Garc\u00eda in the air. The ex footballer of the Manchester City &#8216;struggled&#8217; with the one of Ondarroa by a gap in the team of the German, and the scales seemed &#8216;decant&#8217; by the Basque. The factor to be the only central left-handed of the payroll,<a data-external=\"0\" data-intl-links-en=\"https:\/\/www.fcbarcelonanoticias.com\/en\/transfers\/the-conditions-of-mika-faye-to-be-still-in-the-fc-barcelona_305069_102.html\" data-intl-links-es=\"https:\/\/www.fcbarcelonanoticias.com\/fichajes\/condiciones-mika-faye-seguir-en-fc-barcelona_305069_102.html\" href=\"https:\/\/www.fcbarcelonanoticias.com\/en\/transfers\/the-conditions-of-mika-faye-to-be-still-in-the-fc-barcelona_305069_102.html\" rel=\"follow\" target=\"_self\" title=\"Las condiciones de Mika Faye para seguir en el FC Barcelona\"> waiting for what can suceder with Faye<\/a>, played in favour of Mart\u00ednez, <strong>but his wage and the problems of the club to inscribe him begin to concern in Can<\/strong>Bar\u00e7a , as they inform in &#8216;SPORT&#8217;.<\/p>  <p>In the meantime, Garc\u00eda already is concentrated with the olympic selection of Santi D\u00e9nia, with his focus put only in the Olympic games of Paris.<strong> The defender hardly will have time to work to the orders of Flick<\/strong>, since if the Rojita reaches the final of the olympic appointment, the player could be in the French capital until 5 August, 10 days before the debut of the square cul\u00e9 in LaLiga in front of Valencia,<\/p>  <p>However,<strong> the injury suffered by Ara\u00fajo in the Glass America and the inconventientes of the Catalan entity to inscribe to I\u00f1igo Mart\u00ednez seem to have changed the destination of Eric in the City Condal<\/strong>. And it is that, although it is very known that in Can Bar\u00e7a the things can give an unexpected twist of an instant to another, the one of Martorell could have more importance in the first staff that what expected .<\/p>  <h2>His polivalencia, the key<\/h2>  <p>The canterano of the Masia was one of the most important pieces of the Girona in the season 2023\/24, playing a key role for M\u00edchel in his team. <strong>The footballer has showed can surrender of good way like head office in both sides, in addition to adapting to the side<\/strong>. Even, Garc\u00eda could act like pivote thanks to his quality to go out with the balloon. Qualities that Flick sees with good eyes, since Eric could be his &#8216;joker&#8217; in the first team.<\/p> ","protected":false},"excerpt":{"rendered":"<p>Eric Garc\u00eda could play a more important role than expected at Bar\u00e7a next season. Ara\u00fajo&#8217;s injury and the problems registering I\u00f1igo Mart\u00ednez would change his destiny at the club The &#8216;overbooking&#8217; of head offices in the staff of Hansi Flick is one of the pending folders of the FC Barcelona for this market of signings. [&hellip;]<\/p>\n","protected":false},"author":358,"featured_media":130005,"comment_status":"closed","ping_status":"open","sticky":false,"template":"","format":"standard","meta":{"_acf_changed":false,"inline_featured_image":false,"_nextfly_llmd_date_locked":false,"footnotes":""},"categories":[106,449],"tags":[320],"class_list":["post-130002","post","type-post","status-publish","format-standard","has-post-thumbnail","hentry","category-transfers","category-transfers-2","tag-lenglet"],"acf":[],"yoast_head":"<!-- This site is optimized with the Yoast SEO plugin v27.3 - https:\/\/yoast.com\/product\/yoast-seo-wordpress\/ -->\n<title>Eric Garc\u00eda could be more important for the FC Barcelona of what expected<\/title>\n<meta name=\"description\" content=\"Eric Garc\u00eda could play a more important paper that the expected in the Bar\u00e7a during the next season. The injury of Ara\u00fajo and the problems to inscribe to I\u00f1igo Mart\u00ednez would change his destination in the club\" \/>\n<meta name=\"robots\" content=\"index, follow, max-snippet:-1, max-image-preview:large, max-video-preview:-1\" \/>\n<link rel=\"canonical\" href=\"https:\/\/www.fcbarcelonanoticias.com\/en\/transfers\/eric-garcia-could-be-more-important-for-the-fc-barcelona-of-what-expected_305277_102.html\" \/>\n<meta property=\"og:locale\" content=\"en_US\" \/>\n<meta property=\"og:type\" content=\"article\" \/>\n<meta property=\"og:title\" content=\"Eric Garc\u00eda could be more important for the FC Barcelona of what expected\" \/>\n<meta property=\"og:description\" content=\"Eric Garc\u00eda could play a more important paper that the expected in the Bar\u00e7a during the next season. The injury of Ara\u00fajo and the problems to inscribe to I\u00f1igo Mart\u00ednez would change his destination in the club\" \/>\n<meta property=\"og:url\" content=\"https:\/\/www.fcbarcelonanoticias.com\/en\/transfers\/eric-garcia-could-be-more-important-for-the-fc-barcelona-of-what-expected_305277_102.html\" \/>\n<meta property=\"og:site_name\" content=\"EN - FC Barcelona Noticias\" \/>\n<meta property=\"article:published_time\" content=\"2024-07-09T12:55:00+00:00\" \/>\n<meta property=\"og:image\" content=\"https:\/\/www.fcbarcelonanoticias.com\/en\/wp-content\/uploads\/sites\/2\/2024\/07\/eric-garcia-v-athletic.jpeg\" \/>\n\t<meta property=\"og:image:width\" content=\"1300\" \/>\n\t<meta property=\"og:image:height\" content=\"732\" \/>\n\t<meta property=\"og:image:type\" content=\"image\/jpeg\" \/>\n<meta name=\"author\" content=\"Juan Pablo Berdugo\" \/>\n<meta name=\"twitter:card\" content=\"summary_large_image\" \/>\n<meta name=\"twitter:label1\" content=\"Written by\" \/>\n\t<meta name=\"twitter:data1\" content=\"Juan Pablo Berdugo\" \/>\n\t<meta name=\"twitter:label2\" content=\"Est. reading time\" \/>\n\t<meta name=\"twitter:data2\" content=\"2 minutes\" \/>\n<script type=\"application\/ld+json\" class=\"yoast-schema-graph\">{\"@context\":\"https:\\\/\\\/schema.org\",\"@graph\":[{\"@type\":\"Article\",\"@id\":\"https:\\\/\\\/www.fcbarcelonanoticias.com\\\/en\\\/transfers\\\/eric-garcia-could-be-more-important-for-the-fc-barcelona-of-what-expected_305277_102.html#article\",\"isPartOf\":{\"@id\":\"https:\\\/\\\/www.fcbarcelonanoticias.com\\\/en\\\/transfers\\\/eric-garcia-could-be-more-important-for-the-fc-barcelona-of-what-expected_305277_102.html\"},\"author\":{\"name\":\"Juan Pablo Berdugo\",\"@id\":\"https:\\\/\\\/www.fcbarcelonanoticias.com\\\/en\\\/#\\\/schema\\\/person\\\/88d756918a0a1ae9fa593b5edddd1815\"},\"headline\":\"Eric Garc\u00eda could be more important for FC Barcelona than expected\",\"datePublished\":\"2024-07-09T12:55:00+00:00\",\"mainEntityOfPage\":{\"@id\":\"https:\\\/\\\/www.fcbarcelonanoticias.com\\\/en\\\/transfers\\\/eric-garcia-could-be-more-important-for-the-fc-barcelona-of-what-expected_305277_102.html\"},\"wordCount\":484,\"image\":{\"@id\":\"https:\\\/\\\/www.fcbarcelonanoticias.com\\\/en\\\/transfers\\\/eric-garcia-could-be-more-important-for-the-fc-barcelona-of-what-expected_305277_102.html#primaryimage\"},\"thumbnailUrl\":\"https:\\\/\\\/www.fcbarcelonanoticias.com\\\/en\\\/wp-content\\\/uploads\\\/sites\\\/2\\\/2024\\\/07\\\/eric-garcia-v-athletic.jpeg\",\"keywords\":[\"Lenglet\"],\"articleSection\":[\"Transfers\",\"Transfers\"],\"inLanguage\":\"en-US\"},{\"@type\":\"WebPage\",\"@id\":\"https:\\\/\\\/www.fcbarcelonanoticias.com\\\/en\\\/transfers\\\/eric-garcia-could-be-more-important-for-the-fc-barcelona-of-what-expected_305277_102.html\",\"url\":\"https:\\\/\\\/www.fcbarcelonanoticias.com\\\/en\\\/transfers\\\/eric-garcia-could-be-more-important-for-the-fc-barcelona-of-what-expected_305277_102.html\",\"name\":\"Eric Garc\u00eda could be more important for the FC Barcelona of what expected\",\"isPartOf\":{\"@id\":\"https:\\\/\\\/www.fcbarcelonanoticias.com\\\/en\\\/#website\"},\"primaryImageOfPage\":{\"@id\":\"https:\\\/\\\/www.fcbarcelonanoticias.com\\\/en\\\/transfers\\\/eric-garcia-could-be-more-important-for-the-fc-barcelona-of-what-expected_305277_102.html#primaryimage\"},\"image\":{\"@id\":\"https:\\\/\\\/www.fcbarcelonanoticias.com\\\/en\\\/transfers\\\/eric-garcia-could-be-more-important-for-the-fc-barcelona-of-what-expected_305277_102.html#primaryimage\"},\"thumbnailUrl\":\"https:\\\/\\\/www.fcbarcelonanoticias.com\\\/en\\\/wp-content\\\/uploads\\\/sites\\\/2\\\/2024\\\/07\\\/eric-garcia-v-athletic.jpeg\",\"datePublished\":\"2024-07-09T12:55:00+00:00\",\"author\":{\"@id\":\"https:\\\/\\\/www.fcbarcelonanoticias.com\\\/en\\\/#\\\/schema\\\/person\\\/88d756918a0a1ae9fa593b5edddd1815\"},\"description\":\"Eric Garc\u00eda could play a more important paper that the expected in the Bar\u00e7a during the next season. The injury of Ara\u00fajo and the problems to inscribe to I\u00f1igo Mart\u00ednez would change his destination in the club\",\"breadcrumb\":{\"@id\":\"https:\\\/\\\/www.fcbarcelonanoticias.com\\\/en\\\/transfers\\\/eric-garcia-could-be-more-important-for-the-fc-barcelona-of-what-expected_305277_102.html#breadcrumb\"},\"inLanguage\":\"en-US\",\"potentialAction\":[{\"@type\":\"ReadAction\",\"target\":[\"https:\\\/\\\/www.fcbarcelonanoticias.com\\\/en\\\/transfers\\\/eric-garcia-could-be-more-important-for-the-fc-barcelona-of-what-expected_305277_102.html\"]}]},{\"@type\":\"ImageObject\",\"inLanguage\":\"en-US\",\"@id\":\"https:\\\/\\\/www.fcbarcelonanoticias.com\\\/en\\\/transfers\\\/eric-garcia-could-be-more-important-for-the-fc-barcelona-of-what-expected_305277_102.html#primaryimage\",\"url\":\"https:\\\/\\\/www.fcbarcelonanoticias.com\\\/en\\\/wp-content\\\/uploads\\\/sites\\\/2\\\/2024\\\/07\\\/eric-garcia-v-athletic.jpeg\",\"contentUrl\":\"https:\\\/\\\/www.fcbarcelonanoticias.com\\\/en\\\/wp-content\\\/uploads\\\/sites\\\/2\\\/2024\\\/07\\\/eric-garcia-v-athletic.jpeg\",\"width\":1300,\"height\":732},{\"@type\":\"BreadcrumbList\",\"@id\":\"https:\\\/\\\/www.fcbarcelonanoticias.com\\\/en\\\/transfers\\\/eric-garcia-could-be-more-important-for-the-fc-barcelona-of-what-expected_305277_102.html#breadcrumb\",\"itemListElement\":[{\"@type\":\"ListItem\",\"position\":1,\"name\":\"Portada\",\"item\":\"https:\\\/\\\/www.fcbarcelonanoticias.com\\\/en\\\/\"},{\"@type\":\"ListItem\",\"position\":2,\"name\":\"Eric Garc\u00eda could be more important for FC Barcelona than expected\"}]},{\"@type\":\"WebSite\",\"@id\":\"https:\\\/\\\/www.fcbarcelonanoticias.com\\\/en\\\/#website\",\"url\":\"https:\\\/\\\/www.fcbarcelonanoticias.com\\\/en\\\/\",\"name\":\"EN - FC Barcelona Noticias\",\"description\":\"\",\"potentialAction\":[{\"@type\":\"SearchAction\",\"target\":{\"@type\":\"EntryPoint\",\"urlTemplate\":\"https:\\\/\\\/www.fcbarcelonanoticias.com\\\/en\\\/?s={search_term_string}\"},\"query-input\":{\"@type\":\"PropertyValueSpecification\",\"valueRequired\":true,\"valueName\":\"search_term_string\"}}],\"inLanguage\":\"en-US\"},{\"@type\":\"Person\",\"@id\":\"https:\\\/\\\/www.fcbarcelonanoticias.com\\\/en\\\/#\\\/schema\\\/person\\\/88d756918a0a1ae9fa593b5edddd1815\",\"name\":\"Juan Pablo Berdugo\",\"image\":{\"@type\":\"ImageObject\",\"inLanguage\":\"en-US\",\"@id\":\"https:\\\/\\\/secure.gravatar.com\\\/avatar\\\/?s=96&d=mm&r=g\",\"url\":\"https:\\\/\\\/secure.gravatar.com\\\/avatar\\\/?s=96&d=mm&r=g\",\"contentUrl\":\"https:\\\/\\\/secure.gravatar.com\\\/avatar\\\/?s=96&d=mm&r=g\",\"caption\":\"Juan Pablo Berdugo\"},\"description\":\"Juan Pablo Berdugo es graduado en Periodismo. Colabora con FCBN como especialista en informaci\u00f3n del primer equipo del FC Barcelona, f\u00fatbol internacional y mercado de fichajes. Destaca por su enfoque anal\u00edtico, su rigor informativo y su capacidad para detectar tendencias emergentes en el f\u00fatbol global.\",\"url\":\"https:\\\/\\\/www.fcbarcelonanoticias.com\\\/en\\\/fc-barcelona\\\/juan-pablo-berdugo_18_115.html\"}]}<\/script>\n<!-- \/ Yoast SEO plugin. -->","yoast_head_json":{"title":"Eric Garc\u00eda could be more important for the FC Barcelona of what expected","description":"Eric Garc\u00eda could play a more important paper that the expected in the Bar\u00e7a during the next season. The injury of Ara\u00fajo and the problems to inscribe to I\u00f1igo Mart\u00ednez would change his destination in the club","robots":{"index":"index","follow":"follow","max-snippet":"max-snippet:-1","max-image-preview":"max-image-preview:large","max-video-preview":"max-video-preview:-1"},"canonical":"https:\/\/www.fcbarcelonanoticias.com\/en\/transfers\/eric-garcia-could-be-more-important-for-the-fc-barcelona-of-what-expected_305277_102.html","og_locale":"en_US","og_type":"article","og_title":"Eric Garc\u00eda could be more important for the FC Barcelona of what expected","og_description":"Eric Garc\u00eda could play a more important paper that the expected in the Bar\u00e7a during the next season. The injury of Ara\u00fajo and the problems to inscribe to I\u00f1igo Mart\u00ednez would change his destination in the club","og_url":"https:\/\/www.fcbarcelonanoticias.com\/en\/transfers\/eric-garcia-could-be-more-important-for-the-fc-barcelona-of-what-expected_305277_102.html","og_site_name":"EN - FC Barcelona Noticias","article_published_time":"2024-07-09T12:55:00+00:00","og_image":[{"width":1300,"height":732,"url":"https:\/\/www.fcbarcelonanoticias.com\/en\/wp-content\/uploads\/sites\/2\/2024\/07\/eric-garcia-v-athletic.jpeg","type":"image\/jpeg"}],"author":"Juan Pablo Berdugo","twitter_card":"summary_large_image","twitter_misc":{"Written by":"Juan Pablo Berdugo","Est. reading time":"2 minutes"},"schema":{"@context":"https:\/\/schema.org","@graph":[{"@type":"Article","@id":"https:\/\/www.fcbarcelonanoticias.com\/en\/transfers\/eric-garcia-could-be-more-important-for-the-fc-barcelona-of-what-expected_305277_102.html#article","isPartOf":{"@id":"https:\/\/www.fcbarcelonanoticias.com\/en\/transfers\/eric-garcia-could-be-more-important-for-the-fc-barcelona-of-what-expected_305277_102.html"},"author":{"name":"Juan Pablo Berdugo","@id":"https:\/\/www.fcbarcelonanoticias.com\/en\/#\/schema\/person\/88d756918a0a1ae9fa593b5edddd1815"},"headline":"Eric Garc\u00eda could be more important for FC Barcelona than expected","datePublished":"2024-07-09T12:55:00+00:00","mainEntityOfPage":{"@id":"https:\/\/www.fcbarcelonanoticias.com\/en\/transfers\/eric-garcia-could-be-more-important-for-the-fc-barcelona-of-what-expected_305277_102.html"},"wordCount":484,"image":{"@id":"https:\/\/www.fcbarcelonanoticias.com\/en\/transfers\/eric-garcia-could-be-more-important-for-the-fc-barcelona-of-what-expected_305277_102.html#primaryimage"},"thumbnailUrl":"https:\/\/www.fcbarcelonanoticias.com\/en\/wp-content\/uploads\/sites\/2\/2024\/07\/eric-garcia-v-athletic.jpeg","keywords":["Lenglet"],"articleSection":["Transfers","Transfers"],"inLanguage":"en-US"},{"@type":"WebPage","@id":"https:\/\/www.fcbarcelonanoticias.com\/en\/transfers\/eric-garcia-could-be-more-important-for-the-fc-barcelona-of-what-expected_305277_102.html","url":"https:\/\/www.fcbarcelonanoticias.com\/en\/transfers\/eric-garcia-could-be-more-important-for-the-fc-barcelona-of-what-expected_305277_102.html","name":"Eric Garc\u00eda could be more important for the FC Barcelona of what expected","isPartOf":{"@id":"https:\/\/www.fcbarcelonanoticias.com\/en\/#website"},"primaryImageOfPage":{"@id":"https:\/\/www.fcbarcelonanoticias.com\/en\/transfers\/eric-garcia-could-be-more-important-for-the-fc-barcelona-of-what-expected_305277_102.html#primaryimage"},"image":{"@id":"https:\/\/www.fcbarcelonanoticias.com\/en\/transfers\/eric-garcia-could-be-more-important-for-the-fc-barcelona-of-what-expected_305277_102.html#primaryimage"},"thumbnailUrl":"https:\/\/www.fcbarcelonanoticias.com\/en\/wp-content\/uploads\/sites\/2\/2024\/07\/eric-garcia-v-athletic.jpeg","datePublished":"2024-07-09T12:55:00+00:00","author":{"@id":"https:\/\/www.fcbarcelonanoticias.com\/en\/#\/schema\/person\/88d756918a0a1ae9fa593b5edddd1815"},"description":"Eric Garc\u00eda could play a more important paper that the expected in the Bar\u00e7a during the next season. The injury of Ara\u00fajo and the problems to inscribe to I\u00f1igo Mart\u00ednez would change his destination in the club","breadcrumb":{"@id":"https:\/\/www.fcbarcelonanoticias.com\/en\/transfers\/eric-garcia-could-be-more-important-for-the-fc-barcelona-of-what-expected_305277_102.html#breadcrumb"},"inLanguage":"en-US","potentialAction":[{"@type":"ReadAction","target":["https:\/\/www.fcbarcelonanoticias.com\/en\/transfers\/eric-garcia-could-be-more-important-for-the-fc-barcelona-of-what-expected_305277_102.html"]}]},{"@type":"ImageObject","inLanguage":"en-US","@id":"https:\/\/www.fcbarcelonanoticias.com\/en\/transfers\/eric-garcia-could-be-more-important-for-the-fc-barcelona-of-what-expected_305277_102.html#primaryimage","url":"https:\/\/www.fcbarcelonanoticias.com\/en\/wp-content\/uploads\/sites\/2\/2024\/07\/eric-garcia-v-athletic.jpeg","contentUrl":"https:\/\/www.fcbarcelonanoticias.com\/en\/wp-content\/uploads\/sites\/2\/2024\/07\/eric-garcia-v-athletic.jpeg","width":1300,"height":732},{"@type":"BreadcrumbList","@id":"https:\/\/www.fcbarcelonanoticias.com\/en\/transfers\/eric-garcia-could-be-more-important-for-the-fc-barcelona-of-what-expected_305277_102.html#breadcrumb","itemListElement":[{"@type":"ListItem","position":1,"name":"Portada","item":"https:\/\/www.fcbarcelonanoticias.com\/en\/"},{"@type":"ListItem","position":2,"name":"Eric Garc\u00eda could be more important for FC Barcelona than expected"}]},{"@type":"WebSite","@id":"https:\/\/www.fcbarcelonanoticias.com\/en\/#website","url":"https:\/\/www.fcbarcelonanoticias.com\/en\/","name":"EN - FC Barcelona Noticias","description":"","potentialAction":[{"@type":"SearchAction","target":{"@type":"EntryPoint","urlTemplate":"https:\/\/www.fcbarcelonanoticias.com\/en\/?s={search_term_string}"},"query-input":{"@type":"PropertyValueSpecification","valueRequired":true,"valueName":"search_term_string"}}],"inLanguage":"en-US"},{"@type":"Person","@id":"https:\/\/www.fcbarcelonanoticias.com\/en\/#\/schema\/person\/88d756918a0a1ae9fa593b5edddd1815","name":"Juan Pablo Berdugo","image":{"@type":"ImageObject","inLanguage":"en-US","@id":"https:\/\/secure.gravatar.com\/avatar\/?s=96&d=mm&r=g","url":"https:\/\/secure.gravatar.com\/avatar\/?s=96&d=mm&r=g","contentUrl":"https:\/\/secure.gravatar.com\/avatar\/?s=96&d=mm&r=g","caption":"Juan Pablo Berdugo"},"description":"Juan Pablo Berdugo es graduado en Periodismo. Colabora con FCBN como especialista en informaci\u00f3n del primer equipo del FC Barcelona, f\u00fatbol internacional y mercado de fichajes. Destaca por su enfoque anal\u00edtico, su rigor informativo y su capacidad para detectar tendencias emergentes en el f\u00fatbol global.","url":"https:\/\/www.fcbarcelonanoticias.com\/en\/fc-barcelona\/juan-pablo-berdugo_18_115.html"}]}},"_links":{"self":[{"href":"https:\/\/www.fcbarcelonanoticias.com\/en\/wp-json\/wp\/v2\/posts\/130002","targetHints":{"allow":["GET"]}}],"collection":[{"href":"https:\/\/www.fcbarcelonanoticias.com\/en\/wp-json\/wp\/v2\/posts"}],"about":[{"href":"https:\/\/www.fcbarcelonanoticias.com\/en\/wp-json\/wp\/v2\/types\/post"}],"author":[{"embeddable":true,"href":"https:\/\/www.fcbarcelonanoticias.com\/en\/wp-json\/wp\/v2\/users\/358"}],"replies":[{"embeddable":true,"href":"https:\/\/www.fcbarcelonanoticias.com\/en\/wp-json\/wp\/v2\/comments?post=130002"}],"version-history":[{"count":1,"href":"https:\/\/www.fcbarcelonanoticias.com\/en\/wp-json\/wp\/v2\/posts\/130002\/revisions"}],"predecessor-version":[{"id":152602,"href":"https:\/\/www.fcbarcelonanoticias.com\/en\/wp-json\/wp\/v2\/posts\/130002\/revisions\/152602"}],"wp:featuredmedia":[{"embeddable":true,"href":"https:\/\/www.fcbarcelonanoticias.com\/en\/wp-json\/wp\/v2\/media\/130005"}],"wp:attachment":[{"href":"https:\/\/www.fcbarcelonanoticias.com\/en\/wp-json\/wp\/v2\/media?parent=130002"}],"wp:term":[{"taxonomy":"category","embeddable":true,"href":"https:\/\/www.fcbarcelonanoticias.com\/en\/wp-json\/wp\/v2\/categories?post=130002"},{"taxonomy":"post_tag","embeddable":true,"href":"https:\/\/www.fcbarcelonanoticias.com\/en\/wp-json\/wp\/v2\/tags?post=130002"}],"curies":[{"name":"wp","href":"https:\/\/api.w.org\/{rel}","templated":true}]}}