{"id":130066,"date":"2024-07-01T18:40:00","date_gmt":"2024-07-01T16:40:00","guid":{"rendered":"https:\/\/weisetech.dev\/fc-barcelona-noticias\/en\/eric-garcia-ansu-fati-julian-araujo-which-loan-players-will-stay-24-25-season_305037_102\/"},"modified":"2024-07-02T02:25:00","modified_gmt":"2024-07-02T00:25:00","slug":"eric-garcia-ansu-fati-julian-araujo-which-loan-players-will-stay-24-25-season_305037_102","status":"publish","type":"post","link":"https:\/\/www.fcbarcelonanoticias.com\/en\/transfers\/eric-garcia-ansu-fati-julian-araujo-which-loan-players-will-stay-24-25-season_305037_102.html","title":{"rendered":"Eric Garc\u00eda, Ansu Fati, Juli\u00e1n Araujo&#8230; Which loan players will stay at Bar\u00e7a 24\/25?"},"content":{"rendered":"<h2 class=\"wp-block-heading\">FC Barcelona continues its summer work and with just over a week to go before the preseason begins, at FCBN we analyze the situation of the six loaned players who return to Barcelona<\/h2>  \r\n<div class=\"article-addons\">\r\n    <a href=\"https:\/\/www.fcbarcelonanoticias.com\/en\/calendar-fc-barcelona.html\"\r\n       target=\"_self\"\r\n       title=\"Calendar of FC Barcelona\"\r\n       class=\"blue-gredient-btn\">\r\n       \r\n        Calendar of FC Barcelona    <\/a>\r\n<\/div>   <p>The FC Barcelona has evaluated the performance of his players that were yielded in the 2023\/2024 and from this Monday already all have go back to be part of the entity. The list that integrate<strong> Eric Garc\u00eda (Girona), Pablo Tower (Girona), Ansu Fati (Brighton), \u00c1lex Fence in (Raise), Juli\u00e1n Araujo (The Palms) and Cl\u00e9ment Lenglet (Aston Villa), <\/strong>has been reduced slightly after <a data-external=\"0\" data-intl-links-en=\"https:\/\/www.fcbarcelonanoticias.com\/en\/transfers\/official-the-fc-complete-barcelona-the-traspaso-of-sergino-dest-to-the-psv_304976_102.html\" data-intl-links-es=\"https:\/\/www.fcbarcelonanoticias.com\/fichajes\/oficial-el-fc-barcelona-completa-traspaso-sergino-dest-psv_304976_102.html\" href=\"https:\/\/www.fcbarcelonanoticias.com\/en\/transfers\/official-the-fc-complete-barcelona-the-traspaso-of-sergino-dest-to-the-psv_304976_102.html\" rel=\"follow\" target=\"_self\" title=\"OFICIAL: \u00a1El FC Barcelona completa el traspaso de Sergi\u00f1o Dest al PSV!\">the sale of Sergi\u00f1o Dest to the PSV<\/a>, but still remain a lot of decisions for taking.<\/p>  <p>The intention of the Barcelona is to define the leaf of route of all in what it initiate the pre-season, foreseen for 10 July, <strong>although to continuation in FCBN do a review of which are the more real and likely stages with each one of the six players that were yielded the past season, <\/strong>remembering that the continuity or does not depend no only of the sportive appearance, but also of what can mean to level of &#8216;fair play&#8217; financial.<\/p>  <h2>Ansu Fati<\/h2>  <p>This last point that explained surely explains of the best possible way with Ansu. The forward no only to convince to Hansi Flick that it can contribute like left extreme or as leading centre, but his index card that surpasses the 10 million gross euros also has to square between the accounts cul\u00e9s. <strong>It is clear that Fati does not represent right now a contribution futbol\u00edstico to justify a so high wage, by what the cul\u00e9s expect an exit at all times, as long as it arrive one offers chord to his value of market.<\/strong><\/p>  <h2>Eric Garc\u00eda<\/h2>  <p>The central is one of the players whose future in the club is less clear. With 23 years and an agreement that extends until 2026, had a big season in the surprising Girona of M\u00edchel but his position is in which the Bar\u00e7a has a remarkable &#8216;overbooking&#8217; of pieces in the first team. Therefore, <strong>his continuity will depend to a large extent of the movements that make in the market of incorporations and of if it goes in in the plans of Hansi Flick, competing with a place with players like I\u00f1igo Mart\u00ednez, Mika Faye or even Christensen and Kound\u00e9. <\/strong><\/p>  <h2>Cl\u00e9ment Lenglet<\/h2>  <p>&nbsp;<\/p>  <p>The another central of the list yes that it is a firm candidate to go out in summer. Although had an acceptable performance during his loan in the Aston Villa in the season 2023\/24, the reality is that the Barcelona picture has an excess of defenders and his index card has a significant impact in the structure salarial of the club. <strong>Therefore, the safest is that his exit, even if the club has to resignar ingresar something immediately, as it happened with Dest and his percentage of future sale like only value of traspaso. <\/strong><\/p>  <h2>Juli\u00e1n Araujo<\/h2>  <p>The side is a bit in the air, as it happens him to Eric, in front of the quantity of options that has the first team in his position. Had a very good season in the UD The Palms,<strong> but everything will depend on the reinforcements that the club cul\u00e9 achieve for the right side<\/strong>. If it attains the continuity of Joao Cancel, he would have to be headline in an open competition with Kound\u00e9, and besides is H\u00e9ctor Fort, the one who is polyvalent and his original position is lateral right.<\/p>  <h2>Pablo Tower<\/h2>  <p>The list closes with two young players, and with little space to win a place, although it already has remained clear that the pre-season can be a moment to surprise to the &#8216;staff&#8217; technical. <strong>The situation of Pablo Tower seems to be more bent to a new loan. The Cantabrian did not have a very stood out season with the Girona,<\/strong> but could be another course with the ones of M\u00edchel, especially with the dispute of the Champions League and the need to have an important basic wardrobe.<\/p>  <h2>\u00c1lex Fence in<\/h2>  <p>Finally, it finds \u00c1lex Fence in. After a beginning of promising season in the Raise in LaLiga Hypermotion (Second Division), his participation was diminishing because of the change of trainer in the picture &#8216;granota&#8217;. To the of Badalona, Xavi Hern\u00e1ndez, saw him like a good reinforcement for the left side, but the change of m\u00edster keeps him in the air, <strong>having to see if it attains to convince to Flick to be acting of Alejandro Balde, although it is a role that also could fulfil Cancel, Fort or the own Juli\u00e1n Araujo, by what could have another cession. <\/strong><\/p> ","protected":false},"excerpt":{"rendered":"<p>FC Barcelona continues its summer work and with just over a week to go before the preseason begins, at FCBN we analyze the situation of the six loaned players who return to Barcelona The FC Barcelona has evaluated the performance of his players that were yielded in the 2023\/2024 and from this Monday already all [&hellip;]<\/p>\n","protected":false},"author":345,"featured_media":130067,"comment_status":"closed","ping_status":"open","sticky":false,"template":"","format":"standard","meta":{"_acf_changed":false,"inline_featured_image":false,"_nextfly_llmd_date_locked":false,"footnotes":""},"categories":[449,106],"tags":[380,320],"class_list":["post-130066","post","type-post","status-publish","format-standard","has-post-thumbnail","hentry","category-transfers-2","category-transfers","tag-julian-araujo","tag-lenglet"],"acf":[],"yoast_head":"<!-- This site is optimized with the Yoast SEO plugin v27.3 - https:\/\/yoast.com\/product\/yoast-seo-wordpress\/ -->\n<title>Eric Garc\u00eda, Ansu Fati, Juli\u00e1n Araujo... Which loan players will stay at Bar\u00e7a 24\/25?<\/title>\n<meta name=\"description\" content=\"FC Barcelona continues its summer work and with just over a week to go before the preseason begins, at FCBN we analyze the situation of the six loaned players who return to Barcelona\" \/>\n<meta name=\"robots\" content=\"index, follow, max-snippet:-1, max-image-preview:large, max-video-preview:-1\" \/>\n<link rel=\"canonical\" href=\"https:\/\/www.fcbarcelonanoticias.com\/en\/transfers\/eric-garcia-ansu-fati-julian-araujo-which-loan-players-will-stay-24-25-season_305037_102.html\" \/>\n<meta property=\"og:locale\" content=\"en_US\" \/>\n<meta property=\"og:type\" content=\"article\" \/>\n<meta property=\"og:title\" content=\"Eric Garc\u00eda, Ansu Fati, Juli\u00e1n Araujo... Which loan players will stay at Bar\u00e7a 24\/25?\" \/>\n<meta property=\"og:description\" content=\"FC Barcelona continues its summer work and with just over a week to go before the preseason begins, at FCBN we analyze the situation of the six loaned players who return to Barcelona\" \/>\n<meta property=\"og:url\" content=\"https:\/\/www.fcbarcelonanoticias.com\/en\/transfers\/eric-garcia-ansu-fati-julian-araujo-which-loan-players-will-stay-24-25-season_305037_102.html\" \/>\n<meta property=\"og:site_name\" content=\"EN - FC Barcelona Noticias\" \/>\n<meta property=\"article:published_time\" content=\"2024-07-01T16:40:00+00:00\" \/>\n<meta property=\"article:modified_time\" content=\"2024-07-02T00:25:00+00:00\" \/>\n<meta property=\"og:image\" content=\"https:\/\/www.fcbarcelonanoticias.com\/en\/wp-content\/uploads\/sites\/2\/2024\/07\/jugadores-del-fc-barcelona-que-estan-cedidos.jpeg\" \/>\n\t<meta property=\"og:image:width\" content=\"1200\" \/>\n\t<meta property=\"og:image:height\" content=\"675\" \/>\n\t<meta property=\"og:image:type\" content=\"image\/jpeg\" \/>\n<meta name=\"author\" content=\"Carlos Montenegro\" \/>\n<meta name=\"twitter:card\" content=\"summary_large_image\" \/>\n<meta name=\"twitter:label1\" content=\"Written by\" \/>\n\t<meta name=\"twitter:data1\" content=\"Carlos Montenegro\" \/>\n\t<meta name=\"twitter:label2\" content=\"Est. reading time\" \/>\n\t<meta name=\"twitter:data2\" content=\"4 minutes\" \/>\n<script type=\"application\/ld+json\" class=\"yoast-schema-graph\">{\"@context\":\"https:\\\/\\\/schema.org\",\"@graph\":[{\"@type\":\"Article\",\"@id\":\"https:\\\/\\\/www.fcbarcelonanoticias.com\\\/en\\\/transfers\\\/eric-garcia-ansu-fati-julian-araujo-which-loan-players-will-stay-24-25-season_305037_102.html#article\",\"isPartOf\":{\"@id\":\"https:\\\/\\\/www.fcbarcelonanoticias.com\\\/en\\\/transfers\\\/eric-garcia-ansu-fati-julian-araujo-which-loan-players-will-stay-24-25-season_305037_102.html\"},\"author\":{\"name\":\"Carlos Montenegro\",\"@id\":\"https:\\\/\\\/www.fcbarcelonanoticias.com\\\/en\\\/#\\\/schema\\\/person\\\/aa1d038709c262cb247e240f6b39bbf5\"},\"headline\":\"Eric Garc\u00eda, Ansu Fati, Juli\u00e1n Araujo&#8230; Which loan players will stay at Bar\u00e7a 24\\\/25?\",\"datePublished\":\"2024-07-01T16:40:00+00:00\",\"dateModified\":\"2024-07-02T00:25:00+00:00\",\"mainEntityOfPage\":{\"@id\":\"https:\\\/\\\/www.fcbarcelonanoticias.com\\\/en\\\/transfers\\\/eric-garcia-ansu-fati-julian-araujo-which-loan-players-will-stay-24-25-season_305037_102.html\"},\"wordCount\":802,\"image\":{\"@id\":\"https:\\\/\\\/www.fcbarcelonanoticias.com\\\/en\\\/transfers\\\/eric-garcia-ansu-fati-julian-araujo-which-loan-players-will-stay-24-25-season_305037_102.html#primaryimage\"},\"thumbnailUrl\":\"https:\\\/\\\/www.fcbarcelonanoticias.com\\\/en\\\/wp-content\\\/uploads\\\/sites\\\/2\\\/2024\\\/07\\\/jugadores-del-fc-barcelona-que-estan-cedidos.jpeg\",\"keywords\":[\"Juli\u00e1n Araujo\",\"Lenglet\"],\"articleSection\":[\"Transfers\",\"Transfers\"],\"inLanguage\":\"en-US\"},{\"@type\":\"WebPage\",\"@id\":\"https:\\\/\\\/www.fcbarcelonanoticias.com\\\/en\\\/transfers\\\/eric-garcia-ansu-fati-julian-araujo-which-loan-players-will-stay-24-25-season_305037_102.html\",\"url\":\"https:\\\/\\\/www.fcbarcelonanoticias.com\\\/en\\\/transfers\\\/eric-garcia-ansu-fati-julian-araujo-which-loan-players-will-stay-24-25-season_305037_102.html\",\"name\":\"Eric Garc\u00eda, Ansu Fati, Juli\u00e1n Araujo... Which loan players will stay at Bar\u00e7a 24\\\/25?\",\"isPartOf\":{\"@id\":\"https:\\\/\\\/www.fcbarcelonanoticias.com\\\/en\\\/#website\"},\"primaryImageOfPage\":{\"@id\":\"https:\\\/\\\/www.fcbarcelonanoticias.com\\\/en\\\/transfers\\\/eric-garcia-ansu-fati-julian-araujo-which-loan-players-will-stay-24-25-season_305037_102.html#primaryimage\"},\"image\":{\"@id\":\"https:\\\/\\\/www.fcbarcelonanoticias.com\\\/en\\\/transfers\\\/eric-garcia-ansu-fati-julian-araujo-which-loan-players-will-stay-24-25-season_305037_102.html#primaryimage\"},\"thumbnailUrl\":\"https:\\\/\\\/www.fcbarcelonanoticias.com\\\/en\\\/wp-content\\\/uploads\\\/sites\\\/2\\\/2024\\\/07\\\/jugadores-del-fc-barcelona-que-estan-cedidos.jpeg\",\"datePublished\":\"2024-07-01T16:40:00+00:00\",\"dateModified\":\"2024-07-02T00:25:00+00:00\",\"author\":{\"@id\":\"https:\\\/\\\/www.fcbarcelonanoticias.com\\\/en\\\/#\\\/schema\\\/person\\\/aa1d038709c262cb247e240f6b39bbf5\"},\"description\":\"FC Barcelona continues its summer work and with just over a week to go before the preseason begins, at FCBN we analyze the situation of the six loaned players who return to Barcelona\",\"breadcrumb\":{\"@id\":\"https:\\\/\\\/www.fcbarcelonanoticias.com\\\/en\\\/transfers\\\/eric-garcia-ansu-fati-julian-araujo-which-loan-players-will-stay-24-25-season_305037_102.html#breadcrumb\"},\"inLanguage\":\"en-US\",\"potentialAction\":[{\"@type\":\"ReadAction\",\"target\":[\"https:\\\/\\\/www.fcbarcelonanoticias.com\\\/en\\\/transfers\\\/eric-garcia-ansu-fati-julian-araujo-which-loan-players-will-stay-24-25-season_305037_102.html\"]}]},{\"@type\":\"ImageObject\",\"inLanguage\":\"en-US\",\"@id\":\"https:\\\/\\\/www.fcbarcelonanoticias.com\\\/en\\\/transfers\\\/eric-garcia-ansu-fati-julian-araujo-which-loan-players-will-stay-24-25-season_305037_102.html#primaryimage\",\"url\":\"https:\\\/\\\/www.fcbarcelonanoticias.com\\\/en\\\/wp-content\\\/uploads\\\/sites\\\/2\\\/2024\\\/07\\\/jugadores-del-fc-barcelona-que-estan-cedidos.jpeg\",\"contentUrl\":\"https:\\\/\\\/www.fcbarcelonanoticias.com\\\/en\\\/wp-content\\\/uploads\\\/sites\\\/2\\\/2024\\\/07\\\/jugadores-del-fc-barcelona-que-estan-cedidos.jpeg\",\"width\":1200,\"height\":675},{\"@type\":\"BreadcrumbList\",\"@id\":\"https:\\\/\\\/www.fcbarcelonanoticias.com\\\/en\\\/transfers\\\/eric-garcia-ansu-fati-julian-araujo-which-loan-players-will-stay-24-25-season_305037_102.html#breadcrumb\",\"itemListElement\":[{\"@type\":\"ListItem\",\"position\":1,\"name\":\"Portada\",\"item\":\"https:\\\/\\\/www.fcbarcelonanoticias.com\\\/en\\\/\"},{\"@type\":\"ListItem\",\"position\":2,\"name\":\"Eric Garc\u00eda, Ansu Fati, Juli\u00e1n Araujo&#8230; Which loan players will stay at Bar\u00e7a 24\\\/25?\"}]},{\"@type\":\"WebSite\",\"@id\":\"https:\\\/\\\/www.fcbarcelonanoticias.com\\\/en\\\/#website\",\"url\":\"https:\\\/\\\/www.fcbarcelonanoticias.com\\\/en\\\/\",\"name\":\"EN - FC Barcelona Noticias\",\"description\":\"\",\"potentialAction\":[{\"@type\":\"SearchAction\",\"target\":{\"@type\":\"EntryPoint\",\"urlTemplate\":\"https:\\\/\\\/www.fcbarcelonanoticias.com\\\/en\\\/?s={search_term_string}\"},\"query-input\":{\"@type\":\"PropertyValueSpecification\",\"valueRequired\":true,\"valueName\":\"search_term_string\"}}],\"inLanguage\":\"en-US\"},{\"@type\":\"Person\",\"@id\":\"https:\\\/\\\/www.fcbarcelonanoticias.com\\\/en\\\/#\\\/schema\\\/person\\\/aa1d038709c262cb247e240f6b39bbf5\",\"name\":\"Carlos Montenegro\",\"image\":{\"@type\":\"ImageObject\",\"inLanguage\":\"en-US\",\"@id\":\"https:\\\/\\\/secure.gravatar.com\\\/avatar\\\/?s=96&d=mm&r=g\",\"url\":\"https:\\\/\\\/secure.gravatar.com\\\/avatar\\\/?s=96&d=mm&r=g\",\"contentUrl\":\"https:\\\/\\\/secure.gravatar.com\\\/avatar\\\/?s=96&d=mm&r=g\",\"caption\":\"Carlos Montenegro\"},\"url\":\"https:\\\/\\\/www.fcbarcelonanoticias.com\\\/en\\\/carlos-montenegro_20_115.html\"}]}<\/script>\n<!-- \/ Yoast SEO plugin. -->","yoast_head_json":{"title":"Eric Garc\u00eda, Ansu Fati, Juli\u00e1n Araujo... Which loan players will stay at Bar\u00e7a 24\/25?","description":"FC Barcelona continues its summer work and with just over a week to go before the preseason begins, at FCBN we analyze the situation of the six loaned players who return to Barcelona","robots":{"index":"index","follow":"follow","max-snippet":"max-snippet:-1","max-image-preview":"max-image-preview:large","max-video-preview":"max-video-preview:-1"},"canonical":"https:\/\/www.fcbarcelonanoticias.com\/en\/transfers\/eric-garcia-ansu-fati-julian-araujo-which-loan-players-will-stay-24-25-season_305037_102.html","og_locale":"en_US","og_type":"article","og_title":"Eric Garc\u00eda, Ansu Fati, Juli\u00e1n Araujo... Which loan players will stay at Bar\u00e7a 24\/25?","og_description":"FC Barcelona continues its summer work and with just over a week to go before the preseason begins, at FCBN we analyze the situation of the six loaned players who return to Barcelona","og_url":"https:\/\/www.fcbarcelonanoticias.com\/en\/transfers\/eric-garcia-ansu-fati-julian-araujo-which-loan-players-will-stay-24-25-season_305037_102.html","og_site_name":"EN - FC Barcelona Noticias","article_published_time":"2024-07-01T16:40:00+00:00","article_modified_time":"2024-07-02T00:25:00+00:00","og_image":[{"width":1200,"height":675,"url":"https:\/\/www.fcbarcelonanoticias.com\/en\/wp-content\/uploads\/sites\/2\/2024\/07\/jugadores-del-fc-barcelona-que-estan-cedidos.jpeg","type":"image\/jpeg"}],"author":"Carlos Montenegro","twitter_card":"summary_large_image","twitter_misc":{"Written by":"Carlos Montenegro","Est. reading time":"4 minutes"},"schema":{"@context":"https:\/\/schema.org","@graph":[{"@type":"Article","@id":"https:\/\/www.fcbarcelonanoticias.com\/en\/transfers\/eric-garcia-ansu-fati-julian-araujo-which-loan-players-will-stay-24-25-season_305037_102.html#article","isPartOf":{"@id":"https:\/\/www.fcbarcelonanoticias.com\/en\/transfers\/eric-garcia-ansu-fati-julian-araujo-which-loan-players-will-stay-24-25-season_305037_102.html"},"author":{"name":"Carlos Montenegro","@id":"https:\/\/www.fcbarcelonanoticias.com\/en\/#\/schema\/person\/aa1d038709c262cb247e240f6b39bbf5"},"headline":"Eric Garc\u00eda, Ansu Fati, Juli\u00e1n Araujo&#8230; Which loan players will stay at Bar\u00e7a 24\/25?","datePublished":"2024-07-01T16:40:00+00:00","dateModified":"2024-07-02T00:25:00+00:00","mainEntityOfPage":{"@id":"https:\/\/www.fcbarcelonanoticias.com\/en\/transfers\/eric-garcia-ansu-fati-julian-araujo-which-loan-players-will-stay-24-25-season_305037_102.html"},"wordCount":802,"image":{"@id":"https:\/\/www.fcbarcelonanoticias.com\/en\/transfers\/eric-garcia-ansu-fati-julian-araujo-which-loan-players-will-stay-24-25-season_305037_102.html#primaryimage"},"thumbnailUrl":"https:\/\/www.fcbarcelonanoticias.com\/en\/wp-content\/uploads\/sites\/2\/2024\/07\/jugadores-del-fc-barcelona-que-estan-cedidos.jpeg","keywords":["Juli\u00e1n Araujo","Lenglet"],"articleSection":["Transfers","Transfers"],"inLanguage":"en-US"},{"@type":"WebPage","@id":"https:\/\/www.fcbarcelonanoticias.com\/en\/transfers\/eric-garcia-ansu-fati-julian-araujo-which-loan-players-will-stay-24-25-season_305037_102.html","url":"https:\/\/www.fcbarcelonanoticias.com\/en\/transfers\/eric-garcia-ansu-fati-julian-araujo-which-loan-players-will-stay-24-25-season_305037_102.html","name":"Eric Garc\u00eda, Ansu Fati, Juli\u00e1n Araujo... Which loan players will stay at Bar\u00e7a 24\/25?","isPartOf":{"@id":"https:\/\/www.fcbarcelonanoticias.com\/en\/#website"},"primaryImageOfPage":{"@id":"https:\/\/www.fcbarcelonanoticias.com\/en\/transfers\/eric-garcia-ansu-fati-julian-araujo-which-loan-players-will-stay-24-25-season_305037_102.html#primaryimage"},"image":{"@id":"https:\/\/www.fcbarcelonanoticias.com\/en\/transfers\/eric-garcia-ansu-fati-julian-araujo-which-loan-players-will-stay-24-25-season_305037_102.html#primaryimage"},"thumbnailUrl":"https:\/\/www.fcbarcelonanoticias.com\/en\/wp-content\/uploads\/sites\/2\/2024\/07\/jugadores-del-fc-barcelona-que-estan-cedidos.jpeg","datePublished":"2024-07-01T16:40:00+00:00","dateModified":"2024-07-02T00:25:00+00:00","author":{"@id":"https:\/\/www.fcbarcelonanoticias.com\/en\/#\/schema\/person\/aa1d038709c262cb247e240f6b39bbf5"},"description":"FC Barcelona continues its summer work and with just over a week to go before the preseason begins, at FCBN we analyze the situation of the six loaned players who return to Barcelona","breadcrumb":{"@id":"https:\/\/www.fcbarcelonanoticias.com\/en\/transfers\/eric-garcia-ansu-fati-julian-araujo-which-loan-players-will-stay-24-25-season_305037_102.html#breadcrumb"},"inLanguage":"en-US","potentialAction":[{"@type":"ReadAction","target":["https:\/\/www.fcbarcelonanoticias.com\/en\/transfers\/eric-garcia-ansu-fati-julian-araujo-which-loan-players-will-stay-24-25-season_305037_102.html"]}]},{"@type":"ImageObject","inLanguage":"en-US","@id":"https:\/\/www.fcbarcelonanoticias.com\/en\/transfers\/eric-garcia-ansu-fati-julian-araujo-which-loan-players-will-stay-24-25-season_305037_102.html#primaryimage","url":"https:\/\/www.fcbarcelonanoticias.com\/en\/wp-content\/uploads\/sites\/2\/2024\/07\/jugadores-del-fc-barcelona-que-estan-cedidos.jpeg","contentUrl":"https:\/\/www.fcbarcelonanoticias.com\/en\/wp-content\/uploads\/sites\/2\/2024\/07\/jugadores-del-fc-barcelona-que-estan-cedidos.jpeg","width":1200,"height":675},{"@type":"BreadcrumbList","@id":"https:\/\/www.fcbarcelonanoticias.com\/en\/transfers\/eric-garcia-ansu-fati-julian-araujo-which-loan-players-will-stay-24-25-season_305037_102.html#breadcrumb","itemListElement":[{"@type":"ListItem","position":1,"name":"Portada","item":"https:\/\/www.fcbarcelonanoticias.com\/en\/"},{"@type":"ListItem","position":2,"name":"Eric Garc\u00eda, Ansu Fati, Juli\u00e1n Araujo&#8230; Which loan players will stay at Bar\u00e7a 24\/25?"}]},{"@type":"WebSite","@id":"https:\/\/www.fcbarcelonanoticias.com\/en\/#website","url":"https:\/\/www.fcbarcelonanoticias.com\/en\/","name":"EN - FC Barcelona Noticias","description":"","potentialAction":[{"@type":"SearchAction","target":{"@type":"EntryPoint","urlTemplate":"https:\/\/www.fcbarcelonanoticias.com\/en\/?s={search_term_string}"},"query-input":{"@type":"PropertyValueSpecification","valueRequired":true,"valueName":"search_term_string"}}],"inLanguage":"en-US"},{"@type":"Person","@id":"https:\/\/www.fcbarcelonanoticias.com\/en\/#\/schema\/person\/aa1d038709c262cb247e240f6b39bbf5","name":"Carlos Montenegro","image":{"@type":"ImageObject","inLanguage":"en-US","@id":"https:\/\/secure.gravatar.com\/avatar\/?s=96&d=mm&r=g","url":"https:\/\/secure.gravatar.com\/avatar\/?s=96&d=mm&r=g","contentUrl":"https:\/\/secure.gravatar.com\/avatar\/?s=96&d=mm&r=g","caption":"Carlos Montenegro"},"url":"https:\/\/www.fcbarcelonanoticias.com\/en\/carlos-montenegro_20_115.html"}]}},"_links":{"self":[{"href":"https:\/\/www.fcbarcelonanoticias.com\/en\/wp-json\/wp\/v2\/posts\/130066","targetHints":{"allow":["GET"]}}],"collection":[{"href":"https:\/\/www.fcbarcelonanoticias.com\/en\/wp-json\/wp\/v2\/posts"}],"about":[{"href":"https:\/\/www.fcbarcelonanoticias.com\/en\/wp-json\/wp\/v2\/types\/post"}],"author":[{"embeddable":true,"href":"https:\/\/www.fcbarcelonanoticias.com\/en\/wp-json\/wp\/v2\/users\/345"}],"replies":[{"embeddable":true,"href":"https:\/\/www.fcbarcelonanoticias.com\/en\/wp-json\/wp\/v2\/comments?post=130066"}],"version-history":[{"count":1,"href":"https:\/\/www.fcbarcelonanoticias.com\/en\/wp-json\/wp\/v2\/posts\/130066\/revisions"}],"predecessor-version":[{"id":152623,"href":"https:\/\/www.fcbarcelonanoticias.com\/en\/wp-json\/wp\/v2\/posts\/130066\/revisions\/152623"}],"wp:featuredmedia":[{"embeddable":true,"href":"https:\/\/www.fcbarcelonanoticias.com\/en\/wp-json\/wp\/v2\/media\/130067"}],"wp:attachment":[{"href":"https:\/\/www.fcbarcelonanoticias.com\/en\/wp-json\/wp\/v2\/media?parent=130066"}],"wp:term":[{"taxonomy":"category","embeddable":true,"href":"https:\/\/www.fcbarcelonanoticias.com\/en\/wp-json\/wp\/v2\/categories?post=130066"},{"taxonomy":"post_tag","embeddable":true,"href":"https:\/\/www.fcbarcelonanoticias.com\/en\/wp-json\/wp\/v2\/tags?post=130066"}],"curies":[{"name":"wp","href":"https:\/\/api.w.org\/{rel}","templated":true}]}}