{"id":130105,"date":"2024-03-20T14:34:00","date_gmt":"2024-03-20T13:34:00","guid":{"rendered":"https:\/\/weisetech.dev\/fc-barcelona-noticias\/en\/lamine-yamal-vitor-roque-fermin-the-market-value-of-barca-great-jewels_301885_102\/"},"modified":"2024-03-20T19:54:00","modified_gmt":"2024-03-20T18:54:00","slug":"lamine-yamal-vitor-roque-fermin-the-market-value-of-barca-great-jewels_301885_102","status":"publish","type":"post","link":"https:\/\/www.fcbarcelonanoticias.com\/en\/transfers\/lamine-yamal-vitor-roque-fermin-the-market-value-of-barca-great-jewels_301885_102.html","title":{"rendered":"Lamine Yamal, Vitor Roque, Ferm\u00edn&#8230; The market value of Bar\u00e7a&#8217;s great &#8216;jewels&#8217;"},"content":{"rendered":"<h2 class=\"wp-block-heading\">Bar\u00e7a have bet on La Masia very strongly this season, a little forced by injuries and financial problems, but also by the great talent that has come up from the academy, and this is also supported by the market<\/h2>  \r\n<div class=\"article-addons\">\r\n    <a href=\"https:\/\/www.fcbarcelonanoticias.com\/en\/calendar-fc-barcelona.html\"\r\n       target=\"_self\"\r\n       title=\"Calendar of FC Barcelona\"\r\n       class=\"blue-gredient-btn\">\r\n       \r\n        Calendar of FC Barcelona    <\/a>\r\n<\/div>   <p>Perhaps the most common place to consult the value of the footballers to world-wide level is the web &#8216;Transfermarkt&#8217;, which has turned into the last years in a reference to be able to understand the approximate figure in which the clubs can price to his players. <strong>Claro, understanding that it does not treat of an exact science and that many times, the majority, the teams are used to to ask a lot of more million those that reflect in this type of web.<\/strong><\/p>  <p>But in the case to be able to evaluate the value that a club can have between hands yes that it is a very useful tool, especially if it treats of players formed in the quarry. It is the case of the FC Barcelona with <a data-external=\"0\" data-intl-links-en=\"https:\/\/www.fcbarcelonanoticias.com\/en\/players\/top-project-lamine-pedri-gavi-the-10-barca-jewels-that-already-shine-and-will-dominate-in-the-future_301823_102.html\" data-intl-links-es=\"https:\/\/www.fcbarcelonanoticias.com\/jugadores\/proyecto-top-lamine-pedri-gavi-10-joyas-barca-ya-brillan-dominaran-en-el-futuro_301823_102.html\" href=\"https:\/\/www.fcbarcelonanoticias.com\/en\/players\/top-project-lamine-pedri-gavi-the-10-barca-jewels-that-already-shine-and-will-dominate-in-the-future_301823_102.html\" rel=\"follow\" target=\"_self\" title=\"\u00a1Proyecto top! Lamine, Pedri, Gavi\u2026 Las 10 'joyas' del Bar\u00e7a que ya brillan y dominar\u00e1n en el&nbsp;futuro\">the Lamine Yamal, Pau Cubars\u00ed, Ferm\u00edn L\u00f3pez, H\u00e9ctor Fort or Marc Guiu<\/a>, <strong>those who are answering to perfection this season and have given a jump of quality to the Barcelona group in his respective roles and positions.<\/strong><\/p>  <h2>The Bar\u00e7a sees like his &#8216;perlas&#8217; begins to win value of market<\/h2>  <p>But it is that besides the current value of each one of them, already very important for his short ages, is in constant promotion and in brief expects that the valuation of the players cul\u00e9s shoot . And it is that the page is used to to do updates each two or three months and by the moment has not made any from December, <strong>but still like this already Lamine surpasses the barrier of the 50 million euros with a current value of 60 &#8216;kilos&#8217;, a figure that definitely will increase after the big beginning of year <a data-external=\"0\" data-intl-links-en=\"https:\/\/www.fcbarcelonanoticias.com\/en\/players\/problem-for-barca-lamine-yamal-admits-he-is-available-for-eurocopa-and-olympic-games_301875_102.html\" data-intl-links-es=\"https:\/\/www.fcbarcelonanoticias.com\/jugadores\/problema-barca-lamine-yamal-reconoce-estar-disponible-eurocopa-juegos-olimpicos_301875_102.html\" disponible=\"\" href=\"https:\/\/www.fcbarcelonanoticias.com\/en\/players\/problem-for-barca-lamine-yamal-admits-he-is-available-for-eurocopa-and-olympic-games_301875_102.html\" rel=\"follow\" target=\"_self\" title=\"\u00a1Problema para el Bar\u00e7a! Lamine Yamal reconoce estar \">of the footballer of 16 years<\/a>.<\/strong><\/p>  <p>After the extreme, appears in this list of promising footballers appears the only no canterano, Vitor Roque, the one who landed in the City Condal the past month of January already with a value of 40 millions, a quantity that like minimum has to keep in his next update. <strong>And it is that in the article does a lot of emphasis in the arrival in brief of the new values since a player like Pau Cubars\u00ed is very far of the real valuation that really can have to the day of today.<\/strong><\/p>  <h2>Several names that in brief will have an important growth in his valuation<\/h2>  <p>When treating of an information of December, when the central still did not debut with the first team, the defender has remained in the million and half of euros, <strong>a very move# away value for a footballer that can debut in brief like international absolute and that already has been headline in some eighth of final of the Champions League.<\/strong> Cubars\u00ed &#8216;Will explode&#8217; in brief and the Bar\u00e7a will see again to a canterano scalar in this type of statistics, as also already did it Ferm\u00edn that right now it is with 15 million euros of value.<\/p>  <p>The others two youngsters with which the Bar\u00e7a expects to explain the next season, and probably by many more, are Guiu and Fort. <strong>The first, a &#8216;9&#8217; very similar to Lewandowski and that it could complement very well to Roque, has right now a value of 2,5 millions, which surely can duplicate. <\/strong>For the side the growth surely was much more of 100% since, like Cubars\u00ed, in December did not cross the reality now. Fort Is fixed in the million of euros right now, adding also to Marc Casad\u00f3 that debuted the past Sunday in League and for now surpasses by little the half million.<\/p> ","protected":false},"excerpt":{"rendered":"<p>Bar\u00e7a have bet on La Masia very strongly this season, a little forced by injuries and financial problems, but also by the great talent that has come up from the academy, and this is also supported by the market Perhaps the most common place to consult the value of the footballers to world-wide level is [&hellip;]<\/p>\n","protected":false},"author":345,"featured_media":130107,"comment_status":"closed","ping_status":"open","sticky":false,"template":"","format":"standard","meta":{"_acf_changed":false,"inline_featured_image":false,"_nextfly_llmd_date_locked":false,"footnotes":""},"categories":[449,106],"tags":[310,181,327],"class_list":["post-130105","post","type-post","status-publish","format-standard","has-post-thumbnail","hentry","category-transfers-2","category-transfers","tag-marc-guiu","tag-the-masia","tag-vitor-roque"],"acf":[],"yoast_head":"<!-- This site is optimized with the Yoast SEO plugin v27.3 - https:\/\/yoast.com\/product\/yoast-seo-wordpress\/ -->\n<title>Lamine Yamal, Vitor Roque, Ferm\u00edn... The market value of Bar\u00e7a&#039;s great &#039;jewels&#039;<\/title>\n<meta name=\"description\" content=\"Bar\u00e7a have bet on La Masia very strongly this season, a little forced by injuries and financial problems, but also by the great talent that has come up from the academy, and this is also supported by the market\" \/>\n<meta name=\"robots\" content=\"index, follow, max-snippet:-1, max-image-preview:large, max-video-preview:-1\" \/>\n<link rel=\"canonical\" href=\"https:\/\/www.fcbarcelonanoticias.com\/en\/transfers\/lamine-yamal-vitor-roque-fermin-the-market-value-of-barca-great-jewels_301885_102.html\" \/>\n<meta property=\"og:locale\" content=\"en_US\" \/>\n<meta property=\"og:type\" content=\"article\" \/>\n<meta property=\"og:title\" content=\"Lamine Yamal, Vitor Roque, Ferm\u00edn... The market value of Bar\u00e7a&#039;s great &#039;jewels&#039;\" \/>\n<meta property=\"og:description\" content=\"Bar\u00e7a have bet on La Masia very strongly this season, a little forced by injuries and financial problems, but also by the great talent that has come up from the academy, and this is also supported by the market\" \/>\n<meta property=\"og:url\" content=\"https:\/\/www.fcbarcelonanoticias.com\/en\/transfers\/lamine-yamal-vitor-roque-fermin-the-market-value-of-barca-great-jewels_301885_102.html\" \/>\n<meta property=\"og:site_name\" content=\"EN - FC Barcelona Noticias\" \/>\n<meta property=\"article:published_time\" content=\"2024-03-20T13:34:00+00:00\" \/>\n<meta property=\"article:modified_time\" content=\"2024-03-20T18:54:00+00:00\" \/>\n<meta property=\"og:image\" content=\"https:\/\/www.fcbarcelonanoticias.com\/en\/wp-content\/uploads\/sites\/2\/2024\/03\/lamine-yamal-vitorroque.jpeg\" \/>\n\t<meta property=\"og:image:width\" content=\"1300\" \/>\n\t<meta property=\"og:image:height\" content=\"734\" \/>\n\t<meta property=\"og:image:type\" content=\"image\/jpeg\" \/>\n<meta name=\"author\" content=\"Carlos Montenegro\" \/>\n<meta name=\"twitter:card\" content=\"summary_large_image\" \/>\n<meta name=\"twitter:label1\" content=\"Written by\" \/>\n\t<meta name=\"twitter:data1\" content=\"Carlos Montenegro\" \/>\n\t<meta name=\"twitter:label2\" content=\"Est. reading time\" \/>\n\t<meta name=\"twitter:data2\" content=\"3 minutes\" \/>\n<script type=\"application\/ld+json\" class=\"yoast-schema-graph\">{\"@context\":\"https:\\\/\\\/schema.org\",\"@graph\":[{\"@type\":\"Article\",\"@id\":\"https:\\\/\\\/www.fcbarcelonanoticias.com\\\/en\\\/transfers\\\/lamine-yamal-vitor-roque-fermin-the-market-value-of-barca-great-jewels_301885_102.html#article\",\"isPartOf\":{\"@id\":\"https:\\\/\\\/www.fcbarcelonanoticias.com\\\/en\\\/transfers\\\/lamine-yamal-vitor-roque-fermin-the-market-value-of-barca-great-jewels_301885_102.html\"},\"author\":{\"name\":\"Carlos Montenegro\",\"@id\":\"https:\\\/\\\/www.fcbarcelonanoticias.com\\\/en\\\/#\\\/schema\\\/person\\\/aa1d038709c262cb247e240f6b39bbf5\"},\"headline\":\"Lamine Yamal, Vitor Roque, Ferm\u00edn&#8230; The market value of Bar\u00e7a&#8217;s great &#8216;jewels&#8217;\",\"datePublished\":\"2024-03-20T13:34:00+00:00\",\"dateModified\":\"2024-03-20T18:54:00+00:00\",\"mainEntityOfPage\":{\"@id\":\"https:\\\/\\\/www.fcbarcelonanoticias.com\\\/en\\\/transfers\\\/lamine-yamal-vitor-roque-fermin-the-market-value-of-barca-great-jewels_301885_102.html\"},\"wordCount\":641,\"image\":{\"@id\":\"https:\\\/\\\/www.fcbarcelonanoticias.com\\\/en\\\/transfers\\\/lamine-yamal-vitor-roque-fermin-the-market-value-of-barca-great-jewels_301885_102.html#primaryimage\"},\"thumbnailUrl\":\"https:\\\/\\\/www.fcbarcelonanoticias.com\\\/en\\\/wp-content\\\/uploads\\\/sites\\\/2\\\/2024\\\/03\\\/lamine-yamal-vitorroque.jpeg\",\"keywords\":[\"Marc Guiu\",\"The Masia\",\"Vitor Roque\"],\"articleSection\":[\"Transfers\",\"Transfers\"],\"inLanguage\":\"en-US\"},{\"@type\":\"WebPage\",\"@id\":\"https:\\\/\\\/www.fcbarcelonanoticias.com\\\/en\\\/transfers\\\/lamine-yamal-vitor-roque-fermin-the-market-value-of-barca-great-jewels_301885_102.html\",\"url\":\"https:\\\/\\\/www.fcbarcelonanoticias.com\\\/en\\\/transfers\\\/lamine-yamal-vitor-roque-fermin-the-market-value-of-barca-great-jewels_301885_102.html\",\"name\":\"Lamine Yamal, Vitor Roque, Ferm\u00edn... The market value of Bar\u00e7a's great 'jewels'\",\"isPartOf\":{\"@id\":\"https:\\\/\\\/www.fcbarcelonanoticias.com\\\/en\\\/#website\"},\"primaryImageOfPage\":{\"@id\":\"https:\\\/\\\/www.fcbarcelonanoticias.com\\\/en\\\/transfers\\\/lamine-yamal-vitor-roque-fermin-the-market-value-of-barca-great-jewels_301885_102.html#primaryimage\"},\"image\":{\"@id\":\"https:\\\/\\\/www.fcbarcelonanoticias.com\\\/en\\\/transfers\\\/lamine-yamal-vitor-roque-fermin-the-market-value-of-barca-great-jewels_301885_102.html#primaryimage\"},\"thumbnailUrl\":\"https:\\\/\\\/www.fcbarcelonanoticias.com\\\/en\\\/wp-content\\\/uploads\\\/sites\\\/2\\\/2024\\\/03\\\/lamine-yamal-vitorroque.jpeg\",\"datePublished\":\"2024-03-20T13:34:00+00:00\",\"dateModified\":\"2024-03-20T18:54:00+00:00\",\"author\":{\"@id\":\"https:\\\/\\\/www.fcbarcelonanoticias.com\\\/en\\\/#\\\/schema\\\/person\\\/aa1d038709c262cb247e240f6b39bbf5\"},\"description\":\"Bar\u00e7a have bet on La Masia very strongly this season, a little forced by injuries and financial problems, but also by the great talent that has come up from the academy, and this is also supported by the market\",\"breadcrumb\":{\"@id\":\"https:\\\/\\\/www.fcbarcelonanoticias.com\\\/en\\\/transfers\\\/lamine-yamal-vitor-roque-fermin-the-market-value-of-barca-great-jewels_301885_102.html#breadcrumb\"},\"inLanguage\":\"en-US\",\"potentialAction\":[{\"@type\":\"ReadAction\",\"target\":[\"https:\\\/\\\/www.fcbarcelonanoticias.com\\\/en\\\/transfers\\\/lamine-yamal-vitor-roque-fermin-the-market-value-of-barca-great-jewels_301885_102.html\"]}]},{\"@type\":\"ImageObject\",\"inLanguage\":\"en-US\",\"@id\":\"https:\\\/\\\/www.fcbarcelonanoticias.com\\\/en\\\/transfers\\\/lamine-yamal-vitor-roque-fermin-the-market-value-of-barca-great-jewels_301885_102.html#primaryimage\",\"url\":\"https:\\\/\\\/www.fcbarcelonanoticias.com\\\/en\\\/wp-content\\\/uploads\\\/sites\\\/2\\\/2024\\\/03\\\/lamine-yamal-vitorroque.jpeg\",\"contentUrl\":\"https:\\\/\\\/www.fcbarcelonanoticias.com\\\/en\\\/wp-content\\\/uploads\\\/sites\\\/2\\\/2024\\\/03\\\/lamine-yamal-vitorroque.jpeg\",\"width\":1300,\"height\":734},{\"@type\":\"BreadcrumbList\",\"@id\":\"https:\\\/\\\/www.fcbarcelonanoticias.com\\\/en\\\/transfers\\\/lamine-yamal-vitor-roque-fermin-the-market-value-of-barca-great-jewels_301885_102.html#breadcrumb\",\"itemListElement\":[{\"@type\":\"ListItem\",\"position\":1,\"name\":\"Portada\",\"item\":\"https:\\\/\\\/www.fcbarcelonanoticias.com\\\/en\\\/\"},{\"@type\":\"ListItem\",\"position\":2,\"name\":\"Lamine Yamal, Vitor Roque, Ferm\u00edn&#8230; The market value of Bar\u00e7a&#8217;s great &#8216;jewels&#8217;\"}]},{\"@type\":\"WebSite\",\"@id\":\"https:\\\/\\\/www.fcbarcelonanoticias.com\\\/en\\\/#website\",\"url\":\"https:\\\/\\\/www.fcbarcelonanoticias.com\\\/en\\\/\",\"name\":\"EN - FC Barcelona Noticias\",\"description\":\"\",\"potentialAction\":[{\"@type\":\"SearchAction\",\"target\":{\"@type\":\"EntryPoint\",\"urlTemplate\":\"https:\\\/\\\/www.fcbarcelonanoticias.com\\\/en\\\/?s={search_term_string}\"},\"query-input\":{\"@type\":\"PropertyValueSpecification\",\"valueRequired\":true,\"valueName\":\"search_term_string\"}}],\"inLanguage\":\"en-US\"},{\"@type\":\"Person\",\"@id\":\"https:\\\/\\\/www.fcbarcelonanoticias.com\\\/en\\\/#\\\/schema\\\/person\\\/aa1d038709c262cb247e240f6b39bbf5\",\"name\":\"Carlos Montenegro\",\"image\":{\"@type\":\"ImageObject\",\"inLanguage\":\"en-US\",\"@id\":\"https:\\\/\\\/secure.gravatar.com\\\/avatar\\\/?s=96&d=mm&r=g\",\"url\":\"https:\\\/\\\/secure.gravatar.com\\\/avatar\\\/?s=96&d=mm&r=g\",\"contentUrl\":\"https:\\\/\\\/secure.gravatar.com\\\/avatar\\\/?s=96&d=mm&r=g\",\"caption\":\"Carlos Montenegro\"},\"url\":\"https:\\\/\\\/www.fcbarcelonanoticias.com\\\/en\\\/carlos-montenegro_20_115.html\"}]}<\/script>\n<!-- \/ Yoast SEO plugin. -->","yoast_head_json":{"title":"Lamine Yamal, Vitor Roque, Ferm\u00edn... The market value of Bar\u00e7a's great 'jewels'","description":"Bar\u00e7a have bet on La Masia very strongly this season, a little forced by injuries and financial problems, but also by the great talent that has come up from the academy, and this is also supported by the market","robots":{"index":"index","follow":"follow","max-snippet":"max-snippet:-1","max-image-preview":"max-image-preview:large","max-video-preview":"max-video-preview:-1"},"canonical":"https:\/\/www.fcbarcelonanoticias.com\/en\/transfers\/lamine-yamal-vitor-roque-fermin-the-market-value-of-barca-great-jewels_301885_102.html","og_locale":"en_US","og_type":"article","og_title":"Lamine Yamal, Vitor Roque, Ferm\u00edn... The market value of Bar\u00e7a's great 'jewels'","og_description":"Bar\u00e7a have bet on La Masia very strongly this season, a little forced by injuries and financial problems, but also by the great talent that has come up from the academy, and this is also supported by the market","og_url":"https:\/\/www.fcbarcelonanoticias.com\/en\/transfers\/lamine-yamal-vitor-roque-fermin-the-market-value-of-barca-great-jewels_301885_102.html","og_site_name":"EN - FC Barcelona Noticias","article_published_time":"2024-03-20T13:34:00+00:00","article_modified_time":"2024-03-20T18:54:00+00:00","og_image":[{"width":1300,"height":734,"url":"https:\/\/www.fcbarcelonanoticias.com\/en\/wp-content\/uploads\/sites\/2\/2024\/03\/lamine-yamal-vitorroque.jpeg","type":"image\/jpeg"}],"author":"Carlos Montenegro","twitter_card":"summary_large_image","twitter_misc":{"Written by":"Carlos Montenegro","Est. reading time":"3 minutes"},"schema":{"@context":"https:\/\/schema.org","@graph":[{"@type":"Article","@id":"https:\/\/www.fcbarcelonanoticias.com\/en\/transfers\/lamine-yamal-vitor-roque-fermin-the-market-value-of-barca-great-jewels_301885_102.html#article","isPartOf":{"@id":"https:\/\/www.fcbarcelonanoticias.com\/en\/transfers\/lamine-yamal-vitor-roque-fermin-the-market-value-of-barca-great-jewels_301885_102.html"},"author":{"name":"Carlos Montenegro","@id":"https:\/\/www.fcbarcelonanoticias.com\/en\/#\/schema\/person\/aa1d038709c262cb247e240f6b39bbf5"},"headline":"Lamine Yamal, Vitor Roque, Ferm\u00edn&#8230; The market value of Bar\u00e7a&#8217;s great &#8216;jewels&#8217;","datePublished":"2024-03-20T13:34:00+00:00","dateModified":"2024-03-20T18:54:00+00:00","mainEntityOfPage":{"@id":"https:\/\/www.fcbarcelonanoticias.com\/en\/transfers\/lamine-yamal-vitor-roque-fermin-the-market-value-of-barca-great-jewels_301885_102.html"},"wordCount":641,"image":{"@id":"https:\/\/www.fcbarcelonanoticias.com\/en\/transfers\/lamine-yamal-vitor-roque-fermin-the-market-value-of-barca-great-jewels_301885_102.html#primaryimage"},"thumbnailUrl":"https:\/\/www.fcbarcelonanoticias.com\/en\/wp-content\/uploads\/sites\/2\/2024\/03\/lamine-yamal-vitorroque.jpeg","keywords":["Marc Guiu","The Masia","Vitor Roque"],"articleSection":["Transfers","Transfers"],"inLanguage":"en-US"},{"@type":"WebPage","@id":"https:\/\/www.fcbarcelonanoticias.com\/en\/transfers\/lamine-yamal-vitor-roque-fermin-the-market-value-of-barca-great-jewels_301885_102.html","url":"https:\/\/www.fcbarcelonanoticias.com\/en\/transfers\/lamine-yamal-vitor-roque-fermin-the-market-value-of-barca-great-jewels_301885_102.html","name":"Lamine Yamal, Vitor Roque, Ferm\u00edn... The market value of Bar\u00e7a's great 'jewels'","isPartOf":{"@id":"https:\/\/www.fcbarcelonanoticias.com\/en\/#website"},"primaryImageOfPage":{"@id":"https:\/\/www.fcbarcelonanoticias.com\/en\/transfers\/lamine-yamal-vitor-roque-fermin-the-market-value-of-barca-great-jewels_301885_102.html#primaryimage"},"image":{"@id":"https:\/\/www.fcbarcelonanoticias.com\/en\/transfers\/lamine-yamal-vitor-roque-fermin-the-market-value-of-barca-great-jewels_301885_102.html#primaryimage"},"thumbnailUrl":"https:\/\/www.fcbarcelonanoticias.com\/en\/wp-content\/uploads\/sites\/2\/2024\/03\/lamine-yamal-vitorroque.jpeg","datePublished":"2024-03-20T13:34:00+00:00","dateModified":"2024-03-20T18:54:00+00:00","author":{"@id":"https:\/\/www.fcbarcelonanoticias.com\/en\/#\/schema\/person\/aa1d038709c262cb247e240f6b39bbf5"},"description":"Bar\u00e7a have bet on La Masia very strongly this season, a little forced by injuries and financial problems, but also by the great talent that has come up from the academy, and this is also supported by the market","breadcrumb":{"@id":"https:\/\/www.fcbarcelonanoticias.com\/en\/transfers\/lamine-yamal-vitor-roque-fermin-the-market-value-of-barca-great-jewels_301885_102.html#breadcrumb"},"inLanguage":"en-US","potentialAction":[{"@type":"ReadAction","target":["https:\/\/www.fcbarcelonanoticias.com\/en\/transfers\/lamine-yamal-vitor-roque-fermin-the-market-value-of-barca-great-jewels_301885_102.html"]}]},{"@type":"ImageObject","inLanguage":"en-US","@id":"https:\/\/www.fcbarcelonanoticias.com\/en\/transfers\/lamine-yamal-vitor-roque-fermin-the-market-value-of-barca-great-jewels_301885_102.html#primaryimage","url":"https:\/\/www.fcbarcelonanoticias.com\/en\/wp-content\/uploads\/sites\/2\/2024\/03\/lamine-yamal-vitorroque.jpeg","contentUrl":"https:\/\/www.fcbarcelonanoticias.com\/en\/wp-content\/uploads\/sites\/2\/2024\/03\/lamine-yamal-vitorroque.jpeg","width":1300,"height":734},{"@type":"BreadcrumbList","@id":"https:\/\/www.fcbarcelonanoticias.com\/en\/transfers\/lamine-yamal-vitor-roque-fermin-the-market-value-of-barca-great-jewels_301885_102.html#breadcrumb","itemListElement":[{"@type":"ListItem","position":1,"name":"Portada","item":"https:\/\/www.fcbarcelonanoticias.com\/en\/"},{"@type":"ListItem","position":2,"name":"Lamine Yamal, Vitor Roque, Ferm\u00edn&#8230; The market value of Bar\u00e7a&#8217;s great &#8216;jewels&#8217;"}]},{"@type":"WebSite","@id":"https:\/\/www.fcbarcelonanoticias.com\/en\/#website","url":"https:\/\/www.fcbarcelonanoticias.com\/en\/","name":"EN - FC Barcelona Noticias","description":"","potentialAction":[{"@type":"SearchAction","target":{"@type":"EntryPoint","urlTemplate":"https:\/\/www.fcbarcelonanoticias.com\/en\/?s={search_term_string}"},"query-input":{"@type":"PropertyValueSpecification","valueRequired":true,"valueName":"search_term_string"}}],"inLanguage":"en-US"},{"@type":"Person","@id":"https:\/\/www.fcbarcelonanoticias.com\/en\/#\/schema\/person\/aa1d038709c262cb247e240f6b39bbf5","name":"Carlos Montenegro","image":{"@type":"ImageObject","inLanguage":"en-US","@id":"https:\/\/secure.gravatar.com\/avatar\/?s=96&d=mm&r=g","url":"https:\/\/secure.gravatar.com\/avatar\/?s=96&d=mm&r=g","contentUrl":"https:\/\/secure.gravatar.com\/avatar\/?s=96&d=mm&r=g","caption":"Carlos Montenegro"},"url":"https:\/\/www.fcbarcelonanoticias.com\/en\/carlos-montenegro_20_115.html"}]}},"_links":{"self":[{"href":"https:\/\/www.fcbarcelonanoticias.com\/en\/wp-json\/wp\/v2\/posts\/130105","targetHints":{"allow":["GET"]}}],"collection":[{"href":"https:\/\/www.fcbarcelonanoticias.com\/en\/wp-json\/wp\/v2\/posts"}],"about":[{"href":"https:\/\/www.fcbarcelonanoticias.com\/en\/wp-json\/wp\/v2\/types\/post"}],"author":[{"embeddable":true,"href":"https:\/\/www.fcbarcelonanoticias.com\/en\/wp-json\/wp\/v2\/users\/345"}],"replies":[{"embeddable":true,"href":"https:\/\/www.fcbarcelonanoticias.com\/en\/wp-json\/wp\/v2\/comments?post=130105"}],"version-history":[{"count":1,"href":"https:\/\/www.fcbarcelonanoticias.com\/en\/wp-json\/wp\/v2\/posts\/130105\/revisions"}],"predecessor-version":[{"id":152365,"href":"https:\/\/www.fcbarcelonanoticias.com\/en\/wp-json\/wp\/v2\/posts\/130105\/revisions\/152365"}],"wp:featuredmedia":[{"embeddable":true,"href":"https:\/\/www.fcbarcelonanoticias.com\/en\/wp-json\/wp\/v2\/media\/130107"}],"wp:attachment":[{"href":"https:\/\/www.fcbarcelonanoticias.com\/en\/wp-json\/wp\/v2\/media?parent=130105"}],"wp:term":[{"taxonomy":"category","embeddable":true,"href":"https:\/\/www.fcbarcelonanoticias.com\/en\/wp-json\/wp\/v2\/categories?post=130105"},{"taxonomy":"post_tag","embeddable":true,"href":"https:\/\/www.fcbarcelonanoticias.com\/en\/wp-json\/wp\/v2\/tags?post=130105"}],"curies":[{"name":"wp","href":"https:\/\/api.w.org\/{rel}","templated":true}]}}