{"id":130109,"date":"2023-11-14T19:10:00","date_gmt":"2023-11-14T18:10:00","guid":{"rendered":"https:\/\/weisetech.dev\/fc-barcelona-noticias\/en\/kylian-mbappe-will-have-to-call-to-the-real-madrid-if-it-decides-to-go_298080_102\/"},"modified":"2023-11-14T19:10:00","modified_gmt":"2023-11-14T18:10:00","slug":"kylian-mbappe-will-have-to-call-to-the-real-madrid-if-it-decides-to-go_298080_102","status":"publish","type":"post","link":"https:\/\/www.fcbarcelonanoticias.com\/en\/transfers\/kylian-mbappe-will-have-to-call-to-the-real-madrid-if-it-decides-to-go_298080_102.html","title":{"rendered":"Kylian Mbapp\u00e9 Will have to call to the Real Madrid if it decides to go"},"content":{"rendered":"<h2 class=\"wp-block-heading\">The white club no  &#8216;will drag\u2032 more and leaves in hands of Mbapp\u00e9 his signing. The star of the PSG will have to have a gesture with the Madrid if it wants to play in the Bernab\u00e9u the next years<\/h2>  \r\n<div class=\"article-addons\">\r\n    <a href=\"https:\/\/www.fcbarcelonanoticias.com\/en\/calendar-fc-barcelona.html\"\r\n       target=\"_self\"\r\n       title=\"Calendar of FC Barcelona\"\r\n       class=\"blue-gredient-btn\">\r\n       \r\n        Calendar of FC Barcelona    <\/a>\r\n<\/div>   <p style=\"text-align: justify;\"><strong><a data-external=\"0\" data-intl-links-en=\"https:\/\/www.fcbarcelonanoticias.com\/en\/transfers\/french-press-assures-madrid-has-not-ruled-out-mbappe_297898_102.html\" data-intl-links-es=\"https:\/\/www.fcbarcelonanoticias.com\/fichajes\/prensa-francesa-asegura-madrid-no-ha-descartado-mbappe_297898_102.html\" href=\"https:\/\/www.fcbarcelonanoticias.com\/en\/transfers\/french-press-assures-madrid-has-not-ruled-out-mbappe_297898_102.html\" rel=\"follow\" target=\"_self\" title=\"La prensa francesa asegura que el Madrid no ha descartado a Mbapp\u00e9\">The serial Mbapp\u00e9-Real Madrid follows more alive that never.<\/a><\/strong> The past 4 November, the white club issued a communiqu\u00e9 where denied categorically the informations on supposed negotiations with the star of the PSG. The Chain Be ensured the past week that Florentino P\u00e9rez, president of the white entity, there would be descartado the signing of the French by the Real Madrid<\/p>  <p style=\"text-align: justify;\"><strong>Now well, according to RMC, Florentino P\u00e9rez is still thinking in his incorporation, but this time leaves in hands of the footballer the decision of fichar by the Real Madrid<\/strong>. According to the quoted half, the Madrid does not want to revive what sucedi\u00f3 two years ago. In May of 2022, the madridismo thought that the star of Bony would finish played the next season in the Bernab\u00e9u. Finally, the French star finish renewing by two seasons more.<\/p>  <h2 style=\"text-align: justify;\">The step that approach definitively to the Real Madrid<\/h2>  <p style=\"text-align: justify;\">After the occurred two years ago, <strong>from the white entity expect a gesture or a statement of Kylian Mbapp\u00e9 that confirm his intention to play with the Real Madrid the next season<\/strong>. The decision is in hands of the player, that still has not pronounced about his future. Paris Saint-Germain will treat to expand the agreement of the player so that it keep on being the angular piece of the project.<\/p>  <p style=\"text-align: justify;\">F<strong>lorentino P\u00e9rez wishes that the footballer have some type of gesture with the Real Madrid and serve so that this approach to the Real Madrid<\/strong>. If Mbapp\u00e9 does not pronounce or wait that the Madrid do a movement by him, descartar\u00e1 his signing and will look for a new star. Then, it would go in in scene the forward of the Manchester City, Erling Haaland. The Norwegian could be one of the aims of the white group in 2024.<\/p> ","protected":false},"excerpt":{"rendered":"<p>The white club no &#8216;will drag\u2032 more and leaves in hands of Mbapp\u00e9 his signing. The star of the PSG will have to have a gesture with the Madrid if it wants to play in the Bernab\u00e9u the next years The serial Mbapp\u00e9-Real Madrid follows more alive that never. The past 4 November, the white [&hellip;]<\/p>\n","protected":false},"author":356,"featured_media":130113,"comment_status":"closed","ping_status":"open","sticky":false,"template":"","format":"standard","meta":{"_acf_changed":false,"inline_featured_image":false,"_nextfly_llmd_date_locked":false,"footnotes":""},"categories":[106,449],"tags":[171],"class_list":["post-130109","post","type-post","status-publish","format-standard","has-post-thumbnail","hentry","category-transfers","category-transfers-2","tag-mbappe"],"acf":[],"yoast_head":"<!-- This site is optimized with the Yoast SEO plugin v27.3 - https:\/\/yoast.com\/product\/yoast-seo-wordpress\/ -->\n<title>Kylian Mbapp\u00e9 Will have to call to the Real Madrid if it decides to go<\/title>\n<meta name=\"description\" content=\"The white club no &#039;will drag\u2032 more and leaves in hands of Mbapp\u00e9 his signing. The star of the PSG will have to have a gesture with the Madrid if it wants to play in the Bernab\u00e9u the next years\" \/>\n<meta name=\"robots\" content=\"index, follow, max-snippet:-1, max-image-preview:large, max-video-preview:-1\" \/>\n<link rel=\"canonical\" href=\"https:\/\/www.fcbarcelonanoticias.com\/en\/transfers\/kylian-mbappe-will-have-to-call-to-the-real-madrid-if-it-decides-to-go_298080_102.html\" \/>\n<meta property=\"og:locale\" content=\"en_US\" \/>\n<meta property=\"og:type\" content=\"article\" \/>\n<meta property=\"og:title\" content=\"Kylian Mbapp\u00e9 Will have to call to the Real Madrid if it decides to go\" \/>\n<meta property=\"og:description\" content=\"The white club no &#039;will drag\u2032 more and leaves in hands of Mbapp\u00e9 his signing. The star of the PSG will have to have a gesture with the Madrid if it wants to play in the Bernab\u00e9u the next years\" \/>\n<meta property=\"og:url\" content=\"https:\/\/www.fcbarcelonanoticias.com\/en\/transfers\/kylian-mbappe-will-have-to-call-to-the-real-madrid-if-it-decides-to-go_298080_102.html\" \/>\n<meta property=\"og:site_name\" content=\"EN - FC Barcelona Noticias\" \/>\n<meta property=\"article:published_time\" content=\"2023-11-14T18:10:00+00:00\" \/>\n<meta property=\"og:image\" content=\"https:\/\/www.fcbarcelonanoticias.com\/en\/wp-content\/uploads\/sites\/2\/2023\/11\/kylian-mbappe-paris-saint-germain-1.jpeg\" \/>\n\t<meta property=\"og:image:width\" content=\"1300\" \/>\n\t<meta property=\"og:image:height\" content=\"732\" \/>\n\t<meta property=\"og:image:type\" content=\"image\/jpeg\" \/>\n<meta name=\"author\" content=\"Jordi Muntan\u00e9\" \/>\n<meta name=\"twitter:card\" content=\"summary_large_image\" \/>\n<meta name=\"twitter:label1\" content=\"Written by\" \/>\n\t<meta name=\"twitter:data1\" content=\"Jordi Muntan\u00e9\" \/>\n\t<meta name=\"twitter:label2\" content=\"Est. reading time\" \/>\n\t<meta name=\"twitter:data2\" content=\"2 minutes\" \/>\n<script type=\"application\/ld+json\" class=\"yoast-schema-graph\">{\"@context\":\"https:\\\/\\\/schema.org\",\"@graph\":[{\"@type\":\"Article\",\"@id\":\"https:\\\/\\\/www.fcbarcelonanoticias.com\\\/en\\\/transfers\\\/kylian-mbappe-will-have-to-call-to-the-real-madrid-if-it-decides-to-go_298080_102.html#article\",\"isPartOf\":{\"@id\":\"https:\\\/\\\/www.fcbarcelonanoticias.com\\\/en\\\/transfers\\\/kylian-mbappe-will-have-to-call-to-the-real-madrid-if-it-decides-to-go_298080_102.html\"},\"author\":{\"name\":\"Jordi Muntan\u00e9\",\"@id\":\"https:\\\/\\\/www.fcbarcelonanoticias.com\\\/en\\\/#\\\/schema\\\/person\\\/72a7d90f54fb1c7fe34d5e0677e8b574\"},\"headline\":\"Kylian Mbapp\u00e9 Will have to call to the Real Madrid if it decides to go\",\"datePublished\":\"2023-11-14T18:10:00+00:00\",\"mainEntityOfPage\":{\"@id\":\"https:\\\/\\\/www.fcbarcelonanoticias.com\\\/en\\\/transfers\\\/kylian-mbappe-will-have-to-call-to-the-real-madrid-if-it-decides-to-go_298080_102.html\"},\"wordCount\":356,\"image\":{\"@id\":\"https:\\\/\\\/www.fcbarcelonanoticias.com\\\/en\\\/transfers\\\/kylian-mbappe-will-have-to-call-to-the-real-madrid-if-it-decides-to-go_298080_102.html#primaryimage\"},\"thumbnailUrl\":\"https:\\\/\\\/www.fcbarcelonanoticias.com\\\/en\\\/wp-content\\\/uploads\\\/sites\\\/2\\\/2023\\\/11\\\/kylian-mbappe-paris-saint-germain-1.jpeg\",\"keywords\":[\"Mbapp\u00e9\"],\"articleSection\":[\"Transfers\",\"Transfers\"],\"inLanguage\":\"en-US\"},{\"@type\":\"WebPage\",\"@id\":\"https:\\\/\\\/www.fcbarcelonanoticias.com\\\/en\\\/transfers\\\/kylian-mbappe-will-have-to-call-to-the-real-madrid-if-it-decides-to-go_298080_102.html\",\"url\":\"https:\\\/\\\/www.fcbarcelonanoticias.com\\\/en\\\/transfers\\\/kylian-mbappe-will-have-to-call-to-the-real-madrid-if-it-decides-to-go_298080_102.html\",\"name\":\"Kylian Mbapp\u00e9 Will have to call to the Real Madrid if it decides to go\",\"isPartOf\":{\"@id\":\"https:\\\/\\\/www.fcbarcelonanoticias.com\\\/en\\\/#website\"},\"primaryImageOfPage\":{\"@id\":\"https:\\\/\\\/www.fcbarcelonanoticias.com\\\/en\\\/transfers\\\/kylian-mbappe-will-have-to-call-to-the-real-madrid-if-it-decides-to-go_298080_102.html#primaryimage\"},\"image\":{\"@id\":\"https:\\\/\\\/www.fcbarcelonanoticias.com\\\/en\\\/transfers\\\/kylian-mbappe-will-have-to-call-to-the-real-madrid-if-it-decides-to-go_298080_102.html#primaryimage\"},\"thumbnailUrl\":\"https:\\\/\\\/www.fcbarcelonanoticias.com\\\/en\\\/wp-content\\\/uploads\\\/sites\\\/2\\\/2023\\\/11\\\/kylian-mbappe-paris-saint-germain-1.jpeg\",\"datePublished\":\"2023-11-14T18:10:00+00:00\",\"author\":{\"@id\":\"https:\\\/\\\/www.fcbarcelonanoticias.com\\\/en\\\/#\\\/schema\\\/person\\\/72a7d90f54fb1c7fe34d5e0677e8b574\"},\"description\":\"The white club no 'will drag\u2032 more and leaves in hands of Mbapp\u00e9 his signing. The star of the PSG will have to have a gesture with the Madrid if it wants to play in the Bernab\u00e9u the next years\",\"breadcrumb\":{\"@id\":\"https:\\\/\\\/www.fcbarcelonanoticias.com\\\/en\\\/transfers\\\/kylian-mbappe-will-have-to-call-to-the-real-madrid-if-it-decides-to-go_298080_102.html#breadcrumb\"},\"inLanguage\":\"en-US\",\"potentialAction\":[{\"@type\":\"ReadAction\",\"target\":[\"https:\\\/\\\/www.fcbarcelonanoticias.com\\\/en\\\/transfers\\\/kylian-mbappe-will-have-to-call-to-the-real-madrid-if-it-decides-to-go_298080_102.html\"]}]},{\"@type\":\"ImageObject\",\"inLanguage\":\"en-US\",\"@id\":\"https:\\\/\\\/www.fcbarcelonanoticias.com\\\/en\\\/transfers\\\/kylian-mbappe-will-have-to-call-to-the-real-madrid-if-it-decides-to-go_298080_102.html#primaryimage\",\"url\":\"https:\\\/\\\/www.fcbarcelonanoticias.com\\\/en\\\/wp-content\\\/uploads\\\/sites\\\/2\\\/2023\\\/11\\\/kylian-mbappe-paris-saint-germain-1.jpeg\",\"contentUrl\":\"https:\\\/\\\/www.fcbarcelonanoticias.com\\\/en\\\/wp-content\\\/uploads\\\/sites\\\/2\\\/2023\\\/11\\\/kylian-mbappe-paris-saint-germain-1.jpeg\",\"width\":1300,\"height\":732},{\"@type\":\"BreadcrumbList\",\"@id\":\"https:\\\/\\\/www.fcbarcelonanoticias.com\\\/en\\\/transfers\\\/kylian-mbappe-will-have-to-call-to-the-real-madrid-if-it-decides-to-go_298080_102.html#breadcrumb\",\"itemListElement\":[{\"@type\":\"ListItem\",\"position\":1,\"name\":\"Portada\",\"item\":\"https:\\\/\\\/www.fcbarcelonanoticias.com\\\/en\\\/\"},{\"@type\":\"ListItem\",\"position\":2,\"name\":\"Kylian Mbapp\u00e9 Will have to call to the Real Madrid if it decides to go\"}]},{\"@type\":\"WebSite\",\"@id\":\"https:\\\/\\\/www.fcbarcelonanoticias.com\\\/en\\\/#website\",\"url\":\"https:\\\/\\\/www.fcbarcelonanoticias.com\\\/en\\\/\",\"name\":\"EN - FC Barcelona Noticias\",\"description\":\"\",\"potentialAction\":[{\"@type\":\"SearchAction\",\"target\":{\"@type\":\"EntryPoint\",\"urlTemplate\":\"https:\\\/\\\/www.fcbarcelonanoticias.com\\\/en\\\/?s={search_term_string}\"},\"query-input\":{\"@type\":\"PropertyValueSpecification\",\"valueRequired\":true,\"valueName\":\"search_term_string\"}}],\"inLanguage\":\"en-US\"},{\"@type\":\"Person\",\"@id\":\"https:\\\/\\\/www.fcbarcelonanoticias.com\\\/en\\\/#\\\/schema\\\/person\\\/72a7d90f54fb1c7fe34d5e0677e8b574\",\"name\":\"Jordi Muntan\u00e9\",\"image\":{\"@type\":\"ImageObject\",\"inLanguage\":\"en-US\",\"@id\":\"https:\\\/\\\/secure.gravatar.com\\\/avatar\\\/?s=96&d=mm&r=g\",\"url\":\"https:\\\/\\\/secure.gravatar.com\\\/avatar\\\/?s=96&d=mm&r=g\",\"contentUrl\":\"https:\\\/\\\/secure.gravatar.com\\\/avatar\\\/?s=96&d=mm&r=g\",\"caption\":\"Jordi Muntan\u00e9\"},\"url\":\"https:\\\/\\\/www.fcbarcelonanoticias.com\\\/en\\\/jordi-muntane_25_115.html\"}]}<\/script>\n<!-- \/ Yoast SEO plugin. -->","yoast_head_json":{"title":"Kylian Mbapp\u00e9 Will have to call to the Real Madrid if it decides to go","description":"The white club no 'will drag\u2032 more and leaves in hands of Mbapp\u00e9 his signing. The star of the PSG will have to have a gesture with the Madrid if it wants to play in the Bernab\u00e9u the next years","robots":{"index":"index","follow":"follow","max-snippet":"max-snippet:-1","max-image-preview":"max-image-preview:large","max-video-preview":"max-video-preview:-1"},"canonical":"https:\/\/www.fcbarcelonanoticias.com\/en\/transfers\/kylian-mbappe-will-have-to-call-to-the-real-madrid-if-it-decides-to-go_298080_102.html","og_locale":"en_US","og_type":"article","og_title":"Kylian Mbapp\u00e9 Will have to call to the Real Madrid if it decides to go","og_description":"The white club no 'will drag\u2032 more and leaves in hands of Mbapp\u00e9 his signing. The star of the PSG will have to have a gesture with the Madrid if it wants to play in the Bernab\u00e9u the next years","og_url":"https:\/\/www.fcbarcelonanoticias.com\/en\/transfers\/kylian-mbappe-will-have-to-call-to-the-real-madrid-if-it-decides-to-go_298080_102.html","og_site_name":"EN - FC Barcelona Noticias","article_published_time":"2023-11-14T18:10:00+00:00","og_image":[{"width":1300,"height":732,"url":"https:\/\/www.fcbarcelonanoticias.com\/en\/wp-content\/uploads\/sites\/2\/2023\/11\/kylian-mbappe-paris-saint-germain-1.jpeg","type":"image\/jpeg"}],"author":"Jordi Muntan\u00e9","twitter_card":"summary_large_image","twitter_misc":{"Written by":"Jordi Muntan\u00e9","Est. reading time":"2 minutes"},"schema":{"@context":"https:\/\/schema.org","@graph":[{"@type":"Article","@id":"https:\/\/www.fcbarcelonanoticias.com\/en\/transfers\/kylian-mbappe-will-have-to-call-to-the-real-madrid-if-it-decides-to-go_298080_102.html#article","isPartOf":{"@id":"https:\/\/www.fcbarcelonanoticias.com\/en\/transfers\/kylian-mbappe-will-have-to-call-to-the-real-madrid-if-it-decides-to-go_298080_102.html"},"author":{"name":"Jordi Muntan\u00e9","@id":"https:\/\/www.fcbarcelonanoticias.com\/en\/#\/schema\/person\/72a7d90f54fb1c7fe34d5e0677e8b574"},"headline":"Kylian Mbapp\u00e9 Will have to call to the Real Madrid if it decides to go","datePublished":"2023-11-14T18:10:00+00:00","mainEntityOfPage":{"@id":"https:\/\/www.fcbarcelonanoticias.com\/en\/transfers\/kylian-mbappe-will-have-to-call-to-the-real-madrid-if-it-decides-to-go_298080_102.html"},"wordCount":356,"image":{"@id":"https:\/\/www.fcbarcelonanoticias.com\/en\/transfers\/kylian-mbappe-will-have-to-call-to-the-real-madrid-if-it-decides-to-go_298080_102.html#primaryimage"},"thumbnailUrl":"https:\/\/www.fcbarcelonanoticias.com\/en\/wp-content\/uploads\/sites\/2\/2023\/11\/kylian-mbappe-paris-saint-germain-1.jpeg","keywords":["Mbapp\u00e9"],"articleSection":["Transfers","Transfers"],"inLanguage":"en-US"},{"@type":"WebPage","@id":"https:\/\/www.fcbarcelonanoticias.com\/en\/transfers\/kylian-mbappe-will-have-to-call-to-the-real-madrid-if-it-decides-to-go_298080_102.html","url":"https:\/\/www.fcbarcelonanoticias.com\/en\/transfers\/kylian-mbappe-will-have-to-call-to-the-real-madrid-if-it-decides-to-go_298080_102.html","name":"Kylian Mbapp\u00e9 Will have to call to the Real Madrid if it decides to go","isPartOf":{"@id":"https:\/\/www.fcbarcelonanoticias.com\/en\/#website"},"primaryImageOfPage":{"@id":"https:\/\/www.fcbarcelonanoticias.com\/en\/transfers\/kylian-mbappe-will-have-to-call-to-the-real-madrid-if-it-decides-to-go_298080_102.html#primaryimage"},"image":{"@id":"https:\/\/www.fcbarcelonanoticias.com\/en\/transfers\/kylian-mbappe-will-have-to-call-to-the-real-madrid-if-it-decides-to-go_298080_102.html#primaryimage"},"thumbnailUrl":"https:\/\/www.fcbarcelonanoticias.com\/en\/wp-content\/uploads\/sites\/2\/2023\/11\/kylian-mbappe-paris-saint-germain-1.jpeg","datePublished":"2023-11-14T18:10:00+00:00","author":{"@id":"https:\/\/www.fcbarcelonanoticias.com\/en\/#\/schema\/person\/72a7d90f54fb1c7fe34d5e0677e8b574"},"description":"The white club no 'will drag\u2032 more and leaves in hands of Mbapp\u00e9 his signing. The star of the PSG will have to have a gesture with the Madrid if it wants to play in the Bernab\u00e9u the next years","breadcrumb":{"@id":"https:\/\/www.fcbarcelonanoticias.com\/en\/transfers\/kylian-mbappe-will-have-to-call-to-the-real-madrid-if-it-decides-to-go_298080_102.html#breadcrumb"},"inLanguage":"en-US","potentialAction":[{"@type":"ReadAction","target":["https:\/\/www.fcbarcelonanoticias.com\/en\/transfers\/kylian-mbappe-will-have-to-call-to-the-real-madrid-if-it-decides-to-go_298080_102.html"]}]},{"@type":"ImageObject","inLanguage":"en-US","@id":"https:\/\/www.fcbarcelonanoticias.com\/en\/transfers\/kylian-mbappe-will-have-to-call-to-the-real-madrid-if-it-decides-to-go_298080_102.html#primaryimage","url":"https:\/\/www.fcbarcelonanoticias.com\/en\/wp-content\/uploads\/sites\/2\/2023\/11\/kylian-mbappe-paris-saint-germain-1.jpeg","contentUrl":"https:\/\/www.fcbarcelonanoticias.com\/en\/wp-content\/uploads\/sites\/2\/2023\/11\/kylian-mbappe-paris-saint-germain-1.jpeg","width":1300,"height":732},{"@type":"BreadcrumbList","@id":"https:\/\/www.fcbarcelonanoticias.com\/en\/transfers\/kylian-mbappe-will-have-to-call-to-the-real-madrid-if-it-decides-to-go_298080_102.html#breadcrumb","itemListElement":[{"@type":"ListItem","position":1,"name":"Portada","item":"https:\/\/www.fcbarcelonanoticias.com\/en\/"},{"@type":"ListItem","position":2,"name":"Kylian Mbapp\u00e9 Will have to call to the Real Madrid if it decides to go"}]},{"@type":"WebSite","@id":"https:\/\/www.fcbarcelonanoticias.com\/en\/#website","url":"https:\/\/www.fcbarcelonanoticias.com\/en\/","name":"EN - FC Barcelona Noticias","description":"","potentialAction":[{"@type":"SearchAction","target":{"@type":"EntryPoint","urlTemplate":"https:\/\/www.fcbarcelonanoticias.com\/en\/?s={search_term_string}"},"query-input":{"@type":"PropertyValueSpecification","valueRequired":true,"valueName":"search_term_string"}}],"inLanguage":"en-US"},{"@type":"Person","@id":"https:\/\/www.fcbarcelonanoticias.com\/en\/#\/schema\/person\/72a7d90f54fb1c7fe34d5e0677e8b574","name":"Jordi Muntan\u00e9","image":{"@type":"ImageObject","inLanguage":"en-US","@id":"https:\/\/secure.gravatar.com\/avatar\/?s=96&d=mm&r=g","url":"https:\/\/secure.gravatar.com\/avatar\/?s=96&d=mm&r=g","contentUrl":"https:\/\/secure.gravatar.com\/avatar\/?s=96&d=mm&r=g","caption":"Jordi Muntan\u00e9"},"url":"https:\/\/www.fcbarcelonanoticias.com\/en\/jordi-muntane_25_115.html"}]}},"_links":{"self":[{"href":"https:\/\/www.fcbarcelonanoticias.com\/en\/wp-json\/wp\/v2\/posts\/130109","targetHints":{"allow":["GET"]}}],"collection":[{"href":"https:\/\/www.fcbarcelonanoticias.com\/en\/wp-json\/wp\/v2\/posts"}],"about":[{"href":"https:\/\/www.fcbarcelonanoticias.com\/en\/wp-json\/wp\/v2\/types\/post"}],"author":[{"embeddable":true,"href":"https:\/\/www.fcbarcelonanoticias.com\/en\/wp-json\/wp\/v2\/users\/356"}],"replies":[{"embeddable":true,"href":"https:\/\/www.fcbarcelonanoticias.com\/en\/wp-json\/wp\/v2\/comments?post=130109"}],"version-history":[{"count":1,"href":"https:\/\/www.fcbarcelonanoticias.com\/en\/wp-json\/wp\/v2\/posts\/130109\/revisions"}],"predecessor-version":[{"id":152305,"href":"https:\/\/www.fcbarcelonanoticias.com\/en\/wp-json\/wp\/v2\/posts\/130109\/revisions\/152305"}],"wp:featuredmedia":[{"embeddable":true,"href":"https:\/\/www.fcbarcelonanoticias.com\/en\/wp-json\/wp\/v2\/media\/130113"}],"wp:attachment":[{"href":"https:\/\/www.fcbarcelonanoticias.com\/en\/wp-json\/wp\/v2\/media?parent=130109"}],"wp:term":[{"taxonomy":"category","embeddable":true,"href":"https:\/\/www.fcbarcelonanoticias.com\/en\/wp-json\/wp\/v2\/categories?post=130109"},{"taxonomy":"post_tag","embeddable":true,"href":"https:\/\/www.fcbarcelonanoticias.com\/en\/wp-json\/wp\/v2\/tags?post=130109"}],"curies":[{"name":"wp","href":"https:\/\/api.w.org\/{rel}","templated":true}]}}