{"id":130139,"date":"2024-06-12T22:39:00","date_gmt":"2024-06-12T20:39:00","guid":{"rendered":"https:\/\/weisetech.dev\/fc-barcelona-noticias\/en\/lamine-yamal-balde-fermin-deco-master-class-in-terms-of-renovations-in-this-campaign_304439_102\/"},"modified":"2024-06-13T01:34:00","modified_gmt":"2024-06-12T23:34:00","slug":"lamine-yamal-balde-fermin-deco-master-class-in-terms-of-renovations-in-this-campaign_304439_102","status":"publish","type":"post","link":"https:\/\/www.fcbarcelonanoticias.com\/en\/transfers\/lamine-yamal-balde-fermin-deco-master-class-in-terms-of-renovations-in-this-campaign_304439_102.html","title":{"rendered":"Lamine Yamal, Balde, Ferm\u00edn&#8230; Deco&#8217;s &#8216;master class&#8217; in terms of renovations in this campaign"},"content":{"rendered":"<h2 class=\"wp-block-heading\">FC Barcelona, \u200b\u200bdespite its financial difficulties, has not hesitated to successfully renew several of its young talents from the quarry, who have a promising future ahead of them. In this task, Deco, sports director, has played a strategic and leading role<\/h2>  \r\n<div class=\"article-addons\">\r\n    <a href=\"https:\/\/www.fcbarcelonanoticias.com\/en\/calendar-fc-barcelona.html\"\r\n       target=\"_self\"\r\n       title=\"Calendar of FC Barcelona\"\r\n       class=\"blue-gredient-btn\">\r\n       \r\n        Calendar of FC Barcelona    <\/a>\r\n<\/div>   <p>Anderson Luis of Souza, Deco, assumed the charge of sportive director of the FC Barcelona around the middle of 2023 with full knowledge of the challenges that expected him: <strong>a true consistent proof in carrying out incorporations and renewals in the middle of the already known economic situation of the club cul\u00e9<\/strong>. <a data-external=\"0\" data-intl-links-en=\"https:\/\/www.fcbarcelonanoticias.com\/en\/club\/laporta-throw-of-optimism-and-explains-the-big-mejoria-in-the-economic-situation-of-the-barca_304434_102.html\" data-intl-links-es=\"https:\/\/www.fcbarcelonanoticias.com\/club\/laporta-saca-pecho-por-mejora-economica-barca-aclara-en-caso-negreira-no-hay-nada_304434_102.html\" href=\"https:\/\/www.fcbarcelonanoticias.com\/en\/club\/laporta-throw-of-optimism-and-explains-the-big-mejoria-in-the-economic-situation-of-the-barca_304434_102.html\" rel=\"follow\" target=\"_self\" title=\"Laporta saca pecho por la mejora econ\u00f3mica del Bar\u00e7a y aclara que en el 'Caso Negreira' no hay nada\">Although the financial section has begun to show clear signals of improvement<\/a>, keeps on being all a challenge for the sportive direction attain any type of transaction in this moment.<\/p>  <p>Nevertheless, against all prognosis, this problematic of the institution has not been an obstacle so that, under the management of the exfutbolista Portuguese, <strong>have attained big strategic renewals of young pertinent talents of The Masia<\/strong>. These &#8216;jewels&#8217; have called the attention of several foreign clubs that have explored several roads to carry them, but without a lot of success.<\/p>  <h2>Lamine Yamal and Alejandro Balde<\/h2>  <p>Since Deco assumed the sportive direction of the FC Barcelona, <strong>the combined of the City Condal has oficializado a total of five renewals<\/strong>. Between them, they stand out the ones of <strong>Lamine Yamal<\/strong>, the one who renewed until 2026, and <strong>Alejandro Balde<\/strong>, the one who extended his agreement until 2028, both with clauses of rescission &#8216;astronomical&#8217; of 1000 M\u20ac.<\/p>  <p>Both players apparently received upper economic offers much more yielding that the posed by Barcelona cast, <strong>but the intervention of the luso was fundamental to leave them clear his importance so much in the current sportive project as in the future<\/strong>. It has transmitted them the confidence in them like fundamental pieces and has ensured them opportunities to see action of regular way.<\/p>  <h2>Ferm\u00edn L\u00f3pez<\/h2>  <p><strong>Another of the negotiations that was to charge of Deco was the renewal of Ferm\u00edn L\u00f3pez<\/strong>. It is necessary to remember that to the beginning of the season 2023\/24, the agreement of the player expired on 30 June. The club, valuing his remarkable performance to the start of the campaign, decided to renew it in August, extending his agreement until 2027, improving his wage and establishing a clause of rescission of 400 M\u20ac.<\/p>  <p>However, this renewal made with an index card of the filial, by what onubense carried the &#8217;32&#8217; in his back. Nevertheless, this situation lasted little, since in December, although L\u00f3pez still there was not &#8216;exploded&#8217;, but already showed destellos of his talent,<strong> the Barcelonan picture decided to award him an index card of the first team like clear sample of his intentions with him<\/strong>. Ferm\u00edn finished answering to this confidence of flawless way, invoiceing 11 annotations, <a data-external=\"0\" data-intl-links-en=\"https:\/\/www.fcbarcelonanoticias.com\/en\/fc-barcelona\/the-role-goleador-of-fermin-lopez-unknown-in-the-barca_303914_102.html\" data-intl-links-es=\"https:\/\/www.fcbarcelonanoticias.com\/fc-barcelona\/rol-goleador-fermin-lopez-desconocido-en-barca_303914_102.html\" href=\"https:\/\/www.fcbarcelonanoticias.com\/en\/players\/the-role-goleador-of-fermin-lopez-unknown-in-the-barca_303914_102.html\" rel=\"follow\" target=\"_self\" title=\"El rol goleador de Ferm\u00edn L\u00f3pez, 'desconocido' en el Bar\u00e7a\">finishing the course 23\/24 like one of the best goleadores of the group cul\u00e9<\/a>.<\/p>  <h2>Pau Cubars\u00ed<\/h2>  <p>Added to the renewal of the native of The Campillo,<strong> also stands out the contractual prolongation of the project of defender &#8216;top&#8217; Pau Cubars\u00ed the past month of May<\/strong>. His new agreement links it with the institution until 2027 and has a clause of rescission of 500 M\u20ac.<\/p>  <p>It is necessary to mention that the one of Estanyol already had agreement until 2026, but required an update of his wage <strong>and, the most important, of his clause liberatoria, since this found around the 10 &#8216;kilos&#8217;, an insufficient figure for a talent like him<\/strong>. The &#8217;33&#8217; has showed to be a &#8216;escudero&#8217; exceptional, with very good provision to defensive level and a big capacity to initiate played from the background line, already was with his good transfer of balloon or by means of the pass, one of the tools that more calls the attention in his repertoire.<\/p>  <h2>H\u00e9ctor Fort<\/h2>  <p>In the past month of May, the Barcelonan cast also renewed to one of his big promises in the right and left side, H\u00e9ctor Fort. The canterano had agreement until 2025 and <strong>had a clause of rescission quite low, around the six million euros<\/strong>, what turned it into an affordable aim for other clubs. The FC Barcelona acted quickly and extended his bond until 2026.<\/p>  <h2>The renewals of Marc Casad\u00f3 and Guiu, pending tasks for Deco<\/h2>  <p>Likewise, <a data-external=\"0\" data-intl-links-en=\"https:\/\/www.fcbarcelonanoticias.com\/en\/transfers\/fc-barcelona-seals-the-continuity-of-the-promising-marc-bernal_304421_102.html\" data-intl-links-es=\"https:\/\/www.fcbarcelonanoticias.com\/fichajes\/el-fc-barcelona-sella-continuidad-prometedor-marc-bernal_304421_102.html\" href=\"https:\/\/www.fcbarcelonanoticias.com\/en\/transfers\/fc-barcelona-seals-the-continuity-of-the-promising-marc-bernal_304421_102.html\" rel=\"follow\" target=\"_self\" title=\"\u00a1El FC Barcelona sella la continuidad del prometedor Marc Bernal!\">it has spoken a lot on the possible renewal of Marc Bernal until 2026<\/a>, with the option of two or three years more, which could do official very soon. <strong>Deco Also is working in the renewals of Marc Casad\u00f3, whose agreement finalises this summer, and Marc Guiu<\/strong>, whose bond wins in 2025. These two pieces are considered promises as &#8216;jewels&#8217; of the quarry cul\u00e9 and seem to be the next in renewing and have his opportunity in the first team.<\/p> ","protected":false},"excerpt":{"rendered":"<p>FC Barcelona, \u200b\u200bdespite its financial difficulties, has not hesitated to successfully renew several of its young talents from the quarry, who have a promising future ahead of them. In this task, Deco, sports director, has played a strategic and leading role Anderson Luis of Souza, Deco, assumed the charge of sportive director of the FC [&hellip;]<\/p>\n","protected":false},"author":355,"featured_media":130140,"comment_status":"closed","ping_status":"open","sticky":false,"template":"","format":"standard","meta":{"_acf_changed":false,"inline_featured_image":false,"_nextfly_llmd_date_locked":false,"footnotes":""},"categories":[106,449],"tags":[335,310],"class_list":["post-130139","post","type-post","status-publish","format-standard","has-post-thumbnail","hentry","category-transfers","category-transfers-2","tag-deco","tag-marc-guiu"],"acf":[],"yoast_head":"<!-- This site is optimized with the Yoast SEO plugin v27.3 - https:\/\/yoast.com\/product\/yoast-seo-wordpress\/ -->\n<title>Lamine Yamal, Balde, Ferm\u00edn... Deco&#039;s &#039;master class&#039; in terms of renovations in this campaign<\/title>\n<meta name=\"description\" content=\"FC Barcelona, \u200b\u200bdespite its financial difficulties, has not hesitated to successfully renew several of its young talents from the quarry, who have a promising future ahead of them. In this task, Deco, sports director, has played a strategic and leading role\" \/>\n<meta name=\"robots\" content=\"index, follow, max-snippet:-1, max-image-preview:large, max-video-preview:-1\" \/>\n<link rel=\"canonical\" href=\"https:\/\/www.fcbarcelonanoticias.com\/en\/transfers\/lamine-yamal-balde-fermin-deco-master-class-in-terms-of-renovations-in-this-campaign_304439_102.html\" \/>\n<meta property=\"og:locale\" content=\"en_US\" \/>\n<meta property=\"og:type\" content=\"article\" \/>\n<meta property=\"og:title\" content=\"Lamine Yamal, Balde, Ferm\u00edn... Deco&#039;s &#039;master class&#039; in terms of renovations in this campaign\" \/>\n<meta property=\"og:description\" content=\"FC Barcelona, \u200b\u200bdespite its financial difficulties, has not hesitated to successfully renew several of its young talents from the quarry, who have a promising future ahead of them. In this task, Deco, sports director, has played a strategic and leading role\" \/>\n<meta property=\"og:url\" content=\"https:\/\/www.fcbarcelonanoticias.com\/en\/transfers\/lamine-yamal-balde-fermin-deco-master-class-in-terms-of-renovations-in-this-campaign_304439_102.html\" \/>\n<meta property=\"og:site_name\" content=\"EN - FC Barcelona Noticias\" \/>\n<meta property=\"article:published_time\" content=\"2024-06-12T20:39:00+00:00\" \/>\n<meta property=\"article:modified_time\" content=\"2024-06-12T23:34:00+00:00\" \/>\n<meta property=\"og:image\" content=\"https:\/\/www.fcbarcelonanoticias.com\/en\/wp-content\/uploads\/sites\/2\/2024\/06\/deco-director-deportivo-del-barca-en-una-imagen-de-archivo.jpeg\" \/>\n\t<meta property=\"og:image:width\" content=\"1200\" \/>\n\t<meta property=\"og:image:height\" content=\"675\" \/>\n\t<meta property=\"og:image:type\" content=\"image\/jpeg\" \/>\n<meta name=\"author\" content=\"Kevin G\u00f3mez\" \/>\n<meta name=\"twitter:card\" content=\"summary_large_image\" \/>\n<meta name=\"twitter:label1\" content=\"Written by\" \/>\n\t<meta name=\"twitter:data1\" content=\"Kevin G\u00f3mez\" \/>\n\t<meta name=\"twitter:label2\" content=\"Est. reading time\" \/>\n\t<meta name=\"twitter:data2\" content=\"4 minutes\" \/>\n<script type=\"application\/ld+json\" class=\"yoast-schema-graph\">{\"@context\":\"https:\\\/\\\/schema.org\",\"@graph\":[{\"@type\":\"Article\",\"@id\":\"https:\\\/\\\/www.fcbarcelonanoticias.com\\\/en\\\/transfers\\\/lamine-yamal-balde-fermin-deco-master-class-in-terms-of-renovations-in-this-campaign_304439_102.html#article\",\"isPartOf\":{\"@id\":\"https:\\\/\\\/www.fcbarcelonanoticias.com\\\/en\\\/transfers\\\/lamine-yamal-balde-fermin-deco-master-class-in-terms-of-renovations-in-this-campaign_304439_102.html\"},\"author\":{\"name\":\"Kevin G\u00f3mez\",\"@id\":\"https:\\\/\\\/www.fcbarcelonanoticias.com\\\/en\\\/#\\\/schema\\\/person\\\/991443f134df9a64c6874f96ff984c9d\"},\"headline\":\"Lamine Yamal, Balde, Ferm\u00edn&#8230; Deco&#8217;s &#8216;master class&#8217; in terms of renovations in this campaign\",\"datePublished\":\"2024-06-12T20:39:00+00:00\",\"dateModified\":\"2024-06-12T23:34:00+00:00\",\"mainEntityOfPage\":{\"@id\":\"https:\\\/\\\/www.fcbarcelonanoticias.com\\\/en\\\/transfers\\\/lamine-yamal-balde-fermin-deco-master-class-in-terms-of-renovations-in-this-campaign_304439_102.html\"},\"wordCount\":785,\"image\":{\"@id\":\"https:\\\/\\\/www.fcbarcelonanoticias.com\\\/en\\\/transfers\\\/lamine-yamal-balde-fermin-deco-master-class-in-terms-of-renovations-in-this-campaign_304439_102.html#primaryimage\"},\"thumbnailUrl\":\"https:\\\/\\\/www.fcbarcelonanoticias.com\\\/en\\\/wp-content\\\/uploads\\\/sites\\\/2\\\/2024\\\/06\\\/deco-director-deportivo-del-barca-en-una-imagen-de-archivo.jpeg\",\"keywords\":[\"Deco\",\"Marc Guiu\"],\"articleSection\":[\"Transfers\",\"Transfers\"],\"inLanguage\":\"en-US\"},{\"@type\":\"WebPage\",\"@id\":\"https:\\\/\\\/www.fcbarcelonanoticias.com\\\/en\\\/transfers\\\/lamine-yamal-balde-fermin-deco-master-class-in-terms-of-renovations-in-this-campaign_304439_102.html\",\"url\":\"https:\\\/\\\/www.fcbarcelonanoticias.com\\\/en\\\/transfers\\\/lamine-yamal-balde-fermin-deco-master-class-in-terms-of-renovations-in-this-campaign_304439_102.html\",\"name\":\"Lamine Yamal, Balde, Ferm\u00edn... Deco's 'master class' in terms of renovations in this campaign\",\"isPartOf\":{\"@id\":\"https:\\\/\\\/www.fcbarcelonanoticias.com\\\/en\\\/#website\"},\"primaryImageOfPage\":{\"@id\":\"https:\\\/\\\/www.fcbarcelonanoticias.com\\\/en\\\/transfers\\\/lamine-yamal-balde-fermin-deco-master-class-in-terms-of-renovations-in-this-campaign_304439_102.html#primaryimage\"},\"image\":{\"@id\":\"https:\\\/\\\/www.fcbarcelonanoticias.com\\\/en\\\/transfers\\\/lamine-yamal-balde-fermin-deco-master-class-in-terms-of-renovations-in-this-campaign_304439_102.html#primaryimage\"},\"thumbnailUrl\":\"https:\\\/\\\/www.fcbarcelonanoticias.com\\\/en\\\/wp-content\\\/uploads\\\/sites\\\/2\\\/2024\\\/06\\\/deco-director-deportivo-del-barca-en-una-imagen-de-archivo.jpeg\",\"datePublished\":\"2024-06-12T20:39:00+00:00\",\"dateModified\":\"2024-06-12T23:34:00+00:00\",\"author\":{\"@id\":\"https:\\\/\\\/www.fcbarcelonanoticias.com\\\/en\\\/#\\\/schema\\\/person\\\/991443f134df9a64c6874f96ff984c9d\"},\"description\":\"FC Barcelona, \u200b\u200bdespite its financial difficulties, has not hesitated to successfully renew several of its young talents from the quarry, who have a promising future ahead of them. In this task, Deco, sports director, has played a strategic and leading role\",\"breadcrumb\":{\"@id\":\"https:\\\/\\\/www.fcbarcelonanoticias.com\\\/en\\\/transfers\\\/lamine-yamal-balde-fermin-deco-master-class-in-terms-of-renovations-in-this-campaign_304439_102.html#breadcrumb\"},\"inLanguage\":\"en-US\",\"potentialAction\":[{\"@type\":\"ReadAction\",\"target\":[\"https:\\\/\\\/www.fcbarcelonanoticias.com\\\/en\\\/transfers\\\/lamine-yamal-balde-fermin-deco-master-class-in-terms-of-renovations-in-this-campaign_304439_102.html\"]}]},{\"@type\":\"ImageObject\",\"inLanguage\":\"en-US\",\"@id\":\"https:\\\/\\\/www.fcbarcelonanoticias.com\\\/en\\\/transfers\\\/lamine-yamal-balde-fermin-deco-master-class-in-terms-of-renovations-in-this-campaign_304439_102.html#primaryimage\",\"url\":\"https:\\\/\\\/www.fcbarcelonanoticias.com\\\/en\\\/wp-content\\\/uploads\\\/sites\\\/2\\\/2024\\\/06\\\/deco-director-deportivo-del-barca-en-una-imagen-de-archivo.jpeg\",\"contentUrl\":\"https:\\\/\\\/www.fcbarcelonanoticias.com\\\/en\\\/wp-content\\\/uploads\\\/sites\\\/2\\\/2024\\\/06\\\/deco-director-deportivo-del-barca-en-una-imagen-de-archivo.jpeg\",\"width\":1200,\"height\":675},{\"@type\":\"BreadcrumbList\",\"@id\":\"https:\\\/\\\/www.fcbarcelonanoticias.com\\\/en\\\/transfers\\\/lamine-yamal-balde-fermin-deco-master-class-in-terms-of-renovations-in-this-campaign_304439_102.html#breadcrumb\",\"itemListElement\":[{\"@type\":\"ListItem\",\"position\":1,\"name\":\"Portada\",\"item\":\"https:\\\/\\\/www.fcbarcelonanoticias.com\\\/en\\\/\"},{\"@type\":\"ListItem\",\"position\":2,\"name\":\"Lamine Yamal, Balde, Ferm\u00edn&#8230; Deco&#8217;s &#8216;master class&#8217; in terms of renovations in this campaign\"}]},{\"@type\":\"WebSite\",\"@id\":\"https:\\\/\\\/www.fcbarcelonanoticias.com\\\/en\\\/#website\",\"url\":\"https:\\\/\\\/www.fcbarcelonanoticias.com\\\/en\\\/\",\"name\":\"EN - FC Barcelona Noticias\",\"description\":\"\",\"potentialAction\":[{\"@type\":\"SearchAction\",\"target\":{\"@type\":\"EntryPoint\",\"urlTemplate\":\"https:\\\/\\\/www.fcbarcelonanoticias.com\\\/en\\\/?s={search_term_string}\"},\"query-input\":{\"@type\":\"PropertyValueSpecification\",\"valueRequired\":true,\"valueName\":\"search_term_string\"}}],\"inLanguage\":\"en-US\"},{\"@type\":\"Person\",\"@id\":\"https:\\\/\\\/www.fcbarcelonanoticias.com\\\/en\\\/#\\\/schema\\\/person\\\/991443f134df9a64c6874f96ff984c9d\",\"name\":\"Kevin G\u00f3mez\",\"image\":{\"@type\":\"ImageObject\",\"inLanguage\":\"en-US\",\"@id\":\"https:\\\/\\\/secure.gravatar.com\\\/avatar\\\/?s=96&d=mm&r=g\",\"url\":\"https:\\\/\\\/secure.gravatar.com\\\/avatar\\\/?s=96&d=mm&r=g\",\"contentUrl\":\"https:\\\/\\\/secure.gravatar.com\\\/avatar\\\/?s=96&d=mm&r=g\",\"caption\":\"Kevin G\u00f3mez\"},\"description\":\"Licenciado\u00a0en Periodismo y Comunicaci\u00f3n Audiovisual. Redactor en FCBN responsable de cubrir toda\u00a0la informaci\u00f3n del FC Barcelona y las principales competiciones de\u00a0f\u00fatbol.\",\"url\":\"https:\\\/\\\/www.fcbarcelonanoticias.com\\\/en\\\/jugadores\\\/kevin-gomez_23_115.html\"}]}<\/script>\n<!-- \/ Yoast SEO plugin. -->","yoast_head_json":{"title":"Lamine Yamal, Balde, Ferm\u00edn... Deco's 'master class' in terms of renovations in this campaign","description":"FC Barcelona, \u200b\u200bdespite its financial difficulties, has not hesitated to successfully renew several of its young talents from the quarry, who have a promising future ahead of them. In this task, Deco, sports director, has played a strategic and leading role","robots":{"index":"index","follow":"follow","max-snippet":"max-snippet:-1","max-image-preview":"max-image-preview:large","max-video-preview":"max-video-preview:-1"},"canonical":"https:\/\/www.fcbarcelonanoticias.com\/en\/transfers\/lamine-yamal-balde-fermin-deco-master-class-in-terms-of-renovations-in-this-campaign_304439_102.html","og_locale":"en_US","og_type":"article","og_title":"Lamine Yamal, Balde, Ferm\u00edn... Deco's 'master class' in terms of renovations in this campaign","og_description":"FC Barcelona, \u200b\u200bdespite its financial difficulties, has not hesitated to successfully renew several of its young talents from the quarry, who have a promising future ahead of them. In this task, Deco, sports director, has played a strategic and leading role","og_url":"https:\/\/www.fcbarcelonanoticias.com\/en\/transfers\/lamine-yamal-balde-fermin-deco-master-class-in-terms-of-renovations-in-this-campaign_304439_102.html","og_site_name":"EN - FC Barcelona Noticias","article_published_time":"2024-06-12T20:39:00+00:00","article_modified_time":"2024-06-12T23:34:00+00:00","og_image":[{"width":1200,"height":675,"url":"https:\/\/www.fcbarcelonanoticias.com\/en\/wp-content\/uploads\/sites\/2\/2024\/06\/deco-director-deportivo-del-barca-en-una-imagen-de-archivo.jpeg","type":"image\/jpeg"}],"author":"Kevin G\u00f3mez","twitter_card":"summary_large_image","twitter_misc":{"Written by":"Kevin G\u00f3mez","Est. reading time":"4 minutes"},"schema":{"@context":"https:\/\/schema.org","@graph":[{"@type":"Article","@id":"https:\/\/www.fcbarcelonanoticias.com\/en\/transfers\/lamine-yamal-balde-fermin-deco-master-class-in-terms-of-renovations-in-this-campaign_304439_102.html#article","isPartOf":{"@id":"https:\/\/www.fcbarcelonanoticias.com\/en\/transfers\/lamine-yamal-balde-fermin-deco-master-class-in-terms-of-renovations-in-this-campaign_304439_102.html"},"author":{"name":"Kevin G\u00f3mez","@id":"https:\/\/www.fcbarcelonanoticias.com\/en\/#\/schema\/person\/991443f134df9a64c6874f96ff984c9d"},"headline":"Lamine Yamal, Balde, Ferm\u00edn&#8230; Deco&#8217;s &#8216;master class&#8217; in terms of renovations in this campaign","datePublished":"2024-06-12T20:39:00+00:00","dateModified":"2024-06-12T23:34:00+00:00","mainEntityOfPage":{"@id":"https:\/\/www.fcbarcelonanoticias.com\/en\/transfers\/lamine-yamal-balde-fermin-deco-master-class-in-terms-of-renovations-in-this-campaign_304439_102.html"},"wordCount":785,"image":{"@id":"https:\/\/www.fcbarcelonanoticias.com\/en\/transfers\/lamine-yamal-balde-fermin-deco-master-class-in-terms-of-renovations-in-this-campaign_304439_102.html#primaryimage"},"thumbnailUrl":"https:\/\/www.fcbarcelonanoticias.com\/en\/wp-content\/uploads\/sites\/2\/2024\/06\/deco-director-deportivo-del-barca-en-una-imagen-de-archivo.jpeg","keywords":["Deco","Marc Guiu"],"articleSection":["Transfers","Transfers"],"inLanguage":"en-US"},{"@type":"WebPage","@id":"https:\/\/www.fcbarcelonanoticias.com\/en\/transfers\/lamine-yamal-balde-fermin-deco-master-class-in-terms-of-renovations-in-this-campaign_304439_102.html","url":"https:\/\/www.fcbarcelonanoticias.com\/en\/transfers\/lamine-yamal-balde-fermin-deco-master-class-in-terms-of-renovations-in-this-campaign_304439_102.html","name":"Lamine Yamal, Balde, Ferm\u00edn... Deco's 'master class' in terms of renovations in this campaign","isPartOf":{"@id":"https:\/\/www.fcbarcelonanoticias.com\/en\/#website"},"primaryImageOfPage":{"@id":"https:\/\/www.fcbarcelonanoticias.com\/en\/transfers\/lamine-yamal-balde-fermin-deco-master-class-in-terms-of-renovations-in-this-campaign_304439_102.html#primaryimage"},"image":{"@id":"https:\/\/www.fcbarcelonanoticias.com\/en\/transfers\/lamine-yamal-balde-fermin-deco-master-class-in-terms-of-renovations-in-this-campaign_304439_102.html#primaryimage"},"thumbnailUrl":"https:\/\/www.fcbarcelonanoticias.com\/en\/wp-content\/uploads\/sites\/2\/2024\/06\/deco-director-deportivo-del-barca-en-una-imagen-de-archivo.jpeg","datePublished":"2024-06-12T20:39:00+00:00","dateModified":"2024-06-12T23:34:00+00:00","author":{"@id":"https:\/\/www.fcbarcelonanoticias.com\/en\/#\/schema\/person\/991443f134df9a64c6874f96ff984c9d"},"description":"FC Barcelona, \u200b\u200bdespite its financial difficulties, has not hesitated to successfully renew several of its young talents from the quarry, who have a promising future ahead of them. In this task, Deco, sports director, has played a strategic and leading role","breadcrumb":{"@id":"https:\/\/www.fcbarcelonanoticias.com\/en\/transfers\/lamine-yamal-balde-fermin-deco-master-class-in-terms-of-renovations-in-this-campaign_304439_102.html#breadcrumb"},"inLanguage":"en-US","potentialAction":[{"@type":"ReadAction","target":["https:\/\/www.fcbarcelonanoticias.com\/en\/transfers\/lamine-yamal-balde-fermin-deco-master-class-in-terms-of-renovations-in-this-campaign_304439_102.html"]}]},{"@type":"ImageObject","inLanguage":"en-US","@id":"https:\/\/www.fcbarcelonanoticias.com\/en\/transfers\/lamine-yamal-balde-fermin-deco-master-class-in-terms-of-renovations-in-this-campaign_304439_102.html#primaryimage","url":"https:\/\/www.fcbarcelonanoticias.com\/en\/wp-content\/uploads\/sites\/2\/2024\/06\/deco-director-deportivo-del-barca-en-una-imagen-de-archivo.jpeg","contentUrl":"https:\/\/www.fcbarcelonanoticias.com\/en\/wp-content\/uploads\/sites\/2\/2024\/06\/deco-director-deportivo-del-barca-en-una-imagen-de-archivo.jpeg","width":1200,"height":675},{"@type":"BreadcrumbList","@id":"https:\/\/www.fcbarcelonanoticias.com\/en\/transfers\/lamine-yamal-balde-fermin-deco-master-class-in-terms-of-renovations-in-this-campaign_304439_102.html#breadcrumb","itemListElement":[{"@type":"ListItem","position":1,"name":"Portada","item":"https:\/\/www.fcbarcelonanoticias.com\/en\/"},{"@type":"ListItem","position":2,"name":"Lamine Yamal, Balde, Ferm\u00edn&#8230; Deco&#8217;s &#8216;master class&#8217; in terms of renovations in this campaign"}]},{"@type":"WebSite","@id":"https:\/\/www.fcbarcelonanoticias.com\/en\/#website","url":"https:\/\/www.fcbarcelonanoticias.com\/en\/","name":"EN - FC Barcelona Noticias","description":"","potentialAction":[{"@type":"SearchAction","target":{"@type":"EntryPoint","urlTemplate":"https:\/\/www.fcbarcelonanoticias.com\/en\/?s={search_term_string}"},"query-input":{"@type":"PropertyValueSpecification","valueRequired":true,"valueName":"search_term_string"}}],"inLanguage":"en-US"},{"@type":"Person","@id":"https:\/\/www.fcbarcelonanoticias.com\/en\/#\/schema\/person\/991443f134df9a64c6874f96ff984c9d","name":"Kevin G\u00f3mez","image":{"@type":"ImageObject","inLanguage":"en-US","@id":"https:\/\/secure.gravatar.com\/avatar\/?s=96&d=mm&r=g","url":"https:\/\/secure.gravatar.com\/avatar\/?s=96&d=mm&r=g","contentUrl":"https:\/\/secure.gravatar.com\/avatar\/?s=96&d=mm&r=g","caption":"Kevin G\u00f3mez"},"description":"Licenciado\u00a0en Periodismo y Comunicaci\u00f3n Audiovisual. Redactor en FCBN responsable de cubrir toda\u00a0la informaci\u00f3n del FC Barcelona y las principales competiciones de\u00a0f\u00fatbol.","url":"https:\/\/www.fcbarcelonanoticias.com\/en\/jugadores\/kevin-gomez_23_115.html"}]}},"_links":{"self":[{"href":"https:\/\/www.fcbarcelonanoticias.com\/en\/wp-json\/wp\/v2\/posts\/130139","targetHints":{"allow":["GET"]}}],"collection":[{"href":"https:\/\/www.fcbarcelonanoticias.com\/en\/wp-json\/wp\/v2\/posts"}],"about":[{"href":"https:\/\/www.fcbarcelonanoticias.com\/en\/wp-json\/wp\/v2\/types\/post"}],"author":[{"embeddable":true,"href":"https:\/\/www.fcbarcelonanoticias.com\/en\/wp-json\/wp\/v2\/users\/355"}],"replies":[{"embeddable":true,"href":"https:\/\/www.fcbarcelonanoticias.com\/en\/wp-json\/wp\/v2\/comments?post=130139"}],"version-history":[{"count":1,"href":"https:\/\/www.fcbarcelonanoticias.com\/en\/wp-json\/wp\/v2\/posts\/130139\/revisions"}],"predecessor-version":[{"id":152367,"href":"https:\/\/www.fcbarcelonanoticias.com\/en\/wp-json\/wp\/v2\/posts\/130139\/revisions\/152367"}],"wp:featuredmedia":[{"embeddable":true,"href":"https:\/\/www.fcbarcelonanoticias.com\/en\/wp-json\/wp\/v2\/media\/130140"}],"wp:attachment":[{"href":"https:\/\/www.fcbarcelonanoticias.com\/en\/wp-json\/wp\/v2\/media?parent=130139"}],"wp:term":[{"taxonomy":"category","embeddable":true,"href":"https:\/\/www.fcbarcelonanoticias.com\/en\/wp-json\/wp\/v2\/categories?post=130139"},{"taxonomy":"post_tag","embeddable":true,"href":"https:\/\/www.fcbarcelonanoticias.com\/en\/wp-json\/wp\/v2\/tags?post=130139"}],"curies":[{"name":"wp","href":"https:\/\/api.w.org\/{rel}","templated":true}]}}