{"id":130212,"date":"2023-08-08T00:11:00","date_gmt":"2023-08-07T22:11:00","guid":{"rendered":"https:\/\/weisetech.dev\/fc-barcelona-noticias\/en\/environment-neymar-jr-gets-wet-about-his-future_294892_102\/"},"modified":"2023-08-08T00:11:00","modified_gmt":"2023-08-07T22:11:00","slug":"environment-neymar-jr-gets-wet-about-his-future_294892_102","status":"publish","type":"post","link":"https:\/\/www.fcbarcelonanoticias.com\/en\/transfers\/environment-neymar-jr-gets-wet-about-his-future_294892_102.html","title":{"rendered":"Neymar Jr&#8217;s environment talks about his future"},"content":{"rendered":"<h2 class=\"wp-block-heading\">After the latest rumors about the future of Neymar Jr, who would like to leave Paris Saint-Germain as reported in France, the father of the 31-year-old attacker has broken his silence<\/h2>  \r\n<div class=\"article-addons\">\r\n    <a href=\"https:\/\/www.fcbarcelonanoticias.com\/en\/calendar-fc-barcelona.html\"\r\n       target=\"_self\"\r\n       title=\"Calendar of FC Barcelona\"\r\n       class=\"blue-gredient-btn\">\r\n       \r\n        Calendar of FC Barcelona    <\/a>\r\n<\/div>   <p><strong>The future of Neymar Jr is the last &#8216;novel&#8217; for the Paris Saint-Germain. <\/strong>In France, &#8216;L&#8217;Instrument&#8217; there was desvelado that the player <a data-external=\"0\" data-intl-links-en=\"https:\/\/www.fcbarcelonanoticias.com\/en\/transfers\/barcelona-destination-high-profile-neymar-jr-communicates-psg-wants-to-leave_294876_102.html\" data-intl-links-es=\"https:\/\/www.fcbarcelonanoticias.com\/fichajes\/barcelona-destino-sonado-neymar-jr-comunica-psg-quiere-marcharse_294876_102.html\" href=\"https:\/\/www.fcbarcelonanoticias.com\/en\/transfers\/barcelona-destination-high-profile-neymar-jr-communicates-psg-wants-to-leave_294876_102.html\" rel=\"follow\" target=\"_self\" title=\"El Bar\u00e7a, destino so\u00f1ado: \u00a1Neymar Jr comunica al PSG que quiere marcharse!\">had asked to abandon the club this summer in front of the persecution that has been living<\/a> in these last months, from May, by the ultras of the team, those who displace constantly to ask him that it leave . The FC Barcelona, as it has informed , would be his favourite destination in case that finally it abandon the Park of the Princes.<\/p>  <p>The information of the French newspaper aimed that Neymar was &#8216;traumado&#8217; by all what was living from the end of the past season, by what was smart to do his cases after six years in Paris. Simultaneously,<strong> it had trascended that was offering to the Bar\u00e7a to go back in quality of loan and assuming a discount salarial.<\/strong> The true is that, as it has confessed the father of the player, no everything is real. Asked after if really it asked to go out of the PSG, signalled that it could not confirm something that there was not sucedido.<\/p>  <blockquote class=\"twitter-tweet\"> <p dir=\"ltr\" lang=\"pt\">\ud83d\udea8EXCLUSIVE:<br><br> \u00c0 PL Brazil, Neymar gives Silva Santos, empres\u00e1rio and pai do craque brasileiro, recha\u00e7ou to exist\u00eancia of um asked of sa\u00edda do PSG by part do jogador and criticou ve\u00edculo respons\u00e1vel by informa\u00e7\u00e3or:<br><br> &#8220;HIM&#8217;fake&#8221;<br><br> \u270d\ufe0f<a href=\"https:\/\/twitter.com\/en\/omaiccosta?ref_src=twsrc%5Etfw\">@omaiccosta<\/a><a href=\"https:\/\/t.co\/en\/OqYVosOL96\">https:\/\/t.co\/oqyvosol96<\/a><\/p> \u2014 PL Brazil (@plbrasil1) <a href=\"https:\/\/twitter.com\/en\/plbrasil1\/status\/1688657348917653504?ref_src=twsrc%5Etfw\">August 7, 2023<\/a> <\/blockquote> <h2>Absolute uncertainty with Neymar<\/h2>  <p>Consulted by the half Premier League Brazil, said, in concrete, that<strong> &#8220;can not confirm a news that no sucedi\u00f3. L&#8217;Instrument being L&#8217;Efake&#8221;. Likewise, they think that the information has &#8220;second intentions&#8221; and that are treating to understand why would have filtered . <\/strong>In this way, the player of 31 years would not be forcing directly his exit of the Park of the Princes this summer, although from the City Condal are many the sources that coincide in that it is offering go back to Barcelona.<\/p>  <p>Although it is a very complicated operation by the economic section, conscious that &#8216;Ney&#8217; is one of the better players paid of the world and that hardly the PSG leave it go out in conditions favorecedoras for the Bar\u00e7a after paying 222 million euros in 2017 by him, <strong>his turn to day of today is a chimaera. It has rumoreado that would ask to go out in a cession, if it gives the case, but everything would depend on his club. <\/strong><\/p>  <h2>Neymar, with agreement until 2027<\/h2>  <p>It is worth it to remember that Neymar, in 2022, activated the clause of his agreement that allowed him renew his agreement until 2027 of unilateral way. To principle of this summer, the PSG tante\u00f3 the possibility that it left of the club, but he closed the door to the possibility and remitted to the agreement that signed in 2021, because it wanted to fulfil it. Now, from Paris see difficult that leave the same year in which,<strong> also has gone Lionel Messi and could go out Kylian Mbapp\u00e9. <\/strong><\/p> ","protected":false},"excerpt":{"rendered":"<p>After the latest rumors about the future of Neymar Jr, who would like to leave Paris Saint-Germain as reported in France, the father of the 31-year-old attacker has broken his silence The future of Neymar Jr is the last &#8216;novel&#8217; for the Paris Saint-Germain. In France, &#8216;L&#8217;Instrument&#8217; there was desvelado that the player had asked [&hellip;]<\/p>\n","protected":false},"author":0,"featured_media":130215,"comment_status":"closed","ping_status":"open","sticky":false,"template":"","format":"standard","meta":{"_acf_changed":false,"inline_featured_image":false,"_nextfly_llmd_date_locked":false,"footnotes":""},"categories":[106,449],"tags":[143,88],"class_list":["post-130212","post","type-post","status-publish","format-standard","has-post-thumbnail","hentry","category-transfers","category-transfers-2","tag-neymar-jr","tag-paris-saint-germain"],"acf":[],"yoast_head":"<!-- This site is optimized with the Yoast SEO plugin v27.3 - https:\/\/yoast.com\/product\/yoast-seo-wordpress\/ -->\n<title>Neymar Jr&#039;s environment talks about his future<\/title>\n<meta name=\"description\" content=\"After the last rumours on the future of Neymar Jr, that would want to leave of the Paris Saint-Germain as they informed in France, the father of the attacker of 31 years has broken the silence\" \/>\n<meta name=\"robots\" content=\"index, follow, max-snippet:-1, max-image-preview:large, max-video-preview:-1\" \/>\n<link rel=\"canonical\" href=\"https:\/\/www.fcbarcelonanoticias.com\/en\/transfers\/environment-neymar-jr-gets-wet-about-his-future_294892_102.html\" \/>\n<meta property=\"og:locale\" content=\"en_US\" \/>\n<meta property=\"og:type\" content=\"article\" \/>\n<meta property=\"og:title\" content=\"Neymar Jr&#039;s environment talks about his future\" \/>\n<meta property=\"og:description\" content=\"After the last rumours on the future of Neymar Jr, that would want to leave of the Paris Saint-Germain as they informed in France, the father of the attacker of 31 years has broken the silence\" \/>\n<meta property=\"og:url\" content=\"https:\/\/www.fcbarcelonanoticias.com\/en\/transfers\/environment-neymar-jr-gets-wet-about-his-future_294892_102.html\" \/>\n<meta property=\"og:site_name\" content=\"EN - FC Barcelona Noticias\" \/>\n<meta property=\"article:published_time\" content=\"2023-08-07T22:11:00+00:00\" \/>\n<meta property=\"og:image\" content=\"https:\/\/www.fcbarcelonanoticias.com\/en\/wp-content\/uploads\/sites\/2\/2023\/08\/neymar-en-el-banquillo-del-psg.jpeg\" \/>\n\t<meta property=\"og:image:width\" content=\"1250\" \/>\n\t<meta property=\"og:image:height\" content=\"750\" \/>\n\t<meta property=\"og:image:type\" content=\"image\/jpeg\" \/>\n<meta name=\"twitter:card\" content=\"summary_large_image\" \/>\n<meta name=\"twitter:label1\" content=\"Est. reading time\" \/>\n\t<meta name=\"twitter:data1\" content=\"3 minutes\" \/>\n<script type=\"application\/ld+json\" class=\"yoast-schema-graph\">{\"@context\":\"https:\\\/\\\/schema.org\",\"@graph\":[{\"@type\":\"Article\",\"@id\":\"https:\\\/\\\/www.fcbarcelonanoticias.com\\\/en\\\/transfers\\\/environment-neymar-jr-gets-wet-about-his-future_294892_102.html#article\",\"isPartOf\":{\"@id\":\"https:\\\/\\\/www.fcbarcelonanoticias.com\\\/en\\\/transfers\\\/environment-neymar-jr-gets-wet-about-his-future_294892_102.html\"},\"author\":{\"name\":\"\",\"@id\":\"\"},\"headline\":\"Neymar Jr&#8217;s environment talks about his future\",\"datePublished\":\"2023-08-07T22:11:00+00:00\",\"mainEntityOfPage\":{\"@id\":\"https:\\\/\\\/www.fcbarcelonanoticias.com\\\/en\\\/transfers\\\/environment-neymar-jr-gets-wet-about-his-future_294892_102.html\"},\"wordCount\":534,\"image\":{\"@id\":\"https:\\\/\\\/www.fcbarcelonanoticias.com\\\/en\\\/transfers\\\/environment-neymar-jr-gets-wet-about-his-future_294892_102.html#primaryimage\"},\"thumbnailUrl\":\"https:\\\/\\\/www.fcbarcelonanoticias.com\\\/en\\\/wp-content\\\/uploads\\\/sites\\\/2\\\/2023\\\/08\\\/neymar-en-el-banquillo-del-psg.jpeg\",\"keywords\":[\"Neymar Jr\",\"Paris Saint-Germain\"],\"articleSection\":[\"Transfers\",\"Transfers\"],\"inLanguage\":\"en-US\"},{\"@type\":\"WebPage\",\"@id\":\"https:\\\/\\\/www.fcbarcelonanoticias.com\\\/en\\\/transfers\\\/environment-neymar-jr-gets-wet-about-his-future_294892_102.html\",\"url\":\"https:\\\/\\\/www.fcbarcelonanoticias.com\\\/en\\\/transfers\\\/environment-neymar-jr-gets-wet-about-his-future_294892_102.html\",\"name\":\"Neymar Jr's environment talks about his future\",\"isPartOf\":{\"@id\":\"https:\\\/\\\/www.fcbarcelonanoticias.com\\\/en\\\/#website\"},\"primaryImageOfPage\":{\"@id\":\"https:\\\/\\\/www.fcbarcelonanoticias.com\\\/en\\\/transfers\\\/environment-neymar-jr-gets-wet-about-his-future_294892_102.html#primaryimage\"},\"image\":{\"@id\":\"https:\\\/\\\/www.fcbarcelonanoticias.com\\\/en\\\/transfers\\\/environment-neymar-jr-gets-wet-about-his-future_294892_102.html#primaryimage\"},\"thumbnailUrl\":\"https:\\\/\\\/www.fcbarcelonanoticias.com\\\/en\\\/wp-content\\\/uploads\\\/sites\\\/2\\\/2023\\\/08\\\/neymar-en-el-banquillo-del-psg.jpeg\",\"datePublished\":\"2023-08-07T22:11:00+00:00\",\"author\":{\"@id\":\"\"},\"description\":\"After the last rumours on the future of Neymar Jr, that would want to leave of the Paris Saint-Germain as they informed in France, the father of the attacker of 31 years has broken the silence\",\"breadcrumb\":{\"@id\":\"https:\\\/\\\/www.fcbarcelonanoticias.com\\\/en\\\/transfers\\\/environment-neymar-jr-gets-wet-about-his-future_294892_102.html#breadcrumb\"},\"inLanguage\":\"en-US\",\"potentialAction\":[{\"@type\":\"ReadAction\",\"target\":[\"https:\\\/\\\/www.fcbarcelonanoticias.com\\\/en\\\/transfers\\\/environment-neymar-jr-gets-wet-about-his-future_294892_102.html\"]}]},{\"@type\":\"ImageObject\",\"inLanguage\":\"en-US\",\"@id\":\"https:\\\/\\\/www.fcbarcelonanoticias.com\\\/en\\\/transfers\\\/environment-neymar-jr-gets-wet-about-his-future_294892_102.html#primaryimage\",\"url\":\"https:\\\/\\\/www.fcbarcelonanoticias.com\\\/en\\\/wp-content\\\/uploads\\\/sites\\\/2\\\/2023\\\/08\\\/neymar-en-el-banquillo-del-psg.jpeg\",\"contentUrl\":\"https:\\\/\\\/www.fcbarcelonanoticias.com\\\/en\\\/wp-content\\\/uploads\\\/sites\\\/2\\\/2023\\\/08\\\/neymar-en-el-banquillo-del-psg.jpeg\",\"width\":1250,\"height\":750},{\"@type\":\"BreadcrumbList\",\"@id\":\"https:\\\/\\\/www.fcbarcelonanoticias.com\\\/en\\\/transfers\\\/environment-neymar-jr-gets-wet-about-his-future_294892_102.html#breadcrumb\",\"itemListElement\":[{\"@type\":\"ListItem\",\"position\":1,\"name\":\"Portada\",\"item\":\"https:\\\/\\\/www.fcbarcelonanoticias.com\\\/en\\\/\"},{\"@type\":\"ListItem\",\"position\":2,\"name\":\"Neymar Jr&#8217;s environment talks about his future\"}]},{\"@type\":\"WebSite\",\"@id\":\"https:\\\/\\\/www.fcbarcelonanoticias.com\\\/en\\\/#website\",\"url\":\"https:\\\/\\\/www.fcbarcelonanoticias.com\\\/en\\\/\",\"name\":\"EN - FC Barcelona Noticias\",\"description\":\"\",\"potentialAction\":[{\"@type\":\"SearchAction\",\"target\":{\"@type\":\"EntryPoint\",\"urlTemplate\":\"https:\\\/\\\/www.fcbarcelonanoticias.com\\\/en\\\/?s={search_term_string}\"},\"query-input\":{\"@type\":\"PropertyValueSpecification\",\"valueRequired\":true,\"valueName\":\"search_term_string\"}}],\"inLanguage\":\"en-US\"}]}<\/script>\n<!-- \/ Yoast SEO plugin. -->","yoast_head_json":{"title":"Neymar Jr's environment talks about his future","description":"After the last rumours on the future of Neymar Jr, that would want to leave of the Paris Saint-Germain as they informed in France, the father of the attacker of 31 years has broken the silence","robots":{"index":"index","follow":"follow","max-snippet":"max-snippet:-1","max-image-preview":"max-image-preview:large","max-video-preview":"max-video-preview:-1"},"canonical":"https:\/\/www.fcbarcelonanoticias.com\/en\/transfers\/environment-neymar-jr-gets-wet-about-his-future_294892_102.html","og_locale":"en_US","og_type":"article","og_title":"Neymar Jr's environment talks about his future","og_description":"After the last rumours on the future of Neymar Jr, that would want to leave of the Paris Saint-Germain as they informed in France, the father of the attacker of 31 years has broken the silence","og_url":"https:\/\/www.fcbarcelonanoticias.com\/en\/transfers\/environment-neymar-jr-gets-wet-about-his-future_294892_102.html","og_site_name":"EN - FC Barcelona Noticias","article_published_time":"2023-08-07T22:11:00+00:00","og_image":[{"width":1250,"height":750,"url":"https:\/\/www.fcbarcelonanoticias.com\/en\/wp-content\/uploads\/sites\/2\/2023\/08\/neymar-en-el-banquillo-del-psg.jpeg","type":"image\/jpeg"}],"twitter_card":"summary_large_image","twitter_misc":{"Est. reading time":"3 minutes"},"schema":{"@context":"https:\/\/schema.org","@graph":[{"@type":"Article","@id":"https:\/\/www.fcbarcelonanoticias.com\/en\/transfers\/environment-neymar-jr-gets-wet-about-his-future_294892_102.html#article","isPartOf":{"@id":"https:\/\/www.fcbarcelonanoticias.com\/en\/transfers\/environment-neymar-jr-gets-wet-about-his-future_294892_102.html"},"author":{"name":"","@id":""},"headline":"Neymar Jr&#8217;s environment talks about his future","datePublished":"2023-08-07T22:11:00+00:00","mainEntityOfPage":{"@id":"https:\/\/www.fcbarcelonanoticias.com\/en\/transfers\/environment-neymar-jr-gets-wet-about-his-future_294892_102.html"},"wordCount":534,"image":{"@id":"https:\/\/www.fcbarcelonanoticias.com\/en\/transfers\/environment-neymar-jr-gets-wet-about-his-future_294892_102.html#primaryimage"},"thumbnailUrl":"https:\/\/www.fcbarcelonanoticias.com\/en\/wp-content\/uploads\/sites\/2\/2023\/08\/neymar-en-el-banquillo-del-psg.jpeg","keywords":["Neymar Jr","Paris Saint-Germain"],"articleSection":["Transfers","Transfers"],"inLanguage":"en-US"},{"@type":"WebPage","@id":"https:\/\/www.fcbarcelonanoticias.com\/en\/transfers\/environment-neymar-jr-gets-wet-about-his-future_294892_102.html","url":"https:\/\/www.fcbarcelonanoticias.com\/en\/transfers\/environment-neymar-jr-gets-wet-about-his-future_294892_102.html","name":"Neymar Jr's environment talks about his future","isPartOf":{"@id":"https:\/\/www.fcbarcelonanoticias.com\/en\/#website"},"primaryImageOfPage":{"@id":"https:\/\/www.fcbarcelonanoticias.com\/en\/transfers\/environment-neymar-jr-gets-wet-about-his-future_294892_102.html#primaryimage"},"image":{"@id":"https:\/\/www.fcbarcelonanoticias.com\/en\/transfers\/environment-neymar-jr-gets-wet-about-his-future_294892_102.html#primaryimage"},"thumbnailUrl":"https:\/\/www.fcbarcelonanoticias.com\/en\/wp-content\/uploads\/sites\/2\/2023\/08\/neymar-en-el-banquillo-del-psg.jpeg","datePublished":"2023-08-07T22:11:00+00:00","author":{"@id":""},"description":"After the last rumours on the future of Neymar Jr, that would want to leave of the Paris Saint-Germain as they informed in France, the father of the attacker of 31 years has broken the silence","breadcrumb":{"@id":"https:\/\/www.fcbarcelonanoticias.com\/en\/transfers\/environment-neymar-jr-gets-wet-about-his-future_294892_102.html#breadcrumb"},"inLanguage":"en-US","potentialAction":[{"@type":"ReadAction","target":["https:\/\/www.fcbarcelonanoticias.com\/en\/transfers\/environment-neymar-jr-gets-wet-about-his-future_294892_102.html"]}]},{"@type":"ImageObject","inLanguage":"en-US","@id":"https:\/\/www.fcbarcelonanoticias.com\/en\/transfers\/environment-neymar-jr-gets-wet-about-his-future_294892_102.html#primaryimage","url":"https:\/\/www.fcbarcelonanoticias.com\/en\/wp-content\/uploads\/sites\/2\/2023\/08\/neymar-en-el-banquillo-del-psg.jpeg","contentUrl":"https:\/\/www.fcbarcelonanoticias.com\/en\/wp-content\/uploads\/sites\/2\/2023\/08\/neymar-en-el-banquillo-del-psg.jpeg","width":1250,"height":750},{"@type":"BreadcrumbList","@id":"https:\/\/www.fcbarcelonanoticias.com\/en\/transfers\/environment-neymar-jr-gets-wet-about-his-future_294892_102.html#breadcrumb","itemListElement":[{"@type":"ListItem","position":1,"name":"Portada","item":"https:\/\/www.fcbarcelonanoticias.com\/en\/"},{"@type":"ListItem","position":2,"name":"Neymar Jr&#8217;s environment talks about his future"}]},{"@type":"WebSite","@id":"https:\/\/www.fcbarcelonanoticias.com\/en\/#website","url":"https:\/\/www.fcbarcelonanoticias.com\/en\/","name":"EN - FC Barcelona Noticias","description":"","potentialAction":[{"@type":"SearchAction","target":{"@type":"EntryPoint","urlTemplate":"https:\/\/www.fcbarcelonanoticias.com\/en\/?s={search_term_string}"},"query-input":{"@type":"PropertyValueSpecification","valueRequired":true,"valueName":"search_term_string"}}],"inLanguage":"en-US"}]}},"_links":{"self":[{"href":"https:\/\/www.fcbarcelonanoticias.com\/en\/wp-json\/wp\/v2\/posts\/130212","targetHints":{"allow":["GET"]}}],"collection":[{"href":"https:\/\/www.fcbarcelonanoticias.com\/en\/wp-json\/wp\/v2\/posts"}],"about":[{"href":"https:\/\/www.fcbarcelonanoticias.com\/en\/wp-json\/wp\/v2\/types\/post"}],"replies":[{"embeddable":true,"href":"https:\/\/www.fcbarcelonanoticias.com\/en\/wp-json\/wp\/v2\/comments?post=130212"}],"version-history":[{"count":1,"href":"https:\/\/www.fcbarcelonanoticias.com\/en\/wp-json\/wp\/v2\/posts\/130212\/revisions"}],"predecessor-version":[{"id":152610,"href":"https:\/\/www.fcbarcelonanoticias.com\/en\/wp-json\/wp\/v2\/posts\/130212\/revisions\/152610"}],"wp:featuredmedia":[{"embeddable":true,"href":"https:\/\/www.fcbarcelonanoticias.com\/en\/wp-json\/wp\/v2\/media\/130215"}],"wp:attachment":[{"href":"https:\/\/www.fcbarcelonanoticias.com\/en\/wp-json\/wp\/v2\/media?parent=130212"}],"wp:term":[{"taxonomy":"category","embeddable":true,"href":"https:\/\/www.fcbarcelonanoticias.com\/en\/wp-json\/wp\/v2\/categories?post=130212"},{"taxonomy":"post_tag","embeddable":true,"href":"https:\/\/www.fcbarcelonanoticias.com\/en\/wp-json\/wp\/v2\/tags?post=130212"}],"curies":[{"name":"wp","href":"https:\/\/api.w.org\/{rel}","templated":true}]}}