{"id":130521,"date":"2024-12-16T21:37:00","date_gmt":"2024-12-16T20:37:00","guid":{"rendered":"https:\/\/weisetech.dev\/fc-barcelona-noticias\/en\/gy-keres-in-the-sights-barcelona-plans-his-signing-in-january_309378_102\/"},"modified":"2024-12-16T21:37:00","modified_gmt":"2024-12-16T20:37:00","slug":"gy-keres-in-the-sights-barcelona-plans-his-signing-in-january_309378_102","status":"publish","type":"post","link":"https:\/\/www.fcbarcelonanoticias.com\/en\/transfers\/gy-keres-in-the-sights-barcelona-plans-his-signing-in-january_309378_102.html","title":{"rendered":"Gy\u00f6keres in the sights: Barcelona plans his signing in January"},"content":{"rendered":"<h2 class=\"wp-block-heading\">FC Barcelona could pull off a real blockbuster in the upcoming winter transfer market. The board is reportedly very close to finalizing an agreement for the transfer of Viktor Gy\u00f6keres<\/h2>  \r\n<div class=\"article-addons\">\r\n    <a href=\"https:\/\/www.fcbarcelonanoticias.com\/en\/calendar-fc-barcelona.html\"\r\n       target=\"_self\"\r\n       title=\"Calendar of FC Barcelona\"\r\n       class=\"blue-gredient-btn\">\r\n       \r\n        Calendar of FC Barcelona    <\/a>\r\n<\/div>   <p>Viktor Gy\u00f6keres seems determined to wear the FC Barcelona jersey in 2025. The latest information from Portugal indicates <strong>significant progress in negotiations between <a data-external=\"0\" data-intl-links-en=\"https:\/\/www.fcbarcelonanoticias.com\/en\/tags\/viktor-gyokeres\" data-intl-links-es=\"https:\/\/www.fcbarcelonanoticias.com\/tags\/viktor-gyokeres\" href=\"https:\/\/www.fcbarcelonanoticias.com\/en\/tags\/viktor-gyokeres.html\" rel=\"follow\" target=\"_self\" title=\"Viktor Gyokeres\">the 26-year-old forward<\/a> and the Blaugrana board<\/strong>, although Sporting CP has not yet given the &#8216;ok&#8217; for their star&#8217;s departure. In this regard, Joan Laporta does not rule out making a bold move in January with the signing of the Swedish striker, the &#8216;9&#8217; in vogue in Europe.<\/p>  <p><strong>In 24 matches (2,000 minutes), the Stockholm native has scored 26 goals and provided 5 assists<\/strong>, numbers that have put him on the radar of several European giants. Although his club is still alive in the Champions League and leading the Primeira Liga, the departure of R\u00faben Amorim seems to have convinced the player to take a step back mid-season, and Barcelona appears to be an ideal destination to settle into the European elite. Likewise, the Blaugrana team sees the Swedish international as a sensible long-term investment.<\/p>  <h3>Laporta determined to strengthen Barcelona&#8217;s attack in January<\/h3>  <p>Beyond Robert Lewandowski&#8217;s impressive records in the first four months of the 2024\/25 season (23 goals in 23 matches), the Polish striker&#8217;s finishing errors seem to have convinced the Blaugrana president to make an effort to bring in a &#8216;top&#8217; forward in January. <strong>The most reliable option at this point points to Gy\u00f6keres<\/strong>, a still young player<strong>, <\/strong>but with enough character to handle the pressure of a European giant.<\/p>  <p><strong>The transfer of the Stockholm player would be around 70-80 million euros,<\/strong> a figure difficult to reach for a Barcelona still struggling with &#8216;Fair Play&#8217;, but confident in resolving the debts accumulated from the unpaid amounts to L\u00edbero Football. The club still needs to resolve the registrations of Dani Olmo and Pau V\u00edctor before pursuing any winter signings.<\/p>  <p>A surprise transfer in January (Christensen, Ansu, Eric Garc\u00eda, Pablo Torre&#8230;) would be a great help, although the board prefers to exhaust other sources of income, as the squad is not extensive enough to do without three or four players at once. In any case, <strong>negotiations with Sporting CP are going well<\/strong> and, whether in winter or summer, the Swedish &#8216;crack&#8217; is much closer to donning the Blaugrana jersey in 2025.<\/p> ","protected":false},"excerpt":{"rendered":"<p>FC Barcelona could pull off a real blockbuster in the upcoming winter transfer market. The board is reportedly very close to finalizing an agreement for the transfer of Viktor Gy\u00f6keres Viktor Gy\u00f6keres seems determined to wear the FC Barcelona jersey in 2025. The latest information from Portugal indicates significant progress in negotiations between the 26-year-old [&hellip;]<\/p>\n","protected":false},"author":347,"featured_media":130522,"comment_status":"closed","ping_status":"open","sticky":false,"template":"","format":"standard","meta":{"_acf_changed":false,"inline_featured_image":false,"_nextfly_llmd_date_locked":false,"footnotes":""},"categories":[106,449],"tags":[158,215,235],"class_list":["post-130521","post","type-post","status-publish","format-standard","has-post-thumbnail","hentry","category-transfers","category-transfers-2","tag-joan-laporta","tag-sporting-portugal","tag-viktor-gyokeres"],"acf":[],"yoast_head":"<!-- This site is optimized with the Yoast SEO plugin v27.3 - https:\/\/yoast.com\/product\/yoast-seo-wordpress\/ -->\n<title>Gy\u00f6keres in the sights: Barcelona plans his signing in January<\/title>\n<meta name=\"description\" content=\"FC Barcelona could pull off a real blockbuster in the upcoming winter transfer market. The board is reportedly very close to finalizing an agreement for the transfer of Viktor Gy\u00f6keres\" \/>\n<meta name=\"robots\" content=\"index, follow, max-snippet:-1, max-image-preview:large, max-video-preview:-1\" \/>\n<link rel=\"canonical\" href=\"https:\/\/www.fcbarcelonanoticias.com\/en\/transfers\/gy-keres-in-the-sights-barcelona-plans-his-signing-in-january_309378_102.html\" \/>\n<meta property=\"og:locale\" content=\"en_US\" \/>\n<meta property=\"og:type\" content=\"article\" \/>\n<meta property=\"og:title\" content=\"Gy\u00f6keres in the sights: Barcelona plans his signing in January\" \/>\n<meta property=\"og:description\" content=\"FC Barcelona could pull off a real blockbuster in the upcoming winter transfer market. The board is reportedly very close to finalizing an agreement for the transfer of Viktor Gy\u00f6keres\" \/>\n<meta property=\"og:url\" content=\"https:\/\/www.fcbarcelonanoticias.com\/en\/transfers\/gy-keres-in-the-sights-barcelona-plans-his-signing-in-january_309378_102.html\" \/>\n<meta property=\"og:site_name\" content=\"EN - FC Barcelona Noticias\" \/>\n<meta property=\"article:published_time\" content=\"2024-12-16T20:37:00+00:00\" \/>\n<meta property=\"og:image\" content=\"https:\/\/www.fcbarcelonanoticias.com\/en\/wp-content\/uploads\/sites\/2\/2024\/12\/viktor-gyokeres-sporting-cp-1.jpeg\" \/>\n\t<meta property=\"og:image:width\" content=\"1250\" \/>\n\t<meta property=\"og:image:height\" content=\"730\" \/>\n\t<meta property=\"og:image:type\" content=\"image\/jpeg\" \/>\n<meta name=\"author\" content=\"Andr\u00e9s Quiroz\" \/>\n<meta name=\"twitter:card\" content=\"summary_large_image\" \/>\n<meta name=\"twitter:label1\" content=\"Written by\" \/>\n\t<meta name=\"twitter:data1\" content=\"Andr\u00e9s Quiroz\" \/>\n\t<meta name=\"twitter:label2\" content=\"Est. reading time\" \/>\n\t<meta name=\"twitter:data2\" content=\"2 minutes\" \/>\n<script type=\"application\/ld+json\" class=\"yoast-schema-graph\">{\"@context\":\"https:\\\/\\\/schema.org\",\"@graph\":[{\"@type\":\"Article\",\"@id\":\"https:\\\/\\\/www.fcbarcelonanoticias.com\\\/en\\\/transfers\\\/gy-keres-in-the-sights-barcelona-plans-his-signing-in-january_309378_102.html#article\",\"isPartOf\":{\"@id\":\"https:\\\/\\\/www.fcbarcelonanoticias.com\\\/en\\\/transfers\\\/gy-keres-in-the-sights-barcelona-plans-his-signing-in-january_309378_102.html\"},\"author\":{\"name\":\"Andr\u00e9s Quiroz\",\"@id\":\"https:\\\/\\\/www.fcbarcelonanoticias.com\\\/en\\\/#\\\/schema\\\/person\\\/c2cd9f6fa1af5c0d0eccd0fefa575c88\"},\"headline\":\"Gy\u00f6keres in the sights: Barcelona plans his signing in January\",\"datePublished\":\"2024-12-16T20:37:00+00:00\",\"mainEntityOfPage\":{\"@id\":\"https:\\\/\\\/www.fcbarcelonanoticias.com\\\/en\\\/transfers\\\/gy-keres-in-the-sights-barcelona-plans-his-signing-in-january_309378_102.html\"},\"wordCount\":406,\"image\":{\"@id\":\"https:\\\/\\\/www.fcbarcelonanoticias.com\\\/en\\\/transfers\\\/gy-keres-in-the-sights-barcelona-plans-his-signing-in-january_309378_102.html#primaryimage\"},\"thumbnailUrl\":\"https:\\\/\\\/www.fcbarcelonanoticias.com\\\/en\\\/wp-content\\\/uploads\\\/sites\\\/2\\\/2024\\\/12\\\/viktor-gyokeres-sporting-cp-1.jpeg\",\"keywords\":[\"Joan Laporta\",\"Sporting Portugal\",\"Viktor Gy\u00f6keres\"],\"articleSection\":[\"Transfers\",\"Transfers\"],\"inLanguage\":\"en-US\"},{\"@type\":\"WebPage\",\"@id\":\"https:\\\/\\\/www.fcbarcelonanoticias.com\\\/en\\\/transfers\\\/gy-keres-in-the-sights-barcelona-plans-his-signing-in-january_309378_102.html\",\"url\":\"https:\\\/\\\/www.fcbarcelonanoticias.com\\\/en\\\/transfers\\\/gy-keres-in-the-sights-barcelona-plans-his-signing-in-january_309378_102.html\",\"name\":\"Gy\u00f6keres in the sights: Barcelona plans his signing in January\",\"isPartOf\":{\"@id\":\"https:\\\/\\\/www.fcbarcelonanoticias.com\\\/en\\\/#website\"},\"primaryImageOfPage\":{\"@id\":\"https:\\\/\\\/www.fcbarcelonanoticias.com\\\/en\\\/transfers\\\/gy-keres-in-the-sights-barcelona-plans-his-signing-in-january_309378_102.html#primaryimage\"},\"image\":{\"@id\":\"https:\\\/\\\/www.fcbarcelonanoticias.com\\\/en\\\/transfers\\\/gy-keres-in-the-sights-barcelona-plans-his-signing-in-january_309378_102.html#primaryimage\"},\"thumbnailUrl\":\"https:\\\/\\\/www.fcbarcelonanoticias.com\\\/en\\\/wp-content\\\/uploads\\\/sites\\\/2\\\/2024\\\/12\\\/viktor-gyokeres-sporting-cp-1.jpeg\",\"datePublished\":\"2024-12-16T20:37:00+00:00\",\"author\":{\"@id\":\"https:\\\/\\\/www.fcbarcelonanoticias.com\\\/en\\\/#\\\/schema\\\/person\\\/c2cd9f6fa1af5c0d0eccd0fefa575c88\"},\"description\":\"FC Barcelona could pull off a real blockbuster in the upcoming winter transfer market. The board is reportedly very close to finalizing an agreement for the transfer of Viktor Gy\u00f6keres\",\"breadcrumb\":{\"@id\":\"https:\\\/\\\/www.fcbarcelonanoticias.com\\\/en\\\/transfers\\\/gy-keres-in-the-sights-barcelona-plans-his-signing-in-january_309378_102.html#breadcrumb\"},\"inLanguage\":\"en-US\",\"potentialAction\":[{\"@type\":\"ReadAction\",\"target\":[\"https:\\\/\\\/www.fcbarcelonanoticias.com\\\/en\\\/transfers\\\/gy-keres-in-the-sights-barcelona-plans-his-signing-in-january_309378_102.html\"]}]},{\"@type\":\"ImageObject\",\"inLanguage\":\"en-US\",\"@id\":\"https:\\\/\\\/www.fcbarcelonanoticias.com\\\/en\\\/transfers\\\/gy-keres-in-the-sights-barcelona-plans-his-signing-in-january_309378_102.html#primaryimage\",\"url\":\"https:\\\/\\\/www.fcbarcelonanoticias.com\\\/en\\\/wp-content\\\/uploads\\\/sites\\\/2\\\/2024\\\/12\\\/viktor-gyokeres-sporting-cp-1.jpeg\",\"contentUrl\":\"https:\\\/\\\/www.fcbarcelonanoticias.com\\\/en\\\/wp-content\\\/uploads\\\/sites\\\/2\\\/2024\\\/12\\\/viktor-gyokeres-sporting-cp-1.jpeg\",\"width\":1250,\"height\":730},{\"@type\":\"BreadcrumbList\",\"@id\":\"https:\\\/\\\/www.fcbarcelonanoticias.com\\\/en\\\/transfers\\\/gy-keres-in-the-sights-barcelona-plans-his-signing-in-january_309378_102.html#breadcrumb\",\"itemListElement\":[{\"@type\":\"ListItem\",\"position\":1,\"name\":\"Portada\",\"item\":\"https:\\\/\\\/www.fcbarcelonanoticias.com\\\/en\\\/\"},{\"@type\":\"ListItem\",\"position\":2,\"name\":\"Gy\u00f6keres in the sights: Barcelona plans his signing in January\"}]},{\"@type\":\"WebSite\",\"@id\":\"https:\\\/\\\/www.fcbarcelonanoticias.com\\\/en\\\/#website\",\"url\":\"https:\\\/\\\/www.fcbarcelonanoticias.com\\\/en\\\/\",\"name\":\"EN - FC Barcelona Noticias\",\"description\":\"\",\"potentialAction\":[{\"@type\":\"SearchAction\",\"target\":{\"@type\":\"EntryPoint\",\"urlTemplate\":\"https:\\\/\\\/www.fcbarcelonanoticias.com\\\/en\\\/?s={search_term_string}\"},\"query-input\":{\"@type\":\"PropertyValueSpecification\",\"valueRequired\":true,\"valueName\":\"search_term_string\"}}],\"inLanguage\":\"en-US\"},{\"@type\":\"Person\",\"@id\":\"https:\\\/\\\/www.fcbarcelonanoticias.com\\\/en\\\/#\\\/schema\\\/person\\\/c2cd9f6fa1af5c0d0eccd0fefa575c88\",\"name\":\"Andr\u00e9s Quiroz\",\"image\":{\"@type\":\"ImageObject\",\"inLanguage\":\"en-US\",\"@id\":\"https:\\\/\\\/secure.gravatar.com\\\/avatar\\\/?s=96&d=mm&r=g\",\"url\":\"https:\\\/\\\/secure.gravatar.com\\\/avatar\\\/?s=96&d=mm&r=g\",\"contentUrl\":\"https:\\\/\\\/secure.gravatar.com\\\/avatar\\\/?s=96&d=mm&r=g\",\"caption\":\"Andr\u00e9s Quiroz\"},\"description\":\"Licenciado en Periodismo por la Universidad de los Andes. Me encargo de analizar y compartir los contenidos m\u00e1s destacados de la\u00a0actualidad del F\u00fatbol Club Barcelona, Mercado de Fichajes y F\u00fatbol Internacional en FCBN. La informaci\u00f3n es poder, pero tambi\u00e9n conocimiento.\",\"url\":\"https:\\\/\\\/www.fcbarcelonanoticias.com\\\/en\\\/fc-barcelona\\\/andres-quiroz_17_115.html\"}]}<\/script>\n<!-- \/ Yoast SEO plugin. -->","yoast_head_json":{"title":"Gy\u00f6keres in the sights: Barcelona plans his signing in January","description":"FC Barcelona could pull off a real blockbuster in the upcoming winter transfer market. The board is reportedly very close to finalizing an agreement for the transfer of Viktor Gy\u00f6keres","robots":{"index":"index","follow":"follow","max-snippet":"max-snippet:-1","max-image-preview":"max-image-preview:large","max-video-preview":"max-video-preview:-1"},"canonical":"https:\/\/www.fcbarcelonanoticias.com\/en\/transfers\/gy-keres-in-the-sights-barcelona-plans-his-signing-in-january_309378_102.html","og_locale":"en_US","og_type":"article","og_title":"Gy\u00f6keres in the sights: Barcelona plans his signing in January","og_description":"FC Barcelona could pull off a real blockbuster in the upcoming winter transfer market. The board is reportedly very close to finalizing an agreement for the transfer of Viktor Gy\u00f6keres","og_url":"https:\/\/www.fcbarcelonanoticias.com\/en\/transfers\/gy-keres-in-the-sights-barcelona-plans-his-signing-in-january_309378_102.html","og_site_name":"EN - FC Barcelona Noticias","article_published_time":"2024-12-16T20:37:00+00:00","og_image":[{"width":1250,"height":730,"url":"https:\/\/www.fcbarcelonanoticias.com\/en\/wp-content\/uploads\/sites\/2\/2024\/12\/viktor-gyokeres-sporting-cp-1.jpeg","type":"image\/jpeg"}],"author":"Andr\u00e9s Quiroz","twitter_card":"summary_large_image","twitter_misc":{"Written by":"Andr\u00e9s Quiroz","Est. reading time":"2 minutes"},"schema":{"@context":"https:\/\/schema.org","@graph":[{"@type":"Article","@id":"https:\/\/www.fcbarcelonanoticias.com\/en\/transfers\/gy-keres-in-the-sights-barcelona-plans-his-signing-in-january_309378_102.html#article","isPartOf":{"@id":"https:\/\/www.fcbarcelonanoticias.com\/en\/transfers\/gy-keres-in-the-sights-barcelona-plans-his-signing-in-january_309378_102.html"},"author":{"name":"Andr\u00e9s Quiroz","@id":"https:\/\/www.fcbarcelonanoticias.com\/en\/#\/schema\/person\/c2cd9f6fa1af5c0d0eccd0fefa575c88"},"headline":"Gy\u00f6keres in the sights: Barcelona plans his signing in January","datePublished":"2024-12-16T20:37:00+00:00","mainEntityOfPage":{"@id":"https:\/\/www.fcbarcelonanoticias.com\/en\/transfers\/gy-keres-in-the-sights-barcelona-plans-his-signing-in-january_309378_102.html"},"wordCount":406,"image":{"@id":"https:\/\/www.fcbarcelonanoticias.com\/en\/transfers\/gy-keres-in-the-sights-barcelona-plans-his-signing-in-january_309378_102.html#primaryimage"},"thumbnailUrl":"https:\/\/www.fcbarcelonanoticias.com\/en\/wp-content\/uploads\/sites\/2\/2024\/12\/viktor-gyokeres-sporting-cp-1.jpeg","keywords":["Joan Laporta","Sporting Portugal","Viktor Gy\u00f6keres"],"articleSection":["Transfers","Transfers"],"inLanguage":"en-US"},{"@type":"WebPage","@id":"https:\/\/www.fcbarcelonanoticias.com\/en\/transfers\/gy-keres-in-the-sights-barcelona-plans-his-signing-in-january_309378_102.html","url":"https:\/\/www.fcbarcelonanoticias.com\/en\/transfers\/gy-keres-in-the-sights-barcelona-plans-his-signing-in-january_309378_102.html","name":"Gy\u00f6keres in the sights: Barcelona plans his signing in January","isPartOf":{"@id":"https:\/\/www.fcbarcelonanoticias.com\/en\/#website"},"primaryImageOfPage":{"@id":"https:\/\/www.fcbarcelonanoticias.com\/en\/transfers\/gy-keres-in-the-sights-barcelona-plans-his-signing-in-january_309378_102.html#primaryimage"},"image":{"@id":"https:\/\/www.fcbarcelonanoticias.com\/en\/transfers\/gy-keres-in-the-sights-barcelona-plans-his-signing-in-january_309378_102.html#primaryimage"},"thumbnailUrl":"https:\/\/www.fcbarcelonanoticias.com\/en\/wp-content\/uploads\/sites\/2\/2024\/12\/viktor-gyokeres-sporting-cp-1.jpeg","datePublished":"2024-12-16T20:37:00+00:00","author":{"@id":"https:\/\/www.fcbarcelonanoticias.com\/en\/#\/schema\/person\/c2cd9f6fa1af5c0d0eccd0fefa575c88"},"description":"FC Barcelona could pull off a real blockbuster in the upcoming winter transfer market. The board is reportedly very close to finalizing an agreement for the transfer of Viktor Gy\u00f6keres","breadcrumb":{"@id":"https:\/\/www.fcbarcelonanoticias.com\/en\/transfers\/gy-keres-in-the-sights-barcelona-plans-his-signing-in-january_309378_102.html#breadcrumb"},"inLanguage":"en-US","potentialAction":[{"@type":"ReadAction","target":["https:\/\/www.fcbarcelonanoticias.com\/en\/transfers\/gy-keres-in-the-sights-barcelona-plans-his-signing-in-january_309378_102.html"]}]},{"@type":"ImageObject","inLanguage":"en-US","@id":"https:\/\/www.fcbarcelonanoticias.com\/en\/transfers\/gy-keres-in-the-sights-barcelona-plans-his-signing-in-january_309378_102.html#primaryimage","url":"https:\/\/www.fcbarcelonanoticias.com\/en\/wp-content\/uploads\/sites\/2\/2024\/12\/viktor-gyokeres-sporting-cp-1.jpeg","contentUrl":"https:\/\/www.fcbarcelonanoticias.com\/en\/wp-content\/uploads\/sites\/2\/2024\/12\/viktor-gyokeres-sporting-cp-1.jpeg","width":1250,"height":730},{"@type":"BreadcrumbList","@id":"https:\/\/www.fcbarcelonanoticias.com\/en\/transfers\/gy-keres-in-the-sights-barcelona-plans-his-signing-in-january_309378_102.html#breadcrumb","itemListElement":[{"@type":"ListItem","position":1,"name":"Portada","item":"https:\/\/www.fcbarcelonanoticias.com\/en\/"},{"@type":"ListItem","position":2,"name":"Gy\u00f6keres in the sights: Barcelona plans his signing in January"}]},{"@type":"WebSite","@id":"https:\/\/www.fcbarcelonanoticias.com\/en\/#website","url":"https:\/\/www.fcbarcelonanoticias.com\/en\/","name":"EN - FC Barcelona Noticias","description":"","potentialAction":[{"@type":"SearchAction","target":{"@type":"EntryPoint","urlTemplate":"https:\/\/www.fcbarcelonanoticias.com\/en\/?s={search_term_string}"},"query-input":{"@type":"PropertyValueSpecification","valueRequired":true,"valueName":"search_term_string"}}],"inLanguage":"en-US"},{"@type":"Person","@id":"https:\/\/www.fcbarcelonanoticias.com\/en\/#\/schema\/person\/c2cd9f6fa1af5c0d0eccd0fefa575c88","name":"Andr\u00e9s Quiroz","image":{"@type":"ImageObject","inLanguage":"en-US","@id":"https:\/\/secure.gravatar.com\/avatar\/?s=96&d=mm&r=g","url":"https:\/\/secure.gravatar.com\/avatar\/?s=96&d=mm&r=g","contentUrl":"https:\/\/secure.gravatar.com\/avatar\/?s=96&d=mm&r=g","caption":"Andr\u00e9s Quiroz"},"description":"Licenciado en Periodismo por la Universidad de los Andes. Me encargo de analizar y compartir los contenidos m\u00e1s destacados de la\u00a0actualidad del F\u00fatbol Club Barcelona, Mercado de Fichajes y F\u00fatbol Internacional en FCBN. La informaci\u00f3n es poder, pero tambi\u00e9n conocimiento.","url":"https:\/\/www.fcbarcelonanoticias.com\/en\/fc-barcelona\/andres-quiroz_17_115.html"}]}},"_links":{"self":[{"href":"https:\/\/www.fcbarcelonanoticias.com\/en\/wp-json\/wp\/v2\/posts\/130521","targetHints":{"allow":["GET"]}}],"collection":[{"href":"https:\/\/www.fcbarcelonanoticias.com\/en\/wp-json\/wp\/v2\/posts"}],"about":[{"href":"https:\/\/www.fcbarcelonanoticias.com\/en\/wp-json\/wp\/v2\/types\/post"}],"author":[{"embeddable":true,"href":"https:\/\/www.fcbarcelonanoticias.com\/en\/wp-json\/wp\/v2\/users\/347"}],"replies":[{"embeddable":true,"href":"https:\/\/www.fcbarcelonanoticias.com\/en\/wp-json\/wp\/v2\/comments?post=130521"}],"version-history":[{"count":1,"href":"https:\/\/www.fcbarcelonanoticias.com\/en\/wp-json\/wp\/v2\/posts\/130521\/revisions"}],"predecessor-version":[{"id":151798,"href":"https:\/\/www.fcbarcelonanoticias.com\/en\/wp-json\/wp\/v2\/posts\/130521\/revisions\/151798"}],"wp:featuredmedia":[{"embeddable":true,"href":"https:\/\/www.fcbarcelonanoticias.com\/en\/wp-json\/wp\/v2\/media\/130522"}],"wp:attachment":[{"href":"https:\/\/www.fcbarcelonanoticias.com\/en\/wp-json\/wp\/v2\/media?parent=130521"}],"wp:term":[{"taxonomy":"category","embeddable":true,"href":"https:\/\/www.fcbarcelonanoticias.com\/en\/wp-json\/wp\/v2\/categories?post=130521"},{"taxonomy":"post_tag","embeddable":true,"href":"https:\/\/www.fcbarcelonanoticias.com\/en\/wp-json\/wp\/v2\/tags?post=130521"}],"curies":[{"name":"wp","href":"https:\/\/api.w.org\/{rel}","templated":true}]}}