{"id":130559,"date":"2024-06-04T13:59:00","date_gmt":"2024-06-04T11:59:00","guid":{"rendered":"https:\/\/weisetech.dev\/fc-barcelona-noticias\/en\/hansi-flick-gives-pablo-torre-hope-in-fcbarcelona_304145_102\/"},"modified":"2024-06-05T01:21:00","modified_gmt":"2024-06-04T23:21:00","slug":"hansi-flick-gives-pablo-torre-hope-in-fcbarcelona_304145_102","status":"publish","type":"post","link":"https:\/\/www.fcbarcelonanoticias.com\/en\/transfers\/hansi-flick-gives-pablo-torre-hope-in-fcbarcelona_304145_102.html","title":{"rendered":"Hansi Flick gives Pablo Torre hope in FC Barcelona"},"content":{"rendered":"<h2 class=\"wp-block-heading\">Pablo Torre had a season with high and low in Girona. However, the midfielder will return to Bar\u00e7a shortly with an opportunity to be able to stay in the cul\u00e9 entity<\/h2>  \r\n<div class=\"article-addons\">\r\n    <a href=\"https:\/\/www.fcbarcelonanoticias.com\/en\/calendar-fc-barcelona.html\"\r\n       target=\"_self\"\r\n       title=\"Calendar of FC Barcelona\"\r\n       class=\"blue-gredient-btn\">\r\n       \r\n        Calendar of FC Barcelona    <\/a>\r\n<\/div>   <p>Pablo Tower had an irregular season under the orders of M\u00edchel in the Girona. To weigh that the m\u00edster values a lot his style of game, his XI was almost by heart, with the ex of the Racing competing with Aleix Garc\u00eda, Iv\u00e1n Mart\u00edn and Yangel Herrera, all in big moment. Although in the second half of the course finished adding a lot of more minutes, <strong>especially by the injuries of Herrera, his experience in Montilivi has not allowed him have ensured his continuity for the next season in the FC Barcelona.<\/strong><\/p>  <p><strong>And it is that to the margin that the player has manifested in more than an occasion that feels comfortable in Montilivi and the idea to play <a data-external=\"0\" data-intl-links-en=\"https:\/\/www.fcbarcelonanoticias.com\/en\/champions-league\/several-surprises-the-xi-ideal-of-the-champions-league-2023-2024_304119_102.html\" data-intl-links-es=\"https:\/\/www.fcbarcelonanoticias.com\/champions-league\/varias-sorpresas-el-xi-ideal-champions-league-2023-2024_304119_102.html\" href=\"https:\/\/www.fcbarcelonanoticias.com\/en\/champions-league\/several-surprises-the-xi-ideal-of-the-champions-league-2023-2024_304119_102.html\" rel=\"follow\" target=\"_self\" title=\"\u00a1OFICIAL! El XI ideal de la UEFA Champions League 2023\/2024\">the UEFA Champions League<\/a> the following season calls him a lot the attention,<\/strong> the reality is that has like main aim the can triumph as Barcelona. Like this it details it &#8216;Sport&#8217;, signalling that in addition to the possibility to return to the Girona, Pablo Tower wanted to receive a new opportunity <a data-external=\"0\" data-intl-links-en=\"https:\/\/www.fcbarcelonanoticias.com\/en\/fc-barcelona\/plan-hansi-flick-protect-squad-fc-barcelona-press_304079_102.html\" data-intl-links-es=\"https:\/\/www.fcbarcelonanoticias.com\/fc-barcelona\/plan-hansi-flick-proteger-plantilla-fc-barcelona-prensa_304079_102.html\" href=\"https:\/\/www.fcbarcelonanoticias.com\/en\/fc-barcelona\/plan-hansi-flick-protect-squad-fc-barcelona-press_304079_102.html\" rel=\"follow\" target=\"_self\" title=\"El plan de Hansi Flick para 'proteger' a la plantilla del FC Barcelona de la prensa\">in the first team of the Bar\u00e7a<\/a>, and Hansi Flick could deliver it.<\/p>  <h2>Pablo Tower has now a slightly upper margin to the that had in 2023<\/h2>  <p>Splitting of the fact that all the players with less leadership with Xavi Hern\u00e1ndez, <strong>or those that directly had to go out like Tower, can begin from zero with many of the others players cul\u00e9s, the mediocampista seems to have a greater hope to keep in the City Condal. <\/strong>The German technician represents this new opportunity that the player of 21 years looks for in the Bar\u00e7a, especially if also it takes into account his way to play.<\/p>  <h2>The start of the pre-season will be key for the Cantabrian<\/h2>  <p>Flick, unlike Xavi, yes that it is a trainer that uses much more the figure of the mediocampista offensive or mediapunta for his teams, precisely the role in which Pablo Tower more comfortable feels and with which better has played in his short career. The Teutonic is very near to the 4-2-3-1 in which the third midfield player acts almost like a leading second, especially regarding stepping the area and assist to the three forwards, <strong>by what if Tower knows to take advantage of a pre-season in which the international will add much more late, could finish having a place in this role beside Pedri and Ferm\u00edn, the two main options that has Hansi Flick right now. <\/strong><\/p> ","protected":false},"excerpt":{"rendered":"<p>Pablo Torre had a season with high and low in Girona. However, the midfielder will return to Bar\u00e7a shortly with an opportunity to be able to stay in the cul\u00e9 entity Pablo Tower had an irregular season under the orders of M\u00edchel in the Girona. To weigh that the m\u00edster values a lot his style [&hellip;]<\/p>\n","protected":false},"author":345,"featured_media":130560,"comment_status":"closed","ping_status":"open","sticky":false,"template":"","format":"standard","meta":{"_acf_changed":false,"inline_featured_image":false,"_nextfly_llmd_date_locked":false,"footnotes":""},"categories":[106,449],"tags":[50,87],"class_list":["post-130559","post","type-post","status-publish","format-standard","has-post-thumbnail","hentry","category-transfers","category-transfers-2","tag-girona","tag-hansi-flick"],"acf":[],"yoast_head":"<!-- This site is optimized with the Yoast SEO plugin v27.3 - https:\/\/yoast.com\/product\/yoast-seo-wordpress\/ -->\n<title>Hansi Flick gives Pablo Torre hope in FC Barcelona<\/title>\n<meta name=\"description\" content=\"Pablo Torre had a season with high and low in Girona. However, the midfielder will return to Bar\u00e7a shortly with an opportunity to be able to stay in the cul\u00e9 entity\" \/>\n<meta name=\"robots\" content=\"index, follow, max-snippet:-1, max-image-preview:large, max-video-preview:-1\" \/>\n<link rel=\"canonical\" href=\"https:\/\/www.fcbarcelonanoticias.com\/en\/transfers\/hansi-flick-gives-pablo-torre-hope-in-fcbarcelona_304145_102.html\" \/>\n<meta property=\"og:locale\" content=\"en_US\" \/>\n<meta property=\"og:type\" content=\"article\" \/>\n<meta property=\"og:title\" content=\"Hansi Flick gives Pablo Torre hope in FC Barcelona\" \/>\n<meta property=\"og:description\" content=\"Pablo Torre had a season with high and low in Girona. However, the midfielder will return to Bar\u00e7a shortly with an opportunity to be able to stay in the cul\u00e9 entity\" \/>\n<meta property=\"og:url\" content=\"https:\/\/www.fcbarcelonanoticias.com\/en\/transfers\/hansi-flick-gives-pablo-torre-hope-in-fcbarcelona_304145_102.html\" \/>\n<meta property=\"og:site_name\" content=\"EN - FC Barcelona Noticias\" \/>\n<meta property=\"article:published_time\" content=\"2024-06-04T11:59:00+00:00\" \/>\n<meta property=\"article:modified_time\" content=\"2024-06-04T23:21:00+00:00\" \/>\n<meta property=\"og:image\" content=\"https:\/\/www.fcbarcelonanoticias.com\/en\/wp-content\/uploads\/sites\/2\/2024\/06\/pablo-torre-con-el-girona.jpeg\" \/>\n\t<meta property=\"og:image:width\" content=\"1300\" \/>\n\t<meta property=\"og:image:height\" content=\"730\" \/>\n\t<meta property=\"og:image:type\" content=\"image\/jpeg\" \/>\n<meta name=\"author\" content=\"Carlos Montenegro\" \/>\n<meta name=\"twitter:card\" content=\"summary_large_image\" \/>\n<meta name=\"twitter:label1\" content=\"Written by\" \/>\n\t<meta name=\"twitter:data1\" content=\"Carlos Montenegro\" \/>\n\t<meta name=\"twitter:label2\" content=\"Est. reading time\" \/>\n\t<meta name=\"twitter:data2\" content=\"2 minutes\" \/>\n<script type=\"application\/ld+json\" class=\"yoast-schema-graph\">{\"@context\":\"https:\\\/\\\/schema.org\",\"@graph\":[{\"@type\":\"Article\",\"@id\":\"https:\\\/\\\/www.fcbarcelonanoticias.com\\\/en\\\/transfers\\\/hansi-flick-gives-pablo-torre-hope-in-fcbarcelona_304145_102.html#article\",\"isPartOf\":{\"@id\":\"https:\\\/\\\/www.fcbarcelonanoticias.com\\\/en\\\/transfers\\\/hansi-flick-gives-pablo-torre-hope-in-fcbarcelona_304145_102.html\"},\"author\":{\"name\":\"Carlos Montenegro\",\"@id\":\"https:\\\/\\\/www.fcbarcelonanoticias.com\\\/en\\\/#\\\/schema\\\/person\\\/aa1d038709c262cb247e240f6b39bbf5\"},\"headline\":\"Hansi Flick gives Pablo Torre hope in FC Barcelona\",\"datePublished\":\"2024-06-04T11:59:00+00:00\",\"dateModified\":\"2024-06-04T23:21:00+00:00\",\"mainEntityOfPage\":{\"@id\":\"https:\\\/\\\/www.fcbarcelonanoticias.com\\\/en\\\/transfers\\\/hansi-flick-gives-pablo-torre-hope-in-fcbarcelona_304145_102.html\"},\"wordCount\":455,\"image\":{\"@id\":\"https:\\\/\\\/www.fcbarcelonanoticias.com\\\/en\\\/transfers\\\/hansi-flick-gives-pablo-torre-hope-in-fcbarcelona_304145_102.html#primaryimage\"},\"thumbnailUrl\":\"https:\\\/\\\/www.fcbarcelonanoticias.com\\\/en\\\/wp-content\\\/uploads\\\/sites\\\/2\\\/2024\\\/06\\\/pablo-torre-con-el-girona.jpeg\",\"keywords\":[\"Girona\",\"Hansi Flick\"],\"articleSection\":[\"Transfers\",\"Transfers\"],\"inLanguage\":\"en-US\"},{\"@type\":\"WebPage\",\"@id\":\"https:\\\/\\\/www.fcbarcelonanoticias.com\\\/en\\\/transfers\\\/hansi-flick-gives-pablo-torre-hope-in-fcbarcelona_304145_102.html\",\"url\":\"https:\\\/\\\/www.fcbarcelonanoticias.com\\\/en\\\/transfers\\\/hansi-flick-gives-pablo-torre-hope-in-fcbarcelona_304145_102.html\",\"name\":\"Hansi Flick gives Pablo Torre hope in FC Barcelona\",\"isPartOf\":{\"@id\":\"https:\\\/\\\/www.fcbarcelonanoticias.com\\\/en\\\/#website\"},\"primaryImageOfPage\":{\"@id\":\"https:\\\/\\\/www.fcbarcelonanoticias.com\\\/en\\\/transfers\\\/hansi-flick-gives-pablo-torre-hope-in-fcbarcelona_304145_102.html#primaryimage\"},\"image\":{\"@id\":\"https:\\\/\\\/www.fcbarcelonanoticias.com\\\/en\\\/transfers\\\/hansi-flick-gives-pablo-torre-hope-in-fcbarcelona_304145_102.html#primaryimage\"},\"thumbnailUrl\":\"https:\\\/\\\/www.fcbarcelonanoticias.com\\\/en\\\/wp-content\\\/uploads\\\/sites\\\/2\\\/2024\\\/06\\\/pablo-torre-con-el-girona.jpeg\",\"datePublished\":\"2024-06-04T11:59:00+00:00\",\"dateModified\":\"2024-06-04T23:21:00+00:00\",\"author\":{\"@id\":\"https:\\\/\\\/www.fcbarcelonanoticias.com\\\/en\\\/#\\\/schema\\\/person\\\/aa1d038709c262cb247e240f6b39bbf5\"},\"description\":\"Pablo Torre had a season with high and low in Girona. However, the midfielder will return to Bar\u00e7a shortly with an opportunity to be able to stay in the cul\u00e9 entity\",\"breadcrumb\":{\"@id\":\"https:\\\/\\\/www.fcbarcelonanoticias.com\\\/en\\\/transfers\\\/hansi-flick-gives-pablo-torre-hope-in-fcbarcelona_304145_102.html#breadcrumb\"},\"inLanguage\":\"en-US\",\"potentialAction\":[{\"@type\":\"ReadAction\",\"target\":[\"https:\\\/\\\/www.fcbarcelonanoticias.com\\\/en\\\/transfers\\\/hansi-flick-gives-pablo-torre-hope-in-fcbarcelona_304145_102.html\"]}]},{\"@type\":\"ImageObject\",\"inLanguage\":\"en-US\",\"@id\":\"https:\\\/\\\/www.fcbarcelonanoticias.com\\\/en\\\/transfers\\\/hansi-flick-gives-pablo-torre-hope-in-fcbarcelona_304145_102.html#primaryimage\",\"url\":\"https:\\\/\\\/www.fcbarcelonanoticias.com\\\/en\\\/wp-content\\\/uploads\\\/sites\\\/2\\\/2024\\\/06\\\/pablo-torre-con-el-girona.jpeg\",\"contentUrl\":\"https:\\\/\\\/www.fcbarcelonanoticias.com\\\/en\\\/wp-content\\\/uploads\\\/sites\\\/2\\\/2024\\\/06\\\/pablo-torre-con-el-girona.jpeg\",\"width\":1300,\"height\":730},{\"@type\":\"BreadcrumbList\",\"@id\":\"https:\\\/\\\/www.fcbarcelonanoticias.com\\\/en\\\/transfers\\\/hansi-flick-gives-pablo-torre-hope-in-fcbarcelona_304145_102.html#breadcrumb\",\"itemListElement\":[{\"@type\":\"ListItem\",\"position\":1,\"name\":\"Portada\",\"item\":\"https:\\\/\\\/www.fcbarcelonanoticias.com\\\/en\\\/\"},{\"@type\":\"ListItem\",\"position\":2,\"name\":\"Hansi Flick gives Pablo Torre hope in FC Barcelona\"}]},{\"@type\":\"WebSite\",\"@id\":\"https:\\\/\\\/www.fcbarcelonanoticias.com\\\/en\\\/#website\",\"url\":\"https:\\\/\\\/www.fcbarcelonanoticias.com\\\/en\\\/\",\"name\":\"EN - FC Barcelona Noticias\",\"description\":\"\",\"potentialAction\":[{\"@type\":\"SearchAction\",\"target\":{\"@type\":\"EntryPoint\",\"urlTemplate\":\"https:\\\/\\\/www.fcbarcelonanoticias.com\\\/en\\\/?s={search_term_string}\"},\"query-input\":{\"@type\":\"PropertyValueSpecification\",\"valueRequired\":true,\"valueName\":\"search_term_string\"}}],\"inLanguage\":\"en-US\"},{\"@type\":\"Person\",\"@id\":\"https:\\\/\\\/www.fcbarcelonanoticias.com\\\/en\\\/#\\\/schema\\\/person\\\/aa1d038709c262cb247e240f6b39bbf5\",\"name\":\"Carlos Montenegro\",\"image\":{\"@type\":\"ImageObject\",\"inLanguage\":\"en-US\",\"@id\":\"https:\\\/\\\/secure.gravatar.com\\\/avatar\\\/?s=96&d=mm&r=g\",\"url\":\"https:\\\/\\\/secure.gravatar.com\\\/avatar\\\/?s=96&d=mm&r=g\",\"contentUrl\":\"https:\\\/\\\/secure.gravatar.com\\\/avatar\\\/?s=96&d=mm&r=g\",\"caption\":\"Carlos Montenegro\"},\"url\":\"https:\\\/\\\/www.fcbarcelonanoticias.com\\\/en\\\/carlos-montenegro_20_115.html\"}]}<\/script>\n<!-- \/ Yoast SEO plugin. -->","yoast_head_json":{"title":"Hansi Flick gives Pablo Torre hope in FC Barcelona","description":"Pablo Torre had a season with high and low in Girona. However, the midfielder will return to Bar\u00e7a shortly with an opportunity to be able to stay in the cul\u00e9 entity","robots":{"index":"index","follow":"follow","max-snippet":"max-snippet:-1","max-image-preview":"max-image-preview:large","max-video-preview":"max-video-preview:-1"},"canonical":"https:\/\/www.fcbarcelonanoticias.com\/en\/transfers\/hansi-flick-gives-pablo-torre-hope-in-fcbarcelona_304145_102.html","og_locale":"en_US","og_type":"article","og_title":"Hansi Flick gives Pablo Torre hope in FC Barcelona","og_description":"Pablo Torre had a season with high and low in Girona. However, the midfielder will return to Bar\u00e7a shortly with an opportunity to be able to stay in the cul\u00e9 entity","og_url":"https:\/\/www.fcbarcelonanoticias.com\/en\/transfers\/hansi-flick-gives-pablo-torre-hope-in-fcbarcelona_304145_102.html","og_site_name":"EN - FC Barcelona Noticias","article_published_time":"2024-06-04T11:59:00+00:00","article_modified_time":"2024-06-04T23:21:00+00:00","og_image":[{"width":1300,"height":730,"url":"https:\/\/www.fcbarcelonanoticias.com\/en\/wp-content\/uploads\/sites\/2\/2024\/06\/pablo-torre-con-el-girona.jpeg","type":"image\/jpeg"}],"author":"Carlos Montenegro","twitter_card":"summary_large_image","twitter_misc":{"Written by":"Carlos Montenegro","Est. reading time":"2 minutes"},"schema":{"@context":"https:\/\/schema.org","@graph":[{"@type":"Article","@id":"https:\/\/www.fcbarcelonanoticias.com\/en\/transfers\/hansi-flick-gives-pablo-torre-hope-in-fcbarcelona_304145_102.html#article","isPartOf":{"@id":"https:\/\/www.fcbarcelonanoticias.com\/en\/transfers\/hansi-flick-gives-pablo-torre-hope-in-fcbarcelona_304145_102.html"},"author":{"name":"Carlos Montenegro","@id":"https:\/\/www.fcbarcelonanoticias.com\/en\/#\/schema\/person\/aa1d038709c262cb247e240f6b39bbf5"},"headline":"Hansi Flick gives Pablo Torre hope in FC Barcelona","datePublished":"2024-06-04T11:59:00+00:00","dateModified":"2024-06-04T23:21:00+00:00","mainEntityOfPage":{"@id":"https:\/\/www.fcbarcelonanoticias.com\/en\/transfers\/hansi-flick-gives-pablo-torre-hope-in-fcbarcelona_304145_102.html"},"wordCount":455,"image":{"@id":"https:\/\/www.fcbarcelonanoticias.com\/en\/transfers\/hansi-flick-gives-pablo-torre-hope-in-fcbarcelona_304145_102.html#primaryimage"},"thumbnailUrl":"https:\/\/www.fcbarcelonanoticias.com\/en\/wp-content\/uploads\/sites\/2\/2024\/06\/pablo-torre-con-el-girona.jpeg","keywords":["Girona","Hansi Flick"],"articleSection":["Transfers","Transfers"],"inLanguage":"en-US"},{"@type":"WebPage","@id":"https:\/\/www.fcbarcelonanoticias.com\/en\/transfers\/hansi-flick-gives-pablo-torre-hope-in-fcbarcelona_304145_102.html","url":"https:\/\/www.fcbarcelonanoticias.com\/en\/transfers\/hansi-flick-gives-pablo-torre-hope-in-fcbarcelona_304145_102.html","name":"Hansi Flick gives Pablo Torre hope in FC Barcelona","isPartOf":{"@id":"https:\/\/www.fcbarcelonanoticias.com\/en\/#website"},"primaryImageOfPage":{"@id":"https:\/\/www.fcbarcelonanoticias.com\/en\/transfers\/hansi-flick-gives-pablo-torre-hope-in-fcbarcelona_304145_102.html#primaryimage"},"image":{"@id":"https:\/\/www.fcbarcelonanoticias.com\/en\/transfers\/hansi-flick-gives-pablo-torre-hope-in-fcbarcelona_304145_102.html#primaryimage"},"thumbnailUrl":"https:\/\/www.fcbarcelonanoticias.com\/en\/wp-content\/uploads\/sites\/2\/2024\/06\/pablo-torre-con-el-girona.jpeg","datePublished":"2024-06-04T11:59:00+00:00","dateModified":"2024-06-04T23:21:00+00:00","author":{"@id":"https:\/\/www.fcbarcelonanoticias.com\/en\/#\/schema\/person\/aa1d038709c262cb247e240f6b39bbf5"},"description":"Pablo Torre had a season with high and low in Girona. However, the midfielder will return to Bar\u00e7a shortly with an opportunity to be able to stay in the cul\u00e9 entity","breadcrumb":{"@id":"https:\/\/www.fcbarcelonanoticias.com\/en\/transfers\/hansi-flick-gives-pablo-torre-hope-in-fcbarcelona_304145_102.html#breadcrumb"},"inLanguage":"en-US","potentialAction":[{"@type":"ReadAction","target":["https:\/\/www.fcbarcelonanoticias.com\/en\/transfers\/hansi-flick-gives-pablo-torre-hope-in-fcbarcelona_304145_102.html"]}]},{"@type":"ImageObject","inLanguage":"en-US","@id":"https:\/\/www.fcbarcelonanoticias.com\/en\/transfers\/hansi-flick-gives-pablo-torre-hope-in-fcbarcelona_304145_102.html#primaryimage","url":"https:\/\/www.fcbarcelonanoticias.com\/en\/wp-content\/uploads\/sites\/2\/2024\/06\/pablo-torre-con-el-girona.jpeg","contentUrl":"https:\/\/www.fcbarcelonanoticias.com\/en\/wp-content\/uploads\/sites\/2\/2024\/06\/pablo-torre-con-el-girona.jpeg","width":1300,"height":730},{"@type":"BreadcrumbList","@id":"https:\/\/www.fcbarcelonanoticias.com\/en\/transfers\/hansi-flick-gives-pablo-torre-hope-in-fcbarcelona_304145_102.html#breadcrumb","itemListElement":[{"@type":"ListItem","position":1,"name":"Portada","item":"https:\/\/www.fcbarcelonanoticias.com\/en\/"},{"@type":"ListItem","position":2,"name":"Hansi Flick gives Pablo Torre hope in FC Barcelona"}]},{"@type":"WebSite","@id":"https:\/\/www.fcbarcelonanoticias.com\/en\/#website","url":"https:\/\/www.fcbarcelonanoticias.com\/en\/","name":"EN - FC Barcelona Noticias","description":"","potentialAction":[{"@type":"SearchAction","target":{"@type":"EntryPoint","urlTemplate":"https:\/\/www.fcbarcelonanoticias.com\/en\/?s={search_term_string}"},"query-input":{"@type":"PropertyValueSpecification","valueRequired":true,"valueName":"search_term_string"}}],"inLanguage":"en-US"},{"@type":"Person","@id":"https:\/\/www.fcbarcelonanoticias.com\/en\/#\/schema\/person\/aa1d038709c262cb247e240f6b39bbf5","name":"Carlos Montenegro","image":{"@type":"ImageObject","inLanguage":"en-US","@id":"https:\/\/secure.gravatar.com\/avatar\/?s=96&d=mm&r=g","url":"https:\/\/secure.gravatar.com\/avatar\/?s=96&d=mm&r=g","contentUrl":"https:\/\/secure.gravatar.com\/avatar\/?s=96&d=mm&r=g","caption":"Carlos Montenegro"},"url":"https:\/\/www.fcbarcelonanoticias.com\/en\/carlos-montenegro_20_115.html"}]}},"_links":{"self":[{"href":"https:\/\/www.fcbarcelonanoticias.com\/en\/wp-json\/wp\/v2\/posts\/130559","targetHints":{"allow":["GET"]}}],"collection":[{"href":"https:\/\/www.fcbarcelonanoticias.com\/en\/wp-json\/wp\/v2\/posts"}],"about":[{"href":"https:\/\/www.fcbarcelonanoticias.com\/en\/wp-json\/wp\/v2\/types\/post"}],"author":[{"embeddable":true,"href":"https:\/\/www.fcbarcelonanoticias.com\/en\/wp-json\/wp\/v2\/users\/345"}],"replies":[{"embeddable":true,"href":"https:\/\/www.fcbarcelonanoticias.com\/en\/wp-json\/wp\/v2\/comments?post=130559"}],"version-history":[{"count":1,"href":"https:\/\/www.fcbarcelonanoticias.com\/en\/wp-json\/wp\/v2\/posts\/130559\/revisions"}],"predecessor-version":[{"id":151764,"href":"https:\/\/www.fcbarcelonanoticias.com\/en\/wp-json\/wp\/v2\/posts\/130559\/revisions\/151764"}],"wp:featuredmedia":[{"embeddable":true,"href":"https:\/\/www.fcbarcelonanoticias.com\/en\/wp-json\/wp\/v2\/media\/130560"}],"wp:attachment":[{"href":"https:\/\/www.fcbarcelonanoticias.com\/en\/wp-json\/wp\/v2\/media?parent=130559"}],"wp:term":[{"taxonomy":"category","embeddable":true,"href":"https:\/\/www.fcbarcelonanoticias.com\/en\/wp-json\/wp\/v2\/categories?post=130559"},{"taxonomy":"post_tag","embeddable":true,"href":"https:\/\/www.fcbarcelonanoticias.com\/en\/wp-json\/wp\/v2\/tags?post=130559"}],"curies":[{"name":"wp","href":"https:\/\/api.w.org\/{rel}","templated":true}]}}