{"id":130561,"date":"2023-05-07T13:13:00","date_gmt":"2023-05-07T11:13:00","guid":{"rendered":"https:\/\/weisetech.dev\/fc-barcelona-noticias\/en\/gundogan-demands-create-suspicion-at-barca_292168_102\/"},"modified":"2023-05-07T18:36:00","modified_gmt":"2023-05-07T16:36:00","slug":"gundogan-demands-create-suspicion-at-barca_292168_102","status":"publish","type":"post","link":"https:\/\/www.fcbarcelonanoticias.com\/en\/transfers\/gundogan-demands-create-suspicion-at-barca_292168_102.html","title":{"rendered":"G\u00fcndogan&#8217;s demands create suspicion at Bar\u00e7a"},"content":{"rendered":"<h2 class=\"wp-block-heading\">From the Camp Nou they work to make a new leap in quality within the Bar\u00e7a squad, although the conditions of some operations are still not too clear<\/h2>  \r\n<div class=\"article-addons\">\r\n    <a href=\"https:\/\/www.fcbarcelonanoticias.com\/en\/calendar-fc-barcelona.html\"\r\n       target=\"_self\"\r\n       title=\"Calendar of FC Barcelona\"\r\n       class=\"blue-gredient-btn\">\r\n       \r\n        Calendar of FC Barcelona    <\/a>\r\n<\/div>   <p><a data-external=\"0\" data-intl-links-en=\"https:\/\/www.fcbarcelonanoticias.com\/en\/fc-barcelona\" data-intl-links-es=\"https:\/\/www.fcbarcelonanoticias.com\/fc-barcelona\" href=\"https:\/\/www.fcbarcelonanoticias.com\/en\/football-soccer\/fc-barcelona.html\" rel=\"follow\" target=\"_self\" title=\"FC Barcelona\">The FC Barcelona<\/a> wants to reinforce his centre of the field the next season with Ilkay G\u00fcndogan, an operation in which the negotiations are very advanced, but from the directive do not finish to see the very clear operation. <strong>And it is that &#8216;Sport&#8217; informs that the wage that sues the German footballer by the next two seasons follows seeming a problem.<\/strong><\/p>  <p>Both parts have a principle of agreement until 2025, with a third year like optional, although for a footballer that already has 32 years, <strong>in the dispatches do not finish to be safe if it is the best option by an upper index card to the 5 net millions by course. <\/strong>Surely this, and that the German was contesting still all the titles with the Manchester City is what has done that they still have not signed the agreements.<\/p>  <h2>They are several conditionings to take into account<\/h2>  <p>The information aims that the Bar\u00e7a sees in G\u00fcndogan polyvalent for his midfield and with the capacity to adapt quickly to the style blaugrana, although no thus they plan to throw the house by the window. Something very common of a footballer that comes to be several years in the Premier League, <strong>the reality is that since they initiated the conversations the demands of the player regarding wage always have been elevated.<\/strong><\/p>  <p>In fact, <strong>in the English team offered a year of agreement with a sensitive discount of wage and G\u00fcndogan finally has decided not accepting <a data-external=\"0\" data-intl-links-en=\"https:\/\/www.fcbarcelonanoticias.com\/en\/transfers\/message-pep-guardiola-barca-about-future-gundogan_292155_102.html\" data-intl-links-es=\"https:\/\/www.fcbarcelonanoticias.com\/fichajes\/recado-pep-guardiola-barca-sobre-futuro-gundogan_292155_102.html\" href=\"https:\/\/www.fcbarcelonanoticias.com\/en\/transfers\/message-pep-guardiola-barca-about-future-gundogan_292155_102.html\" rel=\"follow\" target=\"_self\" title=\"El 'recado' de Pep Guardiola al Bar\u00e7a sobre el futuro de G\u00fcndogan\">and try a new stage in his career<\/a>.<\/strong> There it appeared the Bar\u00e7a, although the sportive direction cul\u00e9 follows thinking that the international with Germany has to consider an even more low index card, something that could put the operation in &#8216;stand by&#8217;.<\/p>  <h2>The age is a factor to consider for a no vital role inside the team<\/h2>  <p>With his 33 years arriving in the month of October, in the Catalan club do not finish to be convinced to pay him the wage that sues because it would mean almost close this position for the next two years, at least. <strong>Xavi has left clear that G\u00fcndogan is a profile of mediocampista that wants yes or yes for his next project, but from the entity need that the footballer do a last effort regarding the final wage.<\/strong><\/p> ","protected":false},"excerpt":{"rendered":"<p>From the Camp Nou they work to make a new leap in quality within the Bar\u00e7a squad, although the conditions of some operations are still not too clear The FC Barcelona wants to reinforce his centre of the field the next season with Ilkay G\u00fcndogan, an operation in which the negotiations are very advanced, but [&hellip;]<\/p>\n","protected":false},"author":345,"featured_media":130562,"comment_status":"closed","ping_status":"open","sticky":false,"template":"","format":"standard","meta":{"_acf_changed":false,"inline_featured_image":false,"_nextfly_llmd_date_locked":false,"footnotes":""},"categories":[106,449],"tags":[170,158,48],"class_list":["post-130561","post","type-post","status-publish","format-standard","has-post-thumbnail","hentry","category-transfers","category-transfers-2","tag-ilkay-gundogan","tag-joan-laporta","tag-xavi-hernandez"],"acf":[],"yoast_head":"<!-- This site is optimized with the Yoast SEO plugin v27.3 - https:\/\/yoast.com\/product\/yoast-seo-wordpress\/ -->\n<title>G\u00fcndogan&#039;s demands create suspicion at Bar\u00e7a<\/title>\n<meta name=\"description\" content=\"From the Camp Nou they work to make a new leap in quality within the Bar\u00e7a squad, although the conditions of some operations are still not too clear\" \/>\n<meta name=\"robots\" content=\"index, follow, max-snippet:-1, max-image-preview:large, max-video-preview:-1\" \/>\n<link rel=\"canonical\" href=\"https:\/\/www.fcbarcelonanoticias.com\/en\/transfers\/gundogan-demands-create-suspicion-at-barca_292168_102.html\" \/>\n<meta property=\"og:locale\" content=\"en_US\" \/>\n<meta property=\"og:type\" content=\"article\" \/>\n<meta property=\"og:title\" content=\"G\u00fcndogan&#039;s demands create suspicion at Bar\u00e7a\" \/>\n<meta property=\"og:description\" content=\"From the Camp Nou they work to make a new leap in quality within the Bar\u00e7a squad, although the conditions of some operations are still not too clear\" \/>\n<meta property=\"og:url\" content=\"https:\/\/www.fcbarcelonanoticias.com\/en\/transfers\/gundogan-demands-create-suspicion-at-barca_292168_102.html\" \/>\n<meta property=\"og:site_name\" content=\"EN - FC Barcelona Noticias\" \/>\n<meta property=\"article:published_time\" content=\"2023-05-07T11:13:00+00:00\" \/>\n<meta property=\"article:modified_time\" content=\"2023-05-07T16:36:00+00:00\" \/>\n<meta property=\"og:image\" content=\"https:\/\/www.fcbarcelonanoticias.com\/en\/wp-content\/uploads\/sites\/2\/2023\/05\/ilkay-gundogan-partido2-1.jpeg\" \/>\n\t<meta property=\"og:image:width\" content=\"1300\" \/>\n\t<meta property=\"og:image:height\" content=\"735\" \/>\n\t<meta property=\"og:image:type\" content=\"image\/jpeg\" \/>\n<meta name=\"author\" content=\"Carlos Montenegro\" \/>\n<meta name=\"twitter:card\" content=\"summary_large_image\" \/>\n<meta name=\"twitter:label1\" content=\"Written by\" \/>\n\t<meta name=\"twitter:data1\" content=\"Carlos Montenegro\" \/>\n\t<meta name=\"twitter:label2\" content=\"Est. reading time\" \/>\n\t<meta name=\"twitter:data2\" content=\"2 minutes\" \/>\n<script type=\"application\/ld+json\" class=\"yoast-schema-graph\">{\"@context\":\"https:\\\/\\\/schema.org\",\"@graph\":[{\"@type\":\"Article\",\"@id\":\"https:\\\/\\\/www.fcbarcelonanoticias.com\\\/en\\\/transfers\\\/gundogan-demands-create-suspicion-at-barca_292168_102.html#article\",\"isPartOf\":{\"@id\":\"https:\\\/\\\/www.fcbarcelonanoticias.com\\\/en\\\/transfers\\\/gundogan-demands-create-suspicion-at-barca_292168_102.html\"},\"author\":{\"name\":\"Carlos Montenegro\",\"@id\":\"https:\\\/\\\/www.fcbarcelonanoticias.com\\\/en\\\/#\\\/schema\\\/person\\\/aa1d038709c262cb247e240f6b39bbf5\"},\"headline\":\"G\u00fcndogan&#8217;s demands create suspicion at Bar\u00e7a\",\"datePublished\":\"2023-05-07T11:13:00+00:00\",\"dateModified\":\"2023-05-07T16:36:00+00:00\",\"mainEntityOfPage\":{\"@id\":\"https:\\\/\\\/www.fcbarcelonanoticias.com\\\/en\\\/transfers\\\/gundogan-demands-create-suspicion-at-barca_292168_102.html\"},\"wordCount\":421,\"image\":{\"@id\":\"https:\\\/\\\/www.fcbarcelonanoticias.com\\\/en\\\/transfers\\\/gundogan-demands-create-suspicion-at-barca_292168_102.html#primaryimage\"},\"thumbnailUrl\":\"https:\\\/\\\/www.fcbarcelonanoticias.com\\\/en\\\/wp-content\\\/uploads\\\/sites\\\/2\\\/2023\\\/05\\\/ilkay-gundogan-partido2-1.jpeg\",\"keywords\":[\"Ilkay G\u00fcndogan\",\"Joan Laporta\",\"Xavi Hern\u00e1ndez\"],\"articleSection\":[\"Transfers\",\"Transfers\"],\"inLanguage\":\"en-US\"},{\"@type\":\"WebPage\",\"@id\":\"https:\\\/\\\/www.fcbarcelonanoticias.com\\\/en\\\/transfers\\\/gundogan-demands-create-suspicion-at-barca_292168_102.html\",\"url\":\"https:\\\/\\\/www.fcbarcelonanoticias.com\\\/en\\\/transfers\\\/gundogan-demands-create-suspicion-at-barca_292168_102.html\",\"name\":\"G\u00fcndogan's demands create suspicion at Bar\u00e7a\",\"isPartOf\":{\"@id\":\"https:\\\/\\\/www.fcbarcelonanoticias.com\\\/en\\\/#website\"},\"primaryImageOfPage\":{\"@id\":\"https:\\\/\\\/www.fcbarcelonanoticias.com\\\/en\\\/transfers\\\/gundogan-demands-create-suspicion-at-barca_292168_102.html#primaryimage\"},\"image\":{\"@id\":\"https:\\\/\\\/www.fcbarcelonanoticias.com\\\/en\\\/transfers\\\/gundogan-demands-create-suspicion-at-barca_292168_102.html#primaryimage\"},\"thumbnailUrl\":\"https:\\\/\\\/www.fcbarcelonanoticias.com\\\/en\\\/wp-content\\\/uploads\\\/sites\\\/2\\\/2023\\\/05\\\/ilkay-gundogan-partido2-1.jpeg\",\"datePublished\":\"2023-05-07T11:13:00+00:00\",\"dateModified\":\"2023-05-07T16:36:00+00:00\",\"author\":{\"@id\":\"https:\\\/\\\/www.fcbarcelonanoticias.com\\\/en\\\/#\\\/schema\\\/person\\\/aa1d038709c262cb247e240f6b39bbf5\"},\"description\":\"From the Camp Nou they work to make a new leap in quality within the Bar\u00e7a squad, although the conditions of some operations are still not too clear\",\"breadcrumb\":{\"@id\":\"https:\\\/\\\/www.fcbarcelonanoticias.com\\\/en\\\/transfers\\\/gundogan-demands-create-suspicion-at-barca_292168_102.html#breadcrumb\"},\"inLanguage\":\"en-US\",\"potentialAction\":[{\"@type\":\"ReadAction\",\"target\":[\"https:\\\/\\\/www.fcbarcelonanoticias.com\\\/en\\\/transfers\\\/gundogan-demands-create-suspicion-at-barca_292168_102.html\"]}]},{\"@type\":\"ImageObject\",\"inLanguage\":\"en-US\",\"@id\":\"https:\\\/\\\/www.fcbarcelonanoticias.com\\\/en\\\/transfers\\\/gundogan-demands-create-suspicion-at-barca_292168_102.html#primaryimage\",\"url\":\"https:\\\/\\\/www.fcbarcelonanoticias.com\\\/en\\\/wp-content\\\/uploads\\\/sites\\\/2\\\/2023\\\/05\\\/ilkay-gundogan-partido2-1.jpeg\",\"contentUrl\":\"https:\\\/\\\/www.fcbarcelonanoticias.com\\\/en\\\/wp-content\\\/uploads\\\/sites\\\/2\\\/2023\\\/05\\\/ilkay-gundogan-partido2-1.jpeg\",\"width\":1300,\"height\":735},{\"@type\":\"BreadcrumbList\",\"@id\":\"https:\\\/\\\/www.fcbarcelonanoticias.com\\\/en\\\/transfers\\\/gundogan-demands-create-suspicion-at-barca_292168_102.html#breadcrumb\",\"itemListElement\":[{\"@type\":\"ListItem\",\"position\":1,\"name\":\"Portada\",\"item\":\"https:\\\/\\\/www.fcbarcelonanoticias.com\\\/en\\\/\"},{\"@type\":\"ListItem\",\"position\":2,\"name\":\"G\u00fcndogan&#8217;s demands create suspicion at Bar\u00e7a\"}]},{\"@type\":\"WebSite\",\"@id\":\"https:\\\/\\\/www.fcbarcelonanoticias.com\\\/en\\\/#website\",\"url\":\"https:\\\/\\\/www.fcbarcelonanoticias.com\\\/en\\\/\",\"name\":\"EN - FC Barcelona Noticias\",\"description\":\"\",\"potentialAction\":[{\"@type\":\"SearchAction\",\"target\":{\"@type\":\"EntryPoint\",\"urlTemplate\":\"https:\\\/\\\/www.fcbarcelonanoticias.com\\\/en\\\/?s={search_term_string}\"},\"query-input\":{\"@type\":\"PropertyValueSpecification\",\"valueRequired\":true,\"valueName\":\"search_term_string\"}}],\"inLanguage\":\"en-US\"},{\"@type\":\"Person\",\"@id\":\"https:\\\/\\\/www.fcbarcelonanoticias.com\\\/en\\\/#\\\/schema\\\/person\\\/aa1d038709c262cb247e240f6b39bbf5\",\"name\":\"Carlos Montenegro\",\"image\":{\"@type\":\"ImageObject\",\"inLanguage\":\"en-US\",\"@id\":\"https:\\\/\\\/secure.gravatar.com\\\/avatar\\\/?s=96&d=mm&r=g\",\"url\":\"https:\\\/\\\/secure.gravatar.com\\\/avatar\\\/?s=96&d=mm&r=g\",\"contentUrl\":\"https:\\\/\\\/secure.gravatar.com\\\/avatar\\\/?s=96&d=mm&r=g\",\"caption\":\"Carlos Montenegro\"},\"url\":\"https:\\\/\\\/www.fcbarcelonanoticias.com\\\/en\\\/carlos-montenegro_20_115.html\"}]}<\/script>\n<!-- \/ Yoast SEO plugin. -->","yoast_head_json":{"title":"G\u00fcndogan's demands create suspicion at Bar\u00e7a","description":"From the Camp Nou they work to make a new leap in quality within the Bar\u00e7a squad, although the conditions of some operations are still not too clear","robots":{"index":"index","follow":"follow","max-snippet":"max-snippet:-1","max-image-preview":"max-image-preview:large","max-video-preview":"max-video-preview:-1"},"canonical":"https:\/\/www.fcbarcelonanoticias.com\/en\/transfers\/gundogan-demands-create-suspicion-at-barca_292168_102.html","og_locale":"en_US","og_type":"article","og_title":"G\u00fcndogan's demands create suspicion at Bar\u00e7a","og_description":"From the Camp Nou they work to make a new leap in quality within the Bar\u00e7a squad, although the conditions of some operations are still not too clear","og_url":"https:\/\/www.fcbarcelonanoticias.com\/en\/transfers\/gundogan-demands-create-suspicion-at-barca_292168_102.html","og_site_name":"EN - FC Barcelona Noticias","article_published_time":"2023-05-07T11:13:00+00:00","article_modified_time":"2023-05-07T16:36:00+00:00","og_image":[{"width":1300,"height":735,"url":"https:\/\/www.fcbarcelonanoticias.com\/en\/wp-content\/uploads\/sites\/2\/2023\/05\/ilkay-gundogan-partido2-1.jpeg","type":"image\/jpeg"}],"author":"Carlos Montenegro","twitter_card":"summary_large_image","twitter_misc":{"Written by":"Carlos Montenegro","Est. reading time":"2 minutes"},"schema":{"@context":"https:\/\/schema.org","@graph":[{"@type":"Article","@id":"https:\/\/www.fcbarcelonanoticias.com\/en\/transfers\/gundogan-demands-create-suspicion-at-barca_292168_102.html#article","isPartOf":{"@id":"https:\/\/www.fcbarcelonanoticias.com\/en\/transfers\/gundogan-demands-create-suspicion-at-barca_292168_102.html"},"author":{"name":"Carlos Montenegro","@id":"https:\/\/www.fcbarcelonanoticias.com\/en\/#\/schema\/person\/aa1d038709c262cb247e240f6b39bbf5"},"headline":"G\u00fcndogan&#8217;s demands create suspicion at Bar\u00e7a","datePublished":"2023-05-07T11:13:00+00:00","dateModified":"2023-05-07T16:36:00+00:00","mainEntityOfPage":{"@id":"https:\/\/www.fcbarcelonanoticias.com\/en\/transfers\/gundogan-demands-create-suspicion-at-barca_292168_102.html"},"wordCount":421,"image":{"@id":"https:\/\/www.fcbarcelonanoticias.com\/en\/transfers\/gundogan-demands-create-suspicion-at-barca_292168_102.html#primaryimage"},"thumbnailUrl":"https:\/\/www.fcbarcelonanoticias.com\/en\/wp-content\/uploads\/sites\/2\/2023\/05\/ilkay-gundogan-partido2-1.jpeg","keywords":["Ilkay G\u00fcndogan","Joan Laporta","Xavi Hern\u00e1ndez"],"articleSection":["Transfers","Transfers"],"inLanguage":"en-US"},{"@type":"WebPage","@id":"https:\/\/www.fcbarcelonanoticias.com\/en\/transfers\/gundogan-demands-create-suspicion-at-barca_292168_102.html","url":"https:\/\/www.fcbarcelonanoticias.com\/en\/transfers\/gundogan-demands-create-suspicion-at-barca_292168_102.html","name":"G\u00fcndogan's demands create suspicion at Bar\u00e7a","isPartOf":{"@id":"https:\/\/www.fcbarcelonanoticias.com\/en\/#website"},"primaryImageOfPage":{"@id":"https:\/\/www.fcbarcelonanoticias.com\/en\/transfers\/gundogan-demands-create-suspicion-at-barca_292168_102.html#primaryimage"},"image":{"@id":"https:\/\/www.fcbarcelonanoticias.com\/en\/transfers\/gundogan-demands-create-suspicion-at-barca_292168_102.html#primaryimage"},"thumbnailUrl":"https:\/\/www.fcbarcelonanoticias.com\/en\/wp-content\/uploads\/sites\/2\/2023\/05\/ilkay-gundogan-partido2-1.jpeg","datePublished":"2023-05-07T11:13:00+00:00","dateModified":"2023-05-07T16:36:00+00:00","author":{"@id":"https:\/\/www.fcbarcelonanoticias.com\/en\/#\/schema\/person\/aa1d038709c262cb247e240f6b39bbf5"},"description":"From the Camp Nou they work to make a new leap in quality within the Bar\u00e7a squad, although the conditions of some operations are still not too clear","breadcrumb":{"@id":"https:\/\/www.fcbarcelonanoticias.com\/en\/transfers\/gundogan-demands-create-suspicion-at-barca_292168_102.html#breadcrumb"},"inLanguage":"en-US","potentialAction":[{"@type":"ReadAction","target":["https:\/\/www.fcbarcelonanoticias.com\/en\/transfers\/gundogan-demands-create-suspicion-at-barca_292168_102.html"]}]},{"@type":"ImageObject","inLanguage":"en-US","@id":"https:\/\/www.fcbarcelonanoticias.com\/en\/transfers\/gundogan-demands-create-suspicion-at-barca_292168_102.html#primaryimage","url":"https:\/\/www.fcbarcelonanoticias.com\/en\/wp-content\/uploads\/sites\/2\/2023\/05\/ilkay-gundogan-partido2-1.jpeg","contentUrl":"https:\/\/www.fcbarcelonanoticias.com\/en\/wp-content\/uploads\/sites\/2\/2023\/05\/ilkay-gundogan-partido2-1.jpeg","width":1300,"height":735},{"@type":"BreadcrumbList","@id":"https:\/\/www.fcbarcelonanoticias.com\/en\/transfers\/gundogan-demands-create-suspicion-at-barca_292168_102.html#breadcrumb","itemListElement":[{"@type":"ListItem","position":1,"name":"Portada","item":"https:\/\/www.fcbarcelonanoticias.com\/en\/"},{"@type":"ListItem","position":2,"name":"G\u00fcndogan&#8217;s demands create suspicion at Bar\u00e7a"}]},{"@type":"WebSite","@id":"https:\/\/www.fcbarcelonanoticias.com\/en\/#website","url":"https:\/\/www.fcbarcelonanoticias.com\/en\/","name":"EN - FC Barcelona Noticias","description":"","potentialAction":[{"@type":"SearchAction","target":{"@type":"EntryPoint","urlTemplate":"https:\/\/www.fcbarcelonanoticias.com\/en\/?s={search_term_string}"},"query-input":{"@type":"PropertyValueSpecification","valueRequired":true,"valueName":"search_term_string"}}],"inLanguage":"en-US"},{"@type":"Person","@id":"https:\/\/www.fcbarcelonanoticias.com\/en\/#\/schema\/person\/aa1d038709c262cb247e240f6b39bbf5","name":"Carlos Montenegro","image":{"@type":"ImageObject","inLanguage":"en-US","@id":"https:\/\/secure.gravatar.com\/avatar\/?s=96&d=mm&r=g","url":"https:\/\/secure.gravatar.com\/avatar\/?s=96&d=mm&r=g","contentUrl":"https:\/\/secure.gravatar.com\/avatar\/?s=96&d=mm&r=g","caption":"Carlos Montenegro"},"url":"https:\/\/www.fcbarcelonanoticias.com\/en\/carlos-montenegro_20_115.html"}]}},"_links":{"self":[{"href":"https:\/\/www.fcbarcelonanoticias.com\/en\/wp-json\/wp\/v2\/posts\/130561","targetHints":{"allow":["GET"]}}],"collection":[{"href":"https:\/\/www.fcbarcelonanoticias.com\/en\/wp-json\/wp\/v2\/posts"}],"about":[{"href":"https:\/\/www.fcbarcelonanoticias.com\/en\/wp-json\/wp\/v2\/types\/post"}],"author":[{"embeddable":true,"href":"https:\/\/www.fcbarcelonanoticias.com\/en\/wp-json\/wp\/v2\/users\/345"}],"replies":[{"embeddable":true,"href":"https:\/\/www.fcbarcelonanoticias.com\/en\/wp-json\/wp\/v2\/comments?post=130561"}],"version-history":[{"count":1,"href":"https:\/\/www.fcbarcelonanoticias.com\/en\/wp-json\/wp\/v2\/posts\/130561\/revisions"}],"predecessor-version":[{"id":151758,"href":"https:\/\/www.fcbarcelonanoticias.com\/en\/wp-json\/wp\/v2\/posts\/130561\/revisions\/151758"}],"wp:featuredmedia":[{"embeddable":true,"href":"https:\/\/www.fcbarcelonanoticias.com\/en\/wp-json\/wp\/v2\/media\/130562"}],"wp:attachment":[{"href":"https:\/\/www.fcbarcelonanoticias.com\/en\/wp-json\/wp\/v2\/media?parent=130561"}],"wp:term":[{"taxonomy":"category","embeddable":true,"href":"https:\/\/www.fcbarcelonanoticias.com\/en\/wp-json\/wp\/v2\/categories?post=130561"},{"taxonomy":"post_tag","embeddable":true,"href":"https:\/\/www.fcbarcelonanoticias.com\/en\/wp-json\/wp\/v2\/tags?post=130561"}],"curies":[{"name":"wp","href":"https:\/\/api.w.org\/{rel}","templated":true}]}}