{"id":130571,"date":"2024-12-13T00:12:00","date_gmt":"2024-12-12T23:12:00","guid":{"rendered":"https:\/\/weisetech.dev\/fc-barcelona-noticias\/en\/haaland-vs-gy-keres-who-should-barca-sign_309275_102\/"},"modified":"2024-12-13T03:09:00","modified_gmt":"2024-12-13T02:09:00","slug":"haaland-vs-gy-keres-who-should-barca-sign_309275_102","status":"publish","type":"post","link":"https:\/\/www.fcbarcelonanoticias.com\/en\/transfers\/haaland-vs-gy-keres-who-should-barca-sign_309275_102.html","title":{"rendered":"Haaland vs Gy\u00f6keres: Who should Bar\u00e7a sign?"},"content":{"rendered":"<h2 class=\"wp-block-heading\">The FC Barcelona board is looking for the ideal &#8216;9&#8217; to succeed Robert Lewandowski. Joan Laporta and Deco&#8217;s preferred options are Erling Haaland and Viktor Gy\u00f6keres, respectively<\/h2>  \r\n<div class=\"article-addons\">\r\n    <a href=\"https:\/\/www.fcbarcelonanoticias.com\/en\/calendar-fc-barcelona.html\"\r\n       target=\"_self\"\r\n       title=\"Calendar of FC Barcelona\"\r\n       class=\"blue-gredient-btn\">\r\n       \r\n        Calendar of FC Barcelona    <\/a>\r\n<\/div>   <p>Erling Haaland and Viktor Gy\u00f6keres are shaping up to be the most lethal scorers in European football for the future. The Swede has exploded this season with numbers even surpassing the &#8216;killer&#8217; from Manchester City (<strong>25 goals in 23 matches, 7 more than the &#8216;Cyborg&#8217; in 22 appearances<\/strong>), although age and experience still tip the balance against the Sporting CP striker.<\/p>  <p>            <\/p> <div class=\"poll-wrapper\" id=\"poll_401\">             <div class=\"poll-content\">                 <div class=\"poll-top\">                     <span class=\"category\">THE POLL<\/span>                     <span class=\"title\">Who should be Lewandowski&#8217;s successor at Bar\u00e7a?<\/span>                 <\/div>                 <div class=\"poll-bottom loading\" data-container=\"40160dee1eb5bb200.87012500 1763053509en\">                 <\/div>             <\/div>         <\/div>                 <div data-poll-element=\"poll_401\" data-poll-id=\"401\" data-fetch-url=\"\/_call?controller=ComitiumSuite%5CBundle%5CCSBundle%5CWidgets%5CPoll%5CController%5CWidgetController&amp;action=fetchPoll&amp;_parameters=kqC4I1IfX63opO%252FsCjT6ALJPN23RRNXgwNBAX6PyEqc9u0kZo0r7mUP%252Bq8lcek1J2GKA9qa4Oe%252FT52QfugW9iL%252FnMdclKcVNLjN35iZQkZgQEOGghnr0Q0iLtzVjooRxQOT4J3U8R4pw8qZxN9Rfr%252Bc86hPKExF%252BhgdpuJOC%252BLLHa3Ig2c1MEzuo11twa8D5bhEZQ6w3jIP7IhS3gbXAwpJHAOMcjDMS9IEwpGM6raAEcz2Gp%252B4AFT8kScwrT%252FZTErN20QQzzfaHmoKDiYmJTQVGkRWpFct2j35yHSrOS4tydCe%252FU7vjU6rG2voT4cbK7X3z6LhcO02KVOwe83VPhJeSuvP4NeTG%252FKe%252FV8gIl2rxbs0ar8oPUQboS8kWUu5pcLrwUxD5zgFS1FRiF%252B%252Bf1ySmA02GZpG5MiJzNw8nn4kddbGaq7xIVKBP67tOHfHWDUaoU4Q6ACkr3jm4YhNWpoZPd5jy57lsSeU1L9eWTWWgTLsRIXnzmKlGfASLoT8zOc71ikdTnZrBkgIDYQpFF9ToFqAxSorTtywBsx%252BrIS9YwdCJuiv8JKa6OmkiomxbTvZFHjwY8cAvMVNKKCSR5mwFXupoBYwFB1dY0h4E5aqYyRccUymiUMQJVsysg79QgTBPAhBkpP%252BlpsSeO0ZTlnCVz9REr45I7DRt1k0JUEwASCdZsoV7uYqEPO9qsBnzk3XbizC7wHhVAa3j%252FREwoMoqeAODHwbQBE4jQDWpoGuNfOUoMxJ7qpynA5jcqjxbdvowz9ulgvYjtj8NcuKK%252FxbCzBhpRA9gawLrfkxG9YEAhH5q7MCjB0lKwqWPGSTJy2hzPNk2lvMgYHvlxQMWh88G6EBXo6TBNgVu3%252Frz0Mg%253D&amp;_locale=en&amp;_poll_id=401\" data-save-url=\"\/_call?controller=ComitiumSuite%5CBundle%5CCSBundle%5CWidgets%5CPoll%5CController%5CWidgetController&amp;action=saveVoteToQueue&amp;_parameters=kqC4I1IfX63opO%252FsCjT6ALJPN23RRNXgwNBAX6PyEqc9u0kZo0r7mUP%252Bq8lcek1J2GKA9qa4Oe%252FT52QfugW9iL%252FnMdclKcVNLjN35iZQkZgQEOGghnr0Q0iLtzVjooRxQOT4J3U8R4pw8qZxN9Rfr%252Bc86hPKExF%252BhgdpuJOC%252BLLHa3Ig2c1MEzuo11twa8D5bhEZQ6w3jIP7IhS3gbXAwpJHAOMcjDMS9IEwpGM6raAEcz2Gp%252B4AFT8kScwrT%252FZTErN20QQzzfaHmoKDiYmJTQVGkRWpFct2j35yHSrOS4tydCe%252FU7vjU6rG2voT4cbK7X3z6LhcO02KVOwe83VPhJeSuvP4NeTG%252FKe%252FV8gIl2rxbs0ar8oPUQboS8kWUu5pcLrwUxD5zgFS1FRiF%252B%252Bf1ySmA02GZpG5MiJzNw8nn4kddbGaq7xIVKBP67tOHfHWDUaoU4Q6ACkr3jm4YhNWpoZPd5jy57lsSeU1L9eWTWWgTLsRIXnzmKlGfASLoT8zOc71ikdTnZrBkgIDYQpFF9ToFqAxSorTtywBsx%252BrIS9YwdCJuiv8JKa6OmkiomxbTvZFHjwY8cAvMVNKKCSR5mwFXupoBYwFB1dY0h4E5aqYyRccUymiUMQJVsysg79QgTBPAhBkpP%252BlpsSeO0ZTlnCVz9REr45I7DRt1k0JUEwASCdZsoV7uYqEPO9qsBnzk3XbizC7wHhVAa3j%252FREwoMoqeAODHwbQBE4jQDWpoGuNfOUoMxJ7qpynA5jcqjxbdvowz9ulgvYjtj8NcuKK%252FxbCzBhpRA9gawLrfkxG9YEAhH5q7MCjB0lKwqWPGSTJy2hzPNk2lvMgYHvlxQMWh88G6EBXo6TBNgVu3%252Frz0Mg%253D&amp;_poll_id=401\" data-locale=\"en\" data-uuid=\"60dee1eb5bb200.87012500 1763053509\"><\/div>       <p>Beyond the statistics, the FC Barcelona board sees the signing of either player as a strategic operation. It will be the largest outlay for a player in a long time, in addition to taking on a very high contract for no less than five years.<strong> <a data-external=\"0\" data-intl-links-en=\"https:\/\/www.fcbarcelonanoticias.com\/en\/transfers\" data-intl-links-es=\"https:\/\/www.fcbarcelonanoticias.com\/fichajes\" href=\"https:\/\/www.fcbarcelonanoticias.com\/en\/fc-barcelona\/transfers.html\" rel=\"follow\" target=\"_self\" title=\"The latest on Bar\u00e7a's transfer market\">The club&#8217;s goal is to sign Robert Lewandowski&#8217;s successor<\/a>&nbsp;<\/strong>and, furthermore, make a statement with who will be the first major &#8216;crack&#8217; to excite the fans of the new Spotify&nbsp;Camp Nou.<\/p>  <h3>Haaland, Joan Laporta&#8217;s unattainable dream<\/h3>  <p>For Joan Laporta, the Norwegian remains almost an obsession for the future. <strong>The president knows that the &#8216;9&#8217; will have a clause that allows him to leave Manchester City for a reasonable price (less than \u20ac200M)<\/strong> in 2026, whether to Bar\u00e7a or Real Madrid. For the club, the operation is practically impossible for the summer of 2025, but a year later, with the Spotify Camp Nou fully renovated, the situation will be much more favorable to pursue what could be the signing of the decade for the cul\u00e9s.<\/p>  <h3>Gy\u00f6keres, an option that could be much more profitable<\/h3>  <p>The Swede, for his part, is gaining traction as Deco&#8217;s fixed bet. Initially, Sporting CP expects to close a record sale, exceeding 100 &#8216;kilos&#8217; for the Stockholm native, but <strong>the azulgrana sporting director hopes to negotiate a transfer in the range of \u20ac70-80M<\/strong>. At least that\u2019s how they see it in Portugal, where rumors about his departure from the Jos\u00e9 Alvalade stadium have notably increased since R\u00faben Amorim&#8217;s move to Manchester United.<\/p> ","protected":false},"excerpt":{"rendered":"<p>The FC Barcelona board is looking for the ideal &#8216;9&#8217; to succeed Robert Lewandowski. Joan Laporta and Deco&#8217;s preferred options are Erling Haaland and Viktor Gy\u00f6keres, respectively Erling Haaland and Viktor Gy\u00f6keres are shaping up to be the most lethal scorers in European football for the future. The Swede has exploded this season with numbers [&hellip;]<\/p>\n","protected":false},"author":347,"featured_media":130572,"comment_status":"closed","ping_status":"open","sticky":false,"template":"","format":"standard","meta":{"_acf_changed":false,"inline_featured_image":false,"_nextfly_llmd_date_locked":false,"footnotes":""},"categories":[106,449],"tags":[154,97,215,216,235],"class_list":["post-130571","post","type-post","status-publish","format-standard","has-post-thumbnail","hentry","category-transfers","category-transfers-2","tag-erling-haaland","tag-manchester-city","tag-sporting-portugal","tag-surveys","tag-viktor-gyokeres"],"acf":[],"yoast_head":"<!-- This site is optimized with the Yoast SEO plugin v27.3 - https:\/\/yoast.com\/product\/yoast-seo-wordpress\/ -->\n<title>Haaland vs Gy\u00f6keres: Who should Bar\u00e7a sign?<\/title>\n<meta name=\"description\" content=\"The FC Barcelona board is looking for the ideal &#039;9&#039; to succeed Robert Lewandowski. Joan Laporta and Deco&#039;s preferred options are Erling Haaland and Viktor Gy\u00f6keres, respectively\" \/>\n<meta name=\"robots\" content=\"index, follow, max-snippet:-1, max-image-preview:large, max-video-preview:-1\" \/>\n<link rel=\"canonical\" href=\"https:\/\/www.fcbarcelonanoticias.com\/en\/transfers\/haaland-vs-gy-keres-who-should-barca-sign_309275_102.html\" \/>\n<meta property=\"og:locale\" content=\"en_US\" \/>\n<meta property=\"og:type\" content=\"article\" \/>\n<meta property=\"og:title\" content=\"Haaland vs Gy\u00f6keres: Who should Bar\u00e7a sign?\" \/>\n<meta property=\"og:description\" content=\"The FC Barcelona board is looking for the ideal &#039;9&#039; to succeed Robert Lewandowski. Joan Laporta and Deco&#039;s preferred options are Erling Haaland and Viktor Gy\u00f6keres, respectively\" \/>\n<meta property=\"og:url\" content=\"https:\/\/www.fcbarcelonanoticias.com\/en\/transfers\/haaland-vs-gy-keres-who-should-barca-sign_309275_102.html\" \/>\n<meta property=\"og:site_name\" content=\"EN - FC Barcelona Noticias\" \/>\n<meta property=\"article:published_time\" content=\"2024-12-12T23:12:00+00:00\" \/>\n<meta property=\"article:modified_time\" content=\"2024-12-13T02:09:00+00:00\" \/>\n<meta property=\"og:image\" content=\"https:\/\/www.fcbarcelonanoticias.com\/en\/wp-content\/uploads\/sites\/2\/2024\/12\/gyokeres-v-haaland.jpeg\" \/>\n\t<meta property=\"og:image:width\" content=\"1250\" \/>\n\t<meta property=\"og:image:height\" content=\"730\" \/>\n\t<meta property=\"og:image:type\" content=\"image\/jpeg\" \/>\n<meta name=\"author\" content=\"Andr\u00e9s Quiroz\" \/>\n<meta name=\"twitter:card\" content=\"summary_large_image\" \/>\n<meta name=\"twitter:label1\" content=\"Written by\" \/>\n\t<meta name=\"twitter:data1\" content=\"Andr\u00e9s Quiroz\" \/>\n\t<meta name=\"twitter:label2\" content=\"Est. reading time\" \/>\n\t<meta name=\"twitter:data2\" content=\"2 minutes\" \/>\n<script type=\"application\/ld+json\" class=\"yoast-schema-graph\">{\"@context\":\"https:\\\/\\\/schema.org\",\"@graph\":[{\"@type\":\"Article\",\"@id\":\"https:\\\/\\\/www.fcbarcelonanoticias.com\\\/en\\\/transfers\\\/haaland-vs-gy-keres-who-should-barca-sign_309275_102.html#article\",\"isPartOf\":{\"@id\":\"https:\\\/\\\/www.fcbarcelonanoticias.com\\\/en\\\/transfers\\\/haaland-vs-gy-keres-who-should-barca-sign_309275_102.html\"},\"author\":{\"name\":\"Andr\u00e9s Quiroz\",\"@id\":\"https:\\\/\\\/www.fcbarcelonanoticias.com\\\/en\\\/#\\\/schema\\\/person\\\/c2cd9f6fa1af5c0d0eccd0fefa575c88\"},\"headline\":\"Haaland vs Gy\u00f6keres: Who should Bar\u00e7a sign?\",\"datePublished\":\"2024-12-12T23:12:00+00:00\",\"dateModified\":\"2024-12-13T02:09:00+00:00\",\"mainEntityOfPage\":{\"@id\":\"https:\\\/\\\/www.fcbarcelonanoticias.com\\\/en\\\/transfers\\\/haaland-vs-gy-keres-who-should-barca-sign_309275_102.html\"},\"wordCount\":366,\"image\":{\"@id\":\"https:\\\/\\\/www.fcbarcelonanoticias.com\\\/en\\\/transfers\\\/haaland-vs-gy-keres-who-should-barca-sign_309275_102.html#primaryimage\"},\"thumbnailUrl\":\"https:\\\/\\\/www.fcbarcelonanoticias.com\\\/en\\\/wp-content\\\/uploads\\\/sites\\\/2\\\/2024\\\/12\\\/gyokeres-v-haaland.jpeg\",\"keywords\":[\"Erling Haaland\",\"Manchester City\",\"Sporting Portugal\",\"Surveys\",\"Viktor Gy\u00f6keres\"],\"articleSection\":[\"Transfers\",\"Transfers\"],\"inLanguage\":\"en-US\"},{\"@type\":\"WebPage\",\"@id\":\"https:\\\/\\\/www.fcbarcelonanoticias.com\\\/en\\\/transfers\\\/haaland-vs-gy-keres-who-should-barca-sign_309275_102.html\",\"url\":\"https:\\\/\\\/www.fcbarcelonanoticias.com\\\/en\\\/transfers\\\/haaland-vs-gy-keres-who-should-barca-sign_309275_102.html\",\"name\":\"Haaland vs Gy\u00f6keres: Who should Bar\u00e7a sign?\",\"isPartOf\":{\"@id\":\"https:\\\/\\\/www.fcbarcelonanoticias.com\\\/en\\\/#website\"},\"primaryImageOfPage\":{\"@id\":\"https:\\\/\\\/www.fcbarcelonanoticias.com\\\/en\\\/transfers\\\/haaland-vs-gy-keres-who-should-barca-sign_309275_102.html#primaryimage\"},\"image\":{\"@id\":\"https:\\\/\\\/www.fcbarcelonanoticias.com\\\/en\\\/transfers\\\/haaland-vs-gy-keres-who-should-barca-sign_309275_102.html#primaryimage\"},\"thumbnailUrl\":\"https:\\\/\\\/www.fcbarcelonanoticias.com\\\/en\\\/wp-content\\\/uploads\\\/sites\\\/2\\\/2024\\\/12\\\/gyokeres-v-haaland.jpeg\",\"datePublished\":\"2024-12-12T23:12:00+00:00\",\"dateModified\":\"2024-12-13T02:09:00+00:00\",\"author\":{\"@id\":\"https:\\\/\\\/www.fcbarcelonanoticias.com\\\/en\\\/#\\\/schema\\\/person\\\/c2cd9f6fa1af5c0d0eccd0fefa575c88\"},\"description\":\"The FC Barcelona board is looking for the ideal '9' to succeed Robert Lewandowski. Joan Laporta and Deco's preferred options are Erling Haaland and Viktor Gy\u00f6keres, respectively\",\"breadcrumb\":{\"@id\":\"https:\\\/\\\/www.fcbarcelonanoticias.com\\\/en\\\/transfers\\\/haaland-vs-gy-keres-who-should-barca-sign_309275_102.html#breadcrumb\"},\"inLanguage\":\"en-US\",\"potentialAction\":[{\"@type\":\"ReadAction\",\"target\":[\"https:\\\/\\\/www.fcbarcelonanoticias.com\\\/en\\\/transfers\\\/haaland-vs-gy-keres-who-should-barca-sign_309275_102.html\"]}]},{\"@type\":\"ImageObject\",\"inLanguage\":\"en-US\",\"@id\":\"https:\\\/\\\/www.fcbarcelonanoticias.com\\\/en\\\/transfers\\\/haaland-vs-gy-keres-who-should-barca-sign_309275_102.html#primaryimage\",\"url\":\"https:\\\/\\\/www.fcbarcelonanoticias.com\\\/en\\\/wp-content\\\/uploads\\\/sites\\\/2\\\/2024\\\/12\\\/gyokeres-v-haaland.jpeg\",\"contentUrl\":\"https:\\\/\\\/www.fcbarcelonanoticias.com\\\/en\\\/wp-content\\\/uploads\\\/sites\\\/2\\\/2024\\\/12\\\/gyokeres-v-haaland.jpeg\",\"width\":1250,\"height\":730},{\"@type\":\"BreadcrumbList\",\"@id\":\"https:\\\/\\\/www.fcbarcelonanoticias.com\\\/en\\\/transfers\\\/haaland-vs-gy-keres-who-should-barca-sign_309275_102.html#breadcrumb\",\"itemListElement\":[{\"@type\":\"ListItem\",\"position\":1,\"name\":\"Portada\",\"item\":\"https:\\\/\\\/www.fcbarcelonanoticias.com\\\/en\\\/\"},{\"@type\":\"ListItem\",\"position\":2,\"name\":\"Haaland vs Gy\u00f6keres: Who should Bar\u00e7a sign?\"}]},{\"@type\":\"WebSite\",\"@id\":\"https:\\\/\\\/www.fcbarcelonanoticias.com\\\/en\\\/#website\",\"url\":\"https:\\\/\\\/www.fcbarcelonanoticias.com\\\/en\\\/\",\"name\":\"EN - FC Barcelona Noticias\",\"description\":\"\",\"potentialAction\":[{\"@type\":\"SearchAction\",\"target\":{\"@type\":\"EntryPoint\",\"urlTemplate\":\"https:\\\/\\\/www.fcbarcelonanoticias.com\\\/en\\\/?s={search_term_string}\"},\"query-input\":{\"@type\":\"PropertyValueSpecification\",\"valueRequired\":true,\"valueName\":\"search_term_string\"}}],\"inLanguage\":\"en-US\"},{\"@type\":\"Person\",\"@id\":\"https:\\\/\\\/www.fcbarcelonanoticias.com\\\/en\\\/#\\\/schema\\\/person\\\/c2cd9f6fa1af5c0d0eccd0fefa575c88\",\"name\":\"Andr\u00e9s Quiroz\",\"image\":{\"@type\":\"ImageObject\",\"inLanguage\":\"en-US\",\"@id\":\"https:\\\/\\\/secure.gravatar.com\\\/avatar\\\/?s=96&d=mm&r=g\",\"url\":\"https:\\\/\\\/secure.gravatar.com\\\/avatar\\\/?s=96&d=mm&r=g\",\"contentUrl\":\"https:\\\/\\\/secure.gravatar.com\\\/avatar\\\/?s=96&d=mm&r=g\",\"caption\":\"Andr\u00e9s Quiroz\"},\"description\":\"Licenciado en Periodismo por la Universidad de los Andes. Me encargo de analizar y compartir los contenidos m\u00e1s destacados de la\u00a0actualidad del F\u00fatbol Club Barcelona, Mercado de Fichajes y F\u00fatbol Internacional en FCBN. La informaci\u00f3n es poder, pero tambi\u00e9n conocimiento.\",\"url\":\"https:\\\/\\\/www.fcbarcelonanoticias.com\\\/en\\\/fc-barcelona\\\/andres-quiroz_17_115.html\"}]}<\/script>\n<!-- \/ Yoast SEO plugin. -->","yoast_head_json":{"title":"Haaland vs Gy\u00f6keres: Who should Bar\u00e7a sign?","description":"The FC Barcelona board is looking for the ideal '9' to succeed Robert Lewandowski. Joan Laporta and Deco's preferred options are Erling Haaland and Viktor Gy\u00f6keres, respectively","robots":{"index":"index","follow":"follow","max-snippet":"max-snippet:-1","max-image-preview":"max-image-preview:large","max-video-preview":"max-video-preview:-1"},"canonical":"https:\/\/www.fcbarcelonanoticias.com\/en\/transfers\/haaland-vs-gy-keres-who-should-barca-sign_309275_102.html","og_locale":"en_US","og_type":"article","og_title":"Haaland vs Gy\u00f6keres: Who should Bar\u00e7a sign?","og_description":"The FC Barcelona board is looking for the ideal '9' to succeed Robert Lewandowski. Joan Laporta and Deco's preferred options are Erling Haaland and Viktor Gy\u00f6keres, respectively","og_url":"https:\/\/www.fcbarcelonanoticias.com\/en\/transfers\/haaland-vs-gy-keres-who-should-barca-sign_309275_102.html","og_site_name":"EN - FC Barcelona Noticias","article_published_time":"2024-12-12T23:12:00+00:00","article_modified_time":"2024-12-13T02:09:00+00:00","og_image":[{"width":1250,"height":730,"url":"https:\/\/www.fcbarcelonanoticias.com\/en\/wp-content\/uploads\/sites\/2\/2024\/12\/gyokeres-v-haaland.jpeg","type":"image\/jpeg"}],"author":"Andr\u00e9s Quiroz","twitter_card":"summary_large_image","twitter_misc":{"Written by":"Andr\u00e9s Quiroz","Est. reading time":"2 minutes"},"schema":{"@context":"https:\/\/schema.org","@graph":[{"@type":"Article","@id":"https:\/\/www.fcbarcelonanoticias.com\/en\/transfers\/haaland-vs-gy-keres-who-should-barca-sign_309275_102.html#article","isPartOf":{"@id":"https:\/\/www.fcbarcelonanoticias.com\/en\/transfers\/haaland-vs-gy-keres-who-should-barca-sign_309275_102.html"},"author":{"name":"Andr\u00e9s Quiroz","@id":"https:\/\/www.fcbarcelonanoticias.com\/en\/#\/schema\/person\/c2cd9f6fa1af5c0d0eccd0fefa575c88"},"headline":"Haaland vs Gy\u00f6keres: Who should Bar\u00e7a sign?","datePublished":"2024-12-12T23:12:00+00:00","dateModified":"2024-12-13T02:09:00+00:00","mainEntityOfPage":{"@id":"https:\/\/www.fcbarcelonanoticias.com\/en\/transfers\/haaland-vs-gy-keres-who-should-barca-sign_309275_102.html"},"wordCount":366,"image":{"@id":"https:\/\/www.fcbarcelonanoticias.com\/en\/transfers\/haaland-vs-gy-keres-who-should-barca-sign_309275_102.html#primaryimage"},"thumbnailUrl":"https:\/\/www.fcbarcelonanoticias.com\/en\/wp-content\/uploads\/sites\/2\/2024\/12\/gyokeres-v-haaland.jpeg","keywords":["Erling Haaland","Manchester City","Sporting Portugal","Surveys","Viktor Gy\u00f6keres"],"articleSection":["Transfers","Transfers"],"inLanguage":"en-US"},{"@type":"WebPage","@id":"https:\/\/www.fcbarcelonanoticias.com\/en\/transfers\/haaland-vs-gy-keres-who-should-barca-sign_309275_102.html","url":"https:\/\/www.fcbarcelonanoticias.com\/en\/transfers\/haaland-vs-gy-keres-who-should-barca-sign_309275_102.html","name":"Haaland vs Gy\u00f6keres: Who should Bar\u00e7a sign?","isPartOf":{"@id":"https:\/\/www.fcbarcelonanoticias.com\/en\/#website"},"primaryImageOfPage":{"@id":"https:\/\/www.fcbarcelonanoticias.com\/en\/transfers\/haaland-vs-gy-keres-who-should-barca-sign_309275_102.html#primaryimage"},"image":{"@id":"https:\/\/www.fcbarcelonanoticias.com\/en\/transfers\/haaland-vs-gy-keres-who-should-barca-sign_309275_102.html#primaryimage"},"thumbnailUrl":"https:\/\/www.fcbarcelonanoticias.com\/en\/wp-content\/uploads\/sites\/2\/2024\/12\/gyokeres-v-haaland.jpeg","datePublished":"2024-12-12T23:12:00+00:00","dateModified":"2024-12-13T02:09:00+00:00","author":{"@id":"https:\/\/www.fcbarcelonanoticias.com\/en\/#\/schema\/person\/c2cd9f6fa1af5c0d0eccd0fefa575c88"},"description":"The FC Barcelona board is looking for the ideal '9' to succeed Robert Lewandowski. Joan Laporta and Deco's preferred options are Erling Haaland and Viktor Gy\u00f6keres, respectively","breadcrumb":{"@id":"https:\/\/www.fcbarcelonanoticias.com\/en\/transfers\/haaland-vs-gy-keres-who-should-barca-sign_309275_102.html#breadcrumb"},"inLanguage":"en-US","potentialAction":[{"@type":"ReadAction","target":["https:\/\/www.fcbarcelonanoticias.com\/en\/transfers\/haaland-vs-gy-keres-who-should-barca-sign_309275_102.html"]}]},{"@type":"ImageObject","inLanguage":"en-US","@id":"https:\/\/www.fcbarcelonanoticias.com\/en\/transfers\/haaland-vs-gy-keres-who-should-barca-sign_309275_102.html#primaryimage","url":"https:\/\/www.fcbarcelonanoticias.com\/en\/wp-content\/uploads\/sites\/2\/2024\/12\/gyokeres-v-haaland.jpeg","contentUrl":"https:\/\/www.fcbarcelonanoticias.com\/en\/wp-content\/uploads\/sites\/2\/2024\/12\/gyokeres-v-haaland.jpeg","width":1250,"height":730},{"@type":"BreadcrumbList","@id":"https:\/\/www.fcbarcelonanoticias.com\/en\/transfers\/haaland-vs-gy-keres-who-should-barca-sign_309275_102.html#breadcrumb","itemListElement":[{"@type":"ListItem","position":1,"name":"Portada","item":"https:\/\/www.fcbarcelonanoticias.com\/en\/"},{"@type":"ListItem","position":2,"name":"Haaland vs Gy\u00f6keres: Who should Bar\u00e7a sign?"}]},{"@type":"WebSite","@id":"https:\/\/www.fcbarcelonanoticias.com\/en\/#website","url":"https:\/\/www.fcbarcelonanoticias.com\/en\/","name":"EN - FC Barcelona Noticias","description":"","potentialAction":[{"@type":"SearchAction","target":{"@type":"EntryPoint","urlTemplate":"https:\/\/www.fcbarcelonanoticias.com\/en\/?s={search_term_string}"},"query-input":{"@type":"PropertyValueSpecification","valueRequired":true,"valueName":"search_term_string"}}],"inLanguage":"en-US"},{"@type":"Person","@id":"https:\/\/www.fcbarcelonanoticias.com\/en\/#\/schema\/person\/c2cd9f6fa1af5c0d0eccd0fefa575c88","name":"Andr\u00e9s Quiroz","image":{"@type":"ImageObject","inLanguage":"en-US","@id":"https:\/\/secure.gravatar.com\/avatar\/?s=96&d=mm&r=g","url":"https:\/\/secure.gravatar.com\/avatar\/?s=96&d=mm&r=g","contentUrl":"https:\/\/secure.gravatar.com\/avatar\/?s=96&d=mm&r=g","caption":"Andr\u00e9s Quiroz"},"description":"Licenciado en Periodismo por la Universidad de los Andes. Me encargo de analizar y compartir los contenidos m\u00e1s destacados de la\u00a0actualidad del F\u00fatbol Club Barcelona, Mercado de Fichajes y F\u00fatbol Internacional en FCBN. La informaci\u00f3n es poder, pero tambi\u00e9n conocimiento.","url":"https:\/\/www.fcbarcelonanoticias.com\/en\/fc-barcelona\/andres-quiroz_17_115.html"}]}},"_links":{"self":[{"href":"https:\/\/www.fcbarcelonanoticias.com\/en\/wp-json\/wp\/v2\/posts\/130571","targetHints":{"allow":["GET"]}}],"collection":[{"href":"https:\/\/www.fcbarcelonanoticias.com\/en\/wp-json\/wp\/v2\/posts"}],"about":[{"href":"https:\/\/www.fcbarcelonanoticias.com\/en\/wp-json\/wp\/v2\/types\/post"}],"author":[{"embeddable":true,"href":"https:\/\/www.fcbarcelonanoticias.com\/en\/wp-json\/wp\/v2\/users\/347"}],"replies":[{"embeddable":true,"href":"https:\/\/www.fcbarcelonanoticias.com\/en\/wp-json\/wp\/v2\/comments?post=130571"}],"version-history":[{"count":1,"href":"https:\/\/www.fcbarcelonanoticias.com\/en\/wp-json\/wp\/v2\/posts\/130571\/revisions"}],"predecessor-version":[{"id":151775,"href":"https:\/\/www.fcbarcelonanoticias.com\/en\/wp-json\/wp\/v2\/posts\/130571\/revisions\/151775"}],"wp:featuredmedia":[{"embeddable":true,"href":"https:\/\/www.fcbarcelonanoticias.com\/en\/wp-json\/wp\/v2\/media\/130572"}],"wp:attachment":[{"href":"https:\/\/www.fcbarcelonanoticias.com\/en\/wp-json\/wp\/v2\/media?parent=130571"}],"wp:term":[{"taxonomy":"category","embeddable":true,"href":"https:\/\/www.fcbarcelonanoticias.com\/en\/wp-json\/wp\/v2\/categories?post=130571"},{"taxonomy":"post_tag","embeddable":true,"href":"https:\/\/www.fcbarcelonanoticias.com\/en\/wp-json\/wp\/v2\/tags?post=130571"}],"curies":[{"name":"wp","href":"https:\/\/api.w.org\/{rel}","templated":true}]}}