{"id":130593,"date":"2024-07-24T14:54:00","date_gmt":"2024-07-24T12:54:00","guid":{"rendered":"https:\/\/weisetech.dev\/fc-barcelona-noticias\/en\/hansi-flick-does-not-want-that-the-fc-barcelona-go-to-by-the-pivote-with-which-dreamed-xavi_305763_102\/"},"modified":"2024-07-24T14:54:00","modified_gmt":"2024-07-24T12:54:00","slug":"hansi-flick-does-not-want-that-the-fc-barcelona-go-to-by-the-pivote-with-which-dreamed-xavi_305763_102","status":"publish","type":"post","link":"https:\/\/www.fcbarcelonanoticias.com\/en\/transfers\/hansi-flick-does-not-want-that-the-fc-barcelona-go-to-by-the-pivote-with-which-dreamed-xavi_305763_102.html","title":{"rendered":"Hansi Flick does not want FC Barcelona to go for the pivot Xavi &#8216;dreamed of&#8217; with"},"content":{"rendered":"<h2 class=\"wp-block-heading\">The name of Mart\u00edn Zubimendi was once again on the Bar\u00e7a table. However, Hansi Flick would have rejected his signing and would prefer other &#8216;low cost&#8217; options such as Kant\u00e9 or Paredes<\/h2>  \r\n<div class=\"article-addons\">\r\n    <a href=\"https:\/\/www.fcbarcelonanoticias.com\/en\/calendar-fc-barcelona.html\"\r\n       target=\"_self\"\r\n       title=\"Calendar of FC Barcelona\"\r\n       class=\"blue-gredient-btn\">\r\n       \r\n        Calendar of FC Barcelona    <\/a>\r\n<\/div>   <p>While the FC Barcelona follows moving to go back to the rule 1\/1 and begin to concretise the signings wished for the team, Hansi Flick and Deco continue making the staff for the next season. The trainer and the sportive director marked the incorporations of Nico Williams and Dani Elm like prioritarias, <strong>but also would be in research of a mediocentro &#8220;that concern for defending&#8221;, as it manifested the German in &#8216;Bar\u00e7a One&#8217;<\/strong>.<\/p>  <p>Thus, in Can Bar\u00e7a handle several names, although his main aims have &#8216;fallen&#8217; by distinct reasons. <strong>Amadou Onana Decided to join to Unai Emery in the Aston Villa, the operation of Joshua Kimmich is inasumible for the club and <a data-external=\"0\" data-intl-links-en=\"https:\/\/www.fcbarcelonanoticias.com\/en\/transfers\/the-signing-of-mikel-merino-by-the-barca-could-depend-on-concrete-exit_305761_102.html\" data-intl-links-es=\"https:\/\/www.fcbarcelonanoticias.com\/fichajes\/fichaje-mikel-merino-por-barcelona-podria-depender-salida-concreta_305761_102.html\" href=\"https:\/\/www.fcbarcelonanoticias.com\/en\/transfers\/the-signing-of-mikel-merino-by-the-barca-could-depend-on-concrete-exit_305761_102.html\" rel=\"follow\" target=\"_self\" title=\"El fichaje de Mikel Merino por el Bar\u00e7a podr\u00eda depender de una salida concreta\">the signing of Mikel Merino would depend on the exit of Frenkie of Jong<\/a><\/strong>, reason whereby the cul\u00e9s follow &#8216;combing&#8217; the market and Deco would have put a new option on the table.<\/p>  <p><strong>Such is the case of Mart\u00edn Zubimendi, an old wish of the Barcelona entity<\/strong>. The footballer of the Real Sociedad was one of the footballers predilectos of Xavi Hern\u00e1ndez, that insisted in his contracting although the 60 &#8216;kilos&#8217; that asked the &#8216;txuri-urdin&#8217; prevented the realisation of the same. However, the Portuguese sportive director would have gone back to propose his name in the offices cul\u00e9s, but, of agreement to the informed in &#8216;The Nacional.cat&#8217;, Flick there would be desestimado his arrival.<\/p>  <p>Deco Knows that if it produces an important exit along the summer, in Can Bar\u00e7a will be able to pay the traspaso of the donostiarra, whose operation would follow rondando the 60 million euros demanded by the Real the past summer. In spite of this, <strong>the German trainer there would be descartado this alternative since it would consider that by this price is better to go to by Dani Elm<\/strong>, that is very of his taste.<\/p>  <h2>Options &#8216;low cost&#8217;<\/h2>  <p>Likewise, Flick would have done him know to the sportive director that in the market there are options very good that would not suppose a very important outlay,<strong> what would allow to allocate this money in operations like the ones of Nico Williams and the already mentioned Elm<\/strong>. In this sense, <a data-external=\"0\" data-intl-links-en=\"https:\/\/www.fcbarcelonanoticias.com\/en\/transfers\/new-option-for-pivot-fcbarcelona-receives-interest-from-leandro-paredes_305092_102.html\" data-intl-links-es=\"https:\/\/www.fcbarcelonanoticias.com\/fichajes\/nueva-opcion-pivote-fc-barcelona-recibe-interes-leandro-paredes_305092_102.html\" href=\"https:\/\/www.fcbarcelonanoticias.com\/en\/transfers\/new-option-for-pivot-fcbarcelona-receives-interest-from-leandro-paredes_305092_102.html\" rel=\"follow\" target=\"_self\" title=\"\u00a1Nueva opci\u00f3n para el pivote! El FC Barcelona recibe el inter\u00e9s de Leandro&nbsp;Paredes\">N&#8217;golo Kant\u00e9 and Leandro Walls would be two of the alternatives handled by the Barcelona<\/a>, since they are players experienced and still with football in his boots, as they showed in the Eurocopa and the Glass America.<\/p> ","protected":false},"excerpt":{"rendered":"<p>The name of Mart\u00edn Zubimendi was once again on the Bar\u00e7a table. However, Hansi Flick would have rejected his signing and would prefer other &#8216;low cost&#8217; options such as Kant\u00e9 or Paredes While the FC Barcelona follows moving to go back to the rule 1\/1 and begin to concretise the signings wished for the team, [&hellip;]<\/p>\n","protected":false},"author":358,"featured_media":130594,"comment_status":"closed","ping_status":"open","sticky":false,"template":"","format":"standard","meta":{"_acf_changed":false,"inline_featured_image":false,"_nextfly_llmd_date_locked":false,"footnotes":""},"categories":[449,106],"tags":[335,87,369,72,48,415],"class_list":["post-130593","post","type-post","status-publish","format-standard","has-post-thumbnail","hentry","category-transfers-2","category-transfers","tag-deco","tag-hansi-flick","tag-mikel-merino","tag-real-sociedad","tag-xavi-hernandez","tag-zubimendi"],"acf":[],"yoast_head":"<!-- This site is optimized with the Yoast SEO plugin v27.3 - https:\/\/yoast.com\/product\/yoast-seo-wordpress\/ -->\n<title>Hansi Flick Does not want that the FC Barcelona go to by the pivote with which &#039;dreamed&#039; Xavi<\/title>\n<meta name=\"description\" content=\"The name of Mart\u00edn Zubimendi went back to be on the table of the Bar\u00e7a. However, Hansi Flick there would be desestimado his signing and would prefer other options &#039;low cost&#039; as Kant\u00e9 or Walls\" \/>\n<meta name=\"robots\" content=\"index, follow, max-snippet:-1, max-image-preview:large, max-video-preview:-1\" \/>\n<link rel=\"canonical\" href=\"https:\/\/www.fcbarcelonanoticias.com\/en\/transfers\/hansi-flick-does-not-want-that-the-fc-barcelona-go-to-by-the-pivote-with-which-dreamed-xavi_305763_102.html\" \/>\n<meta property=\"og:locale\" content=\"en_US\" \/>\n<meta property=\"og:type\" content=\"article\" \/>\n<meta property=\"og:title\" content=\"Hansi Flick Does not want that the FC Barcelona go to by the pivote with which &#039;dreamed&#039; Xavi\" \/>\n<meta property=\"og:description\" content=\"The name of Mart\u00edn Zubimendi went back to be on the table of the Bar\u00e7a. However, Hansi Flick there would be desestimado his signing and would prefer other options &#039;low cost&#039; as Kant\u00e9 or Walls\" \/>\n<meta property=\"og:url\" content=\"https:\/\/www.fcbarcelonanoticias.com\/en\/transfers\/hansi-flick-does-not-want-that-the-fc-barcelona-go-to-by-the-pivote-with-which-dreamed-xavi_305763_102.html\" \/>\n<meta property=\"og:site_name\" content=\"EN - FC Barcelona Noticias\" \/>\n<meta property=\"article:published_time\" content=\"2024-07-24T12:54:00+00:00\" \/>\n<meta property=\"og:image\" content=\"https:\/\/www.fcbarcelonanoticias.com\/en\/wp-content\/uploads\/sites\/2\/2024\/07\/zubimendi-oyarzabal-merino-y-remiro.jpeg\" \/>\n\t<meta property=\"og:image:width\" content=\"1300\" \/>\n\t<meta property=\"og:image:height\" content=\"732\" \/>\n\t<meta property=\"og:image:type\" content=\"image\/jpeg\" \/>\n<meta name=\"author\" content=\"Juan Pablo Berdugo\" \/>\n<meta name=\"twitter:card\" content=\"summary_large_image\" \/>\n<meta name=\"twitter:label1\" content=\"Written by\" \/>\n\t<meta name=\"twitter:data1\" content=\"Juan Pablo Berdugo\" \/>\n\t<meta name=\"twitter:label2\" content=\"Est. reading time\" \/>\n\t<meta name=\"twitter:data2\" content=\"2 minutes\" \/>\n<script type=\"application\/ld+json\" class=\"yoast-schema-graph\">{\"@context\":\"https:\\\/\\\/schema.org\",\"@graph\":[{\"@type\":\"Article\",\"@id\":\"https:\\\/\\\/www.fcbarcelonanoticias.com\\\/en\\\/transfers\\\/hansi-flick-does-not-want-that-the-fc-barcelona-go-to-by-the-pivote-with-which-dreamed-xavi_305763_102.html#article\",\"isPartOf\":{\"@id\":\"https:\\\/\\\/www.fcbarcelonanoticias.com\\\/en\\\/transfers\\\/hansi-flick-does-not-want-that-the-fc-barcelona-go-to-by-the-pivote-with-which-dreamed-xavi_305763_102.html\"},\"author\":{\"name\":\"Juan Pablo Berdugo\",\"@id\":\"https:\\\/\\\/www.fcbarcelonanoticias.com\\\/en\\\/#\\\/schema\\\/person\\\/88d756918a0a1ae9fa593b5edddd1815\"},\"headline\":\"Hansi Flick does not want FC Barcelona to go for the pivot Xavi &#8216;dreamed of&#8217; with\",\"datePublished\":\"2024-07-24T12:54:00+00:00\",\"mainEntityOfPage\":{\"@id\":\"https:\\\/\\\/www.fcbarcelonanoticias.com\\\/en\\\/transfers\\\/hansi-flick-does-not-want-that-the-fc-barcelona-go-to-by-the-pivote-with-which-dreamed-xavi_305763_102.html\"},\"wordCount\":449,\"image\":{\"@id\":\"https:\\\/\\\/www.fcbarcelonanoticias.com\\\/en\\\/transfers\\\/hansi-flick-does-not-want-that-the-fc-barcelona-go-to-by-the-pivote-with-which-dreamed-xavi_305763_102.html#primaryimage\"},\"thumbnailUrl\":\"https:\\\/\\\/www.fcbarcelonanoticias.com\\\/en\\\/wp-content\\\/uploads\\\/sites\\\/2\\\/2024\\\/07\\\/zubimendi-oyarzabal-merino-y-remiro.jpeg\",\"keywords\":[\"Deco\",\"Hansi Flick\",\"Mikel Merino\",\"Real Sociedad\",\"Xavi Hern\u00e1ndez\",\"Zubimendi\"],\"articleSection\":[\"Transfers\",\"Transfers\"],\"inLanguage\":\"en-US\"},{\"@type\":\"WebPage\",\"@id\":\"https:\\\/\\\/www.fcbarcelonanoticias.com\\\/en\\\/transfers\\\/hansi-flick-does-not-want-that-the-fc-barcelona-go-to-by-the-pivote-with-which-dreamed-xavi_305763_102.html\",\"url\":\"https:\\\/\\\/www.fcbarcelonanoticias.com\\\/en\\\/transfers\\\/hansi-flick-does-not-want-that-the-fc-barcelona-go-to-by-the-pivote-with-which-dreamed-xavi_305763_102.html\",\"name\":\"Hansi Flick Does not want that the FC Barcelona go to by the pivote with which 'dreamed' Xavi\",\"isPartOf\":{\"@id\":\"https:\\\/\\\/www.fcbarcelonanoticias.com\\\/en\\\/#website\"},\"primaryImageOfPage\":{\"@id\":\"https:\\\/\\\/www.fcbarcelonanoticias.com\\\/en\\\/transfers\\\/hansi-flick-does-not-want-that-the-fc-barcelona-go-to-by-the-pivote-with-which-dreamed-xavi_305763_102.html#primaryimage\"},\"image\":{\"@id\":\"https:\\\/\\\/www.fcbarcelonanoticias.com\\\/en\\\/transfers\\\/hansi-flick-does-not-want-that-the-fc-barcelona-go-to-by-the-pivote-with-which-dreamed-xavi_305763_102.html#primaryimage\"},\"thumbnailUrl\":\"https:\\\/\\\/www.fcbarcelonanoticias.com\\\/en\\\/wp-content\\\/uploads\\\/sites\\\/2\\\/2024\\\/07\\\/zubimendi-oyarzabal-merino-y-remiro.jpeg\",\"datePublished\":\"2024-07-24T12:54:00+00:00\",\"author\":{\"@id\":\"https:\\\/\\\/www.fcbarcelonanoticias.com\\\/en\\\/#\\\/schema\\\/person\\\/88d756918a0a1ae9fa593b5edddd1815\"},\"description\":\"The name of Mart\u00edn Zubimendi went back to be on the table of the Bar\u00e7a. However, Hansi Flick there would be desestimado his signing and would prefer other options 'low cost' as Kant\u00e9 or Walls\",\"breadcrumb\":{\"@id\":\"https:\\\/\\\/www.fcbarcelonanoticias.com\\\/en\\\/transfers\\\/hansi-flick-does-not-want-that-the-fc-barcelona-go-to-by-the-pivote-with-which-dreamed-xavi_305763_102.html#breadcrumb\"},\"inLanguage\":\"en-US\",\"potentialAction\":[{\"@type\":\"ReadAction\",\"target\":[\"https:\\\/\\\/www.fcbarcelonanoticias.com\\\/en\\\/transfers\\\/hansi-flick-does-not-want-that-the-fc-barcelona-go-to-by-the-pivote-with-which-dreamed-xavi_305763_102.html\"]}]},{\"@type\":\"ImageObject\",\"inLanguage\":\"en-US\",\"@id\":\"https:\\\/\\\/www.fcbarcelonanoticias.com\\\/en\\\/transfers\\\/hansi-flick-does-not-want-that-the-fc-barcelona-go-to-by-the-pivote-with-which-dreamed-xavi_305763_102.html#primaryimage\",\"url\":\"https:\\\/\\\/www.fcbarcelonanoticias.com\\\/en\\\/wp-content\\\/uploads\\\/sites\\\/2\\\/2024\\\/07\\\/zubimendi-oyarzabal-merino-y-remiro.jpeg\",\"contentUrl\":\"https:\\\/\\\/www.fcbarcelonanoticias.com\\\/en\\\/wp-content\\\/uploads\\\/sites\\\/2\\\/2024\\\/07\\\/zubimendi-oyarzabal-merino-y-remiro.jpeg\",\"width\":1300,\"height\":732},{\"@type\":\"BreadcrumbList\",\"@id\":\"https:\\\/\\\/www.fcbarcelonanoticias.com\\\/en\\\/transfers\\\/hansi-flick-does-not-want-that-the-fc-barcelona-go-to-by-the-pivote-with-which-dreamed-xavi_305763_102.html#breadcrumb\",\"itemListElement\":[{\"@type\":\"ListItem\",\"position\":1,\"name\":\"Portada\",\"item\":\"https:\\\/\\\/www.fcbarcelonanoticias.com\\\/en\\\/\"},{\"@type\":\"ListItem\",\"position\":2,\"name\":\"Hansi Flick does not want FC Barcelona to go for the pivot Xavi &#8216;dreamed of&#8217; with\"}]},{\"@type\":\"WebSite\",\"@id\":\"https:\\\/\\\/www.fcbarcelonanoticias.com\\\/en\\\/#website\",\"url\":\"https:\\\/\\\/www.fcbarcelonanoticias.com\\\/en\\\/\",\"name\":\"EN - FC Barcelona Noticias\",\"description\":\"\",\"potentialAction\":[{\"@type\":\"SearchAction\",\"target\":{\"@type\":\"EntryPoint\",\"urlTemplate\":\"https:\\\/\\\/www.fcbarcelonanoticias.com\\\/en\\\/?s={search_term_string}\"},\"query-input\":{\"@type\":\"PropertyValueSpecification\",\"valueRequired\":true,\"valueName\":\"search_term_string\"}}],\"inLanguage\":\"en-US\"},{\"@type\":\"Person\",\"@id\":\"https:\\\/\\\/www.fcbarcelonanoticias.com\\\/en\\\/#\\\/schema\\\/person\\\/88d756918a0a1ae9fa593b5edddd1815\",\"name\":\"Juan Pablo Berdugo\",\"image\":{\"@type\":\"ImageObject\",\"inLanguage\":\"en-US\",\"@id\":\"https:\\\/\\\/secure.gravatar.com\\\/avatar\\\/?s=96&d=mm&r=g\",\"url\":\"https:\\\/\\\/secure.gravatar.com\\\/avatar\\\/?s=96&d=mm&r=g\",\"contentUrl\":\"https:\\\/\\\/secure.gravatar.com\\\/avatar\\\/?s=96&d=mm&r=g\",\"caption\":\"Juan Pablo Berdugo\"},\"description\":\"Juan Pablo Berdugo es graduado en Periodismo. Colabora con FCBN como especialista en informaci\u00f3n del primer equipo del FC Barcelona, f\u00fatbol internacional y mercado de fichajes. Destaca por su enfoque anal\u00edtico, su rigor informativo y su capacidad para detectar tendencias emergentes en el f\u00fatbol global.\",\"url\":\"https:\\\/\\\/www.fcbarcelonanoticias.com\\\/en\\\/fc-barcelona\\\/juan-pablo-berdugo_18_115.html\"}]}<\/script>\n<!-- \/ Yoast SEO plugin. -->","yoast_head_json":{"title":"Hansi Flick Does not want that the FC Barcelona go to by the pivote with which 'dreamed' Xavi","description":"The name of Mart\u00edn Zubimendi went back to be on the table of the Bar\u00e7a. However, Hansi Flick there would be desestimado his signing and would prefer other options 'low cost' as Kant\u00e9 or Walls","robots":{"index":"index","follow":"follow","max-snippet":"max-snippet:-1","max-image-preview":"max-image-preview:large","max-video-preview":"max-video-preview:-1"},"canonical":"https:\/\/www.fcbarcelonanoticias.com\/en\/transfers\/hansi-flick-does-not-want-that-the-fc-barcelona-go-to-by-the-pivote-with-which-dreamed-xavi_305763_102.html","og_locale":"en_US","og_type":"article","og_title":"Hansi Flick Does not want that the FC Barcelona go to by the pivote with which 'dreamed' Xavi","og_description":"The name of Mart\u00edn Zubimendi went back to be on the table of the Bar\u00e7a. However, Hansi Flick there would be desestimado his signing and would prefer other options 'low cost' as Kant\u00e9 or Walls","og_url":"https:\/\/www.fcbarcelonanoticias.com\/en\/transfers\/hansi-flick-does-not-want-that-the-fc-barcelona-go-to-by-the-pivote-with-which-dreamed-xavi_305763_102.html","og_site_name":"EN - FC Barcelona Noticias","article_published_time":"2024-07-24T12:54:00+00:00","og_image":[{"width":1300,"height":732,"url":"https:\/\/www.fcbarcelonanoticias.com\/en\/wp-content\/uploads\/sites\/2\/2024\/07\/zubimendi-oyarzabal-merino-y-remiro.jpeg","type":"image\/jpeg"}],"author":"Juan Pablo Berdugo","twitter_card":"summary_large_image","twitter_misc":{"Written by":"Juan Pablo Berdugo","Est. reading time":"2 minutes"},"schema":{"@context":"https:\/\/schema.org","@graph":[{"@type":"Article","@id":"https:\/\/www.fcbarcelonanoticias.com\/en\/transfers\/hansi-flick-does-not-want-that-the-fc-barcelona-go-to-by-the-pivote-with-which-dreamed-xavi_305763_102.html#article","isPartOf":{"@id":"https:\/\/www.fcbarcelonanoticias.com\/en\/transfers\/hansi-flick-does-not-want-that-the-fc-barcelona-go-to-by-the-pivote-with-which-dreamed-xavi_305763_102.html"},"author":{"name":"Juan Pablo Berdugo","@id":"https:\/\/www.fcbarcelonanoticias.com\/en\/#\/schema\/person\/88d756918a0a1ae9fa593b5edddd1815"},"headline":"Hansi Flick does not want FC Barcelona to go for the pivot Xavi &#8216;dreamed of&#8217; with","datePublished":"2024-07-24T12:54:00+00:00","mainEntityOfPage":{"@id":"https:\/\/www.fcbarcelonanoticias.com\/en\/transfers\/hansi-flick-does-not-want-that-the-fc-barcelona-go-to-by-the-pivote-with-which-dreamed-xavi_305763_102.html"},"wordCount":449,"image":{"@id":"https:\/\/www.fcbarcelonanoticias.com\/en\/transfers\/hansi-flick-does-not-want-that-the-fc-barcelona-go-to-by-the-pivote-with-which-dreamed-xavi_305763_102.html#primaryimage"},"thumbnailUrl":"https:\/\/www.fcbarcelonanoticias.com\/en\/wp-content\/uploads\/sites\/2\/2024\/07\/zubimendi-oyarzabal-merino-y-remiro.jpeg","keywords":["Deco","Hansi Flick","Mikel Merino","Real Sociedad","Xavi Hern\u00e1ndez","Zubimendi"],"articleSection":["Transfers","Transfers"],"inLanguage":"en-US"},{"@type":"WebPage","@id":"https:\/\/www.fcbarcelonanoticias.com\/en\/transfers\/hansi-flick-does-not-want-that-the-fc-barcelona-go-to-by-the-pivote-with-which-dreamed-xavi_305763_102.html","url":"https:\/\/www.fcbarcelonanoticias.com\/en\/transfers\/hansi-flick-does-not-want-that-the-fc-barcelona-go-to-by-the-pivote-with-which-dreamed-xavi_305763_102.html","name":"Hansi Flick Does not want that the FC Barcelona go to by the pivote with which 'dreamed' Xavi","isPartOf":{"@id":"https:\/\/www.fcbarcelonanoticias.com\/en\/#website"},"primaryImageOfPage":{"@id":"https:\/\/www.fcbarcelonanoticias.com\/en\/transfers\/hansi-flick-does-not-want-that-the-fc-barcelona-go-to-by-the-pivote-with-which-dreamed-xavi_305763_102.html#primaryimage"},"image":{"@id":"https:\/\/www.fcbarcelonanoticias.com\/en\/transfers\/hansi-flick-does-not-want-that-the-fc-barcelona-go-to-by-the-pivote-with-which-dreamed-xavi_305763_102.html#primaryimage"},"thumbnailUrl":"https:\/\/www.fcbarcelonanoticias.com\/en\/wp-content\/uploads\/sites\/2\/2024\/07\/zubimendi-oyarzabal-merino-y-remiro.jpeg","datePublished":"2024-07-24T12:54:00+00:00","author":{"@id":"https:\/\/www.fcbarcelonanoticias.com\/en\/#\/schema\/person\/88d756918a0a1ae9fa593b5edddd1815"},"description":"The name of Mart\u00edn Zubimendi went back to be on the table of the Bar\u00e7a. However, Hansi Flick there would be desestimado his signing and would prefer other options 'low cost' as Kant\u00e9 or Walls","breadcrumb":{"@id":"https:\/\/www.fcbarcelonanoticias.com\/en\/transfers\/hansi-flick-does-not-want-that-the-fc-barcelona-go-to-by-the-pivote-with-which-dreamed-xavi_305763_102.html#breadcrumb"},"inLanguage":"en-US","potentialAction":[{"@type":"ReadAction","target":["https:\/\/www.fcbarcelonanoticias.com\/en\/transfers\/hansi-flick-does-not-want-that-the-fc-barcelona-go-to-by-the-pivote-with-which-dreamed-xavi_305763_102.html"]}]},{"@type":"ImageObject","inLanguage":"en-US","@id":"https:\/\/www.fcbarcelonanoticias.com\/en\/transfers\/hansi-flick-does-not-want-that-the-fc-barcelona-go-to-by-the-pivote-with-which-dreamed-xavi_305763_102.html#primaryimage","url":"https:\/\/www.fcbarcelonanoticias.com\/en\/wp-content\/uploads\/sites\/2\/2024\/07\/zubimendi-oyarzabal-merino-y-remiro.jpeg","contentUrl":"https:\/\/www.fcbarcelonanoticias.com\/en\/wp-content\/uploads\/sites\/2\/2024\/07\/zubimendi-oyarzabal-merino-y-remiro.jpeg","width":1300,"height":732},{"@type":"BreadcrumbList","@id":"https:\/\/www.fcbarcelonanoticias.com\/en\/transfers\/hansi-flick-does-not-want-that-the-fc-barcelona-go-to-by-the-pivote-with-which-dreamed-xavi_305763_102.html#breadcrumb","itemListElement":[{"@type":"ListItem","position":1,"name":"Portada","item":"https:\/\/www.fcbarcelonanoticias.com\/en\/"},{"@type":"ListItem","position":2,"name":"Hansi Flick does not want FC Barcelona to go for the pivot Xavi &#8216;dreamed of&#8217; with"}]},{"@type":"WebSite","@id":"https:\/\/www.fcbarcelonanoticias.com\/en\/#website","url":"https:\/\/www.fcbarcelonanoticias.com\/en\/","name":"EN - FC Barcelona Noticias","description":"","potentialAction":[{"@type":"SearchAction","target":{"@type":"EntryPoint","urlTemplate":"https:\/\/www.fcbarcelonanoticias.com\/en\/?s={search_term_string}"},"query-input":{"@type":"PropertyValueSpecification","valueRequired":true,"valueName":"search_term_string"}}],"inLanguage":"en-US"},{"@type":"Person","@id":"https:\/\/www.fcbarcelonanoticias.com\/en\/#\/schema\/person\/88d756918a0a1ae9fa593b5edddd1815","name":"Juan Pablo Berdugo","image":{"@type":"ImageObject","inLanguage":"en-US","@id":"https:\/\/secure.gravatar.com\/avatar\/?s=96&d=mm&r=g","url":"https:\/\/secure.gravatar.com\/avatar\/?s=96&d=mm&r=g","contentUrl":"https:\/\/secure.gravatar.com\/avatar\/?s=96&d=mm&r=g","caption":"Juan Pablo Berdugo"},"description":"Juan Pablo Berdugo es graduado en Periodismo. Colabora con FCBN como especialista en informaci\u00f3n del primer equipo del FC Barcelona, f\u00fatbol internacional y mercado de fichajes. Destaca por su enfoque anal\u00edtico, su rigor informativo y su capacidad para detectar tendencias emergentes en el f\u00fatbol global.","url":"https:\/\/www.fcbarcelonanoticias.com\/en\/fc-barcelona\/juan-pablo-berdugo_18_115.html"}]}},"_links":{"self":[{"href":"https:\/\/www.fcbarcelonanoticias.com\/en\/wp-json\/wp\/v2\/posts\/130593","targetHints":{"allow":["GET"]}}],"collection":[{"href":"https:\/\/www.fcbarcelonanoticias.com\/en\/wp-json\/wp\/v2\/posts"}],"about":[{"href":"https:\/\/www.fcbarcelonanoticias.com\/en\/wp-json\/wp\/v2\/types\/post"}],"author":[{"embeddable":true,"href":"https:\/\/www.fcbarcelonanoticias.com\/en\/wp-json\/wp\/v2\/users\/358"}],"replies":[{"embeddable":true,"href":"https:\/\/www.fcbarcelonanoticias.com\/en\/wp-json\/wp\/v2\/comments?post=130593"}],"version-history":[{"count":1,"href":"https:\/\/www.fcbarcelonanoticias.com\/en\/wp-json\/wp\/v2\/posts\/130593\/revisions"}],"predecessor-version":[{"id":151767,"href":"https:\/\/www.fcbarcelonanoticias.com\/en\/wp-json\/wp\/v2\/posts\/130593\/revisions\/151767"}],"wp:featuredmedia":[{"embeddable":true,"href":"https:\/\/www.fcbarcelonanoticias.com\/en\/wp-json\/wp\/v2\/media\/130594"}],"wp:attachment":[{"href":"https:\/\/www.fcbarcelonanoticias.com\/en\/wp-json\/wp\/v2\/media?parent=130593"}],"wp:term":[{"taxonomy":"category","embeddable":true,"href":"https:\/\/www.fcbarcelonanoticias.com\/en\/wp-json\/wp\/v2\/categories?post=130593"},{"taxonomy":"post_tag","embeddable":true,"href":"https:\/\/www.fcbarcelonanoticias.com\/en\/wp-json\/wp\/v2\/tags?post=130593"}],"curies":[{"name":"wp","href":"https:\/\/api.w.org\/{rel}","templated":true}]}}