{"id":13093,"date":"2025-01-08T19:00:00","date_gmt":"2025-01-08T18:00:00","guid":{"rendered":"https:\/\/weisetech.dev\/fc-barcelona-noticias\/en\/athletic-club-fc-barcelona-confirmed-lineups-for-the-2025-spanish-super-cup-match_309923_102\/"},"modified":"2025-01-09T03:49:00","modified_gmt":"2025-01-09T02:49:00","slug":"athletic-club-fc-barcelona-confirmed-lineups-for-the-2025-spanish-super-cup-match_309923_102","status":"publish","type":"post","link":"https:\/\/www.fcbarcelonanoticias.com\/en\/fc-barcelona\/athletic-club-fc-barcelona-confirmed-lineups-for-the-2025-spanish-super-cup-match_309923_102.html","title":{"rendered":"Athletic Club &#8211; FC Barcelona: Confirmed lineups for the 2025 Spanish Super Cup match"},"content":{"rendered":"<h2 class=\"wp-block-heading\">CONFIRMED LINEUPS! These are the starting XI for FC Barcelona and Athletic Club for the semi-final match of the Spanish Super Cup<\/h2>  \r\n<div class=\"article-addons\">\r\n    <a href=\"https:\/\/www.fcbarcelonanoticias.com\/en\/calendar-fc-barcelona.html\"\r\n       target=\"_self\"\r\n       title=\"Calendar of FC Barcelona\"\r\n       class=\"blue-gredient-btn\">\r\n       \r\n        Calendar of FC Barcelona    <\/a>\r\n<\/div>   <p><strong>OFFICIAL:<\/strong> The starting line-ups for Hansi Flick&#8217;s Bar\u00e7a and Ernesto Valverde&#8217;s Athletic Club de Bilbao have now been confirmed for <strong>the 2025 Spanish Super Cup semi-final match<\/strong>.<\/p>  <h3>FC Barcelona lineup<\/h3>  <ul> <li> <strong>Starting XI:&nbsp;<\/strong>Szczesny (P);&nbsp; Kound\u00e9, Pau Cubars\u00ed, \u00cd\u00f1igo Mart\u00ednez, Balde; Casad\u00f3, Gavi, Pedri; Lamine Yamal, Raphinha, Lewandowski<\/li> \t<li> <strong>Bench:&nbsp;<\/strong>I\u00f1aki Pe\u00f1a; Araujo; Ferran Torres; Pablo Torre;&nbsp;Ferm\u00edn L\u00f3pez; Frenkie De Jong;&nbsp;Eric Garc\u00eda; Astralaga;&nbsp;H\u00e9ctor Fort; Gerard Mart\u00edn;&nbsp; A. Fern\u00e1ndez<\/li> \t<li> <strong>Injured: <\/strong>Ter Stegen;&nbsp;Marc Bernal;&nbsp;Andreas Christensen; Ferran Torres; H\u00e9ctor Fort.<\/li> \t<li> <strong>Sanctioned:&nbsp;<\/strong>(x)<\/li> <\/ul> <p><strong>Bar\u00e7a <\/strong>are looking to take the first step towards their first title of the season against <strong>Athletic Club<\/strong>. The Catalans are hoping to secure a victory that will allow them to advance to the final of the tournament and fight for the opportunity to lift the trophy two years later, and to do so, Hansi Flick has put the best he has on the pitch, although he also included a bombshell in the XI.<\/p>  <p>And after starting against Barbastro, <strong>Szczesny <\/strong>is once again in the starting line-up. In addition, <strong>Lamine Yamal<\/strong> returns to the starting eleven after having fully recovered from his ankle injury, while the German is betting on the <strong>Cubars\u00ed-I\u00f1igo Mart\u00ednez<\/strong> duo and leaving <strong>Ronald Araujo<\/strong> on the bench. <strong>Christensen, Ter Stegen and Marc Bernal<\/strong> are out due to injury.<\/p>  <h4>Athletic Club Bilbao lineup<\/h4>  <ul> <li> <strong>Starting XI: <\/strong>Unai Sim\u00f3n; Gorosabel, Vivian, Paredes, Yuri; Jauregizar, Prados; I\u00f1aki Williams, Berenguer, Nico Williams, Guruzeta.&nbsp;<\/li> \t<li> <strong>Bench:<\/strong>&nbsp;(x)<\/li> <\/ul> ","protected":false},"excerpt":{"rendered":"<p>CONFIRMED LINEUPS! These are the starting XI for FC Barcelona and Athletic Club for the semi-final match of the Spanish Super Cup OFFICIAL: The starting line-ups for Hansi Flick&#8217;s Bar\u00e7a and Ernesto Valverde&#8217;s Athletic Club de Bilbao have now been confirmed for the 2025 Spanish Super Cup semi-final match. FC Barcelona lineup Starting XI:&nbsp;Szczesny (P);&nbsp; [&hellip;]<\/p>\n","protected":false},"author":358,"featured_media":13094,"comment_status":"closed","ping_status":"open","sticky":false,"template":"","format":"standard","meta":{"_acf_changed":false,"inline_featured_image":false,"_nextfly_llmd_date_locked":false,"footnotes":""},"categories":[111],"tags":[],"class_list":["post-13093","post","type-post","status-publish","format-standard","has-post-thumbnail","hentry","category-fc-barcelona"],"acf":[],"yoast_head":"<!-- This site is optimized with the Yoast SEO plugin v27.3 - https:\/\/yoast.com\/product\/yoast-seo-wordpress\/ -->\n<title>Athletic Club - FC Barcelona: Confirmed lineups for the 2025 Spanish Super Cup match<\/title>\n<meta name=\"description\" content=\"CONFIRMED LINEUPS! These are the starting XI for FC Barcelona and Athletic Club for the semi-final match of the Spanish Super Cup\" \/>\n<meta name=\"robots\" content=\"index, follow, max-snippet:-1, max-image-preview:large, max-video-preview:-1\" \/>\n<link rel=\"canonical\" href=\"https:\/\/www.fcbarcelonanoticias.com\/en\/fc-barcelona\/athletic-club-fc-barcelona-confirmed-lineups-for-the-2025-spanish-super-cup-match_309923_102.html\" \/>\n<meta property=\"og:locale\" content=\"en_US\" \/>\n<meta property=\"og:type\" content=\"article\" \/>\n<meta property=\"og:title\" content=\"Athletic Club - FC Barcelona: Confirmed lineups for the 2025 Spanish Super Cup match\" \/>\n<meta property=\"og:description\" content=\"CONFIRMED LINEUPS! These are the starting XI for FC Barcelona and Athletic Club for the semi-final match of the Spanish Super Cup\" \/>\n<meta property=\"og:url\" content=\"https:\/\/www.fcbarcelonanoticias.com\/en\/fc-barcelona\/athletic-club-fc-barcelona-confirmed-lineups-for-the-2025-spanish-super-cup-match_309923_102.html\" \/>\n<meta property=\"og:site_name\" content=\"EN - FC Barcelona Noticias\" \/>\n<meta property=\"article:published_time\" content=\"2025-01-08T18:00:00+00:00\" \/>\n<meta property=\"article:modified_time\" content=\"2025-01-09T02:49:00+00:00\" \/>\n<meta property=\"og:image\" content=\"https:\/\/www.fcbarcelonanoticias.com\/en\/wp-content\/uploads\/sites\/2\/2025\/01\/whatsapp-image-2025-01-08-at-1-52-56-pm.jpeg\" \/>\n\t<meta property=\"og:image:width\" content=\"1200\" \/>\n\t<meta property=\"og:image:height\" content=\"675\" \/>\n\t<meta property=\"og:image:type\" content=\"image\/jpeg\" \/>\n<meta name=\"author\" content=\"Juan Pablo Berdugo\" \/>\n<meta name=\"twitter:card\" content=\"summary_large_image\" \/>\n<meta name=\"twitter:label1\" content=\"Written by\" \/>\n\t<meta name=\"twitter:data1\" content=\"Juan Pablo Berdugo\" \/>\n\t<meta name=\"twitter:label2\" content=\"Est. reading time\" \/>\n\t<meta name=\"twitter:data2\" content=\"1 minute\" \/>\n<script type=\"application\/ld+json\" class=\"yoast-schema-graph\">{\"@context\":\"https:\\\/\\\/schema.org\",\"@graph\":[{\"@type\":\"Article\",\"@id\":\"https:\\\/\\\/www.fcbarcelonanoticias.com\\\/en\\\/fc-barcelona\\\/athletic-club-fc-barcelona-confirmed-lineups-for-the-2025-spanish-super-cup-match_309923_102.html#article\",\"isPartOf\":{\"@id\":\"https:\\\/\\\/www.fcbarcelonanoticias.com\\\/en\\\/fc-barcelona\\\/athletic-club-fc-barcelona-confirmed-lineups-for-the-2025-spanish-super-cup-match_309923_102.html\"},\"author\":{\"name\":\"Juan Pablo Berdugo\",\"@id\":\"https:\\\/\\\/www.fcbarcelonanoticias.com\\\/en\\\/#\\\/schema\\\/person\\\/88d756918a0a1ae9fa593b5edddd1815\"},\"headline\":\"Athletic Club &#8211; FC Barcelona: Confirmed lineups for the 2025 Spanish Super Cup match\",\"datePublished\":\"2025-01-08T18:00:00+00:00\",\"dateModified\":\"2025-01-09T02:49:00+00:00\",\"mainEntityOfPage\":{\"@id\":\"https:\\\/\\\/www.fcbarcelonanoticias.com\\\/en\\\/fc-barcelona\\\/athletic-club-fc-barcelona-confirmed-lineups-for-the-2025-spanish-super-cup-match_309923_102.html\"},\"wordCount\":301,\"image\":{\"@id\":\"https:\\\/\\\/www.fcbarcelonanoticias.com\\\/en\\\/fc-barcelona\\\/athletic-club-fc-barcelona-confirmed-lineups-for-the-2025-spanish-super-cup-match_309923_102.html#primaryimage\"},\"thumbnailUrl\":\"https:\\\/\\\/www.fcbarcelonanoticias.com\\\/en\\\/wp-content\\\/uploads\\\/sites\\\/2\\\/2025\\\/01\\\/whatsapp-image-2025-01-08-at-1-52-56-pm.jpeg\",\"articleSection\":[\"FC Barcelona\"],\"inLanguage\":\"en-US\"},{\"@type\":\"WebPage\",\"@id\":\"https:\\\/\\\/www.fcbarcelonanoticias.com\\\/en\\\/fc-barcelona\\\/athletic-club-fc-barcelona-confirmed-lineups-for-the-2025-spanish-super-cup-match_309923_102.html\",\"url\":\"https:\\\/\\\/www.fcbarcelonanoticias.com\\\/en\\\/fc-barcelona\\\/athletic-club-fc-barcelona-confirmed-lineups-for-the-2025-spanish-super-cup-match_309923_102.html\",\"name\":\"Athletic Club - FC Barcelona: Confirmed lineups for the 2025 Spanish Super Cup match\",\"isPartOf\":{\"@id\":\"https:\\\/\\\/www.fcbarcelonanoticias.com\\\/en\\\/#website\"},\"primaryImageOfPage\":{\"@id\":\"https:\\\/\\\/www.fcbarcelonanoticias.com\\\/en\\\/fc-barcelona\\\/athletic-club-fc-barcelona-confirmed-lineups-for-the-2025-spanish-super-cup-match_309923_102.html#primaryimage\"},\"image\":{\"@id\":\"https:\\\/\\\/www.fcbarcelonanoticias.com\\\/en\\\/fc-barcelona\\\/athletic-club-fc-barcelona-confirmed-lineups-for-the-2025-spanish-super-cup-match_309923_102.html#primaryimage\"},\"thumbnailUrl\":\"https:\\\/\\\/www.fcbarcelonanoticias.com\\\/en\\\/wp-content\\\/uploads\\\/sites\\\/2\\\/2025\\\/01\\\/whatsapp-image-2025-01-08-at-1-52-56-pm.jpeg\",\"datePublished\":\"2025-01-08T18:00:00+00:00\",\"dateModified\":\"2025-01-09T02:49:00+00:00\",\"author\":{\"@id\":\"https:\\\/\\\/www.fcbarcelonanoticias.com\\\/en\\\/#\\\/schema\\\/person\\\/88d756918a0a1ae9fa593b5edddd1815\"},\"description\":\"CONFIRMED LINEUPS! These are the starting XI for FC Barcelona and Athletic Club for the semi-final match of the Spanish Super Cup\",\"breadcrumb\":{\"@id\":\"https:\\\/\\\/www.fcbarcelonanoticias.com\\\/en\\\/fc-barcelona\\\/athletic-club-fc-barcelona-confirmed-lineups-for-the-2025-spanish-super-cup-match_309923_102.html#breadcrumb\"},\"inLanguage\":\"en-US\",\"potentialAction\":[{\"@type\":\"ReadAction\",\"target\":[\"https:\\\/\\\/www.fcbarcelonanoticias.com\\\/en\\\/fc-barcelona\\\/athletic-club-fc-barcelona-confirmed-lineups-for-the-2025-spanish-super-cup-match_309923_102.html\"]}]},{\"@type\":\"ImageObject\",\"inLanguage\":\"en-US\",\"@id\":\"https:\\\/\\\/www.fcbarcelonanoticias.com\\\/en\\\/fc-barcelona\\\/athletic-club-fc-barcelona-confirmed-lineups-for-the-2025-spanish-super-cup-match_309923_102.html#primaryimage\",\"url\":\"https:\\\/\\\/www.fcbarcelonanoticias.com\\\/en\\\/wp-content\\\/uploads\\\/sites\\\/2\\\/2025\\\/01\\\/whatsapp-image-2025-01-08-at-1-52-56-pm.jpeg\",\"contentUrl\":\"https:\\\/\\\/www.fcbarcelonanoticias.com\\\/en\\\/wp-content\\\/uploads\\\/sites\\\/2\\\/2025\\\/01\\\/whatsapp-image-2025-01-08-at-1-52-56-pm.jpeg\",\"width\":1200,\"height\":675},{\"@type\":\"BreadcrumbList\",\"@id\":\"https:\\\/\\\/www.fcbarcelonanoticias.com\\\/en\\\/fc-barcelona\\\/athletic-club-fc-barcelona-confirmed-lineups-for-the-2025-spanish-super-cup-match_309923_102.html#breadcrumb\",\"itemListElement\":[{\"@type\":\"ListItem\",\"position\":1,\"name\":\"Portada\",\"item\":\"https:\\\/\\\/www.fcbarcelonanoticias.com\\\/en\\\/\"},{\"@type\":\"ListItem\",\"position\":2,\"name\":\"Athletic Club &#8211; FC Barcelona: Confirmed lineups for the 2025 Spanish Super Cup match\"}]},{\"@type\":\"WebSite\",\"@id\":\"https:\\\/\\\/www.fcbarcelonanoticias.com\\\/en\\\/#website\",\"url\":\"https:\\\/\\\/www.fcbarcelonanoticias.com\\\/en\\\/\",\"name\":\"EN - FC Barcelona Noticias\",\"description\":\"\",\"potentialAction\":[{\"@type\":\"SearchAction\",\"target\":{\"@type\":\"EntryPoint\",\"urlTemplate\":\"https:\\\/\\\/www.fcbarcelonanoticias.com\\\/en\\\/?s={search_term_string}\"},\"query-input\":{\"@type\":\"PropertyValueSpecification\",\"valueRequired\":true,\"valueName\":\"search_term_string\"}}],\"inLanguage\":\"en-US\"},{\"@type\":\"Person\",\"@id\":\"https:\\\/\\\/www.fcbarcelonanoticias.com\\\/en\\\/#\\\/schema\\\/person\\\/88d756918a0a1ae9fa593b5edddd1815\",\"name\":\"Juan Pablo Berdugo\",\"image\":{\"@type\":\"ImageObject\",\"inLanguage\":\"en-US\",\"@id\":\"https:\\\/\\\/secure.gravatar.com\\\/avatar\\\/?s=96&d=mm&r=g\",\"url\":\"https:\\\/\\\/secure.gravatar.com\\\/avatar\\\/?s=96&d=mm&r=g\",\"contentUrl\":\"https:\\\/\\\/secure.gravatar.com\\\/avatar\\\/?s=96&d=mm&r=g\",\"caption\":\"Juan Pablo Berdugo\"},\"description\":\"Juan Pablo Berdugo es graduado en Periodismo. Colabora con FCBN como especialista en informaci\u00f3n del primer equipo del FC Barcelona, f\u00fatbol internacional y mercado de fichajes. Destaca por su enfoque anal\u00edtico, su rigor informativo y su capacidad para detectar tendencias emergentes en el f\u00fatbol global.\",\"url\":\"https:\\\/\\\/www.fcbarcelonanoticias.com\\\/en\\\/fc-barcelona\\\/juan-pablo-berdugo_18_115.html\"}]}<\/script>\n<!-- \/ Yoast SEO plugin. -->","yoast_head_json":{"title":"Athletic Club - FC Barcelona: Confirmed lineups for the 2025 Spanish Super Cup match","description":"CONFIRMED LINEUPS! These are the starting XI for FC Barcelona and Athletic Club for the semi-final match of the Spanish Super Cup","robots":{"index":"index","follow":"follow","max-snippet":"max-snippet:-1","max-image-preview":"max-image-preview:large","max-video-preview":"max-video-preview:-1"},"canonical":"https:\/\/www.fcbarcelonanoticias.com\/en\/fc-barcelona\/athletic-club-fc-barcelona-confirmed-lineups-for-the-2025-spanish-super-cup-match_309923_102.html","og_locale":"en_US","og_type":"article","og_title":"Athletic Club - FC Barcelona: Confirmed lineups for the 2025 Spanish Super Cup match","og_description":"CONFIRMED LINEUPS! These are the starting XI for FC Barcelona and Athletic Club for the semi-final match of the Spanish Super Cup","og_url":"https:\/\/www.fcbarcelonanoticias.com\/en\/fc-barcelona\/athletic-club-fc-barcelona-confirmed-lineups-for-the-2025-spanish-super-cup-match_309923_102.html","og_site_name":"EN - FC Barcelona Noticias","article_published_time":"2025-01-08T18:00:00+00:00","article_modified_time":"2025-01-09T02:49:00+00:00","og_image":[{"width":1200,"height":675,"url":"https:\/\/www.fcbarcelonanoticias.com\/en\/wp-content\/uploads\/sites\/2\/2025\/01\/whatsapp-image-2025-01-08-at-1-52-56-pm.jpeg","type":"image\/jpeg"}],"author":"Juan Pablo Berdugo","twitter_card":"summary_large_image","twitter_misc":{"Written by":"Juan Pablo Berdugo","Est. reading time":"1 minute"},"schema":{"@context":"https:\/\/schema.org","@graph":[{"@type":"Article","@id":"https:\/\/www.fcbarcelonanoticias.com\/en\/fc-barcelona\/athletic-club-fc-barcelona-confirmed-lineups-for-the-2025-spanish-super-cup-match_309923_102.html#article","isPartOf":{"@id":"https:\/\/www.fcbarcelonanoticias.com\/en\/fc-barcelona\/athletic-club-fc-barcelona-confirmed-lineups-for-the-2025-spanish-super-cup-match_309923_102.html"},"author":{"name":"Juan Pablo Berdugo","@id":"https:\/\/www.fcbarcelonanoticias.com\/en\/#\/schema\/person\/88d756918a0a1ae9fa593b5edddd1815"},"headline":"Athletic Club &#8211; FC Barcelona: Confirmed lineups for the 2025 Spanish Super Cup match","datePublished":"2025-01-08T18:00:00+00:00","dateModified":"2025-01-09T02:49:00+00:00","mainEntityOfPage":{"@id":"https:\/\/www.fcbarcelonanoticias.com\/en\/fc-barcelona\/athletic-club-fc-barcelona-confirmed-lineups-for-the-2025-spanish-super-cup-match_309923_102.html"},"wordCount":301,"image":{"@id":"https:\/\/www.fcbarcelonanoticias.com\/en\/fc-barcelona\/athletic-club-fc-barcelona-confirmed-lineups-for-the-2025-spanish-super-cup-match_309923_102.html#primaryimage"},"thumbnailUrl":"https:\/\/www.fcbarcelonanoticias.com\/en\/wp-content\/uploads\/sites\/2\/2025\/01\/whatsapp-image-2025-01-08-at-1-52-56-pm.jpeg","articleSection":["FC Barcelona"],"inLanguage":"en-US"},{"@type":"WebPage","@id":"https:\/\/www.fcbarcelonanoticias.com\/en\/fc-barcelona\/athletic-club-fc-barcelona-confirmed-lineups-for-the-2025-spanish-super-cup-match_309923_102.html","url":"https:\/\/www.fcbarcelonanoticias.com\/en\/fc-barcelona\/athletic-club-fc-barcelona-confirmed-lineups-for-the-2025-spanish-super-cup-match_309923_102.html","name":"Athletic Club - FC Barcelona: Confirmed lineups for the 2025 Spanish Super Cup match","isPartOf":{"@id":"https:\/\/www.fcbarcelonanoticias.com\/en\/#website"},"primaryImageOfPage":{"@id":"https:\/\/www.fcbarcelonanoticias.com\/en\/fc-barcelona\/athletic-club-fc-barcelona-confirmed-lineups-for-the-2025-spanish-super-cup-match_309923_102.html#primaryimage"},"image":{"@id":"https:\/\/www.fcbarcelonanoticias.com\/en\/fc-barcelona\/athletic-club-fc-barcelona-confirmed-lineups-for-the-2025-spanish-super-cup-match_309923_102.html#primaryimage"},"thumbnailUrl":"https:\/\/www.fcbarcelonanoticias.com\/en\/wp-content\/uploads\/sites\/2\/2025\/01\/whatsapp-image-2025-01-08-at-1-52-56-pm.jpeg","datePublished":"2025-01-08T18:00:00+00:00","dateModified":"2025-01-09T02:49:00+00:00","author":{"@id":"https:\/\/www.fcbarcelonanoticias.com\/en\/#\/schema\/person\/88d756918a0a1ae9fa593b5edddd1815"},"description":"CONFIRMED LINEUPS! These are the starting XI for FC Barcelona and Athletic Club for the semi-final match of the Spanish Super Cup","breadcrumb":{"@id":"https:\/\/www.fcbarcelonanoticias.com\/en\/fc-barcelona\/athletic-club-fc-barcelona-confirmed-lineups-for-the-2025-spanish-super-cup-match_309923_102.html#breadcrumb"},"inLanguage":"en-US","potentialAction":[{"@type":"ReadAction","target":["https:\/\/www.fcbarcelonanoticias.com\/en\/fc-barcelona\/athletic-club-fc-barcelona-confirmed-lineups-for-the-2025-spanish-super-cup-match_309923_102.html"]}]},{"@type":"ImageObject","inLanguage":"en-US","@id":"https:\/\/www.fcbarcelonanoticias.com\/en\/fc-barcelona\/athletic-club-fc-barcelona-confirmed-lineups-for-the-2025-spanish-super-cup-match_309923_102.html#primaryimage","url":"https:\/\/www.fcbarcelonanoticias.com\/en\/wp-content\/uploads\/sites\/2\/2025\/01\/whatsapp-image-2025-01-08-at-1-52-56-pm.jpeg","contentUrl":"https:\/\/www.fcbarcelonanoticias.com\/en\/wp-content\/uploads\/sites\/2\/2025\/01\/whatsapp-image-2025-01-08-at-1-52-56-pm.jpeg","width":1200,"height":675},{"@type":"BreadcrumbList","@id":"https:\/\/www.fcbarcelonanoticias.com\/en\/fc-barcelona\/athletic-club-fc-barcelona-confirmed-lineups-for-the-2025-spanish-super-cup-match_309923_102.html#breadcrumb","itemListElement":[{"@type":"ListItem","position":1,"name":"Portada","item":"https:\/\/www.fcbarcelonanoticias.com\/en\/"},{"@type":"ListItem","position":2,"name":"Athletic Club &#8211; FC Barcelona: Confirmed lineups for the 2025 Spanish Super Cup match"}]},{"@type":"WebSite","@id":"https:\/\/www.fcbarcelonanoticias.com\/en\/#website","url":"https:\/\/www.fcbarcelonanoticias.com\/en\/","name":"EN - FC Barcelona Noticias","description":"","potentialAction":[{"@type":"SearchAction","target":{"@type":"EntryPoint","urlTemplate":"https:\/\/www.fcbarcelonanoticias.com\/en\/?s={search_term_string}"},"query-input":{"@type":"PropertyValueSpecification","valueRequired":true,"valueName":"search_term_string"}}],"inLanguage":"en-US"},{"@type":"Person","@id":"https:\/\/www.fcbarcelonanoticias.com\/en\/#\/schema\/person\/88d756918a0a1ae9fa593b5edddd1815","name":"Juan Pablo Berdugo","image":{"@type":"ImageObject","inLanguage":"en-US","@id":"https:\/\/secure.gravatar.com\/avatar\/?s=96&d=mm&r=g","url":"https:\/\/secure.gravatar.com\/avatar\/?s=96&d=mm&r=g","contentUrl":"https:\/\/secure.gravatar.com\/avatar\/?s=96&d=mm&r=g","caption":"Juan Pablo Berdugo"},"description":"Juan Pablo Berdugo es graduado en Periodismo. Colabora con FCBN como especialista en informaci\u00f3n del primer equipo del FC Barcelona, f\u00fatbol internacional y mercado de fichajes. Destaca por su enfoque anal\u00edtico, su rigor informativo y su capacidad para detectar tendencias emergentes en el f\u00fatbol global.","url":"https:\/\/www.fcbarcelonanoticias.com\/en\/fc-barcelona\/juan-pablo-berdugo_18_115.html"}]}},"_links":{"self":[{"href":"https:\/\/www.fcbarcelonanoticias.com\/en\/wp-json\/wp\/v2\/posts\/13093","targetHints":{"allow":["GET"]}}],"collection":[{"href":"https:\/\/www.fcbarcelonanoticias.com\/en\/wp-json\/wp\/v2\/posts"}],"about":[{"href":"https:\/\/www.fcbarcelonanoticias.com\/en\/wp-json\/wp\/v2\/types\/post"}],"author":[{"embeddable":true,"href":"https:\/\/www.fcbarcelonanoticias.com\/en\/wp-json\/wp\/v2\/users\/358"}],"replies":[{"embeddable":true,"href":"https:\/\/www.fcbarcelonanoticias.com\/en\/wp-json\/wp\/v2\/comments?post=13093"}],"version-history":[{"count":1,"href":"https:\/\/www.fcbarcelonanoticias.com\/en\/wp-json\/wp\/v2\/posts\/13093\/revisions"}],"predecessor-version":[{"id":13919,"href":"https:\/\/www.fcbarcelonanoticias.com\/en\/wp-json\/wp\/v2\/posts\/13093\/revisions\/13919"}],"wp:featuredmedia":[{"embeddable":true,"href":"https:\/\/www.fcbarcelonanoticias.com\/en\/wp-json\/wp\/v2\/media\/13094"}],"wp:attachment":[{"href":"https:\/\/www.fcbarcelonanoticias.com\/en\/wp-json\/wp\/v2\/media?parent=13093"}],"wp:term":[{"taxonomy":"category","embeddable":true,"href":"https:\/\/www.fcbarcelonanoticias.com\/en\/wp-json\/wp\/v2\/categories?post=13093"},{"taxonomy":"post_tag","embeddable":true,"href":"https:\/\/www.fcbarcelonanoticias.com\/en\/wp-json\/wp\/v2\/tags?post=13093"}],"curies":[{"name":"wp","href":"https:\/\/api.w.org\/{rel}","templated":true}]}}