{"id":13159,"date":"2020-05-20T07:29:00","date_gmt":"2020-05-20T05:29:00","guid":{"rendered":"https:\/\/weisetech.dev\/fc-barcelona-noticias\/en\/back-past-right-defense-again-problem-barcelona_257825_102\/"},"modified":"2020-05-20T10:46:00","modified_gmt":"2020-05-20T08:46:00","slug":"back-past-right-defense-again-problem-barcelona_257825_102","status":"publish","type":"post","link":"https:\/\/www.fcbarcelonanoticias.com\/en\/fc-barcelona\/back-past-right-defense-again-problem-barcelona_257825_102.html","title":{"rendered":"Back to the past: Right back is again a problem for Bar\u00e7a"},"content":{"rendered":"<h2 class=\"wp-block-heading\">FC Barcelona signed N\u00e9lson Semedo in 2017 to make Dani Alves forget and take over the right-back. But the Portuguese has not done it and could leave this summer, leaving only Sergi Roberto and creating a new problem on that side<\/h2>  \r\n<div class=\"article-addons\">\r\n    <a href=\"https:\/\/www.fcbarcelonanoticias.com\/en\/calendar-fc-barcelona.html\"\r\n       target=\"_self\"\r\n       title=\"Calendar of FC Barcelona\"\r\n       class=\"blue-gredient-btn\">\r\n       \r\n        Calendar of FC Barcelona    <\/a>\r\n<\/div>   <p>Dani Alves Left the too high slat in the right side when it decided to leave to the Juventus of Tur\u00edn does years. The Brazilian is for a lot of the best or one of the best carrileros of the history and <strong>in the FC Barcelona left a gap that anybody has been able to fill up afterwards<\/strong>. That <strong><a data-external=\"0\" data-intl-links-en=\"https:\/\/www.fcbarcelonanoticias.com\/en\/tags\/sergi-roberto\" data-intl-links-es=\"https:\/\/www.fcbarcelonanoticias.com\/tags\/sergi-roberto\" href=\"https:\/\/www.fcbarcelonanoticias.com\/en\/tags\/sergi-roberto.html\" rel=\"follow\" target=\"_self\" title=\"Sergi Roberto\">Sergi Roberto<\/a><\/strong> have been the one who more has played in this place from his exit says a lot of the problem that has had the Bar\u00e7a in this position.<\/p>  <p>The canterano happened to the side in 2016 just when the Brazilian went . Luis Enrique was the one who decided to put to the Catalan there and since has played more in band that in the centre of the field, his original place. But <strong>in the Barcelona did not want a side reconverted and therefore they decided to go to by <a data-external=\"0\" data-intl-links-en=\"https:\/\/www.fcbarcelonanoticias.com\/en\/tags\/nelson-semedo\" data-intl-links-es=\"https:\/\/www.fcbarcelonanoticias.com\/tags\/nelson-semedo\" href=\"https:\/\/www.fcbarcelonanoticias.com\/en\/tags\/nelson-semedo.html\" rel=\"follow\" target=\"_self\" title=\"Nelson Semedo\">N\u00e9lson Semedo<\/a>\u200b in 2017<\/strong>. The club paid almost 36 million euros by the ex of the Benfica and thought that with this signing would solve the ballot.<\/p>  <p>But <strong>three years afterwards can say that the Bar\u00e7a is again in the same place that in 2016<\/strong>. Roberto, that began this season in the midfield at last, returned to the defence to the little of the beginning of course in front of the fault of confidence in Moussa Wagu\u00e9, that had to be the acting of Semedo. The Senegalese did not convince to Ernesto Valverde and the one of Reus retold so much or more than the luso, that in summer loomed with going if it was not indisputable.<\/p>  <p>Now, the one of Lisbon is sounding with strength like possible reinforcement of Juventus of Tur\u00edn and Inter of Milan in the operations of Miralem Pjanic and Lautaro Mart\u00ednez<strong>. In the club do not finish of this satisfied with his performance and would be had to leave him go out<\/strong>. In other words the Bar\u00e7a could remain this summer with alone Sergi Roberto of side, just as in 2016, since Wagu\u00e9 neither goes to be followed.<\/p>  <p>In front of this panorama, are sounding with strength two players to fill up the gap that leave the Portuguese.<strong> It treats of Mattia Of Sciglio and of Sergi\u00f1o Dest, two footballers of profiles almost opposite<\/strong>. The Italian would form part of the traspaso with the Juve that would include to Pjanic and would arrive like temporary solution, since it does not give the profile to title. The Dutch of the Ajax, instead, yes has potential to be important to half and long term in the Bar\u00e7a, but those that have seen him say that it is something green to be it right now.<\/p>  <h3>Emerson is the alternative that already has the Bar\u00e7a<\/h3>  <p>The big alternative that has to both players a Barcelona that it was previsor was Emerson Royal. The Brazilian is by agreement player of the Betis until 2021, but paying a compensation would become cul\u00e9 this same summer. This season and average that carries in Seville has been a m\u00e1ster for him and <strong>this course has finished to confirm like one of the big right sides of LaLiga<\/strong>. His problem is that it is non-EU, but with Neymar Jr almost impossible and leaving free the square of Arturo Vidal, that has foot and half was, could not being an obstacle. It will be necessary to see how finish all and who finish accompanying to Sergi in the place.<\/p> ","protected":false},"excerpt":{"rendered":"<p>FC Barcelona signed N\u00e9lson Semedo in 2017 to make Dani Alves forget and take over the right-back. But the Portuguese has not done it and could leave this summer, leaving only Sergi Roberto and creating a new problem on that side Dani Alves Left the too high slat in the right side when it decided [&hellip;]<\/p>\n","protected":false},"author":392,"featured_media":13160,"comment_status":"closed","ping_status":"open","sticky":false,"template":"","format":"standard","meta":{"_acf_changed":false,"inline_featured_image":false,"_nextfly_llmd_date_locked":false,"footnotes":""},"categories":[111],"tags":[299,303,240],"class_list":["post-13159","post","type-post","status-publish","format-standard","has-post-thumbnail","hentry","category-fc-barcelona","tag-moussa-wague","tag-nelson-semedo","tag-sergi-roberto"],"acf":[],"yoast_head":"<!-- This site is optimized with the Yoast SEO plugin v27.3 - https:\/\/yoast.com\/product\/yoast-seo-wordpress\/ -->\n<title>Back to the past: Right back is again a problem for Bar\u00e7a<\/title>\n<meta name=\"description\" content=\"The FC Barcelona fich\u00f3 to N\u00e9lson Semedo in 2017 so that it did to forget to Dani Alves and adue\u00f1ara of the right side. But the luso has not done it and could s...\" \/>\n<meta name=\"robots\" content=\"index, follow, max-snippet:-1, max-image-preview:large, max-video-preview:-1\" \/>\n<link rel=\"canonical\" href=\"https:\/\/www.fcbarcelonanoticias.com\/en\/fc-barcelona\/back-past-right-defense-again-problem-barcelona_257825_102.html\" \/>\n<meta property=\"og:locale\" content=\"en_US\" \/>\n<meta property=\"og:type\" content=\"article\" \/>\n<meta property=\"og:title\" content=\"Back to the past: Right back is again a problem for Bar\u00e7a\" \/>\n<meta property=\"og:description\" content=\"The FC Barcelona fich\u00f3 to N\u00e9lson Semedo in 2017 so that it did to forget to Dani Alves and adue\u00f1ara of the right side. But the luso has not done it and could s...\" \/>\n<meta property=\"og:url\" content=\"https:\/\/www.fcbarcelonanoticias.com\/en\/fc-barcelona\/back-past-right-defense-again-problem-barcelona_257825_102.html\" \/>\n<meta property=\"og:site_name\" content=\"EN - FC Barcelona Noticias\" \/>\n<meta property=\"article:published_time\" content=\"2020-05-20T05:29:00+00:00\" \/>\n<meta property=\"article:modified_time\" content=\"2020-05-20T08:46:00+00:00\" \/>\n<meta property=\"og:image\" content=\"https:\/\/www.fcbarcelonanoticias.com\/en\/wp-content\/uploads\/sites\/2\/2020\/05\/oberto-lateral-barca.jpeg\" \/>\n\t<meta property=\"og:image:width\" content=\"1300\" \/>\n\t<meta property=\"og:image:height\" content=\"773\" \/>\n\t<meta property=\"og:image:type\" content=\"image\/jpeg\" \/>\n<meta name=\"author\" content=\"user_4048\" \/>\n<meta name=\"twitter:card\" content=\"summary_large_image\" \/>\n<meta name=\"twitter:label1\" content=\"Written by\" \/>\n\t<meta name=\"twitter:data1\" content=\"user_4048\" \/>\n\t<meta name=\"twitter:label2\" content=\"Est. reading time\" \/>\n\t<meta name=\"twitter:data2\" content=\"3 minutes\" \/>\n<script type=\"application\/ld+json\" class=\"yoast-schema-graph\">{\"@context\":\"https:\\\/\\\/schema.org\",\"@graph\":[{\"@type\":\"Article\",\"@id\":\"https:\\\/\\\/www.fcbarcelonanoticias.com\\\/en\\\/fc-barcelona\\\/back-past-right-defense-again-problem-barcelona_257825_102.html#article\",\"isPartOf\":{\"@id\":\"https:\\\/\\\/www.fcbarcelonanoticias.com\\\/en\\\/fc-barcelona\\\/back-past-right-defense-again-problem-barcelona_257825_102.html\"},\"author\":{\"name\":\"user_4048\",\"@id\":\"https:\\\/\\\/www.fcbarcelonanoticias.com\\\/en\\\/#\\\/schema\\\/person\\\/fcdad55cab72b8d0e106d75506783b6d\"},\"headline\":\"Back to the past: Right back is again a problem for Bar\u00e7a\",\"datePublished\":\"2020-05-20T05:29:00+00:00\",\"dateModified\":\"2020-05-20T08:46:00+00:00\",\"mainEntityOfPage\":{\"@id\":\"https:\\\/\\\/www.fcbarcelonanoticias.com\\\/en\\\/fc-barcelona\\\/back-past-right-defense-again-problem-barcelona_257825_102.html\"},\"wordCount\":633,\"image\":{\"@id\":\"https:\\\/\\\/www.fcbarcelonanoticias.com\\\/en\\\/fc-barcelona\\\/back-past-right-defense-again-problem-barcelona_257825_102.html#primaryimage\"},\"thumbnailUrl\":\"https:\\\/\\\/www.fcbarcelonanoticias.com\\\/en\\\/wp-content\\\/uploads\\\/sites\\\/2\\\/2020\\\/05\\\/oberto-lateral-barca.jpeg\",\"keywords\":[\"Moussa Wagu\u00e9\",\"Nelson Semedo\",\"Sergi Roberto\"],\"articleSection\":[\"FC Barcelona\"],\"inLanguage\":\"en-US\"},{\"@type\":\"WebPage\",\"@id\":\"https:\\\/\\\/www.fcbarcelonanoticias.com\\\/en\\\/fc-barcelona\\\/back-past-right-defense-again-problem-barcelona_257825_102.html\",\"url\":\"https:\\\/\\\/www.fcbarcelonanoticias.com\\\/en\\\/fc-barcelona\\\/back-past-right-defense-again-problem-barcelona_257825_102.html\",\"name\":\"Back to the past: Right back is again a problem for Bar\u00e7a\",\"isPartOf\":{\"@id\":\"https:\\\/\\\/www.fcbarcelonanoticias.com\\\/en\\\/#website\"},\"primaryImageOfPage\":{\"@id\":\"https:\\\/\\\/www.fcbarcelonanoticias.com\\\/en\\\/fc-barcelona\\\/back-past-right-defense-again-problem-barcelona_257825_102.html#primaryimage\"},\"image\":{\"@id\":\"https:\\\/\\\/www.fcbarcelonanoticias.com\\\/en\\\/fc-barcelona\\\/back-past-right-defense-again-problem-barcelona_257825_102.html#primaryimage\"},\"thumbnailUrl\":\"https:\\\/\\\/www.fcbarcelonanoticias.com\\\/en\\\/wp-content\\\/uploads\\\/sites\\\/2\\\/2020\\\/05\\\/oberto-lateral-barca.jpeg\",\"datePublished\":\"2020-05-20T05:29:00+00:00\",\"dateModified\":\"2020-05-20T08:46:00+00:00\",\"author\":{\"@id\":\"https:\\\/\\\/www.fcbarcelonanoticias.com\\\/en\\\/#\\\/schema\\\/person\\\/fcdad55cab72b8d0e106d75506783b6d\"},\"description\":\"The FC Barcelona fich\u00f3 to N\u00e9lson Semedo in 2017 so that it did to forget to Dani Alves and adue\u00f1ara of the right side. But the luso has not done it and could s...\",\"breadcrumb\":{\"@id\":\"https:\\\/\\\/www.fcbarcelonanoticias.com\\\/en\\\/fc-barcelona\\\/back-past-right-defense-again-problem-barcelona_257825_102.html#breadcrumb\"},\"inLanguage\":\"en-US\",\"potentialAction\":[{\"@type\":\"ReadAction\",\"target\":[\"https:\\\/\\\/www.fcbarcelonanoticias.com\\\/en\\\/fc-barcelona\\\/back-past-right-defense-again-problem-barcelona_257825_102.html\"]}]},{\"@type\":\"ImageObject\",\"inLanguage\":\"en-US\",\"@id\":\"https:\\\/\\\/www.fcbarcelonanoticias.com\\\/en\\\/fc-barcelona\\\/back-past-right-defense-again-problem-barcelona_257825_102.html#primaryimage\",\"url\":\"https:\\\/\\\/www.fcbarcelonanoticias.com\\\/en\\\/wp-content\\\/uploads\\\/sites\\\/2\\\/2020\\\/05\\\/oberto-lateral-barca.jpeg\",\"contentUrl\":\"https:\\\/\\\/www.fcbarcelonanoticias.com\\\/en\\\/wp-content\\\/uploads\\\/sites\\\/2\\\/2020\\\/05\\\/oberto-lateral-barca.jpeg\",\"width\":1300,\"height\":773},{\"@type\":\"BreadcrumbList\",\"@id\":\"https:\\\/\\\/www.fcbarcelonanoticias.com\\\/en\\\/fc-barcelona\\\/back-past-right-defense-again-problem-barcelona_257825_102.html#breadcrumb\",\"itemListElement\":[{\"@type\":\"ListItem\",\"position\":1,\"name\":\"Portada\",\"item\":\"https:\\\/\\\/www.fcbarcelonanoticias.com\\\/en\\\/\"},{\"@type\":\"ListItem\",\"position\":2,\"name\":\"Back to the past: Right back is again a problem for Bar\u00e7a\"}]},{\"@type\":\"WebSite\",\"@id\":\"https:\\\/\\\/www.fcbarcelonanoticias.com\\\/en\\\/#website\",\"url\":\"https:\\\/\\\/www.fcbarcelonanoticias.com\\\/en\\\/\",\"name\":\"EN - FC Barcelona Noticias\",\"description\":\"\",\"potentialAction\":[{\"@type\":\"SearchAction\",\"target\":{\"@type\":\"EntryPoint\",\"urlTemplate\":\"https:\\\/\\\/www.fcbarcelonanoticias.com\\\/en\\\/?s={search_term_string}\"},\"query-input\":{\"@type\":\"PropertyValueSpecification\",\"valueRequired\":true,\"valueName\":\"search_term_string\"}}],\"inLanguage\":\"en-US\"},{\"@type\":\"Person\",\"@id\":\"https:\\\/\\\/www.fcbarcelonanoticias.com\\\/en\\\/#\\\/schema\\\/person\\\/fcdad55cab72b8d0e106d75506783b6d\",\"name\":\"user_4048\",\"image\":{\"@type\":\"ImageObject\",\"inLanguage\":\"en-US\",\"@id\":\"https:\\\/\\\/secure.gravatar.com\\\/avatar\\\/?s=96&d=mm&r=g\",\"url\":\"https:\\\/\\\/secure.gravatar.com\\\/avatar\\\/?s=96&d=mm&r=g\",\"contentUrl\":\"https:\\\/\\\/secure.gravatar.com\\\/avatar\\\/?s=96&d=mm&r=g\",\"caption\":\"user_4048\"},\"url\":\"https:\\\/\\\/www.fcbarcelonanoticias.com\\\/en\\\/user_4048.html\"}]}<\/script>\n<!-- \/ Yoast SEO plugin. -->","yoast_head_json":{"title":"Back to the past: Right back is again a problem for Bar\u00e7a","description":"The FC Barcelona fich\u00f3 to N\u00e9lson Semedo in 2017 so that it did to forget to Dani Alves and adue\u00f1ara of the right side. But the luso has not done it and could s...","robots":{"index":"index","follow":"follow","max-snippet":"max-snippet:-1","max-image-preview":"max-image-preview:large","max-video-preview":"max-video-preview:-1"},"canonical":"https:\/\/www.fcbarcelonanoticias.com\/en\/fc-barcelona\/back-past-right-defense-again-problem-barcelona_257825_102.html","og_locale":"en_US","og_type":"article","og_title":"Back to the past: Right back is again a problem for Bar\u00e7a","og_description":"The FC Barcelona fich\u00f3 to N\u00e9lson Semedo in 2017 so that it did to forget to Dani Alves and adue\u00f1ara of the right side. But the luso has not done it and could s...","og_url":"https:\/\/www.fcbarcelonanoticias.com\/en\/fc-barcelona\/back-past-right-defense-again-problem-barcelona_257825_102.html","og_site_name":"EN - FC Barcelona Noticias","article_published_time":"2020-05-20T05:29:00+00:00","article_modified_time":"2020-05-20T08:46:00+00:00","og_image":[{"width":1300,"height":773,"url":"https:\/\/www.fcbarcelonanoticias.com\/en\/wp-content\/uploads\/sites\/2\/2020\/05\/oberto-lateral-barca.jpeg","type":"image\/jpeg"}],"author":"user_4048","twitter_card":"summary_large_image","twitter_misc":{"Written by":"user_4048","Est. reading time":"3 minutes"},"schema":{"@context":"https:\/\/schema.org","@graph":[{"@type":"Article","@id":"https:\/\/www.fcbarcelonanoticias.com\/en\/fc-barcelona\/back-past-right-defense-again-problem-barcelona_257825_102.html#article","isPartOf":{"@id":"https:\/\/www.fcbarcelonanoticias.com\/en\/fc-barcelona\/back-past-right-defense-again-problem-barcelona_257825_102.html"},"author":{"name":"user_4048","@id":"https:\/\/www.fcbarcelonanoticias.com\/en\/#\/schema\/person\/fcdad55cab72b8d0e106d75506783b6d"},"headline":"Back to the past: Right back is again a problem for Bar\u00e7a","datePublished":"2020-05-20T05:29:00+00:00","dateModified":"2020-05-20T08:46:00+00:00","mainEntityOfPage":{"@id":"https:\/\/www.fcbarcelonanoticias.com\/en\/fc-barcelona\/back-past-right-defense-again-problem-barcelona_257825_102.html"},"wordCount":633,"image":{"@id":"https:\/\/www.fcbarcelonanoticias.com\/en\/fc-barcelona\/back-past-right-defense-again-problem-barcelona_257825_102.html#primaryimage"},"thumbnailUrl":"https:\/\/www.fcbarcelonanoticias.com\/en\/wp-content\/uploads\/sites\/2\/2020\/05\/oberto-lateral-barca.jpeg","keywords":["Moussa Wagu\u00e9","Nelson Semedo","Sergi Roberto"],"articleSection":["FC Barcelona"],"inLanguage":"en-US"},{"@type":"WebPage","@id":"https:\/\/www.fcbarcelonanoticias.com\/en\/fc-barcelona\/back-past-right-defense-again-problem-barcelona_257825_102.html","url":"https:\/\/www.fcbarcelonanoticias.com\/en\/fc-barcelona\/back-past-right-defense-again-problem-barcelona_257825_102.html","name":"Back to the past: Right back is again a problem for Bar\u00e7a","isPartOf":{"@id":"https:\/\/www.fcbarcelonanoticias.com\/en\/#website"},"primaryImageOfPage":{"@id":"https:\/\/www.fcbarcelonanoticias.com\/en\/fc-barcelona\/back-past-right-defense-again-problem-barcelona_257825_102.html#primaryimage"},"image":{"@id":"https:\/\/www.fcbarcelonanoticias.com\/en\/fc-barcelona\/back-past-right-defense-again-problem-barcelona_257825_102.html#primaryimage"},"thumbnailUrl":"https:\/\/www.fcbarcelonanoticias.com\/en\/wp-content\/uploads\/sites\/2\/2020\/05\/oberto-lateral-barca.jpeg","datePublished":"2020-05-20T05:29:00+00:00","dateModified":"2020-05-20T08:46:00+00:00","author":{"@id":"https:\/\/www.fcbarcelonanoticias.com\/en\/#\/schema\/person\/fcdad55cab72b8d0e106d75506783b6d"},"description":"The FC Barcelona fich\u00f3 to N\u00e9lson Semedo in 2017 so that it did to forget to Dani Alves and adue\u00f1ara of the right side. But the luso has not done it and could s...","breadcrumb":{"@id":"https:\/\/www.fcbarcelonanoticias.com\/en\/fc-barcelona\/back-past-right-defense-again-problem-barcelona_257825_102.html#breadcrumb"},"inLanguage":"en-US","potentialAction":[{"@type":"ReadAction","target":["https:\/\/www.fcbarcelonanoticias.com\/en\/fc-barcelona\/back-past-right-defense-again-problem-barcelona_257825_102.html"]}]},{"@type":"ImageObject","inLanguage":"en-US","@id":"https:\/\/www.fcbarcelonanoticias.com\/en\/fc-barcelona\/back-past-right-defense-again-problem-barcelona_257825_102.html#primaryimage","url":"https:\/\/www.fcbarcelonanoticias.com\/en\/wp-content\/uploads\/sites\/2\/2020\/05\/oberto-lateral-barca.jpeg","contentUrl":"https:\/\/www.fcbarcelonanoticias.com\/en\/wp-content\/uploads\/sites\/2\/2020\/05\/oberto-lateral-barca.jpeg","width":1300,"height":773},{"@type":"BreadcrumbList","@id":"https:\/\/www.fcbarcelonanoticias.com\/en\/fc-barcelona\/back-past-right-defense-again-problem-barcelona_257825_102.html#breadcrumb","itemListElement":[{"@type":"ListItem","position":1,"name":"Portada","item":"https:\/\/www.fcbarcelonanoticias.com\/en\/"},{"@type":"ListItem","position":2,"name":"Back to the past: Right back is again a problem for Bar\u00e7a"}]},{"@type":"WebSite","@id":"https:\/\/www.fcbarcelonanoticias.com\/en\/#website","url":"https:\/\/www.fcbarcelonanoticias.com\/en\/","name":"EN - FC Barcelona Noticias","description":"","potentialAction":[{"@type":"SearchAction","target":{"@type":"EntryPoint","urlTemplate":"https:\/\/www.fcbarcelonanoticias.com\/en\/?s={search_term_string}"},"query-input":{"@type":"PropertyValueSpecification","valueRequired":true,"valueName":"search_term_string"}}],"inLanguage":"en-US"},{"@type":"Person","@id":"https:\/\/www.fcbarcelonanoticias.com\/en\/#\/schema\/person\/fcdad55cab72b8d0e106d75506783b6d","name":"user_4048","image":{"@type":"ImageObject","inLanguage":"en-US","@id":"https:\/\/secure.gravatar.com\/avatar\/?s=96&d=mm&r=g","url":"https:\/\/secure.gravatar.com\/avatar\/?s=96&d=mm&r=g","contentUrl":"https:\/\/secure.gravatar.com\/avatar\/?s=96&d=mm&r=g","caption":"user_4048"},"url":"https:\/\/www.fcbarcelonanoticias.com\/en\/user_4048.html"}]}},"_links":{"self":[{"href":"https:\/\/www.fcbarcelonanoticias.com\/en\/wp-json\/wp\/v2\/posts\/13159","targetHints":{"allow":["GET"]}}],"collection":[{"href":"https:\/\/www.fcbarcelonanoticias.com\/en\/wp-json\/wp\/v2\/posts"}],"about":[{"href":"https:\/\/www.fcbarcelonanoticias.com\/en\/wp-json\/wp\/v2\/types\/post"}],"author":[{"embeddable":true,"href":"https:\/\/www.fcbarcelonanoticias.com\/en\/wp-json\/wp\/v2\/users\/392"}],"replies":[{"embeddable":true,"href":"https:\/\/www.fcbarcelonanoticias.com\/en\/wp-json\/wp\/v2\/comments?post=13159"}],"version-history":[{"count":1,"href":"https:\/\/www.fcbarcelonanoticias.com\/en\/wp-json\/wp\/v2\/posts\/13159\/revisions"}],"predecessor-version":[{"id":13937,"href":"https:\/\/www.fcbarcelonanoticias.com\/en\/wp-json\/wp\/v2\/posts\/13159\/revisions\/13937"}],"wp:featuredmedia":[{"embeddable":true,"href":"https:\/\/www.fcbarcelonanoticias.com\/en\/wp-json\/wp\/v2\/media\/13160"}],"wp:attachment":[{"href":"https:\/\/www.fcbarcelonanoticias.com\/en\/wp-json\/wp\/v2\/media?parent=13159"}],"wp:term":[{"taxonomy":"category","embeddable":true,"href":"https:\/\/www.fcbarcelonanoticias.com\/en\/wp-json\/wp\/v2\/categories?post=13159"},{"taxonomy":"post_tag","embeddable":true,"href":"https:\/\/www.fcbarcelonanoticias.com\/en\/wp-json\/wp\/v2\/tags?post=13159"}],"curies":[{"name":"wp","href":"https:\/\/api.w.org\/{rel}","templated":true}]}}